{"id":3895,"date":"2015-04-15T11:29:38","date_gmt":"2015-04-15T09:29:38","guid":{"rendered":"http:\/\/palomo.net\/actualizacion-tablas-2014-y-prorroga-convenio-de-gestion-y-mediacion-inmobiliaria-2\/"},"modified":"2015-04-24T10:58:39","modified_gmt":"2015-04-24T08:58:39","slug":"actualizacion-tablas-2014-y-prorroga-convenio-de-gestion-y-mediacion-inmobiliaria","status":"publish","type":"post","link":"https:\/\/palomo.net\/ca\/actualizacion-tablas-2014-y-prorroga-convenio-de-gestion-y-mediacion-inmobiliaria\/","title":{"rendered":"Actualizaci\u00f3n tablas 2014 y pr\u00f3rroga Convenio de Gesti\u00f3n y Mediaci\u00f3n Inmobiliaria"},"content":{"rendered":"<p>Asefiget ha alertado del aumento de tasas que supondr\u00e1 para el empresario la obligaci\u00f3n de presentar, adem\u00e1s de los habituales, el libro de actas y el libro registro de acciones normativas en <strong>sociedades an\u00f3nimas<\/strong>, el libro registro de socios en <strong>sociedades limitadas<\/strong> o el libro registro de contratos en <strong>sociedades unipersonales<\/strong>. Adem\u00e1s, indica que antes de la entrada en vigor de la instrucci\u00f3n de 12 de febrero de 2015 se permit\u00eda la presentaci\u00f3n de los libros hasta el 30 de junio, aunque el plazo de la legalizaci\u00f3n finalizaba el 30 de abril y desde este a\u00f1o dicha fecha es el plazo l\u00edmite tanto para la legalizaci\u00f3n como para la presentaci\u00f3n de los mismos. Desde este a\u00f1o \u00fanicamente se podr\u00e1n presentar los libros de forma telem\u00e1tica a trav\u00e9s de la p\u00e1gina web del Registro Mercantil. Con esta medida, los asesores fiscales temen que el incremento de libros y la reducci\u00f3n de v\u00edas &#8220;colapsen&#8221; la \u00fanica forma de presentaci\u00f3n bajo pena de sanci\u00f3n si no se realiza en los plazos estipulados.<\/p>\n","protected":false},"excerpt":{"rendered":"<p>Asefiget ha alertado del aumento de tasas que supondr\u00e1 para el empresario la obligaci\u00f3n de presentar, adem\u00e1s de los habituales, el libro de actas y el libro registro de acciones normativas en sociedades an\u00f3nimas, el libro registro de socios en sociedades limitadas o el libro registro de contratos en sociedades unipersonales. Adem\u00e1s, indica que antes [&hellip;]<\/p>\n","protected":false},"author":4,"featured_media":3864,"comment_status":"open","ping_status":"open","sticky":false,"template":"","format":"standard","meta":{"_monsterinsights_skip_tracking":false,"_monsterinsights_sitenote_active":false,"_monsterinsights_sitenote_note":"","_monsterinsights_sitenote_category":0,"footnotes":""},"categories":[34],"tags":[],"class_list":["post-3895","post","type-post","status-publish","format-standard","has-post-thumbnail","hentry","category-noticies"],"yoast_head":"<!-- This site is optimized with the Yoast SEO plugin v27.5 - https:\/\/yoast.com\/product\/yoast-seo-wordpress\/ -->\n<title>Actualizaci\u00f3n tablas 2014 y pr\u00f3rroga Convenio de Gesti\u00f3n y Mediaci\u00f3n Inmobiliaria - Palomo Consultors<\/title>\n<meta name=\"robots\" content=\"index, follow, max-snippet:-1, max-image-preview:large, max-video-preview:-1\" \/>\n<link rel=\"canonical\" href=\"https:\/\/palomo.net\/ca\/actualizacion-tablas-2014-y-prorroga-convenio-de-gestion-y-mediacion-inmobiliaria\/\" \/>\n<meta property=\"og:locale\" content=\"ca_ES\" \/>\n<meta property=\"og:type\" content=\"article\" \/>\n<meta property=\"og:title\" content=\"Actualizaci\u00f3n tablas 2014 y pr\u00f3rroga Convenio de Gesti\u00f3n y Mediaci\u00f3n Inmobiliaria - Palomo Consultors\" \/>\n<meta property=\"og:description\" content=\"Asefiget ha alertado del aumento de tasas que supondr\u00e1 para el empresario la obligaci\u00f3n de presentar, adem\u00e1s de los habituales, el libro de actas y el libro registro de acciones normativas en sociedades an\u00f3nimas, el libro registro de socios en sociedades limitadas o el libro registro de contratos en sociedades unipersonales. Adem\u00e1s, indica que antes [&hellip;]\" \/>\n<meta property=\"og:url\" content=\"https:\/\/palomo.net\/ca\/actualizacion-tablas-2014-y-prorroga-convenio-de-gestion-y-mediacion-inmobiliaria\/\" \/>\n<meta property=\"og:site_name\" content=\"Palomo Consultors\" \/>\n<meta property=\"article:published_time\" content=\"2015-04-15T09:29:38+00:00\" \/>\n<meta property=\"article:modified_time\" content=\"2015-04-24T08:58:39+00:00\" \/>\n<meta property=\"og:image\" content=\"https:\/\/palomo.net\/wp-content\/uploads\/noticias-palomo-consultores.jpg\" \/>\n\t<meta property=\"og:image:width\" content=\"671\" \/>\n\t<meta property=\"og:image:height\" content=\"255\" \/>\n\t<meta property=\"og:image:type\" content=\"image\/jpeg\" \/>\n<meta name=\"author\" content=\"Palomo Consultors\" \/>\n<meta name=\"twitter:card\" content=\"summary_large_image\" \/>\n<meta name=\"twitter:label1\" content=\"Escrit per\" \/>\n\t<meta name=\"twitter:data1\" content=\"Palomo Consultors\" \/>\n\t<meta name=\"twitter:label2\" content=\"Temps estimat de lectura\" \/>\n\t<meta name=\"twitter:data2\" content=\"1 minut\" \/>\n<script type=\"application\/ld+json\" class=\"yoast-schema-graph\">{\"@context\":\"https:\\\/\\\/schema.org\",\"@graph\":[{\"@type\":\"Article\",\"@id\":\"https:\\\/\\\/palomo.net\\\/ca\\\/actualizacion-tablas-2014-y-prorroga-convenio-de-gestion-y-mediacion-inmobiliaria\\\/#article\",\"isPartOf\":{\"@id\":\"https:\\\/\\\/palomo.net\\\/ca\\\/actualizacion-tablas-2014-y-prorroga-convenio-de-gestion-y-mediacion-inmobiliaria\\\/\"},\"author\":{\"name\":\"Palomo Consultors\",\"@id\":\"https:\\\/\\\/palomo.net\\\/#\\\/schema\\\/person\\\/711f80f8e4fbf3466bd3c1c42e621ece\"},\"headline\":\"Actualizaci\u00f3n tablas 2014 y pr\u00f3rroga Convenio de Gesti\u00f3n y Mediaci\u00f3n Inmobiliaria\",\"datePublished\":\"2015-04-15T09:29:38+00:00\",\"dateModified\":\"2015-04-24T08:58:39+00:00\",\"mainEntityOfPage\":{\"@id\":\"https:\\\/\\\/palomo.net\\\/ca\\\/actualizacion-tablas-2014-y-prorroga-convenio-de-gestion-y-mediacion-inmobiliaria\\\/\"},\"wordCount\":200,\"commentCount\":0,\"image\":{\"@id\":\"https:\\\/\\\/palomo.net\\\/ca\\\/actualizacion-tablas-2014-y-prorroga-convenio-de-gestion-y-mediacion-inmobiliaria\\\/#primaryimage\"},\"thumbnailUrl\":\"https:\\\/\\\/palomo.net\\\/wp-content\\\/uploads\\\/noticias-palomo-consultores.jpg\",\"articleSection\":[\"Not\u00edcies\"],\"inLanguage\":\"ca\",\"potentialAction\":[{\"@type\":\"CommentAction\",\"name\":\"Comment\",\"target\":[\"https:\\\/\\\/palomo.net\\\/ca\\\/actualizacion-tablas-2014-y-prorroga-convenio-de-gestion-y-mediacion-inmobiliaria\\\/#respond\"]}]},{\"@type\":\"WebPage\",\"@id\":\"https:\\\/\\\/palomo.net\\\/ca\\\/actualizacion-tablas-2014-y-prorroga-convenio-de-gestion-y-mediacion-inmobiliaria\\\/\",\"url\":\"https:\\\/\\\/palomo.net\\\/ca\\\/actualizacion-tablas-2014-y-prorroga-convenio-de-gestion-y-mediacion-inmobiliaria\\\/\",\"name\":\"Actualizaci\u00f3n tablas 2014 y pr\u00f3rroga Convenio de Gesti\u00f3n y Mediaci\u00f3n Inmobiliaria - Palomo Consultors\",\"isPartOf\":{\"@id\":\"https:\\\/\\\/palomo.net\\\/#website\"},\"primaryImageOfPage\":{\"@id\":\"https:\\\/\\\/palomo.net\\\/ca\\\/actualizacion-tablas-2014-y-prorroga-convenio-de-gestion-y-mediacion-inmobiliaria\\\/#primaryimage\"},\"image\":{\"@id\":\"https:\\\/\\\/palomo.net\\\/ca\\\/actualizacion-tablas-2014-y-prorroga-convenio-de-gestion-y-mediacion-inmobiliaria\\\/#primaryimage\"},\"thumbnailUrl\":\"https:\\\/\\\/palomo.net\\\/wp-content\\\/uploads\\\/noticias-palomo-consultores.jpg\",\"datePublished\":\"2015-04-15T09:29:38+00:00\",\"dateModified\":\"2015-04-24T08:58:39+00:00\",\"author\":{\"@id\":\"https:\\\/\\\/palomo.net\\\/#\\\/schema\\\/person\\\/711f80f8e4fbf3466bd3c1c42e621ece\"},\"breadcrumb\":{\"@id\":\"https:\\\/\\\/palomo.net\\\/ca\\\/actualizacion-tablas-2014-y-prorroga-convenio-de-gestion-y-mediacion-inmobiliaria\\\/#breadcrumb\"},\"inLanguage\":\"ca\",\"potentialAction\":[{\"@type\":\"ReadAction\",\"target\":[\"https:\\\/\\\/palomo.net\\\/ca\\\/actualizacion-tablas-2014-y-prorroga-convenio-de-gestion-y-mediacion-inmobiliaria\\\/\"]}]},{\"@type\":\"ImageObject\",\"inLanguage\":\"ca\",\"@id\":\"https:\\\/\\\/palomo.net\\\/ca\\\/actualizacion-tablas-2014-y-prorroga-convenio-de-gestion-y-mediacion-inmobiliaria\\\/#primaryimage\",\"url\":\"https:\\\/\\\/palomo.net\\\/wp-content\\\/uploads\\\/noticias-palomo-consultores.jpg\",\"contentUrl\":\"https:\\\/\\\/palomo.net\\\/wp-content\\\/uploads\\\/noticias-palomo-consultores.jpg\",\"width\":671,\"height\":255,\"caption\":\"Not\u00edcies Palomo Consultors\"},{\"@type\":\"BreadcrumbList\",\"@id\":\"https:\\\/\\\/palomo.net\\\/ca\\\/actualizacion-tablas-2014-y-prorroga-convenio-de-gestion-y-mediacion-inmobiliaria\\\/#breadcrumb\",\"itemListElement\":[{\"@type\":\"ListItem\",\"position\":1,\"name\":\"Portada\",\"item\":\"https:\\\/\\\/palomo.net\\\/ca\\\/\"},{\"@type\":\"ListItem\",\"position\":2,\"name\":\"Actualizaci\u00f3n tablas 2014 y pr\u00f3rroga Convenio de Gesti\u00f3n y Mediaci\u00f3n Inmobiliaria\"}]},{\"@type\":\"WebSite\",\"@id\":\"https:\\\/\\\/palomo.net\\\/#website\",\"url\":\"https:\\\/\\\/palomo.net\\\/\",\"name\":\"Palomo Consultors\",\"description\":\"Assessors Laborales d&#039; Empresas\",\"potentialAction\":[{\"@type\":\"SearchAction\",\"target\":{\"@type\":\"EntryPoint\",\"urlTemplate\":\"https:\\\/\\\/palomo.net\\\/?s={search_term_string}\"},\"query-input\":{\"@type\":\"PropertyValueSpecification\",\"valueRequired\":true,\"valueName\":\"search_term_string\"}}],\"inLanguage\":\"ca\"},{\"@type\":\"Person\",\"@id\":\"https:\\\/\\\/palomo.net\\\/#\\\/schema\\\/person\\\/711f80f8e4fbf3466bd3c1c42e621ece\",\"name\":\"Palomo Consultors\",\"url\":\"https:\\\/\\\/palomo.net\\\/ca\\\/author\\\/pl0mo\\\/\"}]}<\/script>\n<!-- \/ Yoast SEO plugin. -->","yoast_head_json":{"title":"Actualizaci\u00f3n tablas 2014 y pr\u00f3rroga Convenio de Gesti\u00f3n y Mediaci\u00f3n Inmobiliaria - Palomo Consultors","robots":{"index":"index","follow":"follow","max-snippet":"max-snippet:-1","max-image-preview":"max-image-preview:large","max-video-preview":"max-video-preview:-1"},"canonical":"https:\/\/palomo.net\/ca\/actualizacion-tablas-2014-y-prorroga-convenio-de-gestion-y-mediacion-inmobiliaria\/","og_locale":"ca_ES","og_type":"article","og_title":"Actualizaci\u00f3n tablas 2014 y pr\u00f3rroga Convenio de Gesti\u00f3n y Mediaci\u00f3n Inmobiliaria - Palomo Consultors","og_description":"Asefiget ha alertado del aumento de tasas que supondr\u00e1 para el empresario la obligaci\u00f3n de presentar, adem\u00e1s de los habituales, el libro de actas y el libro registro de acciones normativas en sociedades an\u00f3nimas, el libro registro de socios en sociedades limitadas o el libro registro de contratos en sociedades unipersonales. Adem\u00e1s, indica que antes [&hellip;]","og_url":"https:\/\/palomo.net\/ca\/actualizacion-tablas-2014-y-prorroga-convenio-de-gestion-y-mediacion-inmobiliaria\/","og_site_name":"Palomo Consultors","article_published_time":"2015-04-15T09:29:38+00:00","article_modified_time":"2015-04-24T08:58:39+00:00","og_image":[{"width":671,"height":255,"url":"https:\/\/palomo.net\/wp-content\/uploads\/noticias-palomo-consultores.jpg","type":"image\/jpeg"}],"author":"Palomo Consultors","twitter_card":"summary_large_image","twitter_misc":{"Escrit per":"Palomo Consultors","Temps estimat de lectura":"1 minut"},"schema":{"@context":"https:\/\/schema.org","@graph":[{"@type":"Article","@id":"https:\/\/palomo.net\/ca\/actualizacion-tablas-2014-y-prorroga-convenio-de-gestion-y-mediacion-inmobiliaria\/#article","isPartOf":{"@id":"https:\/\/palomo.net\/ca\/actualizacion-tablas-2014-y-prorroga-convenio-de-gestion-y-mediacion-inmobiliaria\/"},"author":{"name":"Palomo Consultors","@id":"https:\/\/palomo.net\/#\/schema\/person\/711f80f8e4fbf3466bd3c1c42e621ece"},"headline":"Actualizaci\u00f3n tablas 2014 y pr\u00f3rroga Convenio de Gesti\u00f3n y Mediaci\u00f3n Inmobiliaria","datePublished":"2015-04-15T09:29:38+00:00","dateModified":"2015-04-24T08:58:39+00:00","mainEntityOfPage":{"@id":"https:\/\/palomo.net\/ca\/actualizacion-tablas-2014-y-prorroga-convenio-de-gestion-y-mediacion-inmobiliaria\/"},"wordCount":200,"commentCount":0,"image":{"@id":"https:\/\/palomo.net\/ca\/actualizacion-tablas-2014-y-prorroga-convenio-de-gestion-y-mediacion-inmobiliaria\/#primaryimage"},"thumbnailUrl":"https:\/\/palomo.net\/wp-content\/uploads\/noticias-palomo-consultores.jpg","articleSection":["Not\u00edcies"],"inLanguage":"ca","potentialAction":[{"@type":"CommentAction","name":"Comment","target":["https:\/\/palomo.net\/ca\/actualizacion-tablas-2014-y-prorroga-convenio-de-gestion-y-mediacion-inmobiliaria\/#respond"]}]},{"@type":"WebPage","@id":"https:\/\/palomo.net\/ca\/actualizacion-tablas-2014-y-prorroga-convenio-de-gestion-y-mediacion-inmobiliaria\/","url":"https:\/\/palomo.net\/ca\/actualizacion-tablas-2014-y-prorroga-convenio-de-gestion-y-mediacion-inmobiliaria\/","name":"Actualizaci\u00f3n tablas 2014 y pr\u00f3rroga Convenio de Gesti\u00f3n y Mediaci\u00f3n Inmobiliaria - Palomo Consultors","isPartOf":{"@id":"https:\/\/palomo.net\/#website"},"primaryImageOfPage":{"@id":"https:\/\/palomo.net\/ca\/actualizacion-tablas-2014-y-prorroga-convenio-de-gestion-y-mediacion-inmobiliaria\/#primaryimage"},"image":{"@id":"https:\/\/palomo.net\/ca\/actualizacion-tablas-2014-y-prorroga-convenio-de-gestion-y-mediacion-inmobiliaria\/#primaryimage"},"thumbnailUrl":"https:\/\/palomo.net\/wp-content\/uploads\/noticias-palomo-consultores.jpg","datePublished":"2015-04-15T09:29:38+00:00","dateModified":"2015-04-24T08:58:39+00:00","author":{"@id":"https:\/\/palomo.net\/#\/schema\/person\/711f80f8e4fbf3466bd3c1c42e621ece"},"breadcrumb":{"@id":"https:\/\/palomo.net\/ca\/actualizacion-tablas-2014-y-prorroga-convenio-de-gestion-y-mediacion-inmobiliaria\/#breadcrumb"},"inLanguage":"ca","potentialAction":[{"@type":"ReadAction","target":["https:\/\/palomo.net\/ca\/actualizacion-tablas-2014-y-prorroga-convenio-de-gestion-y-mediacion-inmobiliaria\/"]}]},{"@type":"ImageObject","inLanguage":"ca","@id":"https:\/\/palomo.net\/ca\/actualizacion-tablas-2014-y-prorroga-convenio-de-gestion-y-mediacion-inmobiliaria\/#primaryimage","url":"https:\/\/palomo.net\/wp-content\/uploads\/noticias-palomo-consultores.jpg","contentUrl":"https:\/\/palomo.net\/wp-content\/uploads\/noticias-palomo-consultores.jpg","width":671,"height":255,"caption":"Not\u00edcies Palomo Consultors"},{"@type":"BreadcrumbList","@id":"https:\/\/palomo.net\/ca\/actualizacion-tablas-2014-y-prorroga-convenio-de-gestion-y-mediacion-inmobiliaria\/#breadcrumb","itemListElement":[{"@type":"ListItem","position":1,"name":"Portada","item":"https:\/\/palomo.net\/ca\/"},{"@type":"ListItem","position":2,"name":"Actualizaci\u00f3n tablas 2014 y pr\u00f3rroga Convenio de Gesti\u00f3n y Mediaci\u00f3n Inmobiliaria"}]},{"@type":"WebSite","@id":"https:\/\/palomo.net\/#website","url":"https:\/\/palomo.net\/","name":"Palomo Consultors","description":"Assessors Laborales d&#039; Empresas","potentialAction":[{"@type":"SearchAction","target":{"@type":"EntryPoint","urlTemplate":"https:\/\/palomo.net\/?s={search_term_string}"},"query-input":{"@type":"PropertyValueSpecification","valueRequired":true,"valueName":"search_term_string"}}],"inLanguage":"ca"},{"@type":"Person","@id":"https:\/\/palomo.net\/#\/schema\/person\/711f80f8e4fbf3466bd3c1c42e621ece","name":"Palomo Consultors","url":"https:\/\/palomo.net\/ca\/author\/pl0mo\/"}]}},"_links":{"self":[{"href":"https:\/\/palomo.net\/ca\/wp-json\/wp\/v2\/posts\/3895\/"}],"collection":[{"href":"https:\/\/palomo.net\/ca\/wp-json\/wp\/v2\/posts\/"}],"about":[{"href":"https:\/\/palomo.net\/ca\/wp-json\/wp\/v2\/types\/post\/"}],"author":[{"embeddable":true,"href":"https:\/\/palomo.net\/ca\/wp-json\/wp\/v2\/users\/4\/"}],"replies":[{"embeddable":true,"href":"https:\/\/palomo.net\/ca\/wp-json\/wp\/v2\/comments\/?post=3895"}],"version-history":[{"count":4,"href":"https:\/\/palomo.net\/ca\/wp-json\/wp\/v2\/posts\/3895\/revisions\/"}],"predecessor-version":[{"id":3935,"href":"https:\/\/palomo.net\/ca\/wp-json\/wp\/v2\/posts\/3895\/revisions\/3935\/"}],"wp:featuredmedia":[{"embeddable":true,"href":"https:\/\/palomo.net\/ca\/wp-json\/wp\/v2\/media\/3864\/"}],"wp:attachment":[{"href":"https:\/\/palomo.net\/ca\/wp-json\/wp\/v2\/media\/?parent=3895"}],"wp:term":[{"taxonomy":"category","embeddable":true,"href":"https:\/\/palomo.net\/ca\/wp-json\/wp\/v2\/categories\/?post=3895"},{"taxonomy":"post_tag","embeddable":true,"href":"https:\/\/palomo.net\/ca\/wp-json\/wp\/v2\/tags\/?post=3895"}],"curies":[{"name":"wp","href":"https:\/\/api.w.org\/{rel}","templated":true}]}}