{"id":4022,"date":"2015-05-19T13:01:01","date_gmt":"2015-05-19T11:01:01","guid":{"rendered":"http:\/\/palomo.net\/?p=4022"},"modified":"2015-05-19T13:01:01","modified_gmt":"2015-05-19T11:01:01","slug":"el-fondo-de-reserva-de-la-seguridad-social-podria-agotarse-en-2020-2","status":"publish","type":"post","link":"https:\/\/palomo.net\/ca\/el-fondo-de-reserva-de-la-seguridad-social-podria-agotarse-en-2020-2\/","title":{"rendered":"EL FONDO DE RESERVA DE LA SEGURIDAD SOCIAL PODR\u00cdA AGOTARSE EN 2020"},"content":{"rendered":"<p><strong>El Fondo de Reserva de la Seguridad Social podr\u00eda agotarse en 2020<\/strong>, dentro del escenario m\u00e1s pesimista. As\u00ed lo refleja un estudio de la <strong>consultora<\/strong> Towers Watson, a partir del an\u00e1lisis de los registros de la Seguridad Social, el Banco de Espa\u00f1a y las proyecciones de poblaci\u00f3n para el periodo 2012-2052 del INE. Asegura que si se pretende mantener el nivel del Fondo en los 41.634 millones de euros con los que se cerr\u00f3 el pasado a\u00f1o, la rentabilidad anual de la &#8216;hucha&#8217; deber\u00eda ser superior al 10%. <strong>La rentabilidad actual de la deuda espa\u00f1ola<\/strong> se sit\u00faa en negativo en el caso del papel a seis meses y cercana al 1,3% a 10 a\u00f1os. El informe indica que en este contexto, <strong>si se mantiene \u00e9sta opci\u00f3n como v\u00eda de inversi\u00f3n del fondo<\/strong>, &#8220;es muy improbable lograr la rentabilidad adecuada para su supervivencia&#8221;.<\/p>\n","protected":false},"excerpt":{"rendered":"<p>El Fondo de Reserva de la Seguridad Social podr\u00eda agotarse en 2020, dentro del escenario m\u00e1s pesimista. As\u00ed lo refleja un estudio de la consultora Towers Watson, a partir del an\u00e1lisis de los registros de la Seguridad Social, el Banco de Espa\u00f1a y las proyecciones de poblaci\u00f3n para el periodo 2012-2052 del INE. Asegura que [&hellip;]<\/p>\n","protected":false},"author":4,"featured_media":3863,"comment_status":"open","ping_status":"open","sticky":false,"template":"","format":"standard","meta":{"_monsterinsights_skip_tracking":false,"_monsterinsights_sitenote_active":false,"_monsterinsights_sitenote_note":"","_monsterinsights_sitenote_category":0,"footnotes":""},"categories":[34],"tags":[],"class_list":["post-4022","post","type-post","status-publish","format-standard","has-post-thumbnail","hentry","category-noticies"],"yoast_head":"<!-- This site is optimized with the Yoast SEO plugin v27.5 - https:\/\/yoast.com\/product\/yoast-seo-wordpress\/ -->\n<title>EL FONDO DE RESERVA DE LA SEGURIDAD SOCIAL PODR\u00cdA AGOTARSE EN 2020 - Palomo Consultors<\/title>\n<meta name=\"robots\" content=\"index, follow, max-snippet:-1, max-image-preview:large, max-video-preview:-1\" \/>\n<link rel=\"canonical\" href=\"https:\/\/palomo.net\/ca\/el-fondo-de-reserva-de-la-seguridad-social-podria-agotarse-en-2020-2\/\" \/>\n<meta property=\"og:locale\" content=\"ca_ES\" \/>\n<meta property=\"og:type\" content=\"article\" \/>\n<meta property=\"og:title\" content=\"EL FONDO DE RESERVA DE LA SEGURIDAD SOCIAL PODR\u00cdA AGOTARSE EN 2020 - Palomo Consultors\" \/>\n<meta property=\"og:description\" content=\"El Fondo de Reserva de la Seguridad Social podr\u00eda agotarse en 2020, dentro del escenario m\u00e1s pesimista. As\u00ed lo refleja un estudio de la consultora Towers Watson, a partir del an\u00e1lisis de los registros de la Seguridad Social, el Banco de Espa\u00f1a y las proyecciones de poblaci\u00f3n para el periodo 2012-2052 del INE. Asegura que [&hellip;]\" \/>\n<meta property=\"og:url\" content=\"https:\/\/palomo.net\/ca\/el-fondo-de-reserva-de-la-seguridad-social-podria-agotarse-en-2020-2\/\" \/>\n<meta property=\"og:site_name\" content=\"Palomo Consultors\" \/>\n<meta property=\"article:published_time\" content=\"2015-05-19T11:01:01+00:00\" \/>\n<meta property=\"og:image\" content=\"https:\/\/palomo.net\/wp-content\/uploads\/noticias-palomo-consultores.jpg\" \/>\n\t<meta property=\"og:image:width\" content=\"671\" \/>\n\t<meta property=\"og:image:height\" content=\"255\" \/>\n\t<meta property=\"og:image:type\" content=\"image\/jpeg\" \/>\n<meta name=\"author\" content=\"Palomo Consultors\" \/>\n<meta name=\"twitter:card\" content=\"summary_large_image\" \/>\n<meta name=\"twitter:label1\" content=\"Escrit per\" \/>\n\t<meta name=\"twitter:data1\" content=\"Palomo Consultors\" \/>\n\t<meta name=\"twitter:label2\" content=\"Temps estimat de lectura\" \/>\n\t<meta name=\"twitter:data2\" content=\"1 minut\" \/>\n<script type=\"application\/ld+json\" class=\"yoast-schema-graph\">{\"@context\":\"https:\\\/\\\/schema.org\",\"@graph\":[{\"@type\":\"Article\",\"@id\":\"https:\\\/\\\/palomo.net\\\/ca\\\/el-fondo-de-reserva-de-la-seguridad-social-podria-agotarse-en-2020-2\\\/#article\",\"isPartOf\":{\"@id\":\"https:\\\/\\\/palomo.net\\\/ca\\\/el-fondo-de-reserva-de-la-seguridad-social-podria-agotarse-en-2020-2\\\/\"},\"author\":{\"name\":\"Palomo Consultors\",\"@id\":\"https:\\\/\\\/palomo.net\\\/#\\\/schema\\\/person\\\/711f80f8e4fbf3466bd3c1c42e621ece\"},\"headline\":\"EL FONDO DE RESERVA DE LA SEGURIDAD SOCIAL PODR\u00cdA AGOTARSE EN 2020\",\"datePublished\":\"2015-05-19T11:01:01+00:00\",\"mainEntityOfPage\":{\"@id\":\"https:\\\/\\\/palomo.net\\\/ca\\\/el-fondo-de-reserva-de-la-seguridad-social-podria-agotarse-en-2020-2\\\/\"},\"wordCount\":162,\"commentCount\":0,\"image\":{\"@id\":\"https:\\\/\\\/palomo.net\\\/ca\\\/el-fondo-de-reserva-de-la-seguridad-social-podria-agotarse-en-2020-2\\\/#primaryimage\"},\"thumbnailUrl\":\"https:\\\/\\\/palomo.net\\\/wp-content\\\/uploads\\\/noticias-palomo-consultores.jpg\",\"articleSection\":[\"Not\u00edcies\"],\"inLanguage\":\"ca\",\"potentialAction\":[{\"@type\":\"CommentAction\",\"name\":\"Comment\",\"target\":[\"https:\\\/\\\/palomo.net\\\/ca\\\/el-fondo-de-reserva-de-la-seguridad-social-podria-agotarse-en-2020-2\\\/#respond\"]}]},{\"@type\":\"WebPage\",\"@id\":\"https:\\\/\\\/palomo.net\\\/ca\\\/el-fondo-de-reserva-de-la-seguridad-social-podria-agotarse-en-2020-2\\\/\",\"url\":\"https:\\\/\\\/palomo.net\\\/ca\\\/el-fondo-de-reserva-de-la-seguridad-social-podria-agotarse-en-2020-2\\\/\",\"name\":\"EL FONDO DE RESERVA DE LA SEGURIDAD SOCIAL PODR\u00cdA AGOTARSE EN 2020 - Palomo Consultors\",\"isPartOf\":{\"@id\":\"https:\\\/\\\/palomo.net\\\/#website\"},\"primaryImageOfPage\":{\"@id\":\"https:\\\/\\\/palomo.net\\\/ca\\\/el-fondo-de-reserva-de-la-seguridad-social-podria-agotarse-en-2020-2\\\/#primaryimage\"},\"image\":{\"@id\":\"https:\\\/\\\/palomo.net\\\/ca\\\/el-fondo-de-reserva-de-la-seguridad-social-podria-agotarse-en-2020-2\\\/#primaryimage\"},\"thumbnailUrl\":\"https:\\\/\\\/palomo.net\\\/wp-content\\\/uploads\\\/noticias-palomo-consultores.jpg\",\"datePublished\":\"2015-05-19T11:01:01+00:00\",\"author\":{\"@id\":\"https:\\\/\\\/palomo.net\\\/#\\\/schema\\\/person\\\/711f80f8e4fbf3466bd3c1c42e621ece\"},\"breadcrumb\":{\"@id\":\"https:\\\/\\\/palomo.net\\\/ca\\\/el-fondo-de-reserva-de-la-seguridad-social-podria-agotarse-en-2020-2\\\/#breadcrumb\"},\"inLanguage\":\"ca\",\"potentialAction\":[{\"@type\":\"ReadAction\",\"target\":[\"https:\\\/\\\/palomo.net\\\/ca\\\/el-fondo-de-reserva-de-la-seguridad-social-podria-agotarse-en-2020-2\\\/\"]}]},{\"@type\":\"ImageObject\",\"inLanguage\":\"ca\",\"@id\":\"https:\\\/\\\/palomo.net\\\/ca\\\/el-fondo-de-reserva-de-la-seguridad-social-podria-agotarse-en-2020-2\\\/#primaryimage\",\"url\":\"https:\\\/\\\/palomo.net\\\/wp-content\\\/uploads\\\/noticias-palomo-consultores.jpg\",\"contentUrl\":\"https:\\\/\\\/palomo.net\\\/wp-content\\\/uploads\\\/noticias-palomo-consultores.jpg\",\"width\":671,\"height\":255,\"caption\":\"Noticias Palomo Consultores\"},{\"@type\":\"BreadcrumbList\",\"@id\":\"https:\\\/\\\/palomo.net\\\/ca\\\/el-fondo-de-reserva-de-la-seguridad-social-podria-agotarse-en-2020-2\\\/#breadcrumb\",\"itemListElement\":[{\"@type\":\"ListItem\",\"position\":1,\"name\":\"Portada\",\"item\":\"https:\\\/\\\/palomo.net\\\/ca\\\/\"},{\"@type\":\"ListItem\",\"position\":2,\"name\":\"EL FONDO DE RESERVA DE LA SEGURIDAD SOCIAL PODR\u00cdA AGOTARSE EN 2020\"}]},{\"@type\":\"WebSite\",\"@id\":\"https:\\\/\\\/palomo.net\\\/#website\",\"url\":\"https:\\\/\\\/palomo.net\\\/\",\"name\":\"Palomo Consultors\",\"description\":\"Assessors Laborales d&#039; Empresas\",\"potentialAction\":[{\"@type\":\"SearchAction\",\"target\":{\"@type\":\"EntryPoint\",\"urlTemplate\":\"https:\\\/\\\/palomo.net\\\/?s={search_term_string}\"},\"query-input\":{\"@type\":\"PropertyValueSpecification\",\"valueRequired\":true,\"valueName\":\"search_term_string\"}}],\"inLanguage\":\"ca\"},{\"@type\":\"Person\",\"@id\":\"https:\\\/\\\/palomo.net\\\/#\\\/schema\\\/person\\\/711f80f8e4fbf3466bd3c1c42e621ece\",\"name\":\"Palomo Consultors\",\"url\":\"https:\\\/\\\/palomo.net\\\/ca\\\/author\\\/pl0mo\\\/\"}]}<\/script>\n<!-- \/ Yoast SEO plugin. -->","yoast_head_json":{"title":"EL FONDO DE RESERVA DE LA SEGURIDAD SOCIAL PODR\u00cdA AGOTARSE EN 2020 - Palomo Consultors","robots":{"index":"index","follow":"follow","max-snippet":"max-snippet:-1","max-image-preview":"max-image-preview:large","max-video-preview":"max-video-preview:-1"},"canonical":"https:\/\/palomo.net\/ca\/el-fondo-de-reserva-de-la-seguridad-social-podria-agotarse-en-2020-2\/","og_locale":"ca_ES","og_type":"article","og_title":"EL FONDO DE RESERVA DE LA SEGURIDAD SOCIAL PODR\u00cdA AGOTARSE EN 2020 - Palomo Consultors","og_description":"El Fondo de Reserva de la Seguridad Social podr\u00eda agotarse en 2020, dentro del escenario m\u00e1s pesimista. As\u00ed lo refleja un estudio de la consultora Towers Watson, a partir del an\u00e1lisis de los registros de la Seguridad Social, el Banco de Espa\u00f1a y las proyecciones de poblaci\u00f3n para el periodo 2012-2052 del INE. Asegura que [&hellip;]","og_url":"https:\/\/palomo.net\/ca\/el-fondo-de-reserva-de-la-seguridad-social-podria-agotarse-en-2020-2\/","og_site_name":"Palomo Consultors","article_published_time":"2015-05-19T11:01:01+00:00","og_image":[{"width":671,"height":255,"url":"https:\/\/palomo.net\/wp-content\/uploads\/noticias-palomo-consultores.jpg","type":"image\/jpeg"}],"author":"Palomo Consultors","twitter_card":"summary_large_image","twitter_misc":{"Escrit per":"Palomo Consultors","Temps estimat de lectura":"1 minut"},"schema":{"@context":"https:\/\/schema.org","@graph":[{"@type":"Article","@id":"https:\/\/palomo.net\/ca\/el-fondo-de-reserva-de-la-seguridad-social-podria-agotarse-en-2020-2\/#article","isPartOf":{"@id":"https:\/\/palomo.net\/ca\/el-fondo-de-reserva-de-la-seguridad-social-podria-agotarse-en-2020-2\/"},"author":{"name":"Palomo Consultors","@id":"https:\/\/palomo.net\/#\/schema\/person\/711f80f8e4fbf3466bd3c1c42e621ece"},"headline":"EL FONDO DE RESERVA DE LA SEGURIDAD SOCIAL PODR\u00cdA AGOTARSE EN 2020","datePublished":"2015-05-19T11:01:01+00:00","mainEntityOfPage":{"@id":"https:\/\/palomo.net\/ca\/el-fondo-de-reserva-de-la-seguridad-social-podria-agotarse-en-2020-2\/"},"wordCount":162,"commentCount":0,"image":{"@id":"https:\/\/palomo.net\/ca\/el-fondo-de-reserva-de-la-seguridad-social-podria-agotarse-en-2020-2\/#primaryimage"},"thumbnailUrl":"https:\/\/palomo.net\/wp-content\/uploads\/noticias-palomo-consultores.jpg","articleSection":["Not\u00edcies"],"inLanguage":"ca","potentialAction":[{"@type":"CommentAction","name":"Comment","target":["https:\/\/palomo.net\/ca\/el-fondo-de-reserva-de-la-seguridad-social-podria-agotarse-en-2020-2\/#respond"]}]},{"@type":"WebPage","@id":"https:\/\/palomo.net\/ca\/el-fondo-de-reserva-de-la-seguridad-social-podria-agotarse-en-2020-2\/","url":"https:\/\/palomo.net\/ca\/el-fondo-de-reserva-de-la-seguridad-social-podria-agotarse-en-2020-2\/","name":"EL FONDO DE RESERVA DE LA SEGURIDAD SOCIAL PODR\u00cdA AGOTARSE EN 2020 - Palomo Consultors","isPartOf":{"@id":"https:\/\/palomo.net\/#website"},"primaryImageOfPage":{"@id":"https:\/\/palomo.net\/ca\/el-fondo-de-reserva-de-la-seguridad-social-podria-agotarse-en-2020-2\/#primaryimage"},"image":{"@id":"https:\/\/palomo.net\/ca\/el-fondo-de-reserva-de-la-seguridad-social-podria-agotarse-en-2020-2\/#primaryimage"},"thumbnailUrl":"https:\/\/palomo.net\/wp-content\/uploads\/noticias-palomo-consultores.jpg","datePublished":"2015-05-19T11:01:01+00:00","author":{"@id":"https:\/\/palomo.net\/#\/schema\/person\/711f80f8e4fbf3466bd3c1c42e621ece"},"breadcrumb":{"@id":"https:\/\/palomo.net\/ca\/el-fondo-de-reserva-de-la-seguridad-social-podria-agotarse-en-2020-2\/#breadcrumb"},"inLanguage":"ca","potentialAction":[{"@type":"ReadAction","target":["https:\/\/palomo.net\/ca\/el-fondo-de-reserva-de-la-seguridad-social-podria-agotarse-en-2020-2\/"]}]},{"@type":"ImageObject","inLanguage":"ca","@id":"https:\/\/palomo.net\/ca\/el-fondo-de-reserva-de-la-seguridad-social-podria-agotarse-en-2020-2\/#primaryimage","url":"https:\/\/palomo.net\/wp-content\/uploads\/noticias-palomo-consultores.jpg","contentUrl":"https:\/\/palomo.net\/wp-content\/uploads\/noticias-palomo-consultores.jpg","width":671,"height":255,"caption":"Noticias Palomo Consultores"},{"@type":"BreadcrumbList","@id":"https:\/\/palomo.net\/ca\/el-fondo-de-reserva-de-la-seguridad-social-podria-agotarse-en-2020-2\/#breadcrumb","itemListElement":[{"@type":"ListItem","position":1,"name":"Portada","item":"https:\/\/palomo.net\/ca\/"},{"@type":"ListItem","position":2,"name":"EL FONDO DE RESERVA DE LA SEGURIDAD SOCIAL PODR\u00cdA AGOTARSE EN 2020"}]},{"@type":"WebSite","@id":"https:\/\/palomo.net\/#website","url":"https:\/\/palomo.net\/","name":"Palomo Consultors","description":"Assessors Laborales d&#039; Empresas","potentialAction":[{"@type":"SearchAction","target":{"@type":"EntryPoint","urlTemplate":"https:\/\/palomo.net\/?s={search_term_string}"},"query-input":{"@type":"PropertyValueSpecification","valueRequired":true,"valueName":"search_term_string"}}],"inLanguage":"ca"},{"@type":"Person","@id":"https:\/\/palomo.net\/#\/schema\/person\/711f80f8e4fbf3466bd3c1c42e621ece","name":"Palomo Consultors","url":"https:\/\/palomo.net\/ca\/author\/pl0mo\/"}]}},"_links":{"self":[{"href":"https:\/\/palomo.net\/ca\/wp-json\/wp\/v2\/posts\/4022\/"}],"collection":[{"href":"https:\/\/palomo.net\/ca\/wp-json\/wp\/v2\/posts\/"}],"about":[{"href":"https:\/\/palomo.net\/ca\/wp-json\/wp\/v2\/types\/post\/"}],"author":[{"embeddable":true,"href":"https:\/\/palomo.net\/ca\/wp-json\/wp\/v2\/users\/4\/"}],"replies":[{"embeddable":true,"href":"https:\/\/palomo.net\/ca\/wp-json\/wp\/v2\/comments\/?post=4022"}],"version-history":[{"count":1,"href":"https:\/\/palomo.net\/ca\/wp-json\/wp\/v2\/posts\/4022\/revisions\/"}],"predecessor-version":[{"id":4023,"href":"https:\/\/palomo.net\/ca\/wp-json\/wp\/v2\/posts\/4022\/revisions\/4023\/"}],"wp:featuredmedia":[{"embeddable":true,"href":"https:\/\/palomo.net\/ca\/wp-json\/wp\/v2\/media\/3863\/"}],"wp:attachment":[{"href":"https:\/\/palomo.net\/ca\/wp-json\/wp\/v2\/media\/?parent=4022"}],"wp:term":[{"taxonomy":"category","embeddable":true,"href":"https:\/\/palomo.net\/ca\/wp-json\/wp\/v2\/categories\/?post=4022"},{"taxonomy":"post_tag","embeddable":true,"href":"https:\/\/palomo.net\/ca\/wp-json\/wp\/v2\/tags\/?post=4022"}],"curies":[{"name":"wp","href":"https:\/\/api.w.org\/{rel}","templated":true}]}}