{"id":4042,"date":"2015-05-21T13:01:15","date_gmt":"2015-05-21T11:01:15","guid":{"rendered":"http:\/\/palomo.net\/?p=4042"},"modified":"2015-05-21T13:01:15","modified_gmt":"2015-05-21T11:01:15","slug":"las-exportaciones-espanolas-de-mercancias-crecieron-un-44-interanual-en-el-primer-trimestre-de-2015","status":"publish","type":"post","link":"https:\/\/palomo.net\/ca\/las-exportaciones-espanolas-de-mercancias-crecieron-un-44-interanual-en-el-primer-trimestre-de-2015\/","title":{"rendered":"LAS EXPORTACIONES ESPA\u00d1OLAS DE MERCANC\u00cdAS CRECIERON UN 4,4% INTERANUAL EN EL PRIMER TRIMESTRE DE 2015"},"content":{"rendered":"<p><strong>Las exportaciones espa\u00f1olas de mercanc\u00edas crecieron un 4,4% interanual en el primer trimestre de 2015<\/strong>, hasta los 60.972,8 millones de euros. En este periodo, <strong>las importaciones experimentaron un incremento<\/strong> del 2,5%, hasta los 66.496,8 millones de euros. El d\u00e9ficit comercial retrocede un 14,9% interanual, hasta los 5.524 millones, y la tasa de cobertura se eleva al 91,7%.Las exportaciones a la Uni\u00f3n Europea representaron el 65,3% del total. En los tres primeros meses de 2015, las exportaciones a los pa\u00edses no comunitarios tambi\u00e9n crecieron a ritmos del 2,0% interanual. <strong>Aumentaron las ventas a todas las regiones extracomunitarias excepto al \u2018resto de Europa\u2019<\/strong>. <strong>En marzo, las exportaciones crecen el 12,5% hasta un m\u00e1ximo hist\u00f3rico mensual.<\/strong><\/p>\n","protected":false},"excerpt":{"rendered":"<p>Las exportaciones espa\u00f1olas de mercanc\u00edas crecieron un 4,4% interanual en el primer trimestre de 2015, hasta los 60.972,8 millones de euros. En este periodo, las importaciones experimentaron un incremento del 2,5%, hasta los 66.496,8 millones de euros. El d\u00e9ficit comercial retrocede un 14,9% interanual, hasta los 5.524 millones, y la tasa de cobertura se eleva [&hellip;]<\/p>\n","protected":false},"author":4,"featured_media":3864,"comment_status":"open","ping_status":"open","sticky":false,"template":"","format":"standard","meta":{"_monsterinsights_skip_tracking":false,"_monsterinsights_sitenote_active":false,"_monsterinsights_sitenote_note":"","_monsterinsights_sitenote_category":0,"footnotes":""},"categories":[34],"tags":[],"class_list":["post-4042","post","type-post","status-publish","format-standard","has-post-thumbnail","hentry","category-noticies"],"yoast_head":"<!-- This site is optimized with the Yoast SEO plugin v27.5 - https:\/\/yoast.com\/product\/yoast-seo-wordpress\/ -->\n<title>LAS EXPORTACIONES ESPA\u00d1OLAS DE MERCANC\u00cdAS CRECIERON UN 4,4% INTERANUAL EN EL PRIMER TRIMESTRE DE 2015 - Palomo Consultors<\/title>\n<meta name=\"robots\" content=\"index, follow, max-snippet:-1, max-image-preview:large, max-video-preview:-1\" \/>\n<link rel=\"canonical\" href=\"https:\/\/palomo.net\/ca\/las-exportaciones-espanolas-de-mercancias-crecieron-un-44-interanual-en-el-primer-trimestre-de-2015\/\" \/>\n<meta property=\"og:locale\" content=\"ca_ES\" \/>\n<meta property=\"og:type\" content=\"article\" \/>\n<meta property=\"og:title\" content=\"LAS EXPORTACIONES ESPA\u00d1OLAS DE MERCANC\u00cdAS CRECIERON UN 4,4% INTERANUAL EN EL PRIMER TRIMESTRE DE 2015 - Palomo Consultors\" \/>\n<meta property=\"og:description\" content=\"Las exportaciones espa\u00f1olas de mercanc\u00edas crecieron un 4,4% interanual en el primer trimestre de 2015, hasta los 60.972,8 millones de euros. En este periodo, las importaciones experimentaron un incremento del 2,5%, hasta los 66.496,8 millones de euros. El d\u00e9ficit comercial retrocede un 14,9% interanual, hasta los 5.524 millones, y la tasa de cobertura se eleva [&hellip;]\" \/>\n<meta property=\"og:url\" content=\"https:\/\/palomo.net\/ca\/las-exportaciones-espanolas-de-mercancias-crecieron-un-44-interanual-en-el-primer-trimestre-de-2015\/\" \/>\n<meta property=\"og:site_name\" content=\"Palomo Consultors\" \/>\n<meta property=\"article:published_time\" content=\"2015-05-21T11:01:15+00:00\" \/>\n<meta property=\"og:image\" content=\"https:\/\/palomo.net\/wp-content\/uploads\/noticias-palomo-consultores.jpg\" \/>\n\t<meta property=\"og:image:width\" content=\"671\" \/>\n\t<meta property=\"og:image:height\" content=\"255\" \/>\n\t<meta property=\"og:image:type\" content=\"image\/jpeg\" \/>\n<meta name=\"author\" content=\"Palomo Consultors\" \/>\n<meta name=\"twitter:card\" content=\"summary_large_image\" \/>\n<meta name=\"twitter:label1\" content=\"Escrit per\" \/>\n\t<meta name=\"twitter:data1\" content=\"Palomo Consultors\" \/>\n\t<meta name=\"twitter:label2\" content=\"Temps estimat de lectura\" \/>\n\t<meta name=\"twitter:data2\" content=\"1 minut\" \/>\n<script type=\"application\/ld+json\" class=\"yoast-schema-graph\">{\"@context\":\"https:\\\/\\\/schema.org\",\"@graph\":[{\"@type\":\"Article\",\"@id\":\"https:\\\/\\\/palomo.net\\\/ca\\\/las-exportaciones-espanolas-de-mercancias-crecieron-un-44-interanual-en-el-primer-trimestre-de-2015\\\/#article\",\"isPartOf\":{\"@id\":\"https:\\\/\\\/palomo.net\\\/ca\\\/las-exportaciones-espanolas-de-mercancias-crecieron-un-44-interanual-en-el-primer-trimestre-de-2015\\\/\"},\"author\":{\"name\":\"Palomo Consultors\",\"@id\":\"https:\\\/\\\/palomo.net\\\/#\\\/schema\\\/person\\\/711f80f8e4fbf3466bd3c1c42e621ece\"},\"headline\":\"LAS EXPORTACIONES ESPA\u00d1OLAS DE MERCANC\u00cdAS CRECIERON UN 4,4% INTERANUAL EN EL PRIMER TRIMESTRE DE 2015\",\"datePublished\":\"2015-05-21T11:01:15+00:00\",\"mainEntityOfPage\":{\"@id\":\"https:\\\/\\\/palomo.net\\\/ca\\\/las-exportaciones-espanolas-de-mercancias-crecieron-un-44-interanual-en-el-primer-trimestre-de-2015\\\/\"},\"wordCount\":125,\"commentCount\":0,\"image\":{\"@id\":\"https:\\\/\\\/palomo.net\\\/ca\\\/las-exportaciones-espanolas-de-mercancias-crecieron-un-44-interanual-en-el-primer-trimestre-de-2015\\\/#primaryimage\"},\"thumbnailUrl\":\"https:\\\/\\\/palomo.net\\\/wp-content\\\/uploads\\\/noticias-palomo-consultores.jpg\",\"articleSection\":[\"Not\u00edcies\"],\"inLanguage\":\"ca\",\"potentialAction\":[{\"@type\":\"CommentAction\",\"name\":\"Comment\",\"target\":[\"https:\\\/\\\/palomo.net\\\/ca\\\/las-exportaciones-espanolas-de-mercancias-crecieron-un-44-interanual-en-el-primer-trimestre-de-2015\\\/#respond\"]}]},{\"@type\":\"WebPage\",\"@id\":\"https:\\\/\\\/palomo.net\\\/ca\\\/las-exportaciones-espanolas-de-mercancias-crecieron-un-44-interanual-en-el-primer-trimestre-de-2015\\\/\",\"url\":\"https:\\\/\\\/palomo.net\\\/ca\\\/las-exportaciones-espanolas-de-mercancias-crecieron-un-44-interanual-en-el-primer-trimestre-de-2015\\\/\",\"name\":\"LAS EXPORTACIONES ESPA\u00d1OLAS DE MERCANC\u00cdAS CRECIERON UN 4,4% INTERANUAL EN EL PRIMER TRIMESTRE DE 2015 - Palomo Consultors\",\"isPartOf\":{\"@id\":\"https:\\\/\\\/palomo.net\\\/#website\"},\"primaryImageOfPage\":{\"@id\":\"https:\\\/\\\/palomo.net\\\/ca\\\/las-exportaciones-espanolas-de-mercancias-crecieron-un-44-interanual-en-el-primer-trimestre-de-2015\\\/#primaryimage\"},\"image\":{\"@id\":\"https:\\\/\\\/palomo.net\\\/ca\\\/las-exportaciones-espanolas-de-mercancias-crecieron-un-44-interanual-en-el-primer-trimestre-de-2015\\\/#primaryimage\"},\"thumbnailUrl\":\"https:\\\/\\\/palomo.net\\\/wp-content\\\/uploads\\\/noticias-palomo-consultores.jpg\",\"datePublished\":\"2015-05-21T11:01:15+00:00\",\"author\":{\"@id\":\"https:\\\/\\\/palomo.net\\\/#\\\/schema\\\/person\\\/711f80f8e4fbf3466bd3c1c42e621ece\"},\"breadcrumb\":{\"@id\":\"https:\\\/\\\/palomo.net\\\/ca\\\/las-exportaciones-espanolas-de-mercancias-crecieron-un-44-interanual-en-el-primer-trimestre-de-2015\\\/#breadcrumb\"},\"inLanguage\":\"ca\",\"potentialAction\":[{\"@type\":\"ReadAction\",\"target\":[\"https:\\\/\\\/palomo.net\\\/ca\\\/las-exportaciones-espanolas-de-mercancias-crecieron-un-44-interanual-en-el-primer-trimestre-de-2015\\\/\"]}]},{\"@type\":\"ImageObject\",\"inLanguage\":\"ca\",\"@id\":\"https:\\\/\\\/palomo.net\\\/ca\\\/las-exportaciones-espanolas-de-mercancias-crecieron-un-44-interanual-en-el-primer-trimestre-de-2015\\\/#primaryimage\",\"url\":\"https:\\\/\\\/palomo.net\\\/wp-content\\\/uploads\\\/noticias-palomo-consultores.jpg\",\"contentUrl\":\"https:\\\/\\\/palomo.net\\\/wp-content\\\/uploads\\\/noticias-palomo-consultores.jpg\",\"width\":671,\"height\":255,\"caption\":\"Not\u00edcies Palomo Consultors\"},{\"@type\":\"BreadcrumbList\",\"@id\":\"https:\\\/\\\/palomo.net\\\/ca\\\/las-exportaciones-espanolas-de-mercancias-crecieron-un-44-interanual-en-el-primer-trimestre-de-2015\\\/#breadcrumb\",\"itemListElement\":[{\"@type\":\"ListItem\",\"position\":1,\"name\":\"Portada\",\"item\":\"https:\\\/\\\/palomo.net\\\/ca\\\/\"},{\"@type\":\"ListItem\",\"position\":2,\"name\":\"LAS EXPORTACIONES ESPA\u00d1OLAS DE MERCANC\u00cdAS CRECIERON UN 4,4% INTERANUAL EN EL PRIMER TRIMESTRE DE 2015\"}]},{\"@type\":\"WebSite\",\"@id\":\"https:\\\/\\\/palomo.net\\\/#website\",\"url\":\"https:\\\/\\\/palomo.net\\\/\",\"name\":\"Palomo Consultors\",\"description\":\"Assessors Laborales d&#039; Empresas\",\"potentialAction\":[{\"@type\":\"SearchAction\",\"target\":{\"@type\":\"EntryPoint\",\"urlTemplate\":\"https:\\\/\\\/palomo.net\\\/?s={search_term_string}\"},\"query-input\":{\"@type\":\"PropertyValueSpecification\",\"valueRequired\":true,\"valueName\":\"search_term_string\"}}],\"inLanguage\":\"ca\"},{\"@type\":\"Person\",\"@id\":\"https:\\\/\\\/palomo.net\\\/#\\\/schema\\\/person\\\/711f80f8e4fbf3466bd3c1c42e621ece\",\"name\":\"Palomo Consultors\",\"url\":\"https:\\\/\\\/palomo.net\\\/ca\\\/author\\\/pl0mo\\\/\"}]}<\/script>\n<!-- \/ Yoast SEO plugin. -->","yoast_head_json":{"title":"LAS EXPORTACIONES ESPA\u00d1OLAS DE MERCANC\u00cdAS CRECIERON UN 4,4% INTERANUAL EN EL PRIMER TRIMESTRE DE 2015 - Palomo Consultors","robots":{"index":"index","follow":"follow","max-snippet":"max-snippet:-1","max-image-preview":"max-image-preview:large","max-video-preview":"max-video-preview:-1"},"canonical":"https:\/\/palomo.net\/ca\/las-exportaciones-espanolas-de-mercancias-crecieron-un-44-interanual-en-el-primer-trimestre-de-2015\/","og_locale":"ca_ES","og_type":"article","og_title":"LAS EXPORTACIONES ESPA\u00d1OLAS DE MERCANC\u00cdAS CRECIERON UN 4,4% INTERANUAL EN EL PRIMER TRIMESTRE DE 2015 - Palomo Consultors","og_description":"Las exportaciones espa\u00f1olas de mercanc\u00edas crecieron un 4,4% interanual en el primer trimestre de 2015, hasta los 60.972,8 millones de euros. En este periodo, las importaciones experimentaron un incremento del 2,5%, hasta los 66.496,8 millones de euros. El d\u00e9ficit comercial retrocede un 14,9% interanual, hasta los 5.524 millones, y la tasa de cobertura se eleva [&hellip;]","og_url":"https:\/\/palomo.net\/ca\/las-exportaciones-espanolas-de-mercancias-crecieron-un-44-interanual-en-el-primer-trimestre-de-2015\/","og_site_name":"Palomo Consultors","article_published_time":"2015-05-21T11:01:15+00:00","og_image":[{"width":671,"height":255,"url":"https:\/\/palomo.net\/wp-content\/uploads\/noticias-palomo-consultores.jpg","type":"image\/jpeg"}],"author":"Palomo Consultors","twitter_card":"summary_large_image","twitter_misc":{"Escrit per":"Palomo Consultors","Temps estimat de lectura":"1 minut"},"schema":{"@context":"https:\/\/schema.org","@graph":[{"@type":"Article","@id":"https:\/\/palomo.net\/ca\/las-exportaciones-espanolas-de-mercancias-crecieron-un-44-interanual-en-el-primer-trimestre-de-2015\/#article","isPartOf":{"@id":"https:\/\/palomo.net\/ca\/las-exportaciones-espanolas-de-mercancias-crecieron-un-44-interanual-en-el-primer-trimestre-de-2015\/"},"author":{"name":"Palomo Consultors","@id":"https:\/\/palomo.net\/#\/schema\/person\/711f80f8e4fbf3466bd3c1c42e621ece"},"headline":"LAS EXPORTACIONES ESPA\u00d1OLAS DE MERCANC\u00cdAS CRECIERON UN 4,4% INTERANUAL EN EL PRIMER TRIMESTRE DE 2015","datePublished":"2015-05-21T11:01:15+00:00","mainEntityOfPage":{"@id":"https:\/\/palomo.net\/ca\/las-exportaciones-espanolas-de-mercancias-crecieron-un-44-interanual-en-el-primer-trimestre-de-2015\/"},"wordCount":125,"commentCount":0,"image":{"@id":"https:\/\/palomo.net\/ca\/las-exportaciones-espanolas-de-mercancias-crecieron-un-44-interanual-en-el-primer-trimestre-de-2015\/#primaryimage"},"thumbnailUrl":"https:\/\/palomo.net\/wp-content\/uploads\/noticias-palomo-consultores.jpg","articleSection":["Not\u00edcies"],"inLanguage":"ca","potentialAction":[{"@type":"CommentAction","name":"Comment","target":["https:\/\/palomo.net\/ca\/las-exportaciones-espanolas-de-mercancias-crecieron-un-44-interanual-en-el-primer-trimestre-de-2015\/#respond"]}]},{"@type":"WebPage","@id":"https:\/\/palomo.net\/ca\/las-exportaciones-espanolas-de-mercancias-crecieron-un-44-interanual-en-el-primer-trimestre-de-2015\/","url":"https:\/\/palomo.net\/ca\/las-exportaciones-espanolas-de-mercancias-crecieron-un-44-interanual-en-el-primer-trimestre-de-2015\/","name":"LAS EXPORTACIONES ESPA\u00d1OLAS DE MERCANC\u00cdAS CRECIERON UN 4,4% INTERANUAL EN EL PRIMER TRIMESTRE DE 2015 - Palomo Consultors","isPartOf":{"@id":"https:\/\/palomo.net\/#website"},"primaryImageOfPage":{"@id":"https:\/\/palomo.net\/ca\/las-exportaciones-espanolas-de-mercancias-crecieron-un-44-interanual-en-el-primer-trimestre-de-2015\/#primaryimage"},"image":{"@id":"https:\/\/palomo.net\/ca\/las-exportaciones-espanolas-de-mercancias-crecieron-un-44-interanual-en-el-primer-trimestre-de-2015\/#primaryimage"},"thumbnailUrl":"https:\/\/palomo.net\/wp-content\/uploads\/noticias-palomo-consultores.jpg","datePublished":"2015-05-21T11:01:15+00:00","author":{"@id":"https:\/\/palomo.net\/#\/schema\/person\/711f80f8e4fbf3466bd3c1c42e621ece"},"breadcrumb":{"@id":"https:\/\/palomo.net\/ca\/las-exportaciones-espanolas-de-mercancias-crecieron-un-44-interanual-en-el-primer-trimestre-de-2015\/#breadcrumb"},"inLanguage":"ca","potentialAction":[{"@type":"ReadAction","target":["https:\/\/palomo.net\/ca\/las-exportaciones-espanolas-de-mercancias-crecieron-un-44-interanual-en-el-primer-trimestre-de-2015\/"]}]},{"@type":"ImageObject","inLanguage":"ca","@id":"https:\/\/palomo.net\/ca\/las-exportaciones-espanolas-de-mercancias-crecieron-un-44-interanual-en-el-primer-trimestre-de-2015\/#primaryimage","url":"https:\/\/palomo.net\/wp-content\/uploads\/noticias-palomo-consultores.jpg","contentUrl":"https:\/\/palomo.net\/wp-content\/uploads\/noticias-palomo-consultores.jpg","width":671,"height":255,"caption":"Not\u00edcies Palomo Consultors"},{"@type":"BreadcrumbList","@id":"https:\/\/palomo.net\/ca\/las-exportaciones-espanolas-de-mercancias-crecieron-un-44-interanual-en-el-primer-trimestre-de-2015\/#breadcrumb","itemListElement":[{"@type":"ListItem","position":1,"name":"Portada","item":"https:\/\/palomo.net\/ca\/"},{"@type":"ListItem","position":2,"name":"LAS EXPORTACIONES ESPA\u00d1OLAS DE MERCANC\u00cdAS CRECIERON UN 4,4% INTERANUAL EN EL PRIMER TRIMESTRE DE 2015"}]},{"@type":"WebSite","@id":"https:\/\/palomo.net\/#website","url":"https:\/\/palomo.net\/","name":"Palomo Consultors","description":"Assessors Laborales d&#039; Empresas","potentialAction":[{"@type":"SearchAction","target":{"@type":"EntryPoint","urlTemplate":"https:\/\/palomo.net\/?s={search_term_string}"},"query-input":{"@type":"PropertyValueSpecification","valueRequired":true,"valueName":"search_term_string"}}],"inLanguage":"ca"},{"@type":"Person","@id":"https:\/\/palomo.net\/#\/schema\/person\/711f80f8e4fbf3466bd3c1c42e621ece","name":"Palomo Consultors","url":"https:\/\/palomo.net\/ca\/author\/pl0mo\/"}]}},"_links":{"self":[{"href":"https:\/\/palomo.net\/ca\/wp-json\/wp\/v2\/posts\/4042\/"}],"collection":[{"href":"https:\/\/palomo.net\/ca\/wp-json\/wp\/v2\/posts\/"}],"about":[{"href":"https:\/\/palomo.net\/ca\/wp-json\/wp\/v2\/types\/post\/"}],"author":[{"embeddable":true,"href":"https:\/\/palomo.net\/ca\/wp-json\/wp\/v2\/users\/4\/"}],"replies":[{"embeddable":true,"href":"https:\/\/palomo.net\/ca\/wp-json\/wp\/v2\/comments\/?post=4042"}],"version-history":[{"count":1,"href":"https:\/\/palomo.net\/ca\/wp-json\/wp\/v2\/posts\/4042\/revisions\/"}],"predecessor-version":[{"id":4043,"href":"https:\/\/palomo.net\/ca\/wp-json\/wp\/v2\/posts\/4042\/revisions\/4043\/"}],"wp:featuredmedia":[{"embeddable":true,"href":"https:\/\/palomo.net\/ca\/wp-json\/wp\/v2\/media\/3864\/"}],"wp:attachment":[{"href":"https:\/\/palomo.net\/ca\/wp-json\/wp\/v2\/media\/?parent=4042"}],"wp:term":[{"taxonomy":"category","embeddable":true,"href":"https:\/\/palomo.net\/ca\/wp-json\/wp\/v2\/categories\/?post=4042"},{"taxonomy":"post_tag","embeddable":true,"href":"https:\/\/palomo.net\/ca\/wp-json\/wp\/v2\/tags\/?post=4042"}],"curies":[{"name":"wp","href":"https:\/\/api.w.org\/{rel}","templated":true}]}}