{"id":4214,"date":"2015-06-09T12:03:05","date_gmt":"2015-06-09T10:03:05","guid":{"rendered":"http:\/\/palomo.net\/?p=4214"},"modified":"2015-06-09T12:03:05","modified_gmt":"2015-06-09T10:03:05","slug":"firmado-el-iii-acuerdo-para-el-empleo-y-la-negociacion-colectiva-aenc-para-los-anos-2015-2017","status":"publish","type":"post","link":"https:\/\/palomo.net\/ca\/firmado-el-iii-acuerdo-para-el-empleo-y-la-negociacion-colectiva-aenc-para-los-anos-2015-2017\/","title":{"rendered":"FIRMADO EL III ACUERDO PARA EL EMPLEO Y LA NEGOCIACI\u00d3N COLECTIVA (AENC) PARA LOS A\u00d1OS 2015-2017"},"content":{"rendered":"<p><strong>Discurso de unidad en torno a la defensa de la negociaci\u00f3n colectiva<\/strong>. Los empresarios siguen se\u00f1alando que los topes de incremento salarial firmados para los pr\u00f3ximos a\u00f1os &#8211;hasta el 1% en 2015 y hasta el 1,5% en 2016&#8211; dejan margen para que sectores y empresas, en virtud de sus circunstancias, puedan pactar <strong>subidas salariales inferiores<\/strong>, pero los sindicatos insisten en que se trata de referencias de<strong> car\u00e1cter &#8220;vinculante&#8221;<\/strong> y que implican, necesariamente, una mejora de las remuneraciones. Por su parte, Toxo no ha dudado en se\u00f1alar que &#8220;el acuerdo es obligacional, aunque no se traslade directamente a la negociaci\u00f3n colectiva&#8221;.<\/p>\n","protected":false},"excerpt":{"rendered":"<p>Discurso de unidad en torno a la defensa de la negociaci\u00f3n colectiva. Los empresarios siguen se\u00f1alando que los topes de incremento salarial firmados para los pr\u00f3ximos a\u00f1os &#8211;hasta el 1% en 2015 y hasta el 1,5% en 2016&#8211; dejan margen para que sectores y empresas, en virtud de sus circunstancias, puedan pactar subidas salariales inferiores, [&hellip;]<\/p>\n","protected":false},"author":4,"featured_media":3864,"comment_status":"open","ping_status":"open","sticky":false,"template":"","format":"standard","meta":{"_monsterinsights_skip_tracking":false,"_monsterinsights_sitenote_active":false,"_monsterinsights_sitenote_note":"","_monsterinsights_sitenote_category":0,"footnotes":""},"categories":[],"tags":[],"class_list":["post-4214","post","type-post","status-publish","format-standard","has-post-thumbnail","hentry"],"yoast_head":"<!-- This site is optimized with the Yoast SEO plugin v27.5 - https:\/\/yoast.com\/product\/yoast-seo-wordpress\/ -->\n<title>FIRMADO EL III ACUERDO PARA EL EMPLEO Y LA NEGOCIACI\u00d3N COLECTIVA (AENC) PARA LOS A\u00d1OS 2015-2017 - Palomo Consultors<\/title>\n<meta name=\"robots\" content=\"index, follow, max-snippet:-1, max-image-preview:large, max-video-preview:-1\" \/>\n<link rel=\"canonical\" href=\"https:\/\/palomo.net\/ca\/firmado-el-iii-acuerdo-para-el-empleo-y-la-negociacion-colectiva-aenc-para-los-anos-2015-2017\/\" \/>\n<meta property=\"og:locale\" content=\"ca_ES\" \/>\n<meta property=\"og:type\" content=\"article\" \/>\n<meta property=\"og:title\" content=\"FIRMADO EL III ACUERDO PARA EL EMPLEO Y LA NEGOCIACI\u00d3N COLECTIVA (AENC) PARA LOS A\u00d1OS 2015-2017 - Palomo Consultors\" \/>\n<meta property=\"og:description\" content=\"Discurso de unidad en torno a la defensa de la negociaci\u00f3n colectiva. Los empresarios siguen se\u00f1alando que los topes de incremento salarial firmados para los pr\u00f3ximos a\u00f1os &#8211;hasta el 1% en 2015 y hasta el 1,5% en 2016&#8211; dejan margen para que sectores y empresas, en virtud de sus circunstancias, puedan pactar subidas salariales inferiores, [&hellip;]\" \/>\n<meta property=\"og:url\" content=\"https:\/\/palomo.net\/ca\/firmado-el-iii-acuerdo-para-el-empleo-y-la-negociacion-colectiva-aenc-para-los-anos-2015-2017\/\" \/>\n<meta property=\"og:site_name\" content=\"Palomo Consultors\" \/>\n<meta property=\"article:published_time\" content=\"2015-06-09T10:03:05+00:00\" \/>\n<meta property=\"og:image\" content=\"https:\/\/palomo.net\/wp-content\/uploads\/noticias-palomo-consultores.jpg\" \/>\n\t<meta property=\"og:image:width\" content=\"671\" \/>\n\t<meta property=\"og:image:height\" content=\"255\" \/>\n\t<meta property=\"og:image:type\" content=\"image\/jpeg\" \/>\n<meta name=\"author\" content=\"Palomo Consultors\" \/>\n<meta name=\"twitter:card\" content=\"summary_large_image\" \/>\n<meta name=\"twitter:label1\" content=\"Escrit per\" \/>\n\t<meta name=\"twitter:data1\" content=\"Palomo Consultors\" \/>\n\t<meta name=\"twitter:label2\" content=\"Temps estimat de lectura\" \/>\n\t<meta name=\"twitter:data2\" content=\"1 minut\" \/>\n<script type=\"application\/ld+json\" class=\"yoast-schema-graph\">{\"@context\":\"https:\\\/\\\/schema.org\",\"@graph\":[{\"@type\":\"Article\",\"@id\":\"https:\\\/\\\/palomo.net\\\/ca\\\/firmado-el-iii-acuerdo-para-el-empleo-y-la-negociacion-colectiva-aenc-para-los-anos-2015-2017\\\/#article\",\"isPartOf\":{\"@id\":\"https:\\\/\\\/palomo.net\\\/ca\\\/firmado-el-iii-acuerdo-para-el-empleo-y-la-negociacion-colectiva-aenc-para-los-anos-2015-2017\\\/\"},\"author\":{\"name\":\"Palomo Consultors\",\"@id\":\"https:\\\/\\\/palomo.net\\\/#\\\/schema\\\/person\\\/711f80f8e4fbf3466bd3c1c42e621ece\"},\"headline\":\"FIRMADO EL III ACUERDO PARA EL EMPLEO Y LA NEGOCIACI\u00d3N COLECTIVA (AENC) PARA LOS A\u00d1OS 2015-2017\",\"datePublished\":\"2015-06-09T10:03:05+00:00\",\"mainEntityOfPage\":{\"@id\":\"https:\\\/\\\/palomo.net\\\/ca\\\/firmado-el-iii-acuerdo-para-el-empleo-y-la-negociacion-colectiva-aenc-para-los-anos-2015-2017\\\/\"},\"wordCount\":122,\"commentCount\":0,\"image\":{\"@id\":\"https:\\\/\\\/palomo.net\\\/ca\\\/firmado-el-iii-acuerdo-para-el-empleo-y-la-negociacion-colectiva-aenc-para-los-anos-2015-2017\\\/#primaryimage\"},\"thumbnailUrl\":\"https:\\\/\\\/palomo.net\\\/wp-content\\\/uploads\\\/noticias-palomo-consultores.jpg\",\"inLanguage\":\"ca\",\"potentialAction\":[{\"@type\":\"CommentAction\",\"name\":\"Comment\",\"target\":[\"https:\\\/\\\/palomo.net\\\/ca\\\/firmado-el-iii-acuerdo-para-el-empleo-y-la-negociacion-colectiva-aenc-para-los-anos-2015-2017\\\/#respond\"]}]},{\"@type\":\"WebPage\",\"@id\":\"https:\\\/\\\/palomo.net\\\/ca\\\/firmado-el-iii-acuerdo-para-el-empleo-y-la-negociacion-colectiva-aenc-para-los-anos-2015-2017\\\/\",\"url\":\"https:\\\/\\\/palomo.net\\\/ca\\\/firmado-el-iii-acuerdo-para-el-empleo-y-la-negociacion-colectiva-aenc-para-los-anos-2015-2017\\\/\",\"name\":\"FIRMADO EL III ACUERDO PARA EL EMPLEO Y LA NEGOCIACI\u00d3N COLECTIVA (AENC) PARA LOS A\u00d1OS 2015-2017 - Palomo Consultors\",\"isPartOf\":{\"@id\":\"https:\\\/\\\/palomo.net\\\/#website\"},\"primaryImageOfPage\":{\"@id\":\"https:\\\/\\\/palomo.net\\\/ca\\\/firmado-el-iii-acuerdo-para-el-empleo-y-la-negociacion-colectiva-aenc-para-los-anos-2015-2017\\\/#primaryimage\"},\"image\":{\"@id\":\"https:\\\/\\\/palomo.net\\\/ca\\\/firmado-el-iii-acuerdo-para-el-empleo-y-la-negociacion-colectiva-aenc-para-los-anos-2015-2017\\\/#primaryimage\"},\"thumbnailUrl\":\"https:\\\/\\\/palomo.net\\\/wp-content\\\/uploads\\\/noticias-palomo-consultores.jpg\",\"datePublished\":\"2015-06-09T10:03:05+00:00\",\"author\":{\"@id\":\"https:\\\/\\\/palomo.net\\\/#\\\/schema\\\/person\\\/711f80f8e4fbf3466bd3c1c42e621ece\"},\"breadcrumb\":{\"@id\":\"https:\\\/\\\/palomo.net\\\/ca\\\/firmado-el-iii-acuerdo-para-el-empleo-y-la-negociacion-colectiva-aenc-para-los-anos-2015-2017\\\/#breadcrumb\"},\"inLanguage\":\"ca\",\"potentialAction\":[{\"@type\":\"ReadAction\",\"target\":[\"https:\\\/\\\/palomo.net\\\/ca\\\/firmado-el-iii-acuerdo-para-el-empleo-y-la-negociacion-colectiva-aenc-para-los-anos-2015-2017\\\/\"]}]},{\"@type\":\"ImageObject\",\"inLanguage\":\"ca\",\"@id\":\"https:\\\/\\\/palomo.net\\\/ca\\\/firmado-el-iii-acuerdo-para-el-empleo-y-la-negociacion-colectiva-aenc-para-los-anos-2015-2017\\\/#primaryimage\",\"url\":\"https:\\\/\\\/palomo.net\\\/wp-content\\\/uploads\\\/noticias-palomo-consultores.jpg\",\"contentUrl\":\"https:\\\/\\\/palomo.net\\\/wp-content\\\/uploads\\\/noticias-palomo-consultores.jpg\",\"width\":671,\"height\":255,\"caption\":\"Not\u00edcies Palomo Consultors\"},{\"@type\":\"BreadcrumbList\",\"@id\":\"https:\\\/\\\/palomo.net\\\/ca\\\/firmado-el-iii-acuerdo-para-el-empleo-y-la-negociacion-colectiva-aenc-para-los-anos-2015-2017\\\/#breadcrumb\",\"itemListElement\":[{\"@type\":\"ListItem\",\"position\":1,\"name\":\"Portada\",\"item\":\"https:\\\/\\\/palomo.net\\\/ca\\\/\"},{\"@type\":\"ListItem\",\"position\":2,\"name\":\"FIRMADO EL III ACUERDO PARA EL EMPLEO Y LA NEGOCIACI\u00d3N COLECTIVA (AENC) PARA LOS A\u00d1OS 2015-2017\"}]},{\"@type\":\"WebSite\",\"@id\":\"https:\\\/\\\/palomo.net\\\/#website\",\"url\":\"https:\\\/\\\/palomo.net\\\/\",\"name\":\"Palomo Consultors\",\"description\":\"Assessors Laborales d&#039; Empresas\",\"potentialAction\":[{\"@type\":\"SearchAction\",\"target\":{\"@type\":\"EntryPoint\",\"urlTemplate\":\"https:\\\/\\\/palomo.net\\\/?s={search_term_string}\"},\"query-input\":{\"@type\":\"PropertyValueSpecification\",\"valueRequired\":true,\"valueName\":\"search_term_string\"}}],\"inLanguage\":\"ca\"},{\"@type\":\"Person\",\"@id\":\"https:\\\/\\\/palomo.net\\\/#\\\/schema\\\/person\\\/711f80f8e4fbf3466bd3c1c42e621ece\",\"name\":\"Palomo Consultors\",\"url\":\"https:\\\/\\\/palomo.net\\\/ca\\\/author\\\/pl0mo\\\/\"}]}<\/script>\n<!-- \/ Yoast SEO plugin. -->","yoast_head_json":{"title":"FIRMADO EL III ACUERDO PARA EL EMPLEO Y LA NEGOCIACI\u00d3N COLECTIVA (AENC) PARA LOS A\u00d1OS 2015-2017 - Palomo Consultors","robots":{"index":"index","follow":"follow","max-snippet":"max-snippet:-1","max-image-preview":"max-image-preview:large","max-video-preview":"max-video-preview:-1"},"canonical":"https:\/\/palomo.net\/ca\/firmado-el-iii-acuerdo-para-el-empleo-y-la-negociacion-colectiva-aenc-para-los-anos-2015-2017\/","og_locale":"ca_ES","og_type":"article","og_title":"FIRMADO EL III ACUERDO PARA EL EMPLEO Y LA NEGOCIACI\u00d3N COLECTIVA (AENC) PARA LOS A\u00d1OS 2015-2017 - Palomo Consultors","og_description":"Discurso de unidad en torno a la defensa de la negociaci\u00f3n colectiva. Los empresarios siguen se\u00f1alando que los topes de incremento salarial firmados para los pr\u00f3ximos a\u00f1os &#8211;hasta el 1% en 2015 y hasta el 1,5% en 2016&#8211; dejan margen para que sectores y empresas, en virtud de sus circunstancias, puedan pactar subidas salariales inferiores, [&hellip;]","og_url":"https:\/\/palomo.net\/ca\/firmado-el-iii-acuerdo-para-el-empleo-y-la-negociacion-colectiva-aenc-para-los-anos-2015-2017\/","og_site_name":"Palomo Consultors","article_published_time":"2015-06-09T10:03:05+00:00","og_image":[{"width":671,"height":255,"url":"https:\/\/palomo.net\/wp-content\/uploads\/noticias-palomo-consultores.jpg","type":"image\/jpeg"}],"author":"Palomo Consultors","twitter_card":"summary_large_image","twitter_misc":{"Escrit per":"Palomo Consultors","Temps estimat de lectura":"1 minut"},"schema":{"@context":"https:\/\/schema.org","@graph":[{"@type":"Article","@id":"https:\/\/palomo.net\/ca\/firmado-el-iii-acuerdo-para-el-empleo-y-la-negociacion-colectiva-aenc-para-los-anos-2015-2017\/#article","isPartOf":{"@id":"https:\/\/palomo.net\/ca\/firmado-el-iii-acuerdo-para-el-empleo-y-la-negociacion-colectiva-aenc-para-los-anos-2015-2017\/"},"author":{"name":"Palomo Consultors","@id":"https:\/\/palomo.net\/#\/schema\/person\/711f80f8e4fbf3466bd3c1c42e621ece"},"headline":"FIRMADO EL III ACUERDO PARA EL EMPLEO Y LA NEGOCIACI\u00d3N COLECTIVA (AENC) PARA LOS A\u00d1OS 2015-2017","datePublished":"2015-06-09T10:03:05+00:00","mainEntityOfPage":{"@id":"https:\/\/palomo.net\/ca\/firmado-el-iii-acuerdo-para-el-empleo-y-la-negociacion-colectiva-aenc-para-los-anos-2015-2017\/"},"wordCount":122,"commentCount":0,"image":{"@id":"https:\/\/palomo.net\/ca\/firmado-el-iii-acuerdo-para-el-empleo-y-la-negociacion-colectiva-aenc-para-los-anos-2015-2017\/#primaryimage"},"thumbnailUrl":"https:\/\/palomo.net\/wp-content\/uploads\/noticias-palomo-consultores.jpg","inLanguage":"ca","potentialAction":[{"@type":"CommentAction","name":"Comment","target":["https:\/\/palomo.net\/ca\/firmado-el-iii-acuerdo-para-el-empleo-y-la-negociacion-colectiva-aenc-para-los-anos-2015-2017\/#respond"]}]},{"@type":"WebPage","@id":"https:\/\/palomo.net\/ca\/firmado-el-iii-acuerdo-para-el-empleo-y-la-negociacion-colectiva-aenc-para-los-anos-2015-2017\/","url":"https:\/\/palomo.net\/ca\/firmado-el-iii-acuerdo-para-el-empleo-y-la-negociacion-colectiva-aenc-para-los-anos-2015-2017\/","name":"FIRMADO EL III ACUERDO PARA EL EMPLEO Y LA NEGOCIACI\u00d3N COLECTIVA (AENC) PARA LOS A\u00d1OS 2015-2017 - Palomo Consultors","isPartOf":{"@id":"https:\/\/palomo.net\/#website"},"primaryImageOfPage":{"@id":"https:\/\/palomo.net\/ca\/firmado-el-iii-acuerdo-para-el-empleo-y-la-negociacion-colectiva-aenc-para-los-anos-2015-2017\/#primaryimage"},"image":{"@id":"https:\/\/palomo.net\/ca\/firmado-el-iii-acuerdo-para-el-empleo-y-la-negociacion-colectiva-aenc-para-los-anos-2015-2017\/#primaryimage"},"thumbnailUrl":"https:\/\/palomo.net\/wp-content\/uploads\/noticias-palomo-consultores.jpg","datePublished":"2015-06-09T10:03:05+00:00","author":{"@id":"https:\/\/palomo.net\/#\/schema\/person\/711f80f8e4fbf3466bd3c1c42e621ece"},"breadcrumb":{"@id":"https:\/\/palomo.net\/ca\/firmado-el-iii-acuerdo-para-el-empleo-y-la-negociacion-colectiva-aenc-para-los-anos-2015-2017\/#breadcrumb"},"inLanguage":"ca","potentialAction":[{"@type":"ReadAction","target":["https:\/\/palomo.net\/ca\/firmado-el-iii-acuerdo-para-el-empleo-y-la-negociacion-colectiva-aenc-para-los-anos-2015-2017\/"]}]},{"@type":"ImageObject","inLanguage":"ca","@id":"https:\/\/palomo.net\/ca\/firmado-el-iii-acuerdo-para-el-empleo-y-la-negociacion-colectiva-aenc-para-los-anos-2015-2017\/#primaryimage","url":"https:\/\/palomo.net\/wp-content\/uploads\/noticias-palomo-consultores.jpg","contentUrl":"https:\/\/palomo.net\/wp-content\/uploads\/noticias-palomo-consultores.jpg","width":671,"height":255,"caption":"Not\u00edcies Palomo Consultors"},{"@type":"BreadcrumbList","@id":"https:\/\/palomo.net\/ca\/firmado-el-iii-acuerdo-para-el-empleo-y-la-negociacion-colectiva-aenc-para-los-anos-2015-2017\/#breadcrumb","itemListElement":[{"@type":"ListItem","position":1,"name":"Portada","item":"https:\/\/palomo.net\/ca\/"},{"@type":"ListItem","position":2,"name":"FIRMADO EL III ACUERDO PARA EL EMPLEO Y LA NEGOCIACI\u00d3N COLECTIVA (AENC) PARA LOS A\u00d1OS 2015-2017"}]},{"@type":"WebSite","@id":"https:\/\/palomo.net\/#website","url":"https:\/\/palomo.net\/","name":"Palomo Consultors","description":"Assessors Laborales d&#039; Empresas","potentialAction":[{"@type":"SearchAction","target":{"@type":"EntryPoint","urlTemplate":"https:\/\/palomo.net\/?s={search_term_string}"},"query-input":{"@type":"PropertyValueSpecification","valueRequired":true,"valueName":"search_term_string"}}],"inLanguage":"ca"},{"@type":"Person","@id":"https:\/\/palomo.net\/#\/schema\/person\/711f80f8e4fbf3466bd3c1c42e621ece","name":"Palomo Consultors","url":"https:\/\/palomo.net\/ca\/author\/pl0mo\/"}]}},"_links":{"self":[{"href":"https:\/\/palomo.net\/ca\/wp-json\/wp\/v2\/posts\/4214\/"}],"collection":[{"href":"https:\/\/palomo.net\/ca\/wp-json\/wp\/v2\/posts\/"}],"about":[{"href":"https:\/\/palomo.net\/ca\/wp-json\/wp\/v2\/types\/post\/"}],"author":[{"embeddable":true,"href":"https:\/\/palomo.net\/ca\/wp-json\/wp\/v2\/users\/4\/"}],"replies":[{"embeddable":true,"href":"https:\/\/palomo.net\/ca\/wp-json\/wp\/v2\/comments\/?post=4214"}],"version-history":[{"count":2,"href":"https:\/\/palomo.net\/ca\/wp-json\/wp\/v2\/posts\/4214\/revisions\/"}],"predecessor-version":[{"id":4216,"href":"https:\/\/palomo.net\/ca\/wp-json\/wp\/v2\/posts\/4214\/revisions\/4216\/"}],"wp:featuredmedia":[{"embeddable":true,"href":"https:\/\/palomo.net\/ca\/wp-json\/wp\/v2\/media\/3864\/"}],"wp:attachment":[{"href":"https:\/\/palomo.net\/ca\/wp-json\/wp\/v2\/media\/?parent=4214"}],"wp:term":[{"taxonomy":"category","embeddable":true,"href":"https:\/\/palomo.net\/ca\/wp-json\/wp\/v2\/categories\/?post=4214"},{"taxonomy":"post_tag","embeddable":true,"href":"https:\/\/palomo.net\/ca\/wp-json\/wp\/v2\/tags\/?post=4214"}],"curies":[{"name":"wp","href":"https:\/\/api.w.org\/{rel}","templated":true}]}}