{"id":4330,"date":"2015-07-02T14:15:00","date_gmt":"2015-07-02T12:15:00","guid":{"rendered":"http:\/\/palomo.net\/?p=4330"},"modified":"2015-07-03T13:52:56","modified_gmt":"2015-07-03T11:52:56","slug":"no-se-alcanzara-una-tasa-de-paro-cercana-al-17-antes-de-2023","status":"publish","type":"post","link":"https:\/\/palomo.net\/ca\/no-se-alcanzara-una-tasa-de-paro-cercana-al-17-antes-de-2023\/","title":{"rendered":"NO SE ALCANZAR\u00c1 UNA TASA DE PARO CERCANA AL 17% ANTES DE 2023"},"content":{"rendered":"<p><strong>No se alcanzar\u00e1 una tasa de paro cercana al 17% antes de 2023<\/strong> aunque se intensifique la creaci\u00f3n de empleo experimentada en los \u00faltimos tres trimestres de 2014, seg\u00fan ha advertido la asociaci\u00f3n de agencias privadas de empleo, Asempleo. Por este motivo y ante las necesidades espec\u00edficas de determinados colectivos en riesgo de exclusi\u00f3n (parados de larga duraci\u00f3n y j\u00f3venes y mayores de 45 a\u00f1os en desempleo), la patronal reclama un cambio en el modelo de colaboraci\u00f3n p\u00fablico-privada a fin de disponer de un instrumento eficaz en la lucha contra el paro.<\/p>\n","protected":false},"excerpt":{"rendered":"<p>No se alcanzar\u00e1 una tasa de paro cercana al 17% antes de 2023 aunque se intensifique la creaci\u00f3n de empleo experimentada en los \u00faltimos tres trimestres de 2014, seg\u00fan ha advertido la asociaci\u00f3n de agencias privadas de empleo, Asempleo. Por este motivo y ante las necesidades espec\u00edficas de determinados colectivos en riesgo de exclusi\u00f3n (parados [&hellip;]<\/p>\n","protected":false},"author":4,"featured_media":4322,"comment_status":"open","ping_status":"open","sticky":false,"template":"","format":"standard","meta":{"_monsterinsights_skip_tracking":false,"_monsterinsights_sitenote_active":false,"_monsterinsights_sitenote_note":"","_monsterinsights_sitenote_category":0,"footnotes":""},"categories":[34],"tags":[],"class_list":["post-4330","post","type-post","status-publish","format-standard","has-post-thumbnail","hentry","category-noticies"],"yoast_head":"<!-- This site is optimized with the Yoast SEO plugin v27.5 - https:\/\/yoast.com\/product\/yoast-seo-wordpress\/ -->\n<title>NO SE ALCANZAR\u00c1 UNA TASA DE PARO CERCANA AL 17% ANTES DE 2023 - Palomo Consultors<\/title>\n<meta name=\"robots\" content=\"index, follow, max-snippet:-1, max-image-preview:large, max-video-preview:-1\" \/>\n<link rel=\"canonical\" href=\"https:\/\/palomo.net\/ca\/no-se-alcanzara-una-tasa-de-paro-cercana-al-17-antes-de-2023\/\" \/>\n<meta property=\"og:locale\" content=\"ca_ES\" \/>\n<meta property=\"og:type\" content=\"article\" \/>\n<meta property=\"og:title\" content=\"NO SE ALCANZAR\u00c1 UNA TASA DE PARO CERCANA AL 17% ANTES DE 2023 - Palomo Consultors\" \/>\n<meta property=\"og:description\" content=\"No se alcanzar\u00e1 una tasa de paro cercana al 17% antes de 2023 aunque se intensifique la creaci\u00f3n de empleo experimentada en los \u00faltimos tres trimestres de 2014, seg\u00fan ha advertido la asociaci\u00f3n de agencias privadas de empleo, Asempleo. Por este motivo y ante las necesidades espec\u00edficas de determinados colectivos en riesgo de exclusi\u00f3n (parados [&hellip;]\" \/>\n<meta property=\"og:url\" content=\"https:\/\/palomo.net\/ca\/no-se-alcanzara-una-tasa-de-paro-cercana-al-17-antes-de-2023\/\" \/>\n<meta property=\"og:site_name\" content=\"Palomo Consultors\" \/>\n<meta property=\"article:published_time\" content=\"2015-07-02T12:15:00+00:00\" \/>\n<meta property=\"article:modified_time\" content=\"2015-07-03T11:52:56+00:00\" \/>\n<meta property=\"og:image\" content=\"https:\/\/palomo.net\/wp-content\/uploads\/paro.jpg\" \/>\n\t<meta property=\"og:image:width\" content=\"301\" \/>\n\t<meta property=\"og:image:height\" content=\"167\" \/>\n\t<meta property=\"og:image:type\" content=\"image\/jpeg\" \/>\n<meta name=\"author\" content=\"Palomo Consultors\" \/>\n<meta name=\"twitter:card\" content=\"summary_large_image\" \/>\n<meta name=\"twitter:label1\" content=\"Escrit per\" \/>\n\t<meta name=\"twitter:data1\" content=\"Palomo Consultors\" \/>\n<script type=\"application\/ld+json\" class=\"yoast-schema-graph\">{\"@context\":\"https:\\\/\\\/schema.org\",\"@graph\":[{\"@type\":\"Article\",\"@id\":\"https:\\\/\\\/palomo.net\\\/ca\\\/no-se-alcanzara-una-tasa-de-paro-cercana-al-17-antes-de-2023\\\/#article\",\"isPartOf\":{\"@id\":\"https:\\\/\\\/palomo.net\\\/ca\\\/no-se-alcanzara-una-tasa-de-paro-cercana-al-17-antes-de-2023\\\/\"},\"author\":{\"name\":\"Palomo Consultors\",\"@id\":\"https:\\\/\\\/palomo.net\\\/#\\\/schema\\\/person\\\/711f80f8e4fbf3466bd3c1c42e621ece\"},\"headline\":\"NO SE ALCANZAR\u00c1 UNA TASA DE PARO CERCANA AL 17% ANTES DE 2023\",\"datePublished\":\"2015-07-02T12:15:00+00:00\",\"dateModified\":\"2015-07-03T11:52:56+00:00\",\"mainEntityOfPage\":{\"@id\":\"https:\\\/\\\/palomo.net\\\/ca\\\/no-se-alcanzara-una-tasa-de-paro-cercana-al-17-antes-de-2023\\\/\"},\"wordCount\":109,\"commentCount\":0,\"image\":{\"@id\":\"https:\\\/\\\/palomo.net\\\/ca\\\/no-se-alcanzara-una-tasa-de-paro-cercana-al-17-antes-de-2023\\\/#primaryimage\"},\"thumbnailUrl\":\"https:\\\/\\\/palomo.net\\\/wp-content\\\/uploads\\\/paro.jpg\",\"articleSection\":[\"Not\u00edcies\"],\"inLanguage\":\"ca\",\"potentialAction\":[{\"@type\":\"CommentAction\",\"name\":\"Comment\",\"target\":[\"https:\\\/\\\/palomo.net\\\/ca\\\/no-se-alcanzara-una-tasa-de-paro-cercana-al-17-antes-de-2023\\\/#respond\"]}]},{\"@type\":\"WebPage\",\"@id\":\"https:\\\/\\\/palomo.net\\\/ca\\\/no-se-alcanzara-una-tasa-de-paro-cercana-al-17-antes-de-2023\\\/\",\"url\":\"https:\\\/\\\/palomo.net\\\/ca\\\/no-se-alcanzara-una-tasa-de-paro-cercana-al-17-antes-de-2023\\\/\",\"name\":\"NO SE ALCANZAR\u00c1 UNA TASA DE PARO CERCANA AL 17% ANTES DE 2023 - Palomo Consultors\",\"isPartOf\":{\"@id\":\"https:\\\/\\\/palomo.net\\\/#website\"},\"primaryImageOfPage\":{\"@id\":\"https:\\\/\\\/palomo.net\\\/ca\\\/no-se-alcanzara-una-tasa-de-paro-cercana-al-17-antes-de-2023\\\/#primaryimage\"},\"image\":{\"@id\":\"https:\\\/\\\/palomo.net\\\/ca\\\/no-se-alcanzara-una-tasa-de-paro-cercana-al-17-antes-de-2023\\\/#primaryimage\"},\"thumbnailUrl\":\"https:\\\/\\\/palomo.net\\\/wp-content\\\/uploads\\\/paro.jpg\",\"datePublished\":\"2015-07-02T12:15:00+00:00\",\"dateModified\":\"2015-07-03T11:52:56+00:00\",\"author\":{\"@id\":\"https:\\\/\\\/palomo.net\\\/#\\\/schema\\\/person\\\/711f80f8e4fbf3466bd3c1c42e621ece\"},\"breadcrumb\":{\"@id\":\"https:\\\/\\\/palomo.net\\\/ca\\\/no-se-alcanzara-una-tasa-de-paro-cercana-al-17-antes-de-2023\\\/#breadcrumb\"},\"inLanguage\":\"ca\",\"potentialAction\":[{\"@type\":\"ReadAction\",\"target\":[\"https:\\\/\\\/palomo.net\\\/ca\\\/no-se-alcanzara-una-tasa-de-paro-cercana-al-17-antes-de-2023\\\/\"]}]},{\"@type\":\"ImageObject\",\"inLanguage\":\"ca\",\"@id\":\"https:\\\/\\\/palomo.net\\\/ca\\\/no-se-alcanzara-una-tasa-de-paro-cercana-al-17-antes-de-2023\\\/#primaryimage\",\"url\":\"https:\\\/\\\/palomo.net\\\/wp-content\\\/uploads\\\/paro.jpg\",\"contentUrl\":\"https:\\\/\\\/palomo.net\\\/wp-content\\\/uploads\\\/paro.jpg\",\"width\":301,\"height\":167},{\"@type\":\"BreadcrumbList\",\"@id\":\"https:\\\/\\\/palomo.net\\\/ca\\\/no-se-alcanzara-una-tasa-de-paro-cercana-al-17-antes-de-2023\\\/#breadcrumb\",\"itemListElement\":[{\"@type\":\"ListItem\",\"position\":1,\"name\":\"Portada\",\"item\":\"https:\\\/\\\/palomo.net\\\/ca\\\/\"},{\"@type\":\"ListItem\",\"position\":2,\"name\":\"NO SE ALCANZAR\u00c1 UNA TASA DE PARO CERCANA AL 17% ANTES DE 2023\"}]},{\"@type\":\"WebSite\",\"@id\":\"https:\\\/\\\/palomo.net\\\/#website\",\"url\":\"https:\\\/\\\/palomo.net\\\/\",\"name\":\"Palomo Consultors\",\"description\":\"Assessors Laborales d&#039; Empresas\",\"potentialAction\":[{\"@type\":\"SearchAction\",\"target\":{\"@type\":\"EntryPoint\",\"urlTemplate\":\"https:\\\/\\\/palomo.net\\\/?s={search_term_string}\"},\"query-input\":{\"@type\":\"PropertyValueSpecification\",\"valueRequired\":true,\"valueName\":\"search_term_string\"}}],\"inLanguage\":\"ca\"},{\"@type\":\"Person\",\"@id\":\"https:\\\/\\\/palomo.net\\\/#\\\/schema\\\/person\\\/711f80f8e4fbf3466bd3c1c42e621ece\",\"name\":\"Palomo Consultors\",\"url\":\"https:\\\/\\\/palomo.net\\\/ca\\\/author\\\/pl0mo\\\/\"}]}<\/script>\n<!-- \/ Yoast SEO plugin. -->","yoast_head_json":{"title":"NO SE ALCANZAR\u00c1 UNA TASA DE PARO CERCANA AL 17% ANTES DE 2023 - Palomo Consultors","robots":{"index":"index","follow":"follow","max-snippet":"max-snippet:-1","max-image-preview":"max-image-preview:large","max-video-preview":"max-video-preview:-1"},"canonical":"https:\/\/palomo.net\/ca\/no-se-alcanzara-una-tasa-de-paro-cercana-al-17-antes-de-2023\/","og_locale":"ca_ES","og_type":"article","og_title":"NO SE ALCANZAR\u00c1 UNA TASA DE PARO CERCANA AL 17% ANTES DE 2023 - Palomo Consultors","og_description":"No se alcanzar\u00e1 una tasa de paro cercana al 17% antes de 2023 aunque se intensifique la creaci\u00f3n de empleo experimentada en los \u00faltimos tres trimestres de 2014, seg\u00fan ha advertido la asociaci\u00f3n de agencias privadas de empleo, Asempleo. Por este motivo y ante las necesidades espec\u00edficas de determinados colectivos en riesgo de exclusi\u00f3n (parados [&hellip;]","og_url":"https:\/\/palomo.net\/ca\/no-se-alcanzara-una-tasa-de-paro-cercana-al-17-antes-de-2023\/","og_site_name":"Palomo Consultors","article_published_time":"2015-07-02T12:15:00+00:00","article_modified_time":"2015-07-03T11:52:56+00:00","og_image":[{"width":301,"height":167,"url":"https:\/\/palomo.net\/wp-content\/uploads\/paro.jpg","type":"image\/jpeg"}],"author":"Palomo Consultors","twitter_card":"summary_large_image","twitter_misc":{"Escrit per":"Palomo Consultors"},"schema":{"@context":"https:\/\/schema.org","@graph":[{"@type":"Article","@id":"https:\/\/palomo.net\/ca\/no-se-alcanzara-una-tasa-de-paro-cercana-al-17-antes-de-2023\/#article","isPartOf":{"@id":"https:\/\/palomo.net\/ca\/no-se-alcanzara-una-tasa-de-paro-cercana-al-17-antes-de-2023\/"},"author":{"name":"Palomo Consultors","@id":"https:\/\/palomo.net\/#\/schema\/person\/711f80f8e4fbf3466bd3c1c42e621ece"},"headline":"NO SE ALCANZAR\u00c1 UNA TASA DE PARO CERCANA AL 17% ANTES DE 2023","datePublished":"2015-07-02T12:15:00+00:00","dateModified":"2015-07-03T11:52:56+00:00","mainEntityOfPage":{"@id":"https:\/\/palomo.net\/ca\/no-se-alcanzara-una-tasa-de-paro-cercana-al-17-antes-de-2023\/"},"wordCount":109,"commentCount":0,"image":{"@id":"https:\/\/palomo.net\/ca\/no-se-alcanzara-una-tasa-de-paro-cercana-al-17-antes-de-2023\/#primaryimage"},"thumbnailUrl":"https:\/\/palomo.net\/wp-content\/uploads\/paro.jpg","articleSection":["Not\u00edcies"],"inLanguage":"ca","potentialAction":[{"@type":"CommentAction","name":"Comment","target":["https:\/\/palomo.net\/ca\/no-se-alcanzara-una-tasa-de-paro-cercana-al-17-antes-de-2023\/#respond"]}]},{"@type":"WebPage","@id":"https:\/\/palomo.net\/ca\/no-se-alcanzara-una-tasa-de-paro-cercana-al-17-antes-de-2023\/","url":"https:\/\/palomo.net\/ca\/no-se-alcanzara-una-tasa-de-paro-cercana-al-17-antes-de-2023\/","name":"NO SE ALCANZAR\u00c1 UNA TASA DE PARO CERCANA AL 17% ANTES DE 2023 - Palomo Consultors","isPartOf":{"@id":"https:\/\/palomo.net\/#website"},"primaryImageOfPage":{"@id":"https:\/\/palomo.net\/ca\/no-se-alcanzara-una-tasa-de-paro-cercana-al-17-antes-de-2023\/#primaryimage"},"image":{"@id":"https:\/\/palomo.net\/ca\/no-se-alcanzara-una-tasa-de-paro-cercana-al-17-antes-de-2023\/#primaryimage"},"thumbnailUrl":"https:\/\/palomo.net\/wp-content\/uploads\/paro.jpg","datePublished":"2015-07-02T12:15:00+00:00","dateModified":"2015-07-03T11:52:56+00:00","author":{"@id":"https:\/\/palomo.net\/#\/schema\/person\/711f80f8e4fbf3466bd3c1c42e621ece"},"breadcrumb":{"@id":"https:\/\/palomo.net\/ca\/no-se-alcanzara-una-tasa-de-paro-cercana-al-17-antes-de-2023\/#breadcrumb"},"inLanguage":"ca","potentialAction":[{"@type":"ReadAction","target":["https:\/\/palomo.net\/ca\/no-se-alcanzara-una-tasa-de-paro-cercana-al-17-antes-de-2023\/"]}]},{"@type":"ImageObject","inLanguage":"ca","@id":"https:\/\/palomo.net\/ca\/no-se-alcanzara-una-tasa-de-paro-cercana-al-17-antes-de-2023\/#primaryimage","url":"https:\/\/palomo.net\/wp-content\/uploads\/paro.jpg","contentUrl":"https:\/\/palomo.net\/wp-content\/uploads\/paro.jpg","width":301,"height":167},{"@type":"BreadcrumbList","@id":"https:\/\/palomo.net\/ca\/no-se-alcanzara-una-tasa-de-paro-cercana-al-17-antes-de-2023\/#breadcrumb","itemListElement":[{"@type":"ListItem","position":1,"name":"Portada","item":"https:\/\/palomo.net\/ca\/"},{"@type":"ListItem","position":2,"name":"NO SE ALCANZAR\u00c1 UNA TASA DE PARO CERCANA AL 17% ANTES DE 2023"}]},{"@type":"WebSite","@id":"https:\/\/palomo.net\/#website","url":"https:\/\/palomo.net\/","name":"Palomo Consultors","description":"Assessors Laborales d&#039; Empresas","potentialAction":[{"@type":"SearchAction","target":{"@type":"EntryPoint","urlTemplate":"https:\/\/palomo.net\/?s={search_term_string}"},"query-input":{"@type":"PropertyValueSpecification","valueRequired":true,"valueName":"search_term_string"}}],"inLanguage":"ca"},{"@type":"Person","@id":"https:\/\/palomo.net\/#\/schema\/person\/711f80f8e4fbf3466bd3c1c42e621ece","name":"Palomo Consultors","url":"https:\/\/palomo.net\/ca\/author\/pl0mo\/"}]}},"_links":{"self":[{"href":"https:\/\/palomo.net\/ca\/wp-json\/wp\/v2\/posts\/4330\/"}],"collection":[{"href":"https:\/\/palomo.net\/ca\/wp-json\/wp\/v2\/posts\/"}],"about":[{"href":"https:\/\/palomo.net\/ca\/wp-json\/wp\/v2\/types\/post\/"}],"author":[{"embeddable":true,"href":"https:\/\/palomo.net\/ca\/wp-json\/wp\/v2\/users\/4\/"}],"replies":[{"embeddable":true,"href":"https:\/\/palomo.net\/ca\/wp-json\/wp\/v2\/comments\/?post=4330"}],"version-history":[{"count":1,"href":"https:\/\/palomo.net\/ca\/wp-json\/wp\/v2\/posts\/4330\/revisions\/"}],"predecessor-version":[{"id":4331,"href":"https:\/\/palomo.net\/ca\/wp-json\/wp\/v2\/posts\/4330\/revisions\/4331\/"}],"wp:featuredmedia":[{"embeddable":true,"href":"https:\/\/palomo.net\/ca\/wp-json\/wp\/v2\/media\/4322\/"}],"wp:attachment":[{"href":"https:\/\/palomo.net\/ca\/wp-json\/wp\/v2\/media\/?parent=4330"}],"wp:term":[{"taxonomy":"category","embeddable":true,"href":"https:\/\/palomo.net\/ca\/wp-json\/wp\/v2\/categories\/?post=4330"},{"taxonomy":"post_tag","embeddable":true,"href":"https:\/\/palomo.net\/ca\/wp-json\/wp\/v2\/tags\/?post=4330"}],"curies":[{"name":"wp","href":"https:\/\/api.w.org\/{rel}","templated":true}]}}