{"id":4344,"date":"2015-07-03T14:26:28","date_gmt":"2015-07-03T12:26:28","guid":{"rendered":"http:\/\/palomo.net\/?p=4344"},"modified":"2015-07-03T14:27:05","modified_gmt":"2015-07-03T12:27:05","slug":"el-numero-de-afiliados-a-la-seguridad-social-aumenta-en-35-085-personas-020-en-junio","status":"publish","type":"post","link":"https:\/\/palomo.net\/ca\/el-numero-de-afiliados-a-la-seguridad-social-aumenta-en-35-085-personas-020-en-junio\/","title":{"rendered":"EL N\u00daMERO DE AFILIADOS A LA SEGURIDAD SOCIAL AUMENTA EN 35.085 PERSONAS (0,20%) EN JUNIO"},"content":{"rendered":"<p>El Sistema Especial Agrario, por su parte, experiment\u00f3 un descenso de 644 ocupados (-3,74%), hasta situarse en 762.480, coincidiendo con el fin de la campa\u00f1a de la fresa (Huelva y Almer\u00eda). El Sistema Especial del Empleados del\u00a0 Hogar incorpor\u00f3 252 personas (0,06%), con lo que suma 433.362 ocupados.\u00a0 El R\u00e9gimen de Aut\u00f3nomos cuenta con 3.181.086 personas, tras aumentar en 12.715 (0,40%). El secretario de Estado de la Seguridad Social ha valorado que \u201cel crecimiento de la afiliaci\u00f3n sostenido y constante en este mes de junio, en un contexto de cierta incertidumbre, confirma que la tendencia al alza es firme. La Legislatura es ya positiva en t\u00e9rminos de afiliaci\u00f3n (el nivel de ocupados ha pasado de los 16,9 millones de enero de 2012 a los 17,2 millones actuales), con lo que ello supone de estabilidad y recuperaci\u00f3n\u201d.<\/p>\n","protected":false},"excerpt":{"rendered":"<p>El Sistema Especial Agrario, por su parte, experiment\u00f3 un descenso de 644 ocupados (-3,74%), hasta situarse en 762.480, coincidiendo con el fin de la campa\u00f1a de la fresa (Huelva y Almer\u00eda). El Sistema Especial del Empleados del\u00a0 Hogar incorpor\u00f3 252 personas (0,06%), con lo que suma 433.362 ocupados.\u00a0 El R\u00e9gimen de Aut\u00f3nomos cuenta con 3.181.086 [&hellip;]<\/p>\n","protected":false},"author":4,"featured_media":4343,"comment_status":"open","ping_status":"open","sticky":false,"template":"","format":"standard","meta":{"_monsterinsights_skip_tracking":false,"_monsterinsights_sitenote_active":false,"_monsterinsights_sitenote_note":"","_monsterinsights_sitenote_category":0,"footnotes":""},"categories":[34],"tags":[],"class_list":["post-4344","post","type-post","status-publish","format-standard","has-post-thumbnail","hentry","category-noticies"],"yoast_head":"<!-- This site is optimized with the Yoast SEO plugin v27.5 - https:\/\/yoast.com\/product\/yoast-seo-wordpress\/ -->\n<title>EL N\u00daMERO DE AFILIADOS A LA SEGURIDAD SOCIAL AUMENTA EN 35.085 PERSONAS (0,20%) EN JUNIO - Palomo Consultors<\/title>\n<meta name=\"robots\" content=\"index, follow, max-snippet:-1, max-image-preview:large, max-video-preview:-1\" \/>\n<link rel=\"canonical\" href=\"https:\/\/palomo.net\/ca\/el-numero-de-afiliados-a-la-seguridad-social-aumenta-en-35-085-personas-020-en-junio\/\" \/>\n<meta property=\"og:locale\" content=\"ca_ES\" \/>\n<meta property=\"og:type\" content=\"article\" \/>\n<meta property=\"og:title\" content=\"EL N\u00daMERO DE AFILIADOS A LA SEGURIDAD SOCIAL AUMENTA EN 35.085 PERSONAS (0,20%) EN JUNIO - Palomo Consultors\" \/>\n<meta property=\"og:description\" content=\"El Sistema Especial Agrario, por su parte, experiment\u00f3 un descenso de 644 ocupados (-3,74%), hasta situarse en 762.480, coincidiendo con el fin de la campa\u00f1a de la fresa (Huelva y Almer\u00eda). El Sistema Especial del Empleados del\u00a0 Hogar incorpor\u00f3 252 personas (0,06%), con lo que suma 433.362 ocupados.\u00a0 El R\u00e9gimen de Aut\u00f3nomos cuenta con 3.181.086 [&hellip;]\" \/>\n<meta property=\"og:url\" content=\"https:\/\/palomo.net\/ca\/el-numero-de-afiliados-a-la-seguridad-social-aumenta-en-35-085-personas-020-en-junio\/\" \/>\n<meta property=\"og:site_name\" content=\"Palomo Consultors\" \/>\n<meta property=\"article:published_time\" content=\"2015-07-03T12:26:28+00:00\" \/>\n<meta property=\"article:modified_time\" content=\"2015-07-03T12:27:05+00:00\" \/>\n<meta property=\"og:image\" content=\"https:\/\/palomo.net\/wp-content\/uploads\/seguridad-social.jpg\" \/>\n\t<meta property=\"og:image:width\" content=\"225\" \/>\n\t<meta property=\"og:image:height\" content=\"225\" \/>\n\t<meta property=\"og:image:type\" content=\"image\/jpeg\" \/>\n<meta name=\"author\" content=\"Palomo Consultors\" \/>\n<meta name=\"twitter:card\" content=\"summary_large_image\" \/>\n<meta name=\"twitter:label1\" content=\"Escrit per\" \/>\n\t<meta name=\"twitter:data1\" content=\"Palomo Consultors\" \/>\n\t<meta name=\"twitter:label2\" content=\"Temps estimat de lectura\" \/>\n\t<meta name=\"twitter:data2\" content=\"1 minut\" \/>\n<script type=\"application\/ld+json\" class=\"yoast-schema-graph\">{\"@context\":\"https:\\\/\\\/schema.org\",\"@graph\":[{\"@type\":\"Article\",\"@id\":\"https:\\\/\\\/palomo.net\\\/ca\\\/el-numero-de-afiliados-a-la-seguridad-social-aumenta-en-35-085-personas-020-en-junio\\\/#article\",\"isPartOf\":{\"@id\":\"https:\\\/\\\/palomo.net\\\/ca\\\/el-numero-de-afiliados-a-la-seguridad-social-aumenta-en-35-085-personas-020-en-junio\\\/\"},\"author\":{\"name\":\"Palomo Consultors\",\"@id\":\"https:\\\/\\\/palomo.net\\\/#\\\/schema\\\/person\\\/711f80f8e4fbf3466bd3c1c42e621ece\"},\"headline\":\"EL N\u00daMERO DE AFILIADOS A LA SEGURIDAD SOCIAL AUMENTA EN 35.085 PERSONAS (0,20%) EN JUNIO\",\"datePublished\":\"2015-07-03T12:26:28+00:00\",\"dateModified\":\"2015-07-03T12:27:05+00:00\",\"mainEntityOfPage\":{\"@id\":\"https:\\\/\\\/palomo.net\\\/ca\\\/el-numero-de-afiliados-a-la-seguridad-social-aumenta-en-35-085-personas-020-en-junio\\\/\"},\"wordCount\":147,\"commentCount\":0,\"image\":{\"@id\":\"https:\\\/\\\/palomo.net\\\/ca\\\/el-numero-de-afiliados-a-la-seguridad-social-aumenta-en-35-085-personas-020-en-junio\\\/#primaryimage\"},\"thumbnailUrl\":\"https:\\\/\\\/palomo.net\\\/wp-content\\\/uploads\\\/seguridad-social.jpg\",\"articleSection\":[\"Not\u00edcies\"],\"inLanguage\":\"ca\",\"potentialAction\":[{\"@type\":\"CommentAction\",\"name\":\"Comment\",\"target\":[\"https:\\\/\\\/palomo.net\\\/ca\\\/el-numero-de-afiliados-a-la-seguridad-social-aumenta-en-35-085-personas-020-en-junio\\\/#respond\"]}]},{\"@type\":\"WebPage\",\"@id\":\"https:\\\/\\\/palomo.net\\\/ca\\\/el-numero-de-afiliados-a-la-seguridad-social-aumenta-en-35-085-personas-020-en-junio\\\/\",\"url\":\"https:\\\/\\\/palomo.net\\\/ca\\\/el-numero-de-afiliados-a-la-seguridad-social-aumenta-en-35-085-personas-020-en-junio\\\/\",\"name\":\"EL N\u00daMERO DE AFILIADOS A LA SEGURIDAD SOCIAL AUMENTA EN 35.085 PERSONAS (0,20%) EN JUNIO - Palomo Consultors\",\"isPartOf\":{\"@id\":\"https:\\\/\\\/palomo.net\\\/#website\"},\"primaryImageOfPage\":{\"@id\":\"https:\\\/\\\/palomo.net\\\/ca\\\/el-numero-de-afiliados-a-la-seguridad-social-aumenta-en-35-085-personas-020-en-junio\\\/#primaryimage\"},\"image\":{\"@id\":\"https:\\\/\\\/palomo.net\\\/ca\\\/el-numero-de-afiliados-a-la-seguridad-social-aumenta-en-35-085-personas-020-en-junio\\\/#primaryimage\"},\"thumbnailUrl\":\"https:\\\/\\\/palomo.net\\\/wp-content\\\/uploads\\\/seguridad-social.jpg\",\"datePublished\":\"2015-07-03T12:26:28+00:00\",\"dateModified\":\"2015-07-03T12:27:05+00:00\",\"author\":{\"@id\":\"https:\\\/\\\/palomo.net\\\/#\\\/schema\\\/person\\\/711f80f8e4fbf3466bd3c1c42e621ece\"},\"breadcrumb\":{\"@id\":\"https:\\\/\\\/palomo.net\\\/ca\\\/el-numero-de-afiliados-a-la-seguridad-social-aumenta-en-35-085-personas-020-en-junio\\\/#breadcrumb\"},\"inLanguage\":\"ca\",\"potentialAction\":[{\"@type\":\"ReadAction\",\"target\":[\"https:\\\/\\\/palomo.net\\\/ca\\\/el-numero-de-afiliados-a-la-seguridad-social-aumenta-en-35-085-personas-020-en-junio\\\/\"]}]},{\"@type\":\"ImageObject\",\"inLanguage\":\"ca\",\"@id\":\"https:\\\/\\\/palomo.net\\\/ca\\\/el-numero-de-afiliados-a-la-seguridad-social-aumenta-en-35-085-personas-020-en-junio\\\/#primaryimage\",\"url\":\"https:\\\/\\\/palomo.net\\\/wp-content\\\/uploads\\\/seguridad-social.jpg\",\"contentUrl\":\"https:\\\/\\\/palomo.net\\\/wp-content\\\/uploads\\\/seguridad-social.jpg\",\"width\":225,\"height\":225},{\"@type\":\"BreadcrumbList\",\"@id\":\"https:\\\/\\\/palomo.net\\\/ca\\\/el-numero-de-afiliados-a-la-seguridad-social-aumenta-en-35-085-personas-020-en-junio\\\/#breadcrumb\",\"itemListElement\":[{\"@type\":\"ListItem\",\"position\":1,\"name\":\"Portada\",\"item\":\"https:\\\/\\\/palomo.net\\\/ca\\\/\"},{\"@type\":\"ListItem\",\"position\":2,\"name\":\"EL N\u00daMERO DE AFILIADOS A LA SEGURIDAD SOCIAL AUMENTA EN 35.085 PERSONAS (0,20%) EN JUNIO\"}]},{\"@type\":\"WebSite\",\"@id\":\"https:\\\/\\\/palomo.net\\\/#website\",\"url\":\"https:\\\/\\\/palomo.net\\\/\",\"name\":\"Palomo Consultors\",\"description\":\"Assessors Laborales d&#039; Empresas\",\"potentialAction\":[{\"@type\":\"SearchAction\",\"target\":{\"@type\":\"EntryPoint\",\"urlTemplate\":\"https:\\\/\\\/palomo.net\\\/?s={search_term_string}\"},\"query-input\":{\"@type\":\"PropertyValueSpecification\",\"valueRequired\":true,\"valueName\":\"search_term_string\"}}],\"inLanguage\":\"ca\"},{\"@type\":\"Person\",\"@id\":\"https:\\\/\\\/palomo.net\\\/#\\\/schema\\\/person\\\/711f80f8e4fbf3466bd3c1c42e621ece\",\"name\":\"Palomo Consultors\",\"url\":\"https:\\\/\\\/palomo.net\\\/ca\\\/author\\\/pl0mo\\\/\"}]}<\/script>\n<!-- \/ Yoast SEO plugin. -->","yoast_head_json":{"title":"EL N\u00daMERO DE AFILIADOS A LA SEGURIDAD SOCIAL AUMENTA EN 35.085 PERSONAS (0,20%) EN JUNIO - Palomo Consultors","robots":{"index":"index","follow":"follow","max-snippet":"max-snippet:-1","max-image-preview":"max-image-preview:large","max-video-preview":"max-video-preview:-1"},"canonical":"https:\/\/palomo.net\/ca\/el-numero-de-afiliados-a-la-seguridad-social-aumenta-en-35-085-personas-020-en-junio\/","og_locale":"ca_ES","og_type":"article","og_title":"EL N\u00daMERO DE AFILIADOS A LA SEGURIDAD SOCIAL AUMENTA EN 35.085 PERSONAS (0,20%) EN JUNIO - Palomo Consultors","og_description":"El Sistema Especial Agrario, por su parte, experiment\u00f3 un descenso de 644 ocupados (-3,74%), hasta situarse en 762.480, coincidiendo con el fin de la campa\u00f1a de la fresa (Huelva y Almer\u00eda). El Sistema Especial del Empleados del\u00a0 Hogar incorpor\u00f3 252 personas (0,06%), con lo que suma 433.362 ocupados.\u00a0 El R\u00e9gimen de Aut\u00f3nomos cuenta con 3.181.086 [&hellip;]","og_url":"https:\/\/palomo.net\/ca\/el-numero-de-afiliados-a-la-seguridad-social-aumenta-en-35-085-personas-020-en-junio\/","og_site_name":"Palomo Consultors","article_published_time":"2015-07-03T12:26:28+00:00","article_modified_time":"2015-07-03T12:27:05+00:00","og_image":[{"width":225,"height":225,"url":"https:\/\/palomo.net\/wp-content\/uploads\/seguridad-social.jpg","type":"image\/jpeg"}],"author":"Palomo Consultors","twitter_card":"summary_large_image","twitter_misc":{"Escrit per":"Palomo Consultors","Temps estimat de lectura":"1 minut"},"schema":{"@context":"https:\/\/schema.org","@graph":[{"@type":"Article","@id":"https:\/\/palomo.net\/ca\/el-numero-de-afiliados-a-la-seguridad-social-aumenta-en-35-085-personas-020-en-junio\/#article","isPartOf":{"@id":"https:\/\/palomo.net\/ca\/el-numero-de-afiliados-a-la-seguridad-social-aumenta-en-35-085-personas-020-en-junio\/"},"author":{"name":"Palomo Consultors","@id":"https:\/\/palomo.net\/#\/schema\/person\/711f80f8e4fbf3466bd3c1c42e621ece"},"headline":"EL N\u00daMERO DE AFILIADOS A LA SEGURIDAD SOCIAL AUMENTA EN 35.085 PERSONAS (0,20%) EN JUNIO","datePublished":"2015-07-03T12:26:28+00:00","dateModified":"2015-07-03T12:27:05+00:00","mainEntityOfPage":{"@id":"https:\/\/palomo.net\/ca\/el-numero-de-afiliados-a-la-seguridad-social-aumenta-en-35-085-personas-020-en-junio\/"},"wordCount":147,"commentCount":0,"image":{"@id":"https:\/\/palomo.net\/ca\/el-numero-de-afiliados-a-la-seguridad-social-aumenta-en-35-085-personas-020-en-junio\/#primaryimage"},"thumbnailUrl":"https:\/\/palomo.net\/wp-content\/uploads\/seguridad-social.jpg","articleSection":["Not\u00edcies"],"inLanguage":"ca","potentialAction":[{"@type":"CommentAction","name":"Comment","target":["https:\/\/palomo.net\/ca\/el-numero-de-afiliados-a-la-seguridad-social-aumenta-en-35-085-personas-020-en-junio\/#respond"]}]},{"@type":"WebPage","@id":"https:\/\/palomo.net\/ca\/el-numero-de-afiliados-a-la-seguridad-social-aumenta-en-35-085-personas-020-en-junio\/","url":"https:\/\/palomo.net\/ca\/el-numero-de-afiliados-a-la-seguridad-social-aumenta-en-35-085-personas-020-en-junio\/","name":"EL N\u00daMERO DE AFILIADOS A LA SEGURIDAD SOCIAL AUMENTA EN 35.085 PERSONAS (0,20%) EN JUNIO - Palomo Consultors","isPartOf":{"@id":"https:\/\/palomo.net\/#website"},"primaryImageOfPage":{"@id":"https:\/\/palomo.net\/ca\/el-numero-de-afiliados-a-la-seguridad-social-aumenta-en-35-085-personas-020-en-junio\/#primaryimage"},"image":{"@id":"https:\/\/palomo.net\/ca\/el-numero-de-afiliados-a-la-seguridad-social-aumenta-en-35-085-personas-020-en-junio\/#primaryimage"},"thumbnailUrl":"https:\/\/palomo.net\/wp-content\/uploads\/seguridad-social.jpg","datePublished":"2015-07-03T12:26:28+00:00","dateModified":"2015-07-03T12:27:05+00:00","author":{"@id":"https:\/\/palomo.net\/#\/schema\/person\/711f80f8e4fbf3466bd3c1c42e621ece"},"breadcrumb":{"@id":"https:\/\/palomo.net\/ca\/el-numero-de-afiliados-a-la-seguridad-social-aumenta-en-35-085-personas-020-en-junio\/#breadcrumb"},"inLanguage":"ca","potentialAction":[{"@type":"ReadAction","target":["https:\/\/palomo.net\/ca\/el-numero-de-afiliados-a-la-seguridad-social-aumenta-en-35-085-personas-020-en-junio\/"]}]},{"@type":"ImageObject","inLanguage":"ca","@id":"https:\/\/palomo.net\/ca\/el-numero-de-afiliados-a-la-seguridad-social-aumenta-en-35-085-personas-020-en-junio\/#primaryimage","url":"https:\/\/palomo.net\/wp-content\/uploads\/seguridad-social.jpg","contentUrl":"https:\/\/palomo.net\/wp-content\/uploads\/seguridad-social.jpg","width":225,"height":225},{"@type":"BreadcrumbList","@id":"https:\/\/palomo.net\/ca\/el-numero-de-afiliados-a-la-seguridad-social-aumenta-en-35-085-personas-020-en-junio\/#breadcrumb","itemListElement":[{"@type":"ListItem","position":1,"name":"Portada","item":"https:\/\/palomo.net\/ca\/"},{"@type":"ListItem","position":2,"name":"EL N\u00daMERO DE AFILIADOS A LA SEGURIDAD SOCIAL AUMENTA EN 35.085 PERSONAS (0,20%) EN JUNIO"}]},{"@type":"WebSite","@id":"https:\/\/palomo.net\/#website","url":"https:\/\/palomo.net\/","name":"Palomo Consultors","description":"Assessors Laborales d&#039; Empresas","potentialAction":[{"@type":"SearchAction","target":{"@type":"EntryPoint","urlTemplate":"https:\/\/palomo.net\/?s={search_term_string}"},"query-input":{"@type":"PropertyValueSpecification","valueRequired":true,"valueName":"search_term_string"}}],"inLanguage":"ca"},{"@type":"Person","@id":"https:\/\/palomo.net\/#\/schema\/person\/711f80f8e4fbf3466bd3c1c42e621ece","name":"Palomo Consultors","url":"https:\/\/palomo.net\/ca\/author\/pl0mo\/"}]}},"_links":{"self":[{"href":"https:\/\/palomo.net\/ca\/wp-json\/wp\/v2\/posts\/4344\/"}],"collection":[{"href":"https:\/\/palomo.net\/ca\/wp-json\/wp\/v2\/posts\/"}],"about":[{"href":"https:\/\/palomo.net\/ca\/wp-json\/wp\/v2\/types\/post\/"}],"author":[{"embeddable":true,"href":"https:\/\/palomo.net\/ca\/wp-json\/wp\/v2\/users\/4\/"}],"replies":[{"embeddable":true,"href":"https:\/\/palomo.net\/ca\/wp-json\/wp\/v2\/comments\/?post=4344"}],"version-history":[{"count":1,"href":"https:\/\/palomo.net\/ca\/wp-json\/wp\/v2\/posts\/4344\/revisions\/"}],"predecessor-version":[{"id":4345,"href":"https:\/\/palomo.net\/ca\/wp-json\/wp\/v2\/posts\/4344\/revisions\/4345\/"}],"wp:featuredmedia":[{"embeddable":true,"href":"https:\/\/palomo.net\/ca\/wp-json\/wp\/v2\/media\/4343\/"}],"wp:attachment":[{"href":"https:\/\/palomo.net\/ca\/wp-json\/wp\/v2\/media\/?parent=4344"}],"wp:term":[{"taxonomy":"category","embeddable":true,"href":"https:\/\/palomo.net\/ca\/wp-json\/wp\/v2\/categories\/?post=4344"},{"taxonomy":"post_tag","embeddable":true,"href":"https:\/\/palomo.net\/ca\/wp-json\/wp\/v2\/tags\/?post=4344"}],"curies":[{"name":"wp","href":"https:\/\/api.w.org\/{rel}","templated":true}]}}