{"id":4375,"date":"2015-07-10T12:00:07","date_gmt":"2015-07-10T10:00:07","guid":{"rendered":"http:\/\/palomo.net\/?p=4375"},"modified":"2015-07-10T12:00:07","modified_gmt":"2015-07-10T10:00:07","slug":"las-previsiones-de-asempleo-y-afi-apuntan-a-la-estabilizacion-de-la-poblacion-activa","status":"publish","type":"post","link":"https:\/\/palomo.net\/ca\/las-previsiones-de-asempleo-y-afi-apuntan-a-la-estabilizacion-de-la-poblacion-activa\/","title":{"rendered":"LAS PREVISIONES DE ASEMPLEO Y AFI APUNTAN A LA ESTABILIZACI\u00d3N DE LA POBLACI\u00d3N ACTIVA"},"content":{"rendered":"<p><strong>Las previsiones de Asempleo y AFI apuntan a la estabilizaci\u00f3n de la poblaci\u00f3n activa,<\/strong> ya que la mejora de la situaci\u00f3n macroecon\u00f3mica reducir\u00e1 el &#8216;efecto des\u00e1nimo&#8217; entre la poblaci\u00f3n. El n\u00famero de ocupados aumentar\u00e1 en 516.000 personas en el segundo trimestre y la tasa de paro se reducir\u00e1 1,8 puntos, hasta el 22%, seg\u00fan las previsiones para la pr\u00f3xima Encuesta de Poblaci\u00f3n Activa (EPA), que se publicar\u00e1 el pr\u00f3ximo 23 de julio. La tasa interanual de la ocupaci\u00f3n para el pr\u00f3ximo mes de julio alcanzar\u00e1 el 3,6%, y se estabilizar\u00e1 en estos niveles e incluso ligeramente por debajo en los meses posteriores.<\/p>\n","protected":false},"excerpt":{"rendered":"<p>Las previsiones de Asempleo y AFI apuntan a la estabilizaci\u00f3n de la poblaci\u00f3n activa, ya que la mejora de la situaci\u00f3n macroecon\u00f3mica reducir\u00e1 el &#8216;efecto des\u00e1nimo&#8217; entre la poblaci\u00f3n. El n\u00famero de ocupados aumentar\u00e1 en 516.000 personas en el segundo trimestre y la tasa de paro se reducir\u00e1 1,8 puntos, hasta el 22%, seg\u00fan las [&hellip;]<\/p>\n","protected":false},"author":4,"featured_media":4370,"comment_status":"open","ping_status":"open","sticky":false,"template":"","format":"standard","meta":{"_monsterinsights_skip_tracking":false,"_monsterinsights_sitenote_active":false,"_monsterinsights_sitenote_note":"","_monsterinsights_sitenote_category":0,"footnotes":""},"categories":[34],"tags":[],"class_list":["post-4375","post","type-post","status-publish","format-standard","has-post-thumbnail","hentry","category-noticies"],"yoast_head":"<!-- This site is optimized with the Yoast SEO plugin v27.5 - https:\/\/yoast.com\/product\/yoast-seo-wordpress\/ -->\n<title>LAS PREVISIONES DE ASEMPLEO Y AFI APUNTAN A LA ESTABILIZACI\u00d3N DE LA POBLACI\u00d3N ACTIVA - Palomo Consultors<\/title>\n<meta name=\"robots\" content=\"index, follow, max-snippet:-1, max-image-preview:large, max-video-preview:-1\" \/>\n<link rel=\"canonical\" href=\"https:\/\/palomo.net\/ca\/las-previsiones-de-asempleo-y-afi-apuntan-a-la-estabilizacion-de-la-poblacion-activa\/\" \/>\n<meta property=\"og:locale\" content=\"ca_ES\" \/>\n<meta property=\"og:type\" content=\"article\" \/>\n<meta property=\"og:title\" content=\"LAS PREVISIONES DE ASEMPLEO Y AFI APUNTAN A LA ESTABILIZACI\u00d3N DE LA POBLACI\u00d3N ACTIVA - Palomo Consultors\" \/>\n<meta property=\"og:description\" content=\"Las previsiones de Asempleo y AFI apuntan a la estabilizaci\u00f3n de la poblaci\u00f3n activa, ya que la mejora de la situaci\u00f3n macroecon\u00f3mica reducir\u00e1 el &#8216;efecto des\u00e1nimo&#8217; entre la poblaci\u00f3n. El n\u00famero de ocupados aumentar\u00e1 en 516.000 personas en el segundo trimestre y la tasa de paro se reducir\u00e1 1,8 puntos, hasta el 22%, seg\u00fan las [&hellip;]\" \/>\n<meta property=\"og:url\" content=\"https:\/\/palomo.net\/ca\/las-previsiones-de-asempleo-y-afi-apuntan-a-la-estabilizacion-de-la-poblacion-activa\/\" \/>\n<meta property=\"og:site_name\" content=\"Palomo Consultors\" \/>\n<meta property=\"article:published_time\" content=\"2015-07-10T10:00:07+00:00\" \/>\n<meta property=\"og:image\" content=\"https:\/\/palomo.net\/wp-content\/uploads\/ASEMPLEO.jpg\" \/>\n\t<meta property=\"og:image:width\" content=\"396\" \/>\n\t<meta property=\"og:image:height\" content=\"127\" \/>\n\t<meta property=\"og:image:type\" content=\"image\/jpeg\" \/>\n<meta name=\"author\" content=\"Palomo Consultors\" \/>\n<meta name=\"twitter:card\" content=\"summary_large_image\" \/>\n<meta name=\"twitter:label1\" content=\"Escrit per\" \/>\n\t<meta name=\"twitter:data1\" content=\"Palomo Consultors\" \/>\n\t<meta name=\"twitter:label2\" content=\"Temps estimat de lectura\" \/>\n\t<meta name=\"twitter:data2\" content=\"1 minut\" \/>\n<script type=\"application\/ld+json\" class=\"yoast-schema-graph\">{\"@context\":\"https:\\\/\\\/schema.org\",\"@graph\":[{\"@type\":\"Article\",\"@id\":\"https:\\\/\\\/palomo.net\\\/ca\\\/las-previsiones-de-asempleo-y-afi-apuntan-a-la-estabilizacion-de-la-poblacion-activa\\\/#article\",\"isPartOf\":{\"@id\":\"https:\\\/\\\/palomo.net\\\/ca\\\/las-previsiones-de-asempleo-y-afi-apuntan-a-la-estabilizacion-de-la-poblacion-activa\\\/\"},\"author\":{\"name\":\"Palomo Consultors\",\"@id\":\"https:\\\/\\\/palomo.net\\\/#\\\/schema\\\/person\\\/711f80f8e4fbf3466bd3c1c42e621ece\"},\"headline\":\"LAS PREVISIONES DE ASEMPLEO Y AFI APUNTAN A LA ESTABILIZACI\u00d3N DE LA POBLACI\u00d3N ACTIVA\",\"datePublished\":\"2015-07-10T10:00:07+00:00\",\"mainEntityOfPage\":{\"@id\":\"https:\\\/\\\/palomo.net\\\/ca\\\/las-previsiones-de-asempleo-y-afi-apuntan-a-la-estabilizacion-de-la-poblacion-activa\\\/\"},\"wordCount\":126,\"commentCount\":0,\"image\":{\"@id\":\"https:\\\/\\\/palomo.net\\\/ca\\\/las-previsiones-de-asempleo-y-afi-apuntan-a-la-estabilizacion-de-la-poblacion-activa\\\/#primaryimage\"},\"thumbnailUrl\":\"https:\\\/\\\/palomo.net\\\/wp-content\\\/uploads\\\/ASEMPLEO.jpg\",\"articleSection\":[\"Not\u00edcies\"],\"inLanguage\":\"ca\",\"potentialAction\":[{\"@type\":\"CommentAction\",\"name\":\"Comment\",\"target\":[\"https:\\\/\\\/palomo.net\\\/ca\\\/las-previsiones-de-asempleo-y-afi-apuntan-a-la-estabilizacion-de-la-poblacion-activa\\\/#respond\"]}]},{\"@type\":\"WebPage\",\"@id\":\"https:\\\/\\\/palomo.net\\\/ca\\\/las-previsiones-de-asempleo-y-afi-apuntan-a-la-estabilizacion-de-la-poblacion-activa\\\/\",\"url\":\"https:\\\/\\\/palomo.net\\\/ca\\\/las-previsiones-de-asempleo-y-afi-apuntan-a-la-estabilizacion-de-la-poblacion-activa\\\/\",\"name\":\"LAS PREVISIONES DE ASEMPLEO Y AFI APUNTAN A LA ESTABILIZACI\u00d3N DE LA POBLACI\u00d3N ACTIVA - Palomo Consultors\",\"isPartOf\":{\"@id\":\"https:\\\/\\\/palomo.net\\\/#website\"},\"primaryImageOfPage\":{\"@id\":\"https:\\\/\\\/palomo.net\\\/ca\\\/las-previsiones-de-asempleo-y-afi-apuntan-a-la-estabilizacion-de-la-poblacion-activa\\\/#primaryimage\"},\"image\":{\"@id\":\"https:\\\/\\\/palomo.net\\\/ca\\\/las-previsiones-de-asempleo-y-afi-apuntan-a-la-estabilizacion-de-la-poblacion-activa\\\/#primaryimage\"},\"thumbnailUrl\":\"https:\\\/\\\/palomo.net\\\/wp-content\\\/uploads\\\/ASEMPLEO.jpg\",\"datePublished\":\"2015-07-10T10:00:07+00:00\",\"author\":{\"@id\":\"https:\\\/\\\/palomo.net\\\/#\\\/schema\\\/person\\\/711f80f8e4fbf3466bd3c1c42e621ece\"},\"breadcrumb\":{\"@id\":\"https:\\\/\\\/palomo.net\\\/ca\\\/las-previsiones-de-asempleo-y-afi-apuntan-a-la-estabilizacion-de-la-poblacion-activa\\\/#breadcrumb\"},\"inLanguage\":\"ca\",\"potentialAction\":[{\"@type\":\"ReadAction\",\"target\":[\"https:\\\/\\\/palomo.net\\\/ca\\\/las-previsiones-de-asempleo-y-afi-apuntan-a-la-estabilizacion-de-la-poblacion-activa\\\/\"]}]},{\"@type\":\"ImageObject\",\"inLanguage\":\"ca\",\"@id\":\"https:\\\/\\\/palomo.net\\\/ca\\\/las-previsiones-de-asempleo-y-afi-apuntan-a-la-estabilizacion-de-la-poblacion-activa\\\/#primaryimage\",\"url\":\"https:\\\/\\\/palomo.net\\\/wp-content\\\/uploads\\\/ASEMPLEO.jpg\",\"contentUrl\":\"https:\\\/\\\/palomo.net\\\/wp-content\\\/uploads\\\/ASEMPLEO.jpg\",\"width\":396,\"height\":127},{\"@type\":\"BreadcrumbList\",\"@id\":\"https:\\\/\\\/palomo.net\\\/ca\\\/las-previsiones-de-asempleo-y-afi-apuntan-a-la-estabilizacion-de-la-poblacion-activa\\\/#breadcrumb\",\"itemListElement\":[{\"@type\":\"ListItem\",\"position\":1,\"name\":\"Portada\",\"item\":\"https:\\\/\\\/palomo.net\\\/ca\\\/\"},{\"@type\":\"ListItem\",\"position\":2,\"name\":\"LAS PREVISIONES DE ASEMPLEO Y AFI APUNTAN A LA ESTABILIZACI\u00d3N DE LA POBLACI\u00d3N ACTIVA\"}]},{\"@type\":\"WebSite\",\"@id\":\"https:\\\/\\\/palomo.net\\\/#website\",\"url\":\"https:\\\/\\\/palomo.net\\\/\",\"name\":\"Palomo Consultors\",\"description\":\"Assessors Laborales d&#039; Empresas\",\"potentialAction\":[{\"@type\":\"SearchAction\",\"target\":{\"@type\":\"EntryPoint\",\"urlTemplate\":\"https:\\\/\\\/palomo.net\\\/?s={search_term_string}\"},\"query-input\":{\"@type\":\"PropertyValueSpecification\",\"valueRequired\":true,\"valueName\":\"search_term_string\"}}],\"inLanguage\":\"ca\"},{\"@type\":\"Person\",\"@id\":\"https:\\\/\\\/palomo.net\\\/#\\\/schema\\\/person\\\/711f80f8e4fbf3466bd3c1c42e621ece\",\"name\":\"Palomo Consultors\",\"url\":\"https:\\\/\\\/palomo.net\\\/ca\\\/author\\\/pl0mo\\\/\"}]}<\/script>\n<!-- \/ Yoast SEO plugin. -->","yoast_head_json":{"title":"LAS PREVISIONES DE ASEMPLEO Y AFI APUNTAN A LA ESTABILIZACI\u00d3N DE LA POBLACI\u00d3N ACTIVA - Palomo Consultors","robots":{"index":"index","follow":"follow","max-snippet":"max-snippet:-1","max-image-preview":"max-image-preview:large","max-video-preview":"max-video-preview:-1"},"canonical":"https:\/\/palomo.net\/ca\/las-previsiones-de-asempleo-y-afi-apuntan-a-la-estabilizacion-de-la-poblacion-activa\/","og_locale":"ca_ES","og_type":"article","og_title":"LAS PREVISIONES DE ASEMPLEO Y AFI APUNTAN A LA ESTABILIZACI\u00d3N DE LA POBLACI\u00d3N ACTIVA - Palomo Consultors","og_description":"Las previsiones de Asempleo y AFI apuntan a la estabilizaci\u00f3n de la poblaci\u00f3n activa, ya que la mejora de la situaci\u00f3n macroecon\u00f3mica reducir\u00e1 el &#8216;efecto des\u00e1nimo&#8217; entre la poblaci\u00f3n. El n\u00famero de ocupados aumentar\u00e1 en 516.000 personas en el segundo trimestre y la tasa de paro se reducir\u00e1 1,8 puntos, hasta el 22%, seg\u00fan las [&hellip;]","og_url":"https:\/\/palomo.net\/ca\/las-previsiones-de-asempleo-y-afi-apuntan-a-la-estabilizacion-de-la-poblacion-activa\/","og_site_name":"Palomo Consultors","article_published_time":"2015-07-10T10:00:07+00:00","og_image":[{"width":396,"height":127,"url":"https:\/\/palomo.net\/wp-content\/uploads\/ASEMPLEO.jpg","type":"image\/jpeg"}],"author":"Palomo Consultors","twitter_card":"summary_large_image","twitter_misc":{"Escrit per":"Palomo Consultors","Temps estimat de lectura":"1 minut"},"schema":{"@context":"https:\/\/schema.org","@graph":[{"@type":"Article","@id":"https:\/\/palomo.net\/ca\/las-previsiones-de-asempleo-y-afi-apuntan-a-la-estabilizacion-de-la-poblacion-activa\/#article","isPartOf":{"@id":"https:\/\/palomo.net\/ca\/las-previsiones-de-asempleo-y-afi-apuntan-a-la-estabilizacion-de-la-poblacion-activa\/"},"author":{"name":"Palomo Consultors","@id":"https:\/\/palomo.net\/#\/schema\/person\/711f80f8e4fbf3466bd3c1c42e621ece"},"headline":"LAS PREVISIONES DE ASEMPLEO Y AFI APUNTAN A LA ESTABILIZACI\u00d3N DE LA POBLACI\u00d3N ACTIVA","datePublished":"2015-07-10T10:00:07+00:00","mainEntityOfPage":{"@id":"https:\/\/palomo.net\/ca\/las-previsiones-de-asempleo-y-afi-apuntan-a-la-estabilizacion-de-la-poblacion-activa\/"},"wordCount":126,"commentCount":0,"image":{"@id":"https:\/\/palomo.net\/ca\/las-previsiones-de-asempleo-y-afi-apuntan-a-la-estabilizacion-de-la-poblacion-activa\/#primaryimage"},"thumbnailUrl":"https:\/\/palomo.net\/wp-content\/uploads\/ASEMPLEO.jpg","articleSection":["Not\u00edcies"],"inLanguage":"ca","potentialAction":[{"@type":"CommentAction","name":"Comment","target":["https:\/\/palomo.net\/ca\/las-previsiones-de-asempleo-y-afi-apuntan-a-la-estabilizacion-de-la-poblacion-activa\/#respond"]}]},{"@type":"WebPage","@id":"https:\/\/palomo.net\/ca\/las-previsiones-de-asempleo-y-afi-apuntan-a-la-estabilizacion-de-la-poblacion-activa\/","url":"https:\/\/palomo.net\/ca\/las-previsiones-de-asempleo-y-afi-apuntan-a-la-estabilizacion-de-la-poblacion-activa\/","name":"LAS PREVISIONES DE ASEMPLEO Y AFI APUNTAN A LA ESTABILIZACI\u00d3N DE LA POBLACI\u00d3N ACTIVA - Palomo Consultors","isPartOf":{"@id":"https:\/\/palomo.net\/#website"},"primaryImageOfPage":{"@id":"https:\/\/palomo.net\/ca\/las-previsiones-de-asempleo-y-afi-apuntan-a-la-estabilizacion-de-la-poblacion-activa\/#primaryimage"},"image":{"@id":"https:\/\/palomo.net\/ca\/las-previsiones-de-asempleo-y-afi-apuntan-a-la-estabilizacion-de-la-poblacion-activa\/#primaryimage"},"thumbnailUrl":"https:\/\/palomo.net\/wp-content\/uploads\/ASEMPLEO.jpg","datePublished":"2015-07-10T10:00:07+00:00","author":{"@id":"https:\/\/palomo.net\/#\/schema\/person\/711f80f8e4fbf3466bd3c1c42e621ece"},"breadcrumb":{"@id":"https:\/\/palomo.net\/ca\/las-previsiones-de-asempleo-y-afi-apuntan-a-la-estabilizacion-de-la-poblacion-activa\/#breadcrumb"},"inLanguage":"ca","potentialAction":[{"@type":"ReadAction","target":["https:\/\/palomo.net\/ca\/las-previsiones-de-asempleo-y-afi-apuntan-a-la-estabilizacion-de-la-poblacion-activa\/"]}]},{"@type":"ImageObject","inLanguage":"ca","@id":"https:\/\/palomo.net\/ca\/las-previsiones-de-asempleo-y-afi-apuntan-a-la-estabilizacion-de-la-poblacion-activa\/#primaryimage","url":"https:\/\/palomo.net\/wp-content\/uploads\/ASEMPLEO.jpg","contentUrl":"https:\/\/palomo.net\/wp-content\/uploads\/ASEMPLEO.jpg","width":396,"height":127},{"@type":"BreadcrumbList","@id":"https:\/\/palomo.net\/ca\/las-previsiones-de-asempleo-y-afi-apuntan-a-la-estabilizacion-de-la-poblacion-activa\/#breadcrumb","itemListElement":[{"@type":"ListItem","position":1,"name":"Portada","item":"https:\/\/palomo.net\/ca\/"},{"@type":"ListItem","position":2,"name":"LAS PREVISIONES DE ASEMPLEO Y AFI APUNTAN A LA ESTABILIZACI\u00d3N DE LA POBLACI\u00d3N ACTIVA"}]},{"@type":"WebSite","@id":"https:\/\/palomo.net\/#website","url":"https:\/\/palomo.net\/","name":"Palomo Consultors","description":"Assessors Laborales d&#039; Empresas","potentialAction":[{"@type":"SearchAction","target":{"@type":"EntryPoint","urlTemplate":"https:\/\/palomo.net\/?s={search_term_string}"},"query-input":{"@type":"PropertyValueSpecification","valueRequired":true,"valueName":"search_term_string"}}],"inLanguage":"ca"},{"@type":"Person","@id":"https:\/\/palomo.net\/#\/schema\/person\/711f80f8e4fbf3466bd3c1c42e621ece","name":"Palomo Consultors","url":"https:\/\/palomo.net\/ca\/author\/pl0mo\/"}]}},"_links":{"self":[{"href":"https:\/\/palomo.net\/ca\/wp-json\/wp\/v2\/posts\/4375\/"}],"collection":[{"href":"https:\/\/palomo.net\/ca\/wp-json\/wp\/v2\/posts\/"}],"about":[{"href":"https:\/\/palomo.net\/ca\/wp-json\/wp\/v2\/types\/post\/"}],"author":[{"embeddable":true,"href":"https:\/\/palomo.net\/ca\/wp-json\/wp\/v2\/users\/4\/"}],"replies":[{"embeddable":true,"href":"https:\/\/palomo.net\/ca\/wp-json\/wp\/v2\/comments\/?post=4375"}],"version-history":[{"count":1,"href":"https:\/\/palomo.net\/ca\/wp-json\/wp\/v2\/posts\/4375\/revisions\/"}],"predecessor-version":[{"id":4376,"href":"https:\/\/palomo.net\/ca\/wp-json\/wp\/v2\/posts\/4375\/revisions\/4376\/"}],"wp:featuredmedia":[{"embeddable":true,"href":"https:\/\/palomo.net\/ca\/wp-json\/wp\/v2\/media\/4370\/"}],"wp:attachment":[{"href":"https:\/\/palomo.net\/ca\/wp-json\/wp\/v2\/media\/?parent=4375"}],"wp:term":[{"taxonomy":"category","embeddable":true,"href":"https:\/\/palomo.net\/ca\/wp-json\/wp\/v2\/categories\/?post=4375"},{"taxonomy":"post_tag","embeddable":true,"href":"https:\/\/palomo.net\/ca\/wp-json\/wp\/v2\/tags\/?post=4375"}],"curies":[{"name":"wp","href":"https:\/\/api.w.org\/{rel}","templated":true}]}}