{"id":4485,"date":"2015-07-27T12:46:04","date_gmt":"2015-07-27T10:46:04","guid":{"rendered":"http:\/\/palomo.net\/?p=4485"},"modified":"2015-07-27T12:46:04","modified_gmt":"2015-07-27T10:46:04","slug":"el-numero-de-trabajadores-afectados-por-medidas-de-regulacion-de-empleo-hasta-mayo-de-2015-se-situo-en-42-298-personas","status":"publish","type":"post","link":"https:\/\/palomo.net\/ca\/el-numero-de-trabajadores-afectados-por-medidas-de-regulacion-de-empleo-hasta-mayo-de-2015-se-situo-en-42-298-personas\/","title":{"rendered":"EL N\u00daMERO DE TRABAJADORES AFECTADOS POR MEDIDAS DE REGULACI\u00d3N DE EMPLEO HASTA MAYO DE 2015 SE SITU\u00d3 EN 42.298 PERSONAS"},"content":{"rendered":"<p><strong>El n\u00famero de trabajadores afectados por medidas de regulaci\u00f3n de empleo hasta mayo de 2015<\/strong> se situ\u00f3 en 42.298 personas, 36.830 trabajadores menos que en el mismo periodo de 2014, lo que supone un descenso del 46,5%, seg\u00fan ha indicado el Ministerio de Empleo y Seguridad Social por medio de un comunicado. Las empresas que adoptaron medidas de regulaci\u00f3n de empleo en los cinco primeros meses del a\u00f1o fueron 3.019, lo que supone un descenso del 49,5% sobre el mismo periodo del ejercicio anterior, y se registraron 3.669 procedimientos, una disminuci\u00f3n del 48,4% respecto a los cinco primeros meses de 2014. El 92,2% de ellos se resolvi\u00f3 con acuerdo.<\/p>\n","protected":false},"excerpt":{"rendered":"<p>El n\u00famero de trabajadores afectados por medidas de regulaci\u00f3n de empleo hasta mayo de 2015 se situ\u00f3 en 42.298 personas, 36.830 trabajadores menos que en el mismo periodo de 2014, lo que supone un descenso del 46,5%, seg\u00fan ha indicado el Ministerio de Empleo y Seguridad Social por medio de un comunicado. Las empresas que [&hellip;]<\/p>\n","protected":false},"author":4,"featured_media":3864,"comment_status":"open","ping_status":"open","sticky":false,"template":"","format":"standard","meta":{"_monsterinsights_skip_tracking":false,"_monsterinsights_sitenote_active":false,"_monsterinsights_sitenote_note":"","_monsterinsights_sitenote_category":0,"footnotes":""},"categories":[],"tags":[],"class_list":["post-4485","post","type-post","status-publish","format-standard","has-post-thumbnail","hentry"],"yoast_head":"<!-- This site is optimized with the Yoast SEO plugin v27.5 - https:\/\/yoast.com\/product\/yoast-seo-wordpress\/ -->\n<title>EL N\u00daMERO DE TRABAJADORES AFECTADOS POR MEDIDAS DE REGULACI\u00d3N DE EMPLEO HASTA MAYO DE 2015 SE SITU\u00d3 EN 42.298 PERSONAS - Palomo Consultors<\/title>\n<meta name=\"robots\" content=\"index, follow, max-snippet:-1, max-image-preview:large, max-video-preview:-1\" \/>\n<link rel=\"canonical\" href=\"https:\/\/palomo.net\/ca\/el-numero-de-trabajadores-afectados-por-medidas-de-regulacion-de-empleo-hasta-mayo-de-2015-se-situo-en-42-298-personas\/\" \/>\n<meta property=\"og:locale\" content=\"ca_ES\" \/>\n<meta property=\"og:type\" content=\"article\" \/>\n<meta property=\"og:title\" content=\"EL N\u00daMERO DE TRABAJADORES AFECTADOS POR MEDIDAS DE REGULACI\u00d3N DE EMPLEO HASTA MAYO DE 2015 SE SITU\u00d3 EN 42.298 PERSONAS - Palomo Consultors\" \/>\n<meta property=\"og:description\" content=\"El n\u00famero de trabajadores afectados por medidas de regulaci\u00f3n de empleo hasta mayo de 2015 se situ\u00f3 en 42.298 personas, 36.830 trabajadores menos que en el mismo periodo de 2014, lo que supone un descenso del 46,5%, seg\u00fan ha indicado el Ministerio de Empleo y Seguridad Social por medio de un comunicado. Las empresas que [&hellip;]\" \/>\n<meta property=\"og:url\" content=\"https:\/\/palomo.net\/ca\/el-numero-de-trabajadores-afectados-por-medidas-de-regulacion-de-empleo-hasta-mayo-de-2015-se-situo-en-42-298-personas\/\" \/>\n<meta property=\"og:site_name\" content=\"Palomo Consultors\" \/>\n<meta property=\"article:published_time\" content=\"2015-07-27T10:46:04+00:00\" \/>\n<meta property=\"og:image\" content=\"https:\/\/palomo.net\/wp-content\/uploads\/noticias-palomo-consultores.jpg\" \/>\n\t<meta property=\"og:image:width\" content=\"671\" \/>\n\t<meta property=\"og:image:height\" content=\"255\" \/>\n\t<meta property=\"og:image:type\" content=\"image\/jpeg\" \/>\n<meta name=\"author\" content=\"Palomo Consultors\" \/>\n<meta name=\"twitter:card\" content=\"summary_large_image\" \/>\n<meta name=\"twitter:label1\" content=\"Escrit per\" \/>\n\t<meta name=\"twitter:data1\" content=\"Palomo Consultors\" \/>\n\t<meta name=\"twitter:label2\" content=\"Temps estimat de lectura\" \/>\n\t<meta name=\"twitter:data2\" content=\"1 minut\" \/>\n<script type=\"application\/ld+json\" class=\"yoast-schema-graph\">{\"@context\":\"https:\\\/\\\/schema.org\",\"@graph\":[{\"@type\":\"Article\",\"@id\":\"https:\\\/\\\/palomo.net\\\/ca\\\/el-numero-de-trabajadores-afectados-por-medidas-de-regulacion-de-empleo-hasta-mayo-de-2015-se-situo-en-42-298-personas\\\/#article\",\"isPartOf\":{\"@id\":\"https:\\\/\\\/palomo.net\\\/ca\\\/el-numero-de-trabajadores-afectados-por-medidas-de-regulacion-de-empleo-hasta-mayo-de-2015-se-situo-en-42-298-personas\\\/\"},\"author\":{\"name\":\"Palomo Consultors\",\"@id\":\"https:\\\/\\\/palomo.net\\\/#\\\/schema\\\/person\\\/711f80f8e4fbf3466bd3c1c42e621ece\"},\"headline\":\"EL N\u00daMERO DE TRABAJADORES AFECTADOS POR MEDIDAS DE REGULACI\u00d3N DE EMPLEO HASTA MAYO DE 2015 SE SITU\u00d3 EN 42.298 PERSONAS\",\"datePublished\":\"2015-07-27T10:46:04+00:00\",\"mainEntityOfPage\":{\"@id\":\"https:\\\/\\\/palomo.net\\\/ca\\\/el-numero-de-trabajadores-afectados-por-medidas-de-regulacion-de-empleo-hasta-mayo-de-2015-se-situo-en-42-298-personas\\\/\"},\"wordCount\":124,\"commentCount\":0,\"image\":{\"@id\":\"https:\\\/\\\/palomo.net\\\/ca\\\/el-numero-de-trabajadores-afectados-por-medidas-de-regulacion-de-empleo-hasta-mayo-de-2015-se-situo-en-42-298-personas\\\/#primaryimage\"},\"thumbnailUrl\":\"https:\\\/\\\/palomo.net\\\/wp-content\\\/uploads\\\/noticias-palomo-consultores.jpg\",\"inLanguage\":\"ca\",\"potentialAction\":[{\"@type\":\"CommentAction\",\"name\":\"Comment\",\"target\":[\"https:\\\/\\\/palomo.net\\\/ca\\\/el-numero-de-trabajadores-afectados-por-medidas-de-regulacion-de-empleo-hasta-mayo-de-2015-se-situo-en-42-298-personas\\\/#respond\"]}]},{\"@type\":\"WebPage\",\"@id\":\"https:\\\/\\\/palomo.net\\\/ca\\\/el-numero-de-trabajadores-afectados-por-medidas-de-regulacion-de-empleo-hasta-mayo-de-2015-se-situo-en-42-298-personas\\\/\",\"url\":\"https:\\\/\\\/palomo.net\\\/ca\\\/el-numero-de-trabajadores-afectados-por-medidas-de-regulacion-de-empleo-hasta-mayo-de-2015-se-situo-en-42-298-personas\\\/\",\"name\":\"EL N\u00daMERO DE TRABAJADORES AFECTADOS POR MEDIDAS DE REGULACI\u00d3N DE EMPLEO HASTA MAYO DE 2015 SE SITU\u00d3 EN 42.298 PERSONAS - Palomo Consultors\",\"isPartOf\":{\"@id\":\"https:\\\/\\\/palomo.net\\\/#website\"},\"primaryImageOfPage\":{\"@id\":\"https:\\\/\\\/palomo.net\\\/ca\\\/el-numero-de-trabajadores-afectados-por-medidas-de-regulacion-de-empleo-hasta-mayo-de-2015-se-situo-en-42-298-personas\\\/#primaryimage\"},\"image\":{\"@id\":\"https:\\\/\\\/palomo.net\\\/ca\\\/el-numero-de-trabajadores-afectados-por-medidas-de-regulacion-de-empleo-hasta-mayo-de-2015-se-situo-en-42-298-personas\\\/#primaryimage\"},\"thumbnailUrl\":\"https:\\\/\\\/palomo.net\\\/wp-content\\\/uploads\\\/noticias-palomo-consultores.jpg\",\"datePublished\":\"2015-07-27T10:46:04+00:00\",\"author\":{\"@id\":\"https:\\\/\\\/palomo.net\\\/#\\\/schema\\\/person\\\/711f80f8e4fbf3466bd3c1c42e621ece\"},\"breadcrumb\":{\"@id\":\"https:\\\/\\\/palomo.net\\\/ca\\\/el-numero-de-trabajadores-afectados-por-medidas-de-regulacion-de-empleo-hasta-mayo-de-2015-se-situo-en-42-298-personas\\\/#breadcrumb\"},\"inLanguage\":\"ca\",\"potentialAction\":[{\"@type\":\"ReadAction\",\"target\":[\"https:\\\/\\\/palomo.net\\\/ca\\\/el-numero-de-trabajadores-afectados-por-medidas-de-regulacion-de-empleo-hasta-mayo-de-2015-se-situo-en-42-298-personas\\\/\"]}]},{\"@type\":\"ImageObject\",\"inLanguage\":\"ca\",\"@id\":\"https:\\\/\\\/palomo.net\\\/ca\\\/el-numero-de-trabajadores-afectados-por-medidas-de-regulacion-de-empleo-hasta-mayo-de-2015-se-situo-en-42-298-personas\\\/#primaryimage\",\"url\":\"https:\\\/\\\/palomo.net\\\/wp-content\\\/uploads\\\/noticias-palomo-consultores.jpg\",\"contentUrl\":\"https:\\\/\\\/palomo.net\\\/wp-content\\\/uploads\\\/noticias-palomo-consultores.jpg\",\"width\":671,\"height\":255,\"caption\":\"Not\u00edcies Palomo Consultors\"},{\"@type\":\"BreadcrumbList\",\"@id\":\"https:\\\/\\\/palomo.net\\\/ca\\\/el-numero-de-trabajadores-afectados-por-medidas-de-regulacion-de-empleo-hasta-mayo-de-2015-se-situo-en-42-298-personas\\\/#breadcrumb\",\"itemListElement\":[{\"@type\":\"ListItem\",\"position\":1,\"name\":\"Portada\",\"item\":\"https:\\\/\\\/palomo.net\\\/ca\\\/\"},{\"@type\":\"ListItem\",\"position\":2,\"name\":\"EL N\u00daMERO DE TRABAJADORES AFECTADOS POR MEDIDAS DE REGULACI\u00d3N DE EMPLEO HASTA MAYO DE 2015 SE SITU\u00d3 EN 42.298 PERSONAS\"}]},{\"@type\":\"WebSite\",\"@id\":\"https:\\\/\\\/palomo.net\\\/#website\",\"url\":\"https:\\\/\\\/palomo.net\\\/\",\"name\":\"Palomo Consultors\",\"description\":\"Assessors Laborales d&#039; Empresas\",\"potentialAction\":[{\"@type\":\"SearchAction\",\"target\":{\"@type\":\"EntryPoint\",\"urlTemplate\":\"https:\\\/\\\/palomo.net\\\/?s={search_term_string}\"},\"query-input\":{\"@type\":\"PropertyValueSpecification\",\"valueRequired\":true,\"valueName\":\"search_term_string\"}}],\"inLanguage\":\"ca\"},{\"@type\":\"Person\",\"@id\":\"https:\\\/\\\/palomo.net\\\/#\\\/schema\\\/person\\\/711f80f8e4fbf3466bd3c1c42e621ece\",\"name\":\"Palomo Consultors\",\"url\":\"https:\\\/\\\/palomo.net\\\/ca\\\/author\\\/pl0mo\\\/\"}]}<\/script>\n<!-- \/ Yoast SEO plugin. -->","yoast_head_json":{"title":"EL N\u00daMERO DE TRABAJADORES AFECTADOS POR MEDIDAS DE REGULACI\u00d3N DE EMPLEO HASTA MAYO DE 2015 SE SITU\u00d3 EN 42.298 PERSONAS - Palomo Consultors","robots":{"index":"index","follow":"follow","max-snippet":"max-snippet:-1","max-image-preview":"max-image-preview:large","max-video-preview":"max-video-preview:-1"},"canonical":"https:\/\/palomo.net\/ca\/el-numero-de-trabajadores-afectados-por-medidas-de-regulacion-de-empleo-hasta-mayo-de-2015-se-situo-en-42-298-personas\/","og_locale":"ca_ES","og_type":"article","og_title":"EL N\u00daMERO DE TRABAJADORES AFECTADOS POR MEDIDAS DE REGULACI\u00d3N DE EMPLEO HASTA MAYO DE 2015 SE SITU\u00d3 EN 42.298 PERSONAS - Palomo Consultors","og_description":"El n\u00famero de trabajadores afectados por medidas de regulaci\u00f3n de empleo hasta mayo de 2015 se situ\u00f3 en 42.298 personas, 36.830 trabajadores menos que en el mismo periodo de 2014, lo que supone un descenso del 46,5%, seg\u00fan ha indicado el Ministerio de Empleo y Seguridad Social por medio de un comunicado. Las empresas que [&hellip;]","og_url":"https:\/\/palomo.net\/ca\/el-numero-de-trabajadores-afectados-por-medidas-de-regulacion-de-empleo-hasta-mayo-de-2015-se-situo-en-42-298-personas\/","og_site_name":"Palomo Consultors","article_published_time":"2015-07-27T10:46:04+00:00","og_image":[{"width":671,"height":255,"url":"https:\/\/palomo.net\/wp-content\/uploads\/noticias-palomo-consultores.jpg","type":"image\/jpeg"}],"author":"Palomo Consultors","twitter_card":"summary_large_image","twitter_misc":{"Escrit per":"Palomo Consultors","Temps estimat de lectura":"1 minut"},"schema":{"@context":"https:\/\/schema.org","@graph":[{"@type":"Article","@id":"https:\/\/palomo.net\/ca\/el-numero-de-trabajadores-afectados-por-medidas-de-regulacion-de-empleo-hasta-mayo-de-2015-se-situo-en-42-298-personas\/#article","isPartOf":{"@id":"https:\/\/palomo.net\/ca\/el-numero-de-trabajadores-afectados-por-medidas-de-regulacion-de-empleo-hasta-mayo-de-2015-se-situo-en-42-298-personas\/"},"author":{"name":"Palomo Consultors","@id":"https:\/\/palomo.net\/#\/schema\/person\/711f80f8e4fbf3466bd3c1c42e621ece"},"headline":"EL N\u00daMERO DE TRABAJADORES AFECTADOS POR MEDIDAS DE REGULACI\u00d3N DE EMPLEO HASTA MAYO DE 2015 SE SITU\u00d3 EN 42.298 PERSONAS","datePublished":"2015-07-27T10:46:04+00:00","mainEntityOfPage":{"@id":"https:\/\/palomo.net\/ca\/el-numero-de-trabajadores-afectados-por-medidas-de-regulacion-de-empleo-hasta-mayo-de-2015-se-situo-en-42-298-personas\/"},"wordCount":124,"commentCount":0,"image":{"@id":"https:\/\/palomo.net\/ca\/el-numero-de-trabajadores-afectados-por-medidas-de-regulacion-de-empleo-hasta-mayo-de-2015-se-situo-en-42-298-personas\/#primaryimage"},"thumbnailUrl":"https:\/\/palomo.net\/wp-content\/uploads\/noticias-palomo-consultores.jpg","inLanguage":"ca","potentialAction":[{"@type":"CommentAction","name":"Comment","target":["https:\/\/palomo.net\/ca\/el-numero-de-trabajadores-afectados-por-medidas-de-regulacion-de-empleo-hasta-mayo-de-2015-se-situo-en-42-298-personas\/#respond"]}]},{"@type":"WebPage","@id":"https:\/\/palomo.net\/ca\/el-numero-de-trabajadores-afectados-por-medidas-de-regulacion-de-empleo-hasta-mayo-de-2015-se-situo-en-42-298-personas\/","url":"https:\/\/palomo.net\/ca\/el-numero-de-trabajadores-afectados-por-medidas-de-regulacion-de-empleo-hasta-mayo-de-2015-se-situo-en-42-298-personas\/","name":"EL N\u00daMERO DE TRABAJADORES AFECTADOS POR MEDIDAS DE REGULACI\u00d3N DE EMPLEO HASTA MAYO DE 2015 SE SITU\u00d3 EN 42.298 PERSONAS - Palomo Consultors","isPartOf":{"@id":"https:\/\/palomo.net\/#website"},"primaryImageOfPage":{"@id":"https:\/\/palomo.net\/ca\/el-numero-de-trabajadores-afectados-por-medidas-de-regulacion-de-empleo-hasta-mayo-de-2015-se-situo-en-42-298-personas\/#primaryimage"},"image":{"@id":"https:\/\/palomo.net\/ca\/el-numero-de-trabajadores-afectados-por-medidas-de-regulacion-de-empleo-hasta-mayo-de-2015-se-situo-en-42-298-personas\/#primaryimage"},"thumbnailUrl":"https:\/\/palomo.net\/wp-content\/uploads\/noticias-palomo-consultores.jpg","datePublished":"2015-07-27T10:46:04+00:00","author":{"@id":"https:\/\/palomo.net\/#\/schema\/person\/711f80f8e4fbf3466bd3c1c42e621ece"},"breadcrumb":{"@id":"https:\/\/palomo.net\/ca\/el-numero-de-trabajadores-afectados-por-medidas-de-regulacion-de-empleo-hasta-mayo-de-2015-se-situo-en-42-298-personas\/#breadcrumb"},"inLanguage":"ca","potentialAction":[{"@type":"ReadAction","target":["https:\/\/palomo.net\/ca\/el-numero-de-trabajadores-afectados-por-medidas-de-regulacion-de-empleo-hasta-mayo-de-2015-se-situo-en-42-298-personas\/"]}]},{"@type":"ImageObject","inLanguage":"ca","@id":"https:\/\/palomo.net\/ca\/el-numero-de-trabajadores-afectados-por-medidas-de-regulacion-de-empleo-hasta-mayo-de-2015-se-situo-en-42-298-personas\/#primaryimage","url":"https:\/\/palomo.net\/wp-content\/uploads\/noticias-palomo-consultores.jpg","contentUrl":"https:\/\/palomo.net\/wp-content\/uploads\/noticias-palomo-consultores.jpg","width":671,"height":255,"caption":"Not\u00edcies Palomo Consultors"},{"@type":"BreadcrumbList","@id":"https:\/\/palomo.net\/ca\/el-numero-de-trabajadores-afectados-por-medidas-de-regulacion-de-empleo-hasta-mayo-de-2015-se-situo-en-42-298-personas\/#breadcrumb","itemListElement":[{"@type":"ListItem","position":1,"name":"Portada","item":"https:\/\/palomo.net\/ca\/"},{"@type":"ListItem","position":2,"name":"EL N\u00daMERO DE TRABAJADORES AFECTADOS POR MEDIDAS DE REGULACI\u00d3N DE EMPLEO HASTA MAYO DE 2015 SE SITU\u00d3 EN 42.298 PERSONAS"}]},{"@type":"WebSite","@id":"https:\/\/palomo.net\/#website","url":"https:\/\/palomo.net\/","name":"Palomo Consultors","description":"Assessors Laborales d&#039; Empresas","potentialAction":[{"@type":"SearchAction","target":{"@type":"EntryPoint","urlTemplate":"https:\/\/palomo.net\/?s={search_term_string}"},"query-input":{"@type":"PropertyValueSpecification","valueRequired":true,"valueName":"search_term_string"}}],"inLanguage":"ca"},{"@type":"Person","@id":"https:\/\/palomo.net\/#\/schema\/person\/711f80f8e4fbf3466bd3c1c42e621ece","name":"Palomo Consultors","url":"https:\/\/palomo.net\/ca\/author\/pl0mo\/"}]}},"_links":{"self":[{"href":"https:\/\/palomo.net\/ca\/wp-json\/wp\/v2\/posts\/4485\/"}],"collection":[{"href":"https:\/\/palomo.net\/ca\/wp-json\/wp\/v2\/posts\/"}],"about":[{"href":"https:\/\/palomo.net\/ca\/wp-json\/wp\/v2\/types\/post\/"}],"author":[{"embeddable":true,"href":"https:\/\/palomo.net\/ca\/wp-json\/wp\/v2\/users\/4\/"}],"replies":[{"embeddable":true,"href":"https:\/\/palomo.net\/ca\/wp-json\/wp\/v2\/comments\/?post=4485"}],"version-history":[{"count":1,"href":"https:\/\/palomo.net\/ca\/wp-json\/wp\/v2\/posts\/4485\/revisions\/"}],"predecessor-version":[{"id":4486,"href":"https:\/\/palomo.net\/ca\/wp-json\/wp\/v2\/posts\/4485\/revisions\/4486\/"}],"wp:featuredmedia":[{"embeddable":true,"href":"https:\/\/palomo.net\/ca\/wp-json\/wp\/v2\/media\/3864\/"}],"wp:attachment":[{"href":"https:\/\/palomo.net\/ca\/wp-json\/wp\/v2\/media\/?parent=4485"}],"wp:term":[{"taxonomy":"category","embeddable":true,"href":"https:\/\/palomo.net\/ca\/wp-json\/wp\/v2\/categories\/?post=4485"},{"taxonomy":"post_tag","embeddable":true,"href":"https:\/\/palomo.net\/ca\/wp-json\/wp\/v2\/tags\/?post=4485"}],"curies":[{"name":"wp","href":"https:\/\/api.w.org\/{rel}","templated":true}]}}