{"id":4493,"date":"2015-07-28T13:28:18","date_gmt":"2015-07-28T11:28:18","guid":{"rendered":"http:\/\/palomo.net\/?p=4493"},"modified":"2015-07-28T13:28:18","modified_gmt":"2015-07-28T11:28:18","slug":"solo-el-278-de-desempleados-percibe-de-algun-tipo-de-seguro-de-desempleo","status":"publish","type":"post","link":"https:\/\/palomo.net\/ca\/solo-el-278-de-desempleados-percibe-de-algun-tipo-de-seguro-de-desempleo\/","title":{"rendered":"SOLO EL 27,8% DE DESEMPLEADOS PERCIBE DE ALG\u00daN TIPO DE SEGURO DE DESEMPLEO"},"content":{"rendered":"<p><strong>Solo el 27,8% de desempleados percibe de alg\u00fan tipo de seguro de desempleo<\/strong>, seg\u00fan la EPA. M\u00e1s de 3,7 millones de parados no reciben ning\u00fan tipo de prestaci\u00f3n del <strong>Ministerio de Empleo<\/strong>, seg\u00fan la EPA del segundo trimestre de este a\u00f1o. La cifra ha bajado en los \u00faltimos meses, pero a\u00fan est\u00e1 por encima de los 1,3 millones de 2007. Hay que tener en cuenta que 561.000 del total no ha trabajado nunca y no han generado el derecho para percibir cobrar ayudas.<\/p>\n","protected":false},"excerpt":{"rendered":"<p>Solo el 27,8% de desempleados percibe de alg\u00fan tipo de seguro de desempleo, seg\u00fan la EPA. M\u00e1s de 3,7 millones de parados no reciben ning\u00fan tipo de prestaci\u00f3n del Ministerio de Empleo, seg\u00fan la EPA del segundo trimestre de este a\u00f1o. La cifra ha bajado en los \u00faltimos meses, pero a\u00fan est\u00e1 por encima de [&hellip;]<\/p>\n","protected":false},"author":4,"featured_media":4488,"comment_status":"open","ping_status":"open","sticky":false,"template":"","format":"standard","meta":{"_monsterinsights_skip_tracking":false,"_monsterinsights_sitenote_active":false,"_monsterinsights_sitenote_note":"","_monsterinsights_sitenote_category":0,"footnotes":""},"categories":[],"tags":[],"class_list":["post-4493","post","type-post","status-publish","format-standard","has-post-thumbnail","hentry"],"yoast_head":"<!-- This site is optimized with the Yoast SEO plugin v27.5 - https:\/\/yoast.com\/product\/yoast-seo-wordpress\/ -->\n<title>SOLO EL 27,8% DE DESEMPLEADOS PERCIBE DE ALG\u00daN TIPO DE SEGURO DE DESEMPLEO - Palomo Consultors<\/title>\n<meta name=\"robots\" content=\"index, follow, max-snippet:-1, max-image-preview:large, max-video-preview:-1\" \/>\n<link rel=\"canonical\" href=\"https:\/\/palomo.net\/ca\/solo-el-278-de-desempleados-percibe-de-algun-tipo-de-seguro-de-desempleo\/\" \/>\n<meta property=\"og:locale\" content=\"ca_ES\" \/>\n<meta property=\"og:type\" content=\"article\" \/>\n<meta property=\"og:title\" content=\"SOLO EL 27,8% DE DESEMPLEADOS PERCIBE DE ALG\u00daN TIPO DE SEGURO DE DESEMPLEO - Palomo Consultors\" \/>\n<meta property=\"og:description\" content=\"Solo el 27,8% de desempleados percibe de alg\u00fan tipo de seguro de desempleo, seg\u00fan la EPA. M\u00e1s de 3,7 millones de parados no reciben ning\u00fan tipo de prestaci\u00f3n del Ministerio de Empleo, seg\u00fan la EPA del segundo trimestre de este a\u00f1o. La cifra ha bajado en los \u00faltimos meses, pero a\u00fan est\u00e1 por encima de [&hellip;]\" \/>\n<meta property=\"og:url\" content=\"https:\/\/palomo.net\/ca\/solo-el-278-de-desempleados-percibe-de-algun-tipo-de-seguro-de-desempleo\/\" \/>\n<meta property=\"og:site_name\" content=\"Palomo Consultors\" \/>\n<meta property=\"article:published_time\" content=\"2015-07-28T11:28:18+00:00\" \/>\n<meta property=\"og:image\" content=\"https:\/\/palomo.net\/wp-content\/uploads\/DESEMPLEO.jpg\" \/>\n\t<meta property=\"og:image:width\" content=\"240\" \/>\n\t<meta property=\"og:image:height\" content=\"154\" \/>\n\t<meta property=\"og:image:type\" content=\"image\/jpeg\" \/>\n<meta name=\"author\" content=\"Palomo Consultors\" \/>\n<meta name=\"twitter:card\" content=\"summary_large_image\" \/>\n<meta name=\"twitter:label1\" content=\"Escrit per\" \/>\n\t<meta name=\"twitter:data1\" content=\"Palomo Consultors\" \/>\n<script type=\"application\/ld+json\" class=\"yoast-schema-graph\">{\"@context\":\"https:\\\/\\\/schema.org\",\"@graph\":[{\"@type\":\"Article\",\"@id\":\"https:\\\/\\\/palomo.net\\\/ca\\\/solo-el-278-de-desempleados-percibe-de-algun-tipo-de-seguro-de-desempleo\\\/#article\",\"isPartOf\":{\"@id\":\"https:\\\/\\\/palomo.net\\\/ca\\\/solo-el-278-de-desempleados-percibe-de-algun-tipo-de-seguro-de-desempleo\\\/\"},\"author\":{\"name\":\"Palomo Consultors\",\"@id\":\"https:\\\/\\\/palomo.net\\\/#\\\/schema\\\/person\\\/711f80f8e4fbf3466bd3c1c42e621ece\"},\"headline\":\"SOLO EL 27,8% DE DESEMPLEADOS PERCIBE DE ALG\u00daN TIPO DE SEGURO DE DESEMPLEO\",\"datePublished\":\"2015-07-28T11:28:18+00:00\",\"mainEntityOfPage\":{\"@id\":\"https:\\\/\\\/palomo.net\\\/ca\\\/solo-el-278-de-desempleados-percibe-de-algun-tipo-de-seguro-de-desempleo\\\/\"},\"wordCount\":99,\"commentCount\":0,\"image\":{\"@id\":\"https:\\\/\\\/palomo.net\\\/ca\\\/solo-el-278-de-desempleados-percibe-de-algun-tipo-de-seguro-de-desempleo\\\/#primaryimage\"},\"thumbnailUrl\":\"https:\\\/\\\/palomo.net\\\/wp-content\\\/uploads\\\/DESEMPLEO.jpg\",\"inLanguage\":\"ca\",\"potentialAction\":[{\"@type\":\"CommentAction\",\"name\":\"Comment\",\"target\":[\"https:\\\/\\\/palomo.net\\\/ca\\\/solo-el-278-de-desempleados-percibe-de-algun-tipo-de-seguro-de-desempleo\\\/#respond\"]}]},{\"@type\":\"WebPage\",\"@id\":\"https:\\\/\\\/palomo.net\\\/ca\\\/solo-el-278-de-desempleados-percibe-de-algun-tipo-de-seguro-de-desempleo\\\/\",\"url\":\"https:\\\/\\\/palomo.net\\\/ca\\\/solo-el-278-de-desempleados-percibe-de-algun-tipo-de-seguro-de-desempleo\\\/\",\"name\":\"SOLO EL 27,8% DE DESEMPLEADOS PERCIBE DE ALG\u00daN TIPO DE SEGURO DE DESEMPLEO - Palomo Consultors\",\"isPartOf\":{\"@id\":\"https:\\\/\\\/palomo.net\\\/#website\"},\"primaryImageOfPage\":{\"@id\":\"https:\\\/\\\/palomo.net\\\/ca\\\/solo-el-278-de-desempleados-percibe-de-algun-tipo-de-seguro-de-desempleo\\\/#primaryimage\"},\"image\":{\"@id\":\"https:\\\/\\\/palomo.net\\\/ca\\\/solo-el-278-de-desempleados-percibe-de-algun-tipo-de-seguro-de-desempleo\\\/#primaryimage\"},\"thumbnailUrl\":\"https:\\\/\\\/palomo.net\\\/wp-content\\\/uploads\\\/DESEMPLEO.jpg\",\"datePublished\":\"2015-07-28T11:28:18+00:00\",\"author\":{\"@id\":\"https:\\\/\\\/palomo.net\\\/#\\\/schema\\\/person\\\/711f80f8e4fbf3466bd3c1c42e621ece\"},\"breadcrumb\":{\"@id\":\"https:\\\/\\\/palomo.net\\\/ca\\\/solo-el-278-de-desempleados-percibe-de-algun-tipo-de-seguro-de-desempleo\\\/#breadcrumb\"},\"inLanguage\":\"ca\",\"potentialAction\":[{\"@type\":\"ReadAction\",\"target\":[\"https:\\\/\\\/palomo.net\\\/ca\\\/solo-el-278-de-desempleados-percibe-de-algun-tipo-de-seguro-de-desempleo\\\/\"]}]},{\"@type\":\"ImageObject\",\"inLanguage\":\"ca\",\"@id\":\"https:\\\/\\\/palomo.net\\\/ca\\\/solo-el-278-de-desempleados-percibe-de-algun-tipo-de-seguro-de-desempleo\\\/#primaryimage\",\"url\":\"https:\\\/\\\/palomo.net\\\/wp-content\\\/uploads\\\/DESEMPLEO.jpg\",\"contentUrl\":\"https:\\\/\\\/palomo.net\\\/wp-content\\\/uploads\\\/DESEMPLEO.jpg\",\"width\":240,\"height\":154},{\"@type\":\"BreadcrumbList\",\"@id\":\"https:\\\/\\\/palomo.net\\\/ca\\\/solo-el-278-de-desempleados-percibe-de-algun-tipo-de-seguro-de-desempleo\\\/#breadcrumb\",\"itemListElement\":[{\"@type\":\"ListItem\",\"position\":1,\"name\":\"Portada\",\"item\":\"https:\\\/\\\/palomo.net\\\/ca\\\/\"},{\"@type\":\"ListItem\",\"position\":2,\"name\":\"SOLO EL 27,8% DE DESEMPLEADOS PERCIBE DE ALG\u00daN TIPO DE SEGURO DE DESEMPLEO\"}]},{\"@type\":\"WebSite\",\"@id\":\"https:\\\/\\\/palomo.net\\\/#website\",\"url\":\"https:\\\/\\\/palomo.net\\\/\",\"name\":\"Palomo Consultors\",\"description\":\"Assessors Laborales d&#039; Empresas\",\"potentialAction\":[{\"@type\":\"SearchAction\",\"target\":{\"@type\":\"EntryPoint\",\"urlTemplate\":\"https:\\\/\\\/palomo.net\\\/?s={search_term_string}\"},\"query-input\":{\"@type\":\"PropertyValueSpecification\",\"valueRequired\":true,\"valueName\":\"search_term_string\"}}],\"inLanguage\":\"ca\"},{\"@type\":\"Person\",\"@id\":\"https:\\\/\\\/palomo.net\\\/#\\\/schema\\\/person\\\/711f80f8e4fbf3466bd3c1c42e621ece\",\"name\":\"Palomo Consultors\",\"url\":\"https:\\\/\\\/palomo.net\\\/ca\\\/author\\\/pl0mo\\\/\"}]}<\/script>\n<!-- \/ Yoast SEO plugin. -->","yoast_head_json":{"title":"SOLO EL 27,8% DE DESEMPLEADOS PERCIBE DE ALG\u00daN TIPO DE SEGURO DE DESEMPLEO - Palomo Consultors","robots":{"index":"index","follow":"follow","max-snippet":"max-snippet:-1","max-image-preview":"max-image-preview:large","max-video-preview":"max-video-preview:-1"},"canonical":"https:\/\/palomo.net\/ca\/solo-el-278-de-desempleados-percibe-de-algun-tipo-de-seguro-de-desempleo\/","og_locale":"ca_ES","og_type":"article","og_title":"SOLO EL 27,8% DE DESEMPLEADOS PERCIBE DE ALG\u00daN TIPO DE SEGURO DE DESEMPLEO - Palomo Consultors","og_description":"Solo el 27,8% de desempleados percibe de alg\u00fan tipo de seguro de desempleo, seg\u00fan la EPA. M\u00e1s de 3,7 millones de parados no reciben ning\u00fan tipo de prestaci\u00f3n del Ministerio de Empleo, seg\u00fan la EPA del segundo trimestre de este a\u00f1o. La cifra ha bajado en los \u00faltimos meses, pero a\u00fan est\u00e1 por encima de [&hellip;]","og_url":"https:\/\/palomo.net\/ca\/solo-el-278-de-desempleados-percibe-de-algun-tipo-de-seguro-de-desempleo\/","og_site_name":"Palomo Consultors","article_published_time":"2015-07-28T11:28:18+00:00","og_image":[{"width":240,"height":154,"url":"https:\/\/palomo.net\/wp-content\/uploads\/DESEMPLEO.jpg","type":"image\/jpeg"}],"author":"Palomo Consultors","twitter_card":"summary_large_image","twitter_misc":{"Escrit per":"Palomo Consultors"},"schema":{"@context":"https:\/\/schema.org","@graph":[{"@type":"Article","@id":"https:\/\/palomo.net\/ca\/solo-el-278-de-desempleados-percibe-de-algun-tipo-de-seguro-de-desempleo\/#article","isPartOf":{"@id":"https:\/\/palomo.net\/ca\/solo-el-278-de-desempleados-percibe-de-algun-tipo-de-seguro-de-desempleo\/"},"author":{"name":"Palomo Consultors","@id":"https:\/\/palomo.net\/#\/schema\/person\/711f80f8e4fbf3466bd3c1c42e621ece"},"headline":"SOLO EL 27,8% DE DESEMPLEADOS PERCIBE DE ALG\u00daN TIPO DE SEGURO DE DESEMPLEO","datePublished":"2015-07-28T11:28:18+00:00","mainEntityOfPage":{"@id":"https:\/\/palomo.net\/ca\/solo-el-278-de-desempleados-percibe-de-algun-tipo-de-seguro-de-desempleo\/"},"wordCount":99,"commentCount":0,"image":{"@id":"https:\/\/palomo.net\/ca\/solo-el-278-de-desempleados-percibe-de-algun-tipo-de-seguro-de-desempleo\/#primaryimage"},"thumbnailUrl":"https:\/\/palomo.net\/wp-content\/uploads\/DESEMPLEO.jpg","inLanguage":"ca","potentialAction":[{"@type":"CommentAction","name":"Comment","target":["https:\/\/palomo.net\/ca\/solo-el-278-de-desempleados-percibe-de-algun-tipo-de-seguro-de-desempleo\/#respond"]}]},{"@type":"WebPage","@id":"https:\/\/palomo.net\/ca\/solo-el-278-de-desempleados-percibe-de-algun-tipo-de-seguro-de-desempleo\/","url":"https:\/\/palomo.net\/ca\/solo-el-278-de-desempleados-percibe-de-algun-tipo-de-seguro-de-desempleo\/","name":"SOLO EL 27,8% DE DESEMPLEADOS PERCIBE DE ALG\u00daN TIPO DE SEGURO DE DESEMPLEO - Palomo Consultors","isPartOf":{"@id":"https:\/\/palomo.net\/#website"},"primaryImageOfPage":{"@id":"https:\/\/palomo.net\/ca\/solo-el-278-de-desempleados-percibe-de-algun-tipo-de-seguro-de-desempleo\/#primaryimage"},"image":{"@id":"https:\/\/palomo.net\/ca\/solo-el-278-de-desempleados-percibe-de-algun-tipo-de-seguro-de-desempleo\/#primaryimage"},"thumbnailUrl":"https:\/\/palomo.net\/wp-content\/uploads\/DESEMPLEO.jpg","datePublished":"2015-07-28T11:28:18+00:00","author":{"@id":"https:\/\/palomo.net\/#\/schema\/person\/711f80f8e4fbf3466bd3c1c42e621ece"},"breadcrumb":{"@id":"https:\/\/palomo.net\/ca\/solo-el-278-de-desempleados-percibe-de-algun-tipo-de-seguro-de-desempleo\/#breadcrumb"},"inLanguage":"ca","potentialAction":[{"@type":"ReadAction","target":["https:\/\/palomo.net\/ca\/solo-el-278-de-desempleados-percibe-de-algun-tipo-de-seguro-de-desempleo\/"]}]},{"@type":"ImageObject","inLanguage":"ca","@id":"https:\/\/palomo.net\/ca\/solo-el-278-de-desempleados-percibe-de-algun-tipo-de-seguro-de-desempleo\/#primaryimage","url":"https:\/\/palomo.net\/wp-content\/uploads\/DESEMPLEO.jpg","contentUrl":"https:\/\/palomo.net\/wp-content\/uploads\/DESEMPLEO.jpg","width":240,"height":154},{"@type":"BreadcrumbList","@id":"https:\/\/palomo.net\/ca\/solo-el-278-de-desempleados-percibe-de-algun-tipo-de-seguro-de-desempleo\/#breadcrumb","itemListElement":[{"@type":"ListItem","position":1,"name":"Portada","item":"https:\/\/palomo.net\/ca\/"},{"@type":"ListItem","position":2,"name":"SOLO EL 27,8% DE DESEMPLEADOS PERCIBE DE ALG\u00daN TIPO DE SEGURO DE DESEMPLEO"}]},{"@type":"WebSite","@id":"https:\/\/palomo.net\/#website","url":"https:\/\/palomo.net\/","name":"Palomo Consultors","description":"Assessors Laborales d&#039; Empresas","potentialAction":[{"@type":"SearchAction","target":{"@type":"EntryPoint","urlTemplate":"https:\/\/palomo.net\/?s={search_term_string}"},"query-input":{"@type":"PropertyValueSpecification","valueRequired":true,"valueName":"search_term_string"}}],"inLanguage":"ca"},{"@type":"Person","@id":"https:\/\/palomo.net\/#\/schema\/person\/711f80f8e4fbf3466bd3c1c42e621ece","name":"Palomo Consultors","url":"https:\/\/palomo.net\/ca\/author\/pl0mo\/"}]}},"_links":{"self":[{"href":"https:\/\/palomo.net\/ca\/wp-json\/wp\/v2\/posts\/4493\/"}],"collection":[{"href":"https:\/\/palomo.net\/ca\/wp-json\/wp\/v2\/posts\/"}],"about":[{"href":"https:\/\/palomo.net\/ca\/wp-json\/wp\/v2\/types\/post\/"}],"author":[{"embeddable":true,"href":"https:\/\/palomo.net\/ca\/wp-json\/wp\/v2\/users\/4\/"}],"replies":[{"embeddable":true,"href":"https:\/\/palomo.net\/ca\/wp-json\/wp\/v2\/comments\/?post=4493"}],"version-history":[{"count":1,"href":"https:\/\/palomo.net\/ca\/wp-json\/wp\/v2\/posts\/4493\/revisions\/"}],"predecessor-version":[{"id":4494,"href":"https:\/\/palomo.net\/ca\/wp-json\/wp\/v2\/posts\/4493\/revisions\/4494\/"}],"wp:featuredmedia":[{"embeddable":true,"href":"https:\/\/palomo.net\/ca\/wp-json\/wp\/v2\/media\/4488\/"}],"wp:attachment":[{"href":"https:\/\/palomo.net\/ca\/wp-json\/wp\/v2\/media\/?parent=4493"}],"wp:term":[{"taxonomy":"category","embeddable":true,"href":"https:\/\/palomo.net\/ca\/wp-json\/wp\/v2\/categories\/?post=4493"},{"taxonomy":"post_tag","embeddable":true,"href":"https:\/\/palomo.net\/ca\/wp-json\/wp\/v2\/tags\/?post=4493"}],"curies":[{"name":"wp","href":"https:\/\/api.w.org\/{rel}","templated":true}]}}