{"id":4602,"date":"2015-08-07T11:49:04","date_gmt":"2015-08-07T09:49:04","guid":{"rendered":"http:\/\/palomo.net\/?p=4602"},"modified":"2015-08-07T11:49:04","modified_gmt":"2015-08-07T09:49:04","slug":"la-compraventa-de-viviendas-acelera-y-suma-10-meses-al-alza","status":"publish","type":"post","link":"https:\/\/palomo.net\/ca\/la-compraventa-de-viviendas-acelera-y-suma-10-meses-al-alza\/","title":{"rendered":"LA COMPRAVENTA DE VIVIENDAS ACELERA Y SUMA 10 MESES AL ALZA"},"content":{"rendered":"<p>La <strong>compraventa de viviendas<\/strong> aument\u00f3 un 17% el pasado mes de junio respecto al mismo mes de 2014, hasta un total de 30.578 operaciones, seg\u00fan ha informado este mi\u00e9rcoles el <strong>Instituto Nacional de Estad\u00edstica (INE)<\/strong>. El avance interanual de junio fue once puntos superior al experimentado en mayo, cuando la compraventa de viviendas creci\u00f3 un 6%.<\/p>\n","protected":false},"excerpt":{"rendered":"<p>La compraventa de viviendas aument\u00f3 un 17% el pasado mes de junio respecto al mismo mes de 2014, hasta un total de 30.578 operaciones, seg\u00fan ha informado este mi\u00e9rcoles el Instituto Nacional de Estad\u00edstica (INE). El avance interanual de junio fue once puntos superior al experimentado en mayo, cuando la compraventa de viviendas creci\u00f3 un [&hellip;]<\/p>\n","protected":false},"author":4,"featured_media":4593,"comment_status":"open","ping_status":"open","sticky":false,"template":"","format":"standard","meta":{"_monsterinsights_skip_tracking":false,"_monsterinsights_sitenote_active":false,"_monsterinsights_sitenote_note":"","_monsterinsights_sitenote_category":0,"footnotes":""},"categories":[34],"tags":[],"class_list":["post-4602","post","type-post","status-publish","format-standard","has-post-thumbnail","hentry","category-noticies"],"yoast_head":"<!-- This site is optimized with the Yoast SEO plugin v27.5 - https:\/\/yoast.com\/product\/yoast-seo-wordpress\/ -->\n<title>LA COMPRAVENTA DE VIVIENDAS ACELERA Y SUMA 10 MESES AL ALZA - Palomo Consultors<\/title>\n<meta name=\"robots\" content=\"index, follow, max-snippet:-1, max-image-preview:large, max-video-preview:-1\" \/>\n<link rel=\"canonical\" href=\"https:\/\/palomo.net\/ca\/la-compraventa-de-viviendas-acelera-y-suma-10-meses-al-alza\/\" \/>\n<meta property=\"og:locale\" content=\"ca_ES\" \/>\n<meta property=\"og:type\" content=\"article\" \/>\n<meta property=\"og:title\" content=\"LA COMPRAVENTA DE VIVIENDAS ACELERA Y SUMA 10 MESES AL ALZA - Palomo Consultors\" \/>\n<meta property=\"og:description\" content=\"La compraventa de viviendas aument\u00f3 un 17% el pasado mes de junio respecto al mismo mes de 2014, hasta un total de 30.578 operaciones, seg\u00fan ha informado este mi\u00e9rcoles el Instituto Nacional de Estad\u00edstica (INE). El avance interanual de junio fue once puntos superior al experimentado en mayo, cuando la compraventa de viviendas creci\u00f3 un [&hellip;]\" \/>\n<meta property=\"og:url\" content=\"https:\/\/palomo.net\/ca\/la-compraventa-de-viviendas-acelera-y-suma-10-meses-al-alza\/\" \/>\n<meta property=\"og:site_name\" content=\"Palomo Consultors\" \/>\n<meta property=\"article:published_time\" content=\"2015-08-07T09:49:04+00:00\" \/>\n<meta property=\"og:image\" content=\"https:\/\/palomo.net\/wp-content\/uploads\/COMPRAVENTAS-VIVIENDAS-SUBE.jpg\" \/>\n\t<meta property=\"og:image:width\" content=\"363\" \/>\n\t<meta property=\"og:image:height\" content=\"139\" \/>\n\t<meta property=\"og:image:type\" content=\"image\/jpeg\" \/>\n<meta name=\"author\" content=\"Palomo Consultors\" \/>\n<meta name=\"twitter:card\" content=\"summary_large_image\" \/>\n<meta name=\"twitter:label1\" content=\"Escrit per\" \/>\n\t<meta name=\"twitter:data1\" content=\"Palomo Consultors\" \/>\n<script type=\"application\/ld+json\" class=\"yoast-schema-graph\">{\"@context\":\"https:\\\/\\\/schema.org\",\"@graph\":[{\"@type\":\"Article\",\"@id\":\"https:\\\/\\\/palomo.net\\\/ca\\\/la-compraventa-de-viviendas-acelera-y-suma-10-meses-al-alza\\\/#article\",\"isPartOf\":{\"@id\":\"https:\\\/\\\/palomo.net\\\/ca\\\/la-compraventa-de-viviendas-acelera-y-suma-10-meses-al-alza\\\/\"},\"author\":{\"name\":\"Palomo Consultors\",\"@id\":\"https:\\\/\\\/palomo.net\\\/#\\\/schema\\\/person\\\/711f80f8e4fbf3466bd3c1c42e621ece\"},\"headline\":\"LA COMPRAVENTA DE VIVIENDAS ACELERA Y SUMA 10 MESES AL ALZA\",\"datePublished\":\"2015-08-07T09:49:04+00:00\",\"mainEntityOfPage\":{\"@id\":\"https:\\\/\\\/palomo.net\\\/ca\\\/la-compraventa-de-viviendas-acelera-y-suma-10-meses-al-alza\\\/\"},\"wordCount\":65,\"commentCount\":0,\"image\":{\"@id\":\"https:\\\/\\\/palomo.net\\\/ca\\\/la-compraventa-de-viviendas-acelera-y-suma-10-meses-al-alza\\\/#primaryimage\"},\"thumbnailUrl\":\"https:\\\/\\\/palomo.net\\\/wp-content\\\/uploads\\\/COMPRAVENTAS-VIVIENDAS-SUBE.jpg\",\"articleSection\":[\"Not\u00edcies\"],\"inLanguage\":\"ca\",\"potentialAction\":[{\"@type\":\"CommentAction\",\"name\":\"Comment\",\"target\":[\"https:\\\/\\\/palomo.net\\\/ca\\\/la-compraventa-de-viviendas-acelera-y-suma-10-meses-al-alza\\\/#respond\"]}]},{\"@type\":\"WebPage\",\"@id\":\"https:\\\/\\\/palomo.net\\\/ca\\\/la-compraventa-de-viviendas-acelera-y-suma-10-meses-al-alza\\\/\",\"url\":\"https:\\\/\\\/palomo.net\\\/ca\\\/la-compraventa-de-viviendas-acelera-y-suma-10-meses-al-alza\\\/\",\"name\":\"LA COMPRAVENTA DE VIVIENDAS ACELERA Y SUMA 10 MESES AL ALZA - Palomo Consultors\",\"isPartOf\":{\"@id\":\"https:\\\/\\\/palomo.net\\\/#website\"},\"primaryImageOfPage\":{\"@id\":\"https:\\\/\\\/palomo.net\\\/ca\\\/la-compraventa-de-viviendas-acelera-y-suma-10-meses-al-alza\\\/#primaryimage\"},\"image\":{\"@id\":\"https:\\\/\\\/palomo.net\\\/ca\\\/la-compraventa-de-viviendas-acelera-y-suma-10-meses-al-alza\\\/#primaryimage\"},\"thumbnailUrl\":\"https:\\\/\\\/palomo.net\\\/wp-content\\\/uploads\\\/COMPRAVENTAS-VIVIENDAS-SUBE.jpg\",\"datePublished\":\"2015-08-07T09:49:04+00:00\",\"author\":{\"@id\":\"https:\\\/\\\/palomo.net\\\/#\\\/schema\\\/person\\\/711f80f8e4fbf3466bd3c1c42e621ece\"},\"breadcrumb\":{\"@id\":\"https:\\\/\\\/palomo.net\\\/ca\\\/la-compraventa-de-viviendas-acelera-y-suma-10-meses-al-alza\\\/#breadcrumb\"},\"inLanguage\":\"ca\",\"potentialAction\":[{\"@type\":\"ReadAction\",\"target\":[\"https:\\\/\\\/palomo.net\\\/ca\\\/la-compraventa-de-viviendas-acelera-y-suma-10-meses-al-alza\\\/\"]}]},{\"@type\":\"ImageObject\",\"inLanguage\":\"ca\",\"@id\":\"https:\\\/\\\/palomo.net\\\/ca\\\/la-compraventa-de-viviendas-acelera-y-suma-10-meses-al-alza\\\/#primaryimage\",\"url\":\"https:\\\/\\\/palomo.net\\\/wp-content\\\/uploads\\\/COMPRAVENTAS-VIVIENDAS-SUBE.jpg\",\"contentUrl\":\"https:\\\/\\\/palomo.net\\\/wp-content\\\/uploads\\\/COMPRAVENTAS-VIVIENDAS-SUBE.jpg\",\"width\":363,\"height\":139},{\"@type\":\"BreadcrumbList\",\"@id\":\"https:\\\/\\\/palomo.net\\\/ca\\\/la-compraventa-de-viviendas-acelera-y-suma-10-meses-al-alza\\\/#breadcrumb\",\"itemListElement\":[{\"@type\":\"ListItem\",\"position\":1,\"name\":\"Portada\",\"item\":\"https:\\\/\\\/palomo.net\\\/ca\\\/\"},{\"@type\":\"ListItem\",\"position\":2,\"name\":\"LA COMPRAVENTA DE VIVIENDAS ACELERA Y SUMA 10 MESES AL ALZA\"}]},{\"@type\":\"WebSite\",\"@id\":\"https:\\\/\\\/palomo.net\\\/#website\",\"url\":\"https:\\\/\\\/palomo.net\\\/\",\"name\":\"Palomo Consultors\",\"description\":\"Assessors Laborales d&#039; Empresas\",\"potentialAction\":[{\"@type\":\"SearchAction\",\"target\":{\"@type\":\"EntryPoint\",\"urlTemplate\":\"https:\\\/\\\/palomo.net\\\/?s={search_term_string}\"},\"query-input\":{\"@type\":\"PropertyValueSpecification\",\"valueRequired\":true,\"valueName\":\"search_term_string\"}}],\"inLanguage\":\"ca\"},{\"@type\":\"Person\",\"@id\":\"https:\\\/\\\/palomo.net\\\/#\\\/schema\\\/person\\\/711f80f8e4fbf3466bd3c1c42e621ece\",\"name\":\"Palomo Consultors\",\"url\":\"https:\\\/\\\/palomo.net\\\/ca\\\/author\\\/pl0mo\\\/\"}]}<\/script>\n<!-- \/ Yoast SEO plugin. -->","yoast_head_json":{"title":"LA COMPRAVENTA DE VIVIENDAS ACELERA Y SUMA 10 MESES AL ALZA - Palomo Consultors","robots":{"index":"index","follow":"follow","max-snippet":"max-snippet:-1","max-image-preview":"max-image-preview:large","max-video-preview":"max-video-preview:-1"},"canonical":"https:\/\/palomo.net\/ca\/la-compraventa-de-viviendas-acelera-y-suma-10-meses-al-alza\/","og_locale":"ca_ES","og_type":"article","og_title":"LA COMPRAVENTA DE VIVIENDAS ACELERA Y SUMA 10 MESES AL ALZA - Palomo Consultors","og_description":"La compraventa de viviendas aument\u00f3 un 17% el pasado mes de junio respecto al mismo mes de 2014, hasta un total de 30.578 operaciones, seg\u00fan ha informado este mi\u00e9rcoles el Instituto Nacional de Estad\u00edstica (INE). El avance interanual de junio fue once puntos superior al experimentado en mayo, cuando la compraventa de viviendas creci\u00f3 un [&hellip;]","og_url":"https:\/\/palomo.net\/ca\/la-compraventa-de-viviendas-acelera-y-suma-10-meses-al-alza\/","og_site_name":"Palomo Consultors","article_published_time":"2015-08-07T09:49:04+00:00","og_image":[{"width":363,"height":139,"url":"https:\/\/palomo.net\/wp-content\/uploads\/COMPRAVENTAS-VIVIENDAS-SUBE.jpg","type":"image\/jpeg"}],"author":"Palomo Consultors","twitter_card":"summary_large_image","twitter_misc":{"Escrit per":"Palomo Consultors"},"schema":{"@context":"https:\/\/schema.org","@graph":[{"@type":"Article","@id":"https:\/\/palomo.net\/ca\/la-compraventa-de-viviendas-acelera-y-suma-10-meses-al-alza\/#article","isPartOf":{"@id":"https:\/\/palomo.net\/ca\/la-compraventa-de-viviendas-acelera-y-suma-10-meses-al-alza\/"},"author":{"name":"Palomo Consultors","@id":"https:\/\/palomo.net\/#\/schema\/person\/711f80f8e4fbf3466bd3c1c42e621ece"},"headline":"LA COMPRAVENTA DE VIVIENDAS ACELERA Y SUMA 10 MESES AL ALZA","datePublished":"2015-08-07T09:49:04+00:00","mainEntityOfPage":{"@id":"https:\/\/palomo.net\/ca\/la-compraventa-de-viviendas-acelera-y-suma-10-meses-al-alza\/"},"wordCount":65,"commentCount":0,"image":{"@id":"https:\/\/palomo.net\/ca\/la-compraventa-de-viviendas-acelera-y-suma-10-meses-al-alza\/#primaryimage"},"thumbnailUrl":"https:\/\/palomo.net\/wp-content\/uploads\/COMPRAVENTAS-VIVIENDAS-SUBE.jpg","articleSection":["Not\u00edcies"],"inLanguage":"ca","potentialAction":[{"@type":"CommentAction","name":"Comment","target":["https:\/\/palomo.net\/ca\/la-compraventa-de-viviendas-acelera-y-suma-10-meses-al-alza\/#respond"]}]},{"@type":"WebPage","@id":"https:\/\/palomo.net\/ca\/la-compraventa-de-viviendas-acelera-y-suma-10-meses-al-alza\/","url":"https:\/\/palomo.net\/ca\/la-compraventa-de-viviendas-acelera-y-suma-10-meses-al-alza\/","name":"LA COMPRAVENTA DE VIVIENDAS ACELERA Y SUMA 10 MESES AL ALZA - Palomo Consultors","isPartOf":{"@id":"https:\/\/palomo.net\/#website"},"primaryImageOfPage":{"@id":"https:\/\/palomo.net\/ca\/la-compraventa-de-viviendas-acelera-y-suma-10-meses-al-alza\/#primaryimage"},"image":{"@id":"https:\/\/palomo.net\/ca\/la-compraventa-de-viviendas-acelera-y-suma-10-meses-al-alza\/#primaryimage"},"thumbnailUrl":"https:\/\/palomo.net\/wp-content\/uploads\/COMPRAVENTAS-VIVIENDAS-SUBE.jpg","datePublished":"2015-08-07T09:49:04+00:00","author":{"@id":"https:\/\/palomo.net\/#\/schema\/person\/711f80f8e4fbf3466bd3c1c42e621ece"},"breadcrumb":{"@id":"https:\/\/palomo.net\/ca\/la-compraventa-de-viviendas-acelera-y-suma-10-meses-al-alza\/#breadcrumb"},"inLanguage":"ca","potentialAction":[{"@type":"ReadAction","target":["https:\/\/palomo.net\/ca\/la-compraventa-de-viviendas-acelera-y-suma-10-meses-al-alza\/"]}]},{"@type":"ImageObject","inLanguage":"ca","@id":"https:\/\/palomo.net\/ca\/la-compraventa-de-viviendas-acelera-y-suma-10-meses-al-alza\/#primaryimage","url":"https:\/\/palomo.net\/wp-content\/uploads\/COMPRAVENTAS-VIVIENDAS-SUBE.jpg","contentUrl":"https:\/\/palomo.net\/wp-content\/uploads\/COMPRAVENTAS-VIVIENDAS-SUBE.jpg","width":363,"height":139},{"@type":"BreadcrumbList","@id":"https:\/\/palomo.net\/ca\/la-compraventa-de-viviendas-acelera-y-suma-10-meses-al-alza\/#breadcrumb","itemListElement":[{"@type":"ListItem","position":1,"name":"Portada","item":"https:\/\/palomo.net\/ca\/"},{"@type":"ListItem","position":2,"name":"LA COMPRAVENTA DE VIVIENDAS ACELERA Y SUMA 10 MESES AL ALZA"}]},{"@type":"WebSite","@id":"https:\/\/palomo.net\/#website","url":"https:\/\/palomo.net\/","name":"Palomo Consultors","description":"Assessors Laborales d&#039; Empresas","potentialAction":[{"@type":"SearchAction","target":{"@type":"EntryPoint","urlTemplate":"https:\/\/palomo.net\/?s={search_term_string}"},"query-input":{"@type":"PropertyValueSpecification","valueRequired":true,"valueName":"search_term_string"}}],"inLanguage":"ca"},{"@type":"Person","@id":"https:\/\/palomo.net\/#\/schema\/person\/711f80f8e4fbf3466bd3c1c42e621ece","name":"Palomo Consultors","url":"https:\/\/palomo.net\/ca\/author\/pl0mo\/"}]}},"_links":{"self":[{"href":"https:\/\/palomo.net\/ca\/wp-json\/wp\/v2\/posts\/4602\/"}],"collection":[{"href":"https:\/\/palomo.net\/ca\/wp-json\/wp\/v2\/posts\/"}],"about":[{"href":"https:\/\/palomo.net\/ca\/wp-json\/wp\/v2\/types\/post\/"}],"author":[{"embeddable":true,"href":"https:\/\/palomo.net\/ca\/wp-json\/wp\/v2\/users\/4\/"}],"replies":[{"embeddable":true,"href":"https:\/\/palomo.net\/ca\/wp-json\/wp\/v2\/comments\/?post=4602"}],"version-history":[{"count":1,"href":"https:\/\/palomo.net\/ca\/wp-json\/wp\/v2\/posts\/4602\/revisions\/"}],"predecessor-version":[{"id":4605,"href":"https:\/\/palomo.net\/ca\/wp-json\/wp\/v2\/posts\/4602\/revisions\/4605\/"}],"wp:featuredmedia":[{"embeddable":true,"href":"https:\/\/palomo.net\/ca\/wp-json\/wp\/v2\/media\/4593\/"}],"wp:attachment":[{"href":"https:\/\/palomo.net\/ca\/wp-json\/wp\/v2\/media\/?parent=4602"}],"wp:term":[{"taxonomy":"category","embeddable":true,"href":"https:\/\/palomo.net\/ca\/wp-json\/wp\/v2\/categories\/?post=4602"},{"taxonomy":"post_tag","embeddable":true,"href":"https:\/\/palomo.net\/ca\/wp-json\/wp\/v2\/tags\/?post=4602"}],"curies":[{"name":"wp","href":"https:\/\/api.w.org\/{rel}","templated":true}]}}