{"id":4688,"date":"2015-09-02T13:48:14","date_gmt":"2015-09-02T11:48:14","guid":{"rendered":"http:\/\/palomo.net\/?p=4688"},"modified":"2015-09-02T13:48:14","modified_gmt":"2015-09-02T11:48:14","slug":"el-paro-en-el-mes-de-agosto-ha-aumentado-en-21-679-personas-2","status":"publish","type":"post","link":"https:\/\/palomo.net\/ca\/el-paro-en-el-mes-de-agosto-ha-aumentado-en-21-679-personas-2\/","title":{"rendered":"EL PARO EN EL MES DE AGOSTO HA AUMENTADO EN 21.679 PERSONAS"},"content":{"rendered":"<p><strong>El paro en el mes de agosto ha aumentado en 21.679 personas<\/strong> <strong>y la afiliaci\u00f3n a la Seguridad Social ha descendido en 134.289 personas.<\/strong> Se corta as\u00ed la racha de mejora del mercado laboral de los \u00faltimos meses, los m\u00e1s favorables estacionalmente para la creaci\u00f3n de empleo. Con este descenso, la cifra total de desempleados se sit\u00faa en 4.067.955 personas. El paro registrado disminuye entre quienes desempe\u00f1aron su \u00faltima actividad en la agricultura, con 5.964 desempleados menos (-2,98%).<\/p>\n","protected":false},"excerpt":{"rendered":"<p>El paro en el mes de agosto ha aumentado en 21.679 personas y la afiliaci\u00f3n a la Seguridad Social ha descendido en 134.289 personas. Se corta as\u00ed la racha de mejora del mercado laboral de los \u00faltimos meses, los m\u00e1s favorables estacionalmente para la creaci\u00f3n de empleo. Con este descenso, la cifra total de desempleados [&hellip;]<\/p>\n","protected":false},"author":4,"featured_media":4676,"comment_status":"open","ping_status":"open","sticky":false,"template":"","format":"standard","meta":{"_monsterinsights_skip_tracking":false,"_monsterinsights_sitenote_active":false,"_monsterinsights_sitenote_note":"","_monsterinsights_sitenote_category":0,"footnotes":""},"categories":[34],"tags":[],"class_list":["post-4688","post","type-post","status-publish","format-standard","has-post-thumbnail","hentry","category-noticies"],"yoast_head":"<!-- This site is optimized with the Yoast SEO plugin v27.5 - https:\/\/yoast.com\/product\/yoast-seo-wordpress\/ -->\n<title>EL PARO EN EL MES DE AGOSTO HA AUMENTADO EN 21.679 PERSONAS - Palomo Consultors<\/title>\n<meta name=\"robots\" content=\"index, follow, max-snippet:-1, max-image-preview:large, max-video-preview:-1\" \/>\n<link rel=\"canonical\" href=\"https:\/\/palomo.net\/ca\/el-paro-en-el-mes-de-agosto-ha-aumentado-en-21-679-personas-2\/\" \/>\n<meta property=\"og:locale\" content=\"ca_ES\" \/>\n<meta property=\"og:type\" content=\"article\" \/>\n<meta property=\"og:title\" content=\"EL PARO EN EL MES DE AGOSTO HA AUMENTADO EN 21.679 PERSONAS - Palomo Consultors\" \/>\n<meta property=\"og:description\" content=\"El paro en el mes de agosto ha aumentado en 21.679 personas y la afiliaci\u00f3n a la Seguridad Social ha descendido en 134.289 personas. Se corta as\u00ed la racha de mejora del mercado laboral de los \u00faltimos meses, los m\u00e1s favorables estacionalmente para la creaci\u00f3n de empleo. Con este descenso, la cifra total de desempleados [&hellip;]\" \/>\n<meta property=\"og:url\" content=\"https:\/\/palomo.net\/ca\/el-paro-en-el-mes-de-agosto-ha-aumentado-en-21-679-personas-2\/\" \/>\n<meta property=\"og:site_name\" content=\"Palomo Consultors\" \/>\n<meta property=\"article:published_time\" content=\"2015-09-02T11:48:14+00:00\" \/>\n<meta property=\"og:image\" content=\"https:\/\/palomo.net\/wp-content\/uploads\/PARO-IV.jpg\" \/>\n\t<meta property=\"og:image:width\" content=\"213\" \/>\n\t<meta property=\"og:image:height\" content=\"237\" \/>\n\t<meta property=\"og:image:type\" content=\"image\/jpeg\" \/>\n<meta name=\"author\" content=\"Palomo Consultors\" \/>\n<meta name=\"twitter:card\" content=\"summary_large_image\" \/>\n<meta name=\"twitter:label1\" content=\"Escrit per\" \/>\n\t<meta name=\"twitter:data1\" content=\"Palomo Consultors\" \/>\n<script type=\"application\/ld+json\" class=\"yoast-schema-graph\">{\"@context\":\"https:\\\/\\\/schema.org\",\"@graph\":[{\"@type\":\"Article\",\"@id\":\"https:\\\/\\\/palomo.net\\\/ca\\\/el-paro-en-el-mes-de-agosto-ha-aumentado-en-21-679-personas-2\\\/#article\",\"isPartOf\":{\"@id\":\"https:\\\/\\\/palomo.net\\\/ca\\\/el-paro-en-el-mes-de-agosto-ha-aumentado-en-21-679-personas-2\\\/\"},\"author\":{\"name\":\"Palomo Consultors\",\"@id\":\"https:\\\/\\\/palomo.net\\\/#\\\/schema\\\/person\\\/711f80f8e4fbf3466bd3c1c42e621ece\"},\"headline\":\"EL PARO EN EL MES DE AGOSTO HA AUMENTADO EN 21.679 PERSONAS\",\"datePublished\":\"2015-09-02T11:48:14+00:00\",\"mainEntityOfPage\":{\"@id\":\"https:\\\/\\\/palomo.net\\\/ca\\\/el-paro-en-el-mes-de-agosto-ha-aumentado-en-21-679-personas-2\\\/\"},\"wordCount\":90,\"commentCount\":0,\"image\":{\"@id\":\"https:\\\/\\\/palomo.net\\\/ca\\\/el-paro-en-el-mes-de-agosto-ha-aumentado-en-21-679-personas-2\\\/#primaryimage\"},\"thumbnailUrl\":\"https:\\\/\\\/palomo.net\\\/wp-content\\\/uploads\\\/PARO-IV.jpg\",\"articleSection\":[\"Not\u00edcies\"],\"inLanguage\":\"ca\",\"potentialAction\":[{\"@type\":\"CommentAction\",\"name\":\"Comment\",\"target\":[\"https:\\\/\\\/palomo.net\\\/ca\\\/el-paro-en-el-mes-de-agosto-ha-aumentado-en-21-679-personas-2\\\/#respond\"]}]},{\"@type\":\"WebPage\",\"@id\":\"https:\\\/\\\/palomo.net\\\/ca\\\/el-paro-en-el-mes-de-agosto-ha-aumentado-en-21-679-personas-2\\\/\",\"url\":\"https:\\\/\\\/palomo.net\\\/ca\\\/el-paro-en-el-mes-de-agosto-ha-aumentado-en-21-679-personas-2\\\/\",\"name\":\"EL PARO EN EL MES DE AGOSTO HA AUMENTADO EN 21.679 PERSONAS - Palomo Consultors\",\"isPartOf\":{\"@id\":\"https:\\\/\\\/palomo.net\\\/#website\"},\"primaryImageOfPage\":{\"@id\":\"https:\\\/\\\/palomo.net\\\/ca\\\/el-paro-en-el-mes-de-agosto-ha-aumentado-en-21-679-personas-2\\\/#primaryimage\"},\"image\":{\"@id\":\"https:\\\/\\\/palomo.net\\\/ca\\\/el-paro-en-el-mes-de-agosto-ha-aumentado-en-21-679-personas-2\\\/#primaryimage\"},\"thumbnailUrl\":\"https:\\\/\\\/palomo.net\\\/wp-content\\\/uploads\\\/PARO-IV.jpg\",\"datePublished\":\"2015-09-02T11:48:14+00:00\",\"author\":{\"@id\":\"https:\\\/\\\/palomo.net\\\/#\\\/schema\\\/person\\\/711f80f8e4fbf3466bd3c1c42e621ece\"},\"breadcrumb\":{\"@id\":\"https:\\\/\\\/palomo.net\\\/ca\\\/el-paro-en-el-mes-de-agosto-ha-aumentado-en-21-679-personas-2\\\/#breadcrumb\"},\"inLanguage\":\"ca\",\"potentialAction\":[{\"@type\":\"ReadAction\",\"target\":[\"https:\\\/\\\/palomo.net\\\/ca\\\/el-paro-en-el-mes-de-agosto-ha-aumentado-en-21-679-personas-2\\\/\"]}]},{\"@type\":\"ImageObject\",\"inLanguage\":\"ca\",\"@id\":\"https:\\\/\\\/palomo.net\\\/ca\\\/el-paro-en-el-mes-de-agosto-ha-aumentado-en-21-679-personas-2\\\/#primaryimage\",\"url\":\"https:\\\/\\\/palomo.net\\\/wp-content\\\/uploads\\\/PARO-IV.jpg\",\"contentUrl\":\"https:\\\/\\\/palomo.net\\\/wp-content\\\/uploads\\\/PARO-IV.jpg\",\"width\":213,\"height\":237},{\"@type\":\"BreadcrumbList\",\"@id\":\"https:\\\/\\\/palomo.net\\\/ca\\\/el-paro-en-el-mes-de-agosto-ha-aumentado-en-21-679-personas-2\\\/#breadcrumb\",\"itemListElement\":[{\"@type\":\"ListItem\",\"position\":1,\"name\":\"Portada\",\"item\":\"https:\\\/\\\/palomo.net\\\/ca\\\/\"},{\"@type\":\"ListItem\",\"position\":2,\"name\":\"EL PARO EN EL MES DE AGOSTO HA AUMENTADO EN 21.679 PERSONAS\"}]},{\"@type\":\"WebSite\",\"@id\":\"https:\\\/\\\/palomo.net\\\/#website\",\"url\":\"https:\\\/\\\/palomo.net\\\/\",\"name\":\"Palomo Consultors\",\"description\":\"Assessors Laborales d&#039; Empresas\",\"potentialAction\":[{\"@type\":\"SearchAction\",\"target\":{\"@type\":\"EntryPoint\",\"urlTemplate\":\"https:\\\/\\\/palomo.net\\\/?s={search_term_string}\"},\"query-input\":{\"@type\":\"PropertyValueSpecification\",\"valueRequired\":true,\"valueName\":\"search_term_string\"}}],\"inLanguage\":\"ca\"},{\"@type\":\"Person\",\"@id\":\"https:\\\/\\\/palomo.net\\\/#\\\/schema\\\/person\\\/711f80f8e4fbf3466bd3c1c42e621ece\",\"name\":\"Palomo Consultors\",\"url\":\"https:\\\/\\\/palomo.net\\\/ca\\\/author\\\/pl0mo\\\/\"}]}<\/script>\n<!-- \/ Yoast SEO plugin. -->","yoast_head_json":{"title":"EL PARO EN EL MES DE AGOSTO HA AUMENTADO EN 21.679 PERSONAS - Palomo Consultors","robots":{"index":"index","follow":"follow","max-snippet":"max-snippet:-1","max-image-preview":"max-image-preview:large","max-video-preview":"max-video-preview:-1"},"canonical":"https:\/\/palomo.net\/ca\/el-paro-en-el-mes-de-agosto-ha-aumentado-en-21-679-personas-2\/","og_locale":"ca_ES","og_type":"article","og_title":"EL PARO EN EL MES DE AGOSTO HA AUMENTADO EN 21.679 PERSONAS - Palomo Consultors","og_description":"El paro en el mes de agosto ha aumentado en 21.679 personas y la afiliaci\u00f3n a la Seguridad Social ha descendido en 134.289 personas. Se corta as\u00ed la racha de mejora del mercado laboral de los \u00faltimos meses, los m\u00e1s favorables estacionalmente para la creaci\u00f3n de empleo. Con este descenso, la cifra total de desempleados [&hellip;]","og_url":"https:\/\/palomo.net\/ca\/el-paro-en-el-mes-de-agosto-ha-aumentado-en-21-679-personas-2\/","og_site_name":"Palomo Consultors","article_published_time":"2015-09-02T11:48:14+00:00","og_image":[{"width":213,"height":237,"url":"https:\/\/palomo.net\/wp-content\/uploads\/PARO-IV.jpg","type":"image\/jpeg"}],"author":"Palomo Consultors","twitter_card":"summary_large_image","twitter_misc":{"Escrit per":"Palomo Consultors"},"schema":{"@context":"https:\/\/schema.org","@graph":[{"@type":"Article","@id":"https:\/\/palomo.net\/ca\/el-paro-en-el-mes-de-agosto-ha-aumentado-en-21-679-personas-2\/#article","isPartOf":{"@id":"https:\/\/palomo.net\/ca\/el-paro-en-el-mes-de-agosto-ha-aumentado-en-21-679-personas-2\/"},"author":{"name":"Palomo Consultors","@id":"https:\/\/palomo.net\/#\/schema\/person\/711f80f8e4fbf3466bd3c1c42e621ece"},"headline":"EL PARO EN EL MES DE AGOSTO HA AUMENTADO EN 21.679 PERSONAS","datePublished":"2015-09-02T11:48:14+00:00","mainEntityOfPage":{"@id":"https:\/\/palomo.net\/ca\/el-paro-en-el-mes-de-agosto-ha-aumentado-en-21-679-personas-2\/"},"wordCount":90,"commentCount":0,"image":{"@id":"https:\/\/palomo.net\/ca\/el-paro-en-el-mes-de-agosto-ha-aumentado-en-21-679-personas-2\/#primaryimage"},"thumbnailUrl":"https:\/\/palomo.net\/wp-content\/uploads\/PARO-IV.jpg","articleSection":["Not\u00edcies"],"inLanguage":"ca","potentialAction":[{"@type":"CommentAction","name":"Comment","target":["https:\/\/palomo.net\/ca\/el-paro-en-el-mes-de-agosto-ha-aumentado-en-21-679-personas-2\/#respond"]}]},{"@type":"WebPage","@id":"https:\/\/palomo.net\/ca\/el-paro-en-el-mes-de-agosto-ha-aumentado-en-21-679-personas-2\/","url":"https:\/\/palomo.net\/ca\/el-paro-en-el-mes-de-agosto-ha-aumentado-en-21-679-personas-2\/","name":"EL PARO EN EL MES DE AGOSTO HA AUMENTADO EN 21.679 PERSONAS - Palomo Consultors","isPartOf":{"@id":"https:\/\/palomo.net\/#website"},"primaryImageOfPage":{"@id":"https:\/\/palomo.net\/ca\/el-paro-en-el-mes-de-agosto-ha-aumentado-en-21-679-personas-2\/#primaryimage"},"image":{"@id":"https:\/\/palomo.net\/ca\/el-paro-en-el-mes-de-agosto-ha-aumentado-en-21-679-personas-2\/#primaryimage"},"thumbnailUrl":"https:\/\/palomo.net\/wp-content\/uploads\/PARO-IV.jpg","datePublished":"2015-09-02T11:48:14+00:00","author":{"@id":"https:\/\/palomo.net\/#\/schema\/person\/711f80f8e4fbf3466bd3c1c42e621ece"},"breadcrumb":{"@id":"https:\/\/palomo.net\/ca\/el-paro-en-el-mes-de-agosto-ha-aumentado-en-21-679-personas-2\/#breadcrumb"},"inLanguage":"ca","potentialAction":[{"@type":"ReadAction","target":["https:\/\/palomo.net\/ca\/el-paro-en-el-mes-de-agosto-ha-aumentado-en-21-679-personas-2\/"]}]},{"@type":"ImageObject","inLanguage":"ca","@id":"https:\/\/palomo.net\/ca\/el-paro-en-el-mes-de-agosto-ha-aumentado-en-21-679-personas-2\/#primaryimage","url":"https:\/\/palomo.net\/wp-content\/uploads\/PARO-IV.jpg","contentUrl":"https:\/\/palomo.net\/wp-content\/uploads\/PARO-IV.jpg","width":213,"height":237},{"@type":"BreadcrumbList","@id":"https:\/\/palomo.net\/ca\/el-paro-en-el-mes-de-agosto-ha-aumentado-en-21-679-personas-2\/#breadcrumb","itemListElement":[{"@type":"ListItem","position":1,"name":"Portada","item":"https:\/\/palomo.net\/ca\/"},{"@type":"ListItem","position":2,"name":"EL PARO EN EL MES DE AGOSTO HA AUMENTADO EN 21.679 PERSONAS"}]},{"@type":"WebSite","@id":"https:\/\/palomo.net\/#website","url":"https:\/\/palomo.net\/","name":"Palomo Consultors","description":"Assessors Laborales d&#039; Empresas","potentialAction":[{"@type":"SearchAction","target":{"@type":"EntryPoint","urlTemplate":"https:\/\/palomo.net\/?s={search_term_string}"},"query-input":{"@type":"PropertyValueSpecification","valueRequired":true,"valueName":"search_term_string"}}],"inLanguage":"ca"},{"@type":"Person","@id":"https:\/\/palomo.net\/#\/schema\/person\/711f80f8e4fbf3466bd3c1c42e621ece","name":"Palomo Consultors","url":"https:\/\/palomo.net\/ca\/author\/pl0mo\/"}]}},"_links":{"self":[{"href":"https:\/\/palomo.net\/ca\/wp-json\/wp\/v2\/posts\/4688\/"}],"collection":[{"href":"https:\/\/palomo.net\/ca\/wp-json\/wp\/v2\/posts\/"}],"about":[{"href":"https:\/\/palomo.net\/ca\/wp-json\/wp\/v2\/types\/post\/"}],"author":[{"embeddable":true,"href":"https:\/\/palomo.net\/ca\/wp-json\/wp\/v2\/users\/4\/"}],"replies":[{"embeddable":true,"href":"https:\/\/palomo.net\/ca\/wp-json\/wp\/v2\/comments\/?post=4688"}],"version-history":[{"count":1,"href":"https:\/\/palomo.net\/ca\/wp-json\/wp\/v2\/posts\/4688\/revisions\/"}],"predecessor-version":[{"id":4691,"href":"https:\/\/palomo.net\/ca\/wp-json\/wp\/v2\/posts\/4688\/revisions\/4691\/"}],"wp:featuredmedia":[{"embeddable":true,"href":"https:\/\/palomo.net\/ca\/wp-json\/wp\/v2\/media\/4676\/"}],"wp:attachment":[{"href":"https:\/\/palomo.net\/ca\/wp-json\/wp\/v2\/media\/?parent=4688"}],"wp:term":[{"taxonomy":"category","embeddable":true,"href":"https:\/\/palomo.net\/ca\/wp-json\/wp\/v2\/categories\/?post=4688"},{"taxonomy":"post_tag","embeddable":true,"href":"https:\/\/palomo.net\/ca\/wp-json\/wp\/v2\/tags\/?post=4688"}],"curies":[{"name":"wp","href":"https:\/\/api.w.org\/{rel}","templated":true}]}}