{"id":4748,"date":"2015-09-09T13:57:07","date_gmt":"2015-09-09T11:57:07","guid":{"rendered":"http:\/\/palomo.net\/?p=4748"},"modified":"2015-09-09T13:57:07","modified_gmt":"2015-09-09T11:57:07","slug":"la-variacion-anual-del-indice-de-precios-de-vivienda-ipv-en-el-segundo-trimestre-de-2015-aumenta-dos-puntos-y-medio-2","status":"publish","type":"post","link":"https:\/\/palomo.net\/ca\/la-variacion-anual-del-indice-de-precios-de-vivienda-ipv-en-el-segundo-trimestre-de-2015-aumenta-dos-puntos-y-medio-2\/","title":{"rendered":"LA VARIACI\u00d3N ANUAL DEL \u00cdNDICE DE PRECIOS DE VIVIENDA (IPV) EN EL SEGUNDO TRIMESTRE DE 2015 AUMENTA DOS PUNTOS Y MEDIO"},"content":{"rendered":"<p><strong>La variaci\u00f3n anual del \u00cdndice de Precios de Vivienda (IPV) <\/strong><strong>en el segundo trimestre de 2015 aumenta<\/strong> <strong>dos puntos y medio y se sit\u00faa en el 4,0%. <\/strong>Por tipo de vivienda, la tasa anual de los precios de vivienda nueva se sit\u00faa en el 4,9%, casi un punto por encima de la del trimestre anterior. Por su parte, la variaci\u00f3n anual de la vivienda de segunda mano sube 2,7 puntos, hasta el 3,8%. Todas las comunidades aut\u00f3nomas aumentan su tasa anual en el segundo trimestre de 2015, excepto Castilla La Mancha, que la mantiene en el 1,8%.<\/p>\n","protected":false},"excerpt":{"rendered":"<p>La variaci\u00f3n anual del \u00cdndice de Precios de Vivienda (IPV) en el segundo trimestre de 2015 aumenta dos puntos y medio y se sit\u00faa en el 4,0%. Por tipo de vivienda, la tasa anual de los precios de vivienda nueva se sit\u00faa en el 4,9%, casi un punto por encima de la del trimestre anterior. [&hellip;]<\/p>\n","protected":false},"author":4,"featured_media":4737,"comment_status":"open","ping_status":"open","sticky":false,"template":"","format":"standard","meta":{"_monsterinsights_skip_tracking":false,"_monsterinsights_sitenote_active":false,"_monsterinsights_sitenote_note":"","_monsterinsights_sitenote_category":0,"footnotes":""},"categories":[34],"tags":[],"class_list":["post-4748","post","type-post","status-publish","format-standard","has-post-thumbnail","hentry","category-noticies"],"yoast_head":"<!-- This site is optimized with the Yoast SEO plugin v27.5 - https:\/\/yoast.com\/product\/yoast-seo-wordpress\/ -->\n<title>LA VARIACI\u00d3N ANUAL DEL \u00cdNDICE DE PRECIOS DE VIVIENDA (IPV) EN EL SEGUNDO TRIMESTRE DE 2015 AUMENTA DOS PUNTOS Y MEDIO - Palomo Consultors<\/title>\n<meta name=\"robots\" content=\"index, follow, max-snippet:-1, max-image-preview:large, max-video-preview:-1\" \/>\n<link rel=\"canonical\" href=\"https:\/\/palomo.net\/ca\/la-variacion-anual-del-indice-de-precios-de-vivienda-ipv-en-el-segundo-trimestre-de-2015-aumenta-dos-puntos-y-medio-2\/\" \/>\n<meta property=\"og:locale\" content=\"ca_ES\" \/>\n<meta property=\"og:type\" content=\"article\" \/>\n<meta property=\"og:title\" content=\"LA VARIACI\u00d3N ANUAL DEL \u00cdNDICE DE PRECIOS DE VIVIENDA (IPV) EN EL SEGUNDO TRIMESTRE DE 2015 AUMENTA DOS PUNTOS Y MEDIO - Palomo Consultors\" \/>\n<meta property=\"og:description\" content=\"La variaci\u00f3n anual del \u00cdndice de Precios de Vivienda (IPV) en el segundo trimestre de 2015 aumenta dos puntos y medio y se sit\u00faa en el 4,0%. Por tipo de vivienda, la tasa anual de los precios de vivienda nueva se sit\u00faa en el 4,9%, casi un punto por encima de la del trimestre anterior. [&hellip;]\" \/>\n<meta property=\"og:url\" content=\"https:\/\/palomo.net\/ca\/la-variacion-anual-del-indice-de-precios-de-vivienda-ipv-en-el-segundo-trimestre-de-2015-aumenta-dos-puntos-y-medio-2\/\" \/>\n<meta property=\"og:site_name\" content=\"Palomo Consultors\" \/>\n<meta property=\"article:published_time\" content=\"2015-09-09T11:57:07+00:00\" \/>\n<meta property=\"og:image\" content=\"https:\/\/palomo.net\/wp-content\/uploads\/variaci\u00f3n-anual-del-\u00cdndice-de-Precios-de-Vivienda.jpg\" \/>\n\t<meta property=\"og:image:width\" content=\"350\" \/>\n\t<meta property=\"og:image:height\" content=\"144\" \/>\n\t<meta property=\"og:image:type\" content=\"image\/jpeg\" \/>\n<meta name=\"author\" content=\"Palomo Consultors\" \/>\n<meta name=\"twitter:card\" content=\"summary_large_image\" \/>\n<meta name=\"twitter:label1\" content=\"Escrit per\" \/>\n\t<meta name=\"twitter:data1\" content=\"Palomo Consultors\" \/>\n<script type=\"application\/ld+json\" class=\"yoast-schema-graph\">{\"@context\":\"https:\\\/\\\/schema.org\",\"@graph\":[{\"@type\":\"Article\",\"@id\":\"https:\\\/\\\/palomo.net\\\/ca\\\/la-variacion-anual-del-indice-de-precios-de-vivienda-ipv-en-el-segundo-trimestre-de-2015-aumenta-dos-puntos-y-medio-2\\\/#article\",\"isPartOf\":{\"@id\":\"https:\\\/\\\/palomo.net\\\/ca\\\/la-variacion-anual-del-indice-de-precios-de-vivienda-ipv-en-el-segundo-trimestre-de-2015-aumenta-dos-puntos-y-medio-2\\\/\"},\"author\":{\"name\":\"Palomo Consultors\",\"@id\":\"https:\\\/\\\/palomo.net\\\/#\\\/schema\\\/person\\\/711f80f8e4fbf3466bd3c1c42e621ece\"},\"headline\":\"LA VARIACI\u00d3N ANUAL DEL \u00cdNDICE DE PRECIOS DE VIVIENDA (IPV) EN EL SEGUNDO TRIMESTRE DE 2015 AUMENTA DOS PUNTOS Y MEDIO\",\"datePublished\":\"2015-09-09T11:57:07+00:00\",\"mainEntityOfPage\":{\"@id\":\"https:\\\/\\\/palomo.net\\\/ca\\\/la-variacion-anual-del-indice-de-precios-de-vivienda-ipv-en-el-segundo-trimestre-de-2015-aumenta-dos-puntos-y-medio-2\\\/\"},\"wordCount\":116,\"commentCount\":0,\"image\":{\"@id\":\"https:\\\/\\\/palomo.net\\\/ca\\\/la-variacion-anual-del-indice-de-precios-de-vivienda-ipv-en-el-segundo-trimestre-de-2015-aumenta-dos-puntos-y-medio-2\\\/#primaryimage\"},\"thumbnailUrl\":\"https:\\\/\\\/palomo.net\\\/wp-content\\\/uploads\\\/variaci\u00f3n-anual-del-\u00cdndice-de-Precios-de-Vivienda.jpg\",\"articleSection\":[\"Not\u00edcies\"],\"inLanguage\":\"ca\",\"potentialAction\":[{\"@type\":\"CommentAction\",\"name\":\"Comment\",\"target\":[\"https:\\\/\\\/palomo.net\\\/ca\\\/la-variacion-anual-del-indice-de-precios-de-vivienda-ipv-en-el-segundo-trimestre-de-2015-aumenta-dos-puntos-y-medio-2\\\/#respond\"]}]},{\"@type\":\"WebPage\",\"@id\":\"https:\\\/\\\/palomo.net\\\/ca\\\/la-variacion-anual-del-indice-de-precios-de-vivienda-ipv-en-el-segundo-trimestre-de-2015-aumenta-dos-puntos-y-medio-2\\\/\",\"url\":\"https:\\\/\\\/palomo.net\\\/ca\\\/la-variacion-anual-del-indice-de-precios-de-vivienda-ipv-en-el-segundo-trimestre-de-2015-aumenta-dos-puntos-y-medio-2\\\/\",\"name\":\"LA VARIACI\u00d3N ANUAL DEL \u00cdNDICE DE PRECIOS DE VIVIENDA (IPV) EN EL SEGUNDO TRIMESTRE DE 2015 AUMENTA DOS PUNTOS Y MEDIO - Palomo Consultors\",\"isPartOf\":{\"@id\":\"https:\\\/\\\/palomo.net\\\/#website\"},\"primaryImageOfPage\":{\"@id\":\"https:\\\/\\\/palomo.net\\\/ca\\\/la-variacion-anual-del-indice-de-precios-de-vivienda-ipv-en-el-segundo-trimestre-de-2015-aumenta-dos-puntos-y-medio-2\\\/#primaryimage\"},\"image\":{\"@id\":\"https:\\\/\\\/palomo.net\\\/ca\\\/la-variacion-anual-del-indice-de-precios-de-vivienda-ipv-en-el-segundo-trimestre-de-2015-aumenta-dos-puntos-y-medio-2\\\/#primaryimage\"},\"thumbnailUrl\":\"https:\\\/\\\/palomo.net\\\/wp-content\\\/uploads\\\/variaci\u00f3n-anual-del-\u00cdndice-de-Precios-de-Vivienda.jpg\",\"datePublished\":\"2015-09-09T11:57:07+00:00\",\"author\":{\"@id\":\"https:\\\/\\\/palomo.net\\\/#\\\/schema\\\/person\\\/711f80f8e4fbf3466bd3c1c42e621ece\"},\"breadcrumb\":{\"@id\":\"https:\\\/\\\/palomo.net\\\/ca\\\/la-variacion-anual-del-indice-de-precios-de-vivienda-ipv-en-el-segundo-trimestre-de-2015-aumenta-dos-puntos-y-medio-2\\\/#breadcrumb\"},\"inLanguage\":\"ca\",\"potentialAction\":[{\"@type\":\"ReadAction\",\"target\":[\"https:\\\/\\\/palomo.net\\\/ca\\\/la-variacion-anual-del-indice-de-precios-de-vivienda-ipv-en-el-segundo-trimestre-de-2015-aumenta-dos-puntos-y-medio-2\\\/\"]}]},{\"@type\":\"ImageObject\",\"inLanguage\":\"ca\",\"@id\":\"https:\\\/\\\/palomo.net\\\/ca\\\/la-variacion-anual-del-indice-de-precios-de-vivienda-ipv-en-el-segundo-trimestre-de-2015-aumenta-dos-puntos-y-medio-2\\\/#primaryimage\",\"url\":\"https:\\\/\\\/palomo.net\\\/wp-content\\\/uploads\\\/variaci\u00f3n-anual-del-\u00cdndice-de-Precios-de-Vivienda.jpg\",\"contentUrl\":\"https:\\\/\\\/palomo.net\\\/wp-content\\\/uploads\\\/variaci\u00f3n-anual-del-\u00cdndice-de-Precios-de-Vivienda.jpg\",\"width\":350,\"height\":144},{\"@type\":\"BreadcrumbList\",\"@id\":\"https:\\\/\\\/palomo.net\\\/ca\\\/la-variacion-anual-del-indice-de-precios-de-vivienda-ipv-en-el-segundo-trimestre-de-2015-aumenta-dos-puntos-y-medio-2\\\/#breadcrumb\",\"itemListElement\":[{\"@type\":\"ListItem\",\"position\":1,\"name\":\"Portada\",\"item\":\"https:\\\/\\\/palomo.net\\\/ca\\\/\"},{\"@type\":\"ListItem\",\"position\":2,\"name\":\"LA VARIACI\u00d3N ANUAL DEL \u00cdNDICE DE PRECIOS DE VIVIENDA (IPV) EN EL SEGUNDO TRIMESTRE DE 2015 AUMENTA DOS PUNTOS Y MEDIO\"}]},{\"@type\":\"WebSite\",\"@id\":\"https:\\\/\\\/palomo.net\\\/#website\",\"url\":\"https:\\\/\\\/palomo.net\\\/\",\"name\":\"Palomo Consultors\",\"description\":\"Assessors Laborales d&#039; Empresas\",\"potentialAction\":[{\"@type\":\"SearchAction\",\"target\":{\"@type\":\"EntryPoint\",\"urlTemplate\":\"https:\\\/\\\/palomo.net\\\/?s={search_term_string}\"},\"query-input\":{\"@type\":\"PropertyValueSpecification\",\"valueRequired\":true,\"valueName\":\"search_term_string\"}}],\"inLanguage\":\"ca\"},{\"@type\":\"Person\",\"@id\":\"https:\\\/\\\/palomo.net\\\/#\\\/schema\\\/person\\\/711f80f8e4fbf3466bd3c1c42e621ece\",\"name\":\"Palomo Consultors\",\"url\":\"https:\\\/\\\/palomo.net\\\/ca\\\/author\\\/pl0mo\\\/\"}]}<\/script>\n<!-- \/ Yoast SEO plugin. -->","yoast_head_json":{"title":"LA VARIACI\u00d3N ANUAL DEL \u00cdNDICE DE PRECIOS DE VIVIENDA (IPV) EN EL SEGUNDO TRIMESTRE DE 2015 AUMENTA DOS PUNTOS Y MEDIO - Palomo Consultors","robots":{"index":"index","follow":"follow","max-snippet":"max-snippet:-1","max-image-preview":"max-image-preview:large","max-video-preview":"max-video-preview:-1"},"canonical":"https:\/\/palomo.net\/ca\/la-variacion-anual-del-indice-de-precios-de-vivienda-ipv-en-el-segundo-trimestre-de-2015-aumenta-dos-puntos-y-medio-2\/","og_locale":"ca_ES","og_type":"article","og_title":"LA VARIACI\u00d3N ANUAL DEL \u00cdNDICE DE PRECIOS DE VIVIENDA (IPV) EN EL SEGUNDO TRIMESTRE DE 2015 AUMENTA DOS PUNTOS Y MEDIO - Palomo Consultors","og_description":"La variaci\u00f3n anual del \u00cdndice de Precios de Vivienda (IPV) en el segundo trimestre de 2015 aumenta dos puntos y medio y se sit\u00faa en el 4,0%. Por tipo de vivienda, la tasa anual de los precios de vivienda nueva se sit\u00faa en el 4,9%, casi un punto por encima de la del trimestre anterior. [&hellip;]","og_url":"https:\/\/palomo.net\/ca\/la-variacion-anual-del-indice-de-precios-de-vivienda-ipv-en-el-segundo-trimestre-de-2015-aumenta-dos-puntos-y-medio-2\/","og_site_name":"Palomo Consultors","article_published_time":"2015-09-09T11:57:07+00:00","og_image":[{"width":350,"height":144,"url":"https:\/\/palomo.net\/wp-content\/uploads\/variaci\u00f3n-anual-del-\u00cdndice-de-Precios-de-Vivienda.jpg","type":"image\/jpeg"}],"author":"Palomo Consultors","twitter_card":"summary_large_image","twitter_misc":{"Escrit per":"Palomo Consultors"},"schema":{"@context":"https:\/\/schema.org","@graph":[{"@type":"Article","@id":"https:\/\/palomo.net\/ca\/la-variacion-anual-del-indice-de-precios-de-vivienda-ipv-en-el-segundo-trimestre-de-2015-aumenta-dos-puntos-y-medio-2\/#article","isPartOf":{"@id":"https:\/\/palomo.net\/ca\/la-variacion-anual-del-indice-de-precios-de-vivienda-ipv-en-el-segundo-trimestre-de-2015-aumenta-dos-puntos-y-medio-2\/"},"author":{"name":"Palomo Consultors","@id":"https:\/\/palomo.net\/#\/schema\/person\/711f80f8e4fbf3466bd3c1c42e621ece"},"headline":"LA VARIACI\u00d3N ANUAL DEL \u00cdNDICE DE PRECIOS DE VIVIENDA (IPV) EN EL SEGUNDO TRIMESTRE DE 2015 AUMENTA DOS PUNTOS Y MEDIO","datePublished":"2015-09-09T11:57:07+00:00","mainEntityOfPage":{"@id":"https:\/\/palomo.net\/ca\/la-variacion-anual-del-indice-de-precios-de-vivienda-ipv-en-el-segundo-trimestre-de-2015-aumenta-dos-puntos-y-medio-2\/"},"wordCount":116,"commentCount":0,"image":{"@id":"https:\/\/palomo.net\/ca\/la-variacion-anual-del-indice-de-precios-de-vivienda-ipv-en-el-segundo-trimestre-de-2015-aumenta-dos-puntos-y-medio-2\/#primaryimage"},"thumbnailUrl":"https:\/\/palomo.net\/wp-content\/uploads\/variaci\u00f3n-anual-del-\u00cdndice-de-Precios-de-Vivienda.jpg","articleSection":["Not\u00edcies"],"inLanguage":"ca","potentialAction":[{"@type":"CommentAction","name":"Comment","target":["https:\/\/palomo.net\/ca\/la-variacion-anual-del-indice-de-precios-de-vivienda-ipv-en-el-segundo-trimestre-de-2015-aumenta-dos-puntos-y-medio-2\/#respond"]}]},{"@type":"WebPage","@id":"https:\/\/palomo.net\/ca\/la-variacion-anual-del-indice-de-precios-de-vivienda-ipv-en-el-segundo-trimestre-de-2015-aumenta-dos-puntos-y-medio-2\/","url":"https:\/\/palomo.net\/ca\/la-variacion-anual-del-indice-de-precios-de-vivienda-ipv-en-el-segundo-trimestre-de-2015-aumenta-dos-puntos-y-medio-2\/","name":"LA VARIACI\u00d3N ANUAL DEL \u00cdNDICE DE PRECIOS DE VIVIENDA (IPV) EN EL SEGUNDO TRIMESTRE DE 2015 AUMENTA DOS PUNTOS Y MEDIO - Palomo Consultors","isPartOf":{"@id":"https:\/\/palomo.net\/#website"},"primaryImageOfPage":{"@id":"https:\/\/palomo.net\/ca\/la-variacion-anual-del-indice-de-precios-de-vivienda-ipv-en-el-segundo-trimestre-de-2015-aumenta-dos-puntos-y-medio-2\/#primaryimage"},"image":{"@id":"https:\/\/palomo.net\/ca\/la-variacion-anual-del-indice-de-precios-de-vivienda-ipv-en-el-segundo-trimestre-de-2015-aumenta-dos-puntos-y-medio-2\/#primaryimage"},"thumbnailUrl":"https:\/\/palomo.net\/wp-content\/uploads\/variaci\u00f3n-anual-del-\u00cdndice-de-Precios-de-Vivienda.jpg","datePublished":"2015-09-09T11:57:07+00:00","author":{"@id":"https:\/\/palomo.net\/#\/schema\/person\/711f80f8e4fbf3466bd3c1c42e621ece"},"breadcrumb":{"@id":"https:\/\/palomo.net\/ca\/la-variacion-anual-del-indice-de-precios-de-vivienda-ipv-en-el-segundo-trimestre-de-2015-aumenta-dos-puntos-y-medio-2\/#breadcrumb"},"inLanguage":"ca","potentialAction":[{"@type":"ReadAction","target":["https:\/\/palomo.net\/ca\/la-variacion-anual-del-indice-de-precios-de-vivienda-ipv-en-el-segundo-trimestre-de-2015-aumenta-dos-puntos-y-medio-2\/"]}]},{"@type":"ImageObject","inLanguage":"ca","@id":"https:\/\/palomo.net\/ca\/la-variacion-anual-del-indice-de-precios-de-vivienda-ipv-en-el-segundo-trimestre-de-2015-aumenta-dos-puntos-y-medio-2\/#primaryimage","url":"https:\/\/palomo.net\/wp-content\/uploads\/variaci\u00f3n-anual-del-\u00cdndice-de-Precios-de-Vivienda.jpg","contentUrl":"https:\/\/palomo.net\/wp-content\/uploads\/variaci\u00f3n-anual-del-\u00cdndice-de-Precios-de-Vivienda.jpg","width":350,"height":144},{"@type":"BreadcrumbList","@id":"https:\/\/palomo.net\/ca\/la-variacion-anual-del-indice-de-precios-de-vivienda-ipv-en-el-segundo-trimestre-de-2015-aumenta-dos-puntos-y-medio-2\/#breadcrumb","itemListElement":[{"@type":"ListItem","position":1,"name":"Portada","item":"https:\/\/palomo.net\/ca\/"},{"@type":"ListItem","position":2,"name":"LA VARIACI\u00d3N ANUAL DEL \u00cdNDICE DE PRECIOS DE VIVIENDA (IPV) EN EL SEGUNDO TRIMESTRE DE 2015 AUMENTA DOS PUNTOS Y MEDIO"}]},{"@type":"WebSite","@id":"https:\/\/palomo.net\/#website","url":"https:\/\/palomo.net\/","name":"Palomo Consultors","description":"Assessors Laborales d&#039; Empresas","potentialAction":[{"@type":"SearchAction","target":{"@type":"EntryPoint","urlTemplate":"https:\/\/palomo.net\/?s={search_term_string}"},"query-input":{"@type":"PropertyValueSpecification","valueRequired":true,"valueName":"search_term_string"}}],"inLanguage":"ca"},{"@type":"Person","@id":"https:\/\/palomo.net\/#\/schema\/person\/711f80f8e4fbf3466bd3c1c42e621ece","name":"Palomo Consultors","url":"https:\/\/palomo.net\/ca\/author\/pl0mo\/"}]}},"_links":{"self":[{"href":"https:\/\/palomo.net\/ca\/wp-json\/wp\/v2\/posts\/4748\/"}],"collection":[{"href":"https:\/\/palomo.net\/ca\/wp-json\/wp\/v2\/posts\/"}],"about":[{"href":"https:\/\/palomo.net\/ca\/wp-json\/wp\/v2\/types\/post\/"}],"author":[{"embeddable":true,"href":"https:\/\/palomo.net\/ca\/wp-json\/wp\/v2\/users\/4\/"}],"replies":[{"embeddable":true,"href":"https:\/\/palomo.net\/ca\/wp-json\/wp\/v2\/comments\/?post=4748"}],"version-history":[{"count":1,"href":"https:\/\/palomo.net\/ca\/wp-json\/wp\/v2\/posts\/4748\/revisions\/"}],"predecessor-version":[{"id":4750,"href":"https:\/\/palomo.net\/ca\/wp-json\/wp\/v2\/posts\/4748\/revisions\/4750\/"}],"wp:featuredmedia":[{"embeddable":true,"href":"https:\/\/palomo.net\/ca\/wp-json\/wp\/v2\/media\/4737\/"}],"wp:attachment":[{"href":"https:\/\/palomo.net\/ca\/wp-json\/wp\/v2\/media\/?parent=4748"}],"wp:term":[{"taxonomy":"category","embeddable":true,"href":"https:\/\/palomo.net\/ca\/wp-json\/wp\/v2\/categories\/?post=4748"},{"taxonomy":"post_tag","embeddable":true,"href":"https:\/\/palomo.net\/ca\/wp-json\/wp\/v2\/tags\/?post=4748"}],"curies":[{"name":"wp","href":"https:\/\/api.w.org\/{rel}","templated":true}]}}