{"id":4763,"date":"2015-09-10T14:53:01","date_gmt":"2015-09-10T12:53:01","guid":{"rendered":"http:\/\/palomo.net\/?p=4763"},"modified":"2015-09-10T14:53:01","modified_gmt":"2015-09-10T12:53:01","slug":"en-julio-se-crean-un-14-mas-sociedades-mercantiles-que-en-2014","status":"publish","type":"post","link":"https:\/\/palomo.net\/ca\/en-julio-se-crean-un-14-mas-sociedades-mercantiles-que-en-2014\/","title":{"rendered":"EN JULIO SE CREAN UN 1,4% M\u00c1S SOCIEDADES MERCANTILES QUE EN 2014"},"content":{"rendered":"<p><strong>En julio se crean 8.074 sociedades mercantiles, un 1,4% m\u00e1s que en el mismo mes de 2014, <\/strong>seg\u00fan el INE. El capital suscrito para su constituci\u00f3n supera los 505 millones de euros, con un aumento del 33,8%. El capital medio suscrito (62.561 euros) aumenta un 32,0% en tasa anual. Por otro lado, en julio ampl\u00edan capital 2.510 sociedades mercantiles, un 5,5% menos que en el mismo mes de 2014. El n\u00famero de sociedades mercantiles disueltas en julio es de 1.432, un 8,7% menos que en el mismo mes de 2014. De \u00e9stas, el 65,6% lo hicieron voluntariamente, el 8,3% por fusi\u00f3n y el 26,1% restante por otras causas.<\/p>\n","protected":false},"excerpt":{"rendered":"<p>En julio se crean 8.074 sociedades mercantiles, un 1,4% m\u00e1s que en el mismo mes de 2014, seg\u00fan el INE. El capital suscrito para su constituci\u00f3n supera los 505 millones de euros, con un aumento del 33,8%. El capital medio suscrito (62.561 euros) aumenta un 32,0% en tasa anual. Por otro lado, en julio ampl\u00edan [&hellip;]<\/p>\n","protected":false},"author":4,"featured_media":4758,"comment_status":"open","ping_status":"open","sticky":false,"template":"","format":"standard","meta":{"_monsterinsights_skip_tracking":false,"_monsterinsights_sitenote_active":false,"_monsterinsights_sitenote_note":"","_monsterinsights_sitenote_category":0,"footnotes":""},"categories":[34],"tags":[],"class_list":["post-4763","post","type-post","status-publish","format-standard","has-post-thumbnail","hentry","category-noticies"],"yoast_head":"<!-- This site is optimized with the Yoast SEO plugin v27.5 - https:\/\/yoast.com\/product\/yoast-seo-wordpress\/ -->\n<title>EN JULIO SE CREAN UN 1,4% M\u00c1S SOCIEDADES MERCANTILES QUE EN 2014 - Palomo Consultors<\/title>\n<meta name=\"robots\" content=\"index, follow, max-snippet:-1, max-image-preview:large, max-video-preview:-1\" \/>\n<link rel=\"canonical\" href=\"https:\/\/palomo.net\/ca\/en-julio-se-crean-un-14-mas-sociedades-mercantiles-que-en-2014\/\" \/>\n<meta property=\"og:locale\" content=\"ca_ES\" \/>\n<meta property=\"og:type\" content=\"article\" \/>\n<meta property=\"og:title\" content=\"EN JULIO SE CREAN UN 1,4% M\u00c1S SOCIEDADES MERCANTILES QUE EN 2014 - Palomo Consultors\" \/>\n<meta property=\"og:description\" content=\"En julio se crean 8.074 sociedades mercantiles, un 1,4% m\u00e1s que en el mismo mes de 2014, seg\u00fan el INE. El capital suscrito para su constituci\u00f3n supera los 505 millones de euros, con un aumento del 33,8%. El capital medio suscrito (62.561 euros) aumenta un 32,0% en tasa anual. Por otro lado, en julio ampl\u00edan [&hellip;]\" \/>\n<meta property=\"og:url\" content=\"https:\/\/palomo.net\/ca\/en-julio-se-crean-un-14-mas-sociedades-mercantiles-que-en-2014\/\" \/>\n<meta property=\"og:site_name\" content=\"Palomo Consultors\" \/>\n<meta property=\"article:published_time\" content=\"2015-09-10T12:53:01+00:00\" \/>\n<meta property=\"og:image\" content=\"https:\/\/palomo.net\/wp-content\/uploads\/se-crean-sociedades-mercantiles.jpg\" \/>\n\t<meta property=\"og:image:width\" content=\"578\" \/>\n\t<meta property=\"og:image:height\" content=\"200\" \/>\n\t<meta property=\"og:image:type\" content=\"image\/jpeg\" \/>\n<meta name=\"author\" content=\"Palomo Consultors\" \/>\n<meta name=\"twitter:card\" content=\"summary_large_image\" \/>\n<meta name=\"twitter:label1\" content=\"Escrit per\" \/>\n\t<meta name=\"twitter:data1\" content=\"Palomo Consultors\" \/>\n<script type=\"application\/ld+json\" class=\"yoast-schema-graph\">{\"@context\":\"https:\\\/\\\/schema.org\",\"@graph\":[{\"@type\":\"Article\",\"@id\":\"https:\\\/\\\/palomo.net\\\/ca\\\/en-julio-se-crean-un-14-mas-sociedades-mercantiles-que-en-2014\\\/#article\",\"isPartOf\":{\"@id\":\"https:\\\/\\\/palomo.net\\\/ca\\\/en-julio-se-crean-un-14-mas-sociedades-mercantiles-que-en-2014\\\/\"},\"author\":{\"name\":\"Palomo Consultors\",\"@id\":\"https:\\\/\\\/palomo.net\\\/#\\\/schema\\\/person\\\/711f80f8e4fbf3466bd3c1c42e621ece\"},\"headline\":\"EN JULIO SE CREAN UN 1,4% M\u00c1S SOCIEDADES MERCANTILES QUE EN 2014\",\"datePublished\":\"2015-09-10T12:53:01+00:00\",\"mainEntityOfPage\":{\"@id\":\"https:\\\/\\\/palomo.net\\\/ca\\\/en-julio-se-crean-un-14-mas-sociedades-mercantiles-que-en-2014\\\/\"},\"wordCount\":109,\"commentCount\":0,\"image\":{\"@id\":\"https:\\\/\\\/palomo.net\\\/ca\\\/en-julio-se-crean-un-14-mas-sociedades-mercantiles-que-en-2014\\\/#primaryimage\"},\"thumbnailUrl\":\"https:\\\/\\\/palomo.net\\\/wp-content\\\/uploads\\\/se-crean-sociedades-mercantiles.jpg\",\"articleSection\":[\"Not\u00edcies\"],\"inLanguage\":\"ca\",\"potentialAction\":[{\"@type\":\"CommentAction\",\"name\":\"Comment\",\"target\":[\"https:\\\/\\\/palomo.net\\\/ca\\\/en-julio-se-crean-un-14-mas-sociedades-mercantiles-que-en-2014\\\/#respond\"]}]},{\"@type\":\"WebPage\",\"@id\":\"https:\\\/\\\/palomo.net\\\/ca\\\/en-julio-se-crean-un-14-mas-sociedades-mercantiles-que-en-2014\\\/\",\"url\":\"https:\\\/\\\/palomo.net\\\/ca\\\/en-julio-se-crean-un-14-mas-sociedades-mercantiles-que-en-2014\\\/\",\"name\":\"EN JULIO SE CREAN UN 1,4% M\u00c1S SOCIEDADES MERCANTILES QUE EN 2014 - Palomo Consultors\",\"isPartOf\":{\"@id\":\"https:\\\/\\\/palomo.net\\\/#website\"},\"primaryImageOfPage\":{\"@id\":\"https:\\\/\\\/palomo.net\\\/ca\\\/en-julio-se-crean-un-14-mas-sociedades-mercantiles-que-en-2014\\\/#primaryimage\"},\"image\":{\"@id\":\"https:\\\/\\\/palomo.net\\\/ca\\\/en-julio-se-crean-un-14-mas-sociedades-mercantiles-que-en-2014\\\/#primaryimage\"},\"thumbnailUrl\":\"https:\\\/\\\/palomo.net\\\/wp-content\\\/uploads\\\/se-crean-sociedades-mercantiles.jpg\",\"datePublished\":\"2015-09-10T12:53:01+00:00\",\"author\":{\"@id\":\"https:\\\/\\\/palomo.net\\\/#\\\/schema\\\/person\\\/711f80f8e4fbf3466bd3c1c42e621ece\"},\"breadcrumb\":{\"@id\":\"https:\\\/\\\/palomo.net\\\/ca\\\/en-julio-se-crean-un-14-mas-sociedades-mercantiles-que-en-2014\\\/#breadcrumb\"},\"inLanguage\":\"ca\",\"potentialAction\":[{\"@type\":\"ReadAction\",\"target\":[\"https:\\\/\\\/palomo.net\\\/ca\\\/en-julio-se-crean-un-14-mas-sociedades-mercantiles-que-en-2014\\\/\"]}]},{\"@type\":\"ImageObject\",\"inLanguage\":\"ca\",\"@id\":\"https:\\\/\\\/palomo.net\\\/ca\\\/en-julio-se-crean-un-14-mas-sociedades-mercantiles-que-en-2014\\\/#primaryimage\",\"url\":\"https:\\\/\\\/palomo.net\\\/wp-content\\\/uploads\\\/se-crean-sociedades-mercantiles.jpg\",\"contentUrl\":\"https:\\\/\\\/palomo.net\\\/wp-content\\\/uploads\\\/se-crean-sociedades-mercantiles.jpg\",\"width\":578,\"height\":200},{\"@type\":\"BreadcrumbList\",\"@id\":\"https:\\\/\\\/palomo.net\\\/ca\\\/en-julio-se-crean-un-14-mas-sociedades-mercantiles-que-en-2014\\\/#breadcrumb\",\"itemListElement\":[{\"@type\":\"ListItem\",\"position\":1,\"name\":\"Portada\",\"item\":\"https:\\\/\\\/palomo.net\\\/ca\\\/\"},{\"@type\":\"ListItem\",\"position\":2,\"name\":\"EN JULIO SE CREAN UN 1,4% M\u00c1S SOCIEDADES MERCANTILES QUE EN 2014\"}]},{\"@type\":\"WebSite\",\"@id\":\"https:\\\/\\\/palomo.net\\\/#website\",\"url\":\"https:\\\/\\\/palomo.net\\\/\",\"name\":\"Palomo Consultors\",\"description\":\"Assessors Laborales d&#039; Empresas\",\"potentialAction\":[{\"@type\":\"SearchAction\",\"target\":{\"@type\":\"EntryPoint\",\"urlTemplate\":\"https:\\\/\\\/palomo.net\\\/?s={search_term_string}\"},\"query-input\":{\"@type\":\"PropertyValueSpecification\",\"valueRequired\":true,\"valueName\":\"search_term_string\"}}],\"inLanguage\":\"ca\"},{\"@type\":\"Person\",\"@id\":\"https:\\\/\\\/palomo.net\\\/#\\\/schema\\\/person\\\/711f80f8e4fbf3466bd3c1c42e621ece\",\"name\":\"Palomo Consultors\",\"url\":\"https:\\\/\\\/palomo.net\\\/ca\\\/author\\\/pl0mo\\\/\"}]}<\/script>\n<!-- \/ Yoast SEO plugin. -->","yoast_head_json":{"title":"EN JULIO SE CREAN UN 1,4% M\u00c1S SOCIEDADES MERCANTILES QUE EN 2014 - Palomo Consultors","robots":{"index":"index","follow":"follow","max-snippet":"max-snippet:-1","max-image-preview":"max-image-preview:large","max-video-preview":"max-video-preview:-1"},"canonical":"https:\/\/palomo.net\/ca\/en-julio-se-crean-un-14-mas-sociedades-mercantiles-que-en-2014\/","og_locale":"ca_ES","og_type":"article","og_title":"EN JULIO SE CREAN UN 1,4% M\u00c1S SOCIEDADES MERCANTILES QUE EN 2014 - Palomo Consultors","og_description":"En julio se crean 8.074 sociedades mercantiles, un 1,4% m\u00e1s que en el mismo mes de 2014, seg\u00fan el INE. El capital suscrito para su constituci\u00f3n supera los 505 millones de euros, con un aumento del 33,8%. El capital medio suscrito (62.561 euros) aumenta un 32,0% en tasa anual. Por otro lado, en julio ampl\u00edan [&hellip;]","og_url":"https:\/\/palomo.net\/ca\/en-julio-se-crean-un-14-mas-sociedades-mercantiles-que-en-2014\/","og_site_name":"Palomo Consultors","article_published_time":"2015-09-10T12:53:01+00:00","og_image":[{"width":578,"height":200,"url":"https:\/\/palomo.net\/wp-content\/uploads\/se-crean-sociedades-mercantiles.jpg","type":"image\/jpeg"}],"author":"Palomo Consultors","twitter_card":"summary_large_image","twitter_misc":{"Escrit per":"Palomo Consultors"},"schema":{"@context":"https:\/\/schema.org","@graph":[{"@type":"Article","@id":"https:\/\/palomo.net\/ca\/en-julio-se-crean-un-14-mas-sociedades-mercantiles-que-en-2014\/#article","isPartOf":{"@id":"https:\/\/palomo.net\/ca\/en-julio-se-crean-un-14-mas-sociedades-mercantiles-que-en-2014\/"},"author":{"name":"Palomo Consultors","@id":"https:\/\/palomo.net\/#\/schema\/person\/711f80f8e4fbf3466bd3c1c42e621ece"},"headline":"EN JULIO SE CREAN UN 1,4% M\u00c1S SOCIEDADES MERCANTILES QUE EN 2014","datePublished":"2015-09-10T12:53:01+00:00","mainEntityOfPage":{"@id":"https:\/\/palomo.net\/ca\/en-julio-se-crean-un-14-mas-sociedades-mercantiles-que-en-2014\/"},"wordCount":109,"commentCount":0,"image":{"@id":"https:\/\/palomo.net\/ca\/en-julio-se-crean-un-14-mas-sociedades-mercantiles-que-en-2014\/#primaryimage"},"thumbnailUrl":"https:\/\/palomo.net\/wp-content\/uploads\/se-crean-sociedades-mercantiles.jpg","articleSection":["Not\u00edcies"],"inLanguage":"ca","potentialAction":[{"@type":"CommentAction","name":"Comment","target":["https:\/\/palomo.net\/ca\/en-julio-se-crean-un-14-mas-sociedades-mercantiles-que-en-2014\/#respond"]}]},{"@type":"WebPage","@id":"https:\/\/palomo.net\/ca\/en-julio-se-crean-un-14-mas-sociedades-mercantiles-que-en-2014\/","url":"https:\/\/palomo.net\/ca\/en-julio-se-crean-un-14-mas-sociedades-mercantiles-que-en-2014\/","name":"EN JULIO SE CREAN UN 1,4% M\u00c1S SOCIEDADES MERCANTILES QUE EN 2014 - Palomo Consultors","isPartOf":{"@id":"https:\/\/palomo.net\/#website"},"primaryImageOfPage":{"@id":"https:\/\/palomo.net\/ca\/en-julio-se-crean-un-14-mas-sociedades-mercantiles-que-en-2014\/#primaryimage"},"image":{"@id":"https:\/\/palomo.net\/ca\/en-julio-se-crean-un-14-mas-sociedades-mercantiles-que-en-2014\/#primaryimage"},"thumbnailUrl":"https:\/\/palomo.net\/wp-content\/uploads\/se-crean-sociedades-mercantiles.jpg","datePublished":"2015-09-10T12:53:01+00:00","author":{"@id":"https:\/\/palomo.net\/#\/schema\/person\/711f80f8e4fbf3466bd3c1c42e621ece"},"breadcrumb":{"@id":"https:\/\/palomo.net\/ca\/en-julio-se-crean-un-14-mas-sociedades-mercantiles-que-en-2014\/#breadcrumb"},"inLanguage":"ca","potentialAction":[{"@type":"ReadAction","target":["https:\/\/palomo.net\/ca\/en-julio-se-crean-un-14-mas-sociedades-mercantiles-que-en-2014\/"]}]},{"@type":"ImageObject","inLanguage":"ca","@id":"https:\/\/palomo.net\/ca\/en-julio-se-crean-un-14-mas-sociedades-mercantiles-que-en-2014\/#primaryimage","url":"https:\/\/palomo.net\/wp-content\/uploads\/se-crean-sociedades-mercantiles.jpg","contentUrl":"https:\/\/palomo.net\/wp-content\/uploads\/se-crean-sociedades-mercantiles.jpg","width":578,"height":200},{"@type":"BreadcrumbList","@id":"https:\/\/palomo.net\/ca\/en-julio-se-crean-un-14-mas-sociedades-mercantiles-que-en-2014\/#breadcrumb","itemListElement":[{"@type":"ListItem","position":1,"name":"Portada","item":"https:\/\/palomo.net\/ca\/"},{"@type":"ListItem","position":2,"name":"EN JULIO SE CREAN UN 1,4% M\u00c1S SOCIEDADES MERCANTILES QUE EN 2014"}]},{"@type":"WebSite","@id":"https:\/\/palomo.net\/#website","url":"https:\/\/palomo.net\/","name":"Palomo Consultors","description":"Assessors Laborales d&#039; Empresas","potentialAction":[{"@type":"SearchAction","target":{"@type":"EntryPoint","urlTemplate":"https:\/\/palomo.net\/?s={search_term_string}"},"query-input":{"@type":"PropertyValueSpecification","valueRequired":true,"valueName":"search_term_string"}}],"inLanguage":"ca"},{"@type":"Person","@id":"https:\/\/palomo.net\/#\/schema\/person\/711f80f8e4fbf3466bd3c1c42e621ece","name":"Palomo Consultors","url":"https:\/\/palomo.net\/ca\/author\/pl0mo\/"}]}},"_links":{"self":[{"href":"https:\/\/palomo.net\/ca\/wp-json\/wp\/v2\/posts\/4763\/"}],"collection":[{"href":"https:\/\/palomo.net\/ca\/wp-json\/wp\/v2\/posts\/"}],"about":[{"href":"https:\/\/palomo.net\/ca\/wp-json\/wp\/v2\/types\/post\/"}],"author":[{"embeddable":true,"href":"https:\/\/palomo.net\/ca\/wp-json\/wp\/v2\/users\/4\/"}],"replies":[{"embeddable":true,"href":"https:\/\/palomo.net\/ca\/wp-json\/wp\/v2\/comments\/?post=4763"}],"version-history":[{"count":1,"href":"https:\/\/palomo.net\/ca\/wp-json\/wp\/v2\/posts\/4763\/revisions\/"}],"predecessor-version":[{"id":4766,"href":"https:\/\/palomo.net\/ca\/wp-json\/wp\/v2\/posts\/4763\/revisions\/4766\/"}],"wp:featuredmedia":[{"embeddable":true,"href":"https:\/\/palomo.net\/ca\/wp-json\/wp\/v2\/media\/4758\/"}],"wp:attachment":[{"href":"https:\/\/palomo.net\/ca\/wp-json\/wp\/v2\/media\/?parent=4763"}],"wp:term":[{"taxonomy":"category","embeddable":true,"href":"https:\/\/palomo.net\/ca\/wp-json\/wp\/v2\/categories\/?post=4763"},{"taxonomy":"post_tag","embeddable":true,"href":"https:\/\/palomo.net\/ca\/wp-json\/wp\/v2\/tags\/?post=4763"}],"curies":[{"name":"wp","href":"https:\/\/api.w.org\/{rel}","templated":true}]}}