{"id":5115,"date":"2015-10-20T11:58:00","date_gmt":"2015-10-20T09:58:00","guid":{"rendered":"http:\/\/palomo.net\/?p=5115"},"modified":"2015-10-20T11:58:00","modified_gmt":"2015-10-20T09:58:00","slug":"el-vehiculo-conectado-es-una-realidad-incipiente-2","status":"publish","type":"post","link":"https:\/\/palomo.net\/ca\/el-vehiculo-conectado-es-una-realidad-incipiente-2\/","title":{"rendered":"EL VEH\u00cdCULO CONECTADO ES UNA REALIDAD INCIPIENTE"},"content":{"rendered":"<p><strong>\u201cEl veh\u00edculo conectado es una realidad incipiente\u201d,<\/strong> pero que en apenas cinco a\u00f1os, \u201cen 2020, el 90% del parque automovil\u00edstico dispondr\u00e1 de estas capacidades\u201d. Esta es una de las conclusiones del \u00faltimo informe de la Fundaci\u00f3n Telef\u00f3nica sobre La sociedad de la informaci\u00f3n en Espa\u00f1a, 2014. El coche se ha convertido en un objeto de deseo para el <strong>desarrollo de aplicaciones que hoy son tambi\u00e9n usadas para el control de flotas.<\/strong> \u201cGracias a este control de flota, las empresas pueden reducir el consumo de combustible hasta un 20% y aumentar un 10% su productividad\u201d. Entre las m\u00e1s innovadoras destacan AlphabetTelematics, AlphaCity y la Oficina Virtual.<\/p>\n","protected":false},"excerpt":{"rendered":"<p>\u201cEl veh\u00edculo conectado es una realidad incipiente\u201d, pero que en apenas cinco a\u00f1os, \u201cen 2020, el 90% del parque automovil\u00edstico dispondr\u00e1 de estas capacidades\u201d. Esta es una de las conclusiones del \u00faltimo informe de la Fundaci\u00f3n Telef\u00f3nica sobre La sociedad de la informaci\u00f3n en Espa\u00f1a, 2014. El coche se ha convertido en un objeto de [&hellip;]<\/p>\n","protected":false},"author":4,"featured_media":5099,"comment_status":"open","ping_status":"open","sticky":false,"template":"","format":"standard","meta":{"_monsterinsights_skip_tracking":false,"_monsterinsights_sitenote_active":false,"_monsterinsights_sitenote_note":"","_monsterinsights_sitenote_category":0,"footnotes":""},"categories":[34],"tags":[],"class_list":["post-5115","post","type-post","status-publish","format-standard","has-post-thumbnail","hentry","category-noticies"],"yoast_head":"<!-- This site is optimized with the Yoast SEO plugin v27.5 - https:\/\/yoast.com\/product\/yoast-seo-wordpress\/ -->\n<title>EL VEH\u00cdCULO CONECTADO ES UNA REALIDAD INCIPIENTE - Palomo Consultors<\/title>\n<meta name=\"robots\" content=\"index, follow, max-snippet:-1, max-image-preview:large, max-video-preview:-1\" \/>\n<link rel=\"canonical\" href=\"https:\/\/palomo.net\/ca\/el-vehiculo-conectado-es-una-realidad-incipiente-2\/\" \/>\n<meta property=\"og:locale\" content=\"ca_ES\" \/>\n<meta property=\"og:type\" content=\"article\" \/>\n<meta property=\"og:title\" content=\"EL VEH\u00cdCULO CONECTADO ES UNA REALIDAD INCIPIENTE - Palomo Consultors\" \/>\n<meta property=\"og:description\" content=\"\u201cEl veh\u00edculo conectado es una realidad incipiente\u201d, pero que en apenas cinco a\u00f1os, \u201cen 2020, el 90% del parque automovil\u00edstico dispondr\u00e1 de estas capacidades\u201d. Esta es una de las conclusiones del \u00faltimo informe de la Fundaci\u00f3n Telef\u00f3nica sobre La sociedad de la informaci\u00f3n en Espa\u00f1a, 2014. El coche se ha convertido en un objeto de [&hellip;]\" \/>\n<meta property=\"og:url\" content=\"https:\/\/palomo.net\/ca\/el-vehiculo-conectado-es-una-realidad-incipiente-2\/\" \/>\n<meta property=\"og:site_name\" content=\"Palomo Consultors\" \/>\n<meta property=\"article:published_time\" content=\"2015-10-20T09:58:00+00:00\" \/>\n<meta property=\"og:image\" content=\"https:\/\/palomo.net\/wp-content\/uploads\/El-veh\u00edculo-conectado-es-una-realidad-incipiente.jpg\" \/>\n\t<meta property=\"og:image:width\" content=\"300\" \/>\n\t<meta property=\"og:image:height\" content=\"168\" \/>\n\t<meta property=\"og:image:type\" content=\"image\/jpeg\" \/>\n<meta name=\"author\" content=\"Palomo Consultors\" \/>\n<meta name=\"twitter:card\" content=\"summary_large_image\" \/>\n<meta name=\"twitter:label1\" content=\"Escrit per\" \/>\n\t<meta name=\"twitter:data1\" content=\"Palomo Consultors\" \/>\n\t<meta name=\"twitter:label2\" content=\"Temps estimat de lectura\" \/>\n\t<meta name=\"twitter:data2\" content=\"1 minut\" \/>\n<script type=\"application\/ld+json\" class=\"yoast-schema-graph\">{\"@context\":\"https:\\\/\\\/schema.org\",\"@graph\":[{\"@type\":\"Article\",\"@id\":\"https:\\\/\\\/palomo.net\\\/ca\\\/el-vehiculo-conectado-es-una-realidad-incipiente-2\\\/#article\",\"isPartOf\":{\"@id\":\"https:\\\/\\\/palomo.net\\\/ca\\\/el-vehiculo-conectado-es-una-realidad-incipiente-2\\\/\"},\"author\":{\"name\":\"Palomo Consultors\",\"@id\":\"https:\\\/\\\/palomo.net\\\/#\\\/schema\\\/person\\\/711f80f8e4fbf3466bd3c1c42e621ece\"},\"headline\":\"EL VEH\u00cdCULO CONECTADO ES UNA REALIDAD INCIPIENTE\",\"datePublished\":\"2015-10-20T09:58:00+00:00\",\"mainEntityOfPage\":{\"@id\":\"https:\\\/\\\/palomo.net\\\/ca\\\/el-vehiculo-conectado-es-una-realidad-incipiente-2\\\/\"},\"wordCount\":117,\"commentCount\":0,\"image\":{\"@id\":\"https:\\\/\\\/palomo.net\\\/ca\\\/el-vehiculo-conectado-es-una-realidad-incipiente-2\\\/#primaryimage\"},\"thumbnailUrl\":\"https:\\\/\\\/palomo.net\\\/wp-content\\\/uploads\\\/El-veh\u00edculo-conectado-es-una-realidad-incipiente.jpg\",\"articleSection\":[\"Not\u00edcies\"],\"inLanguage\":\"ca\",\"potentialAction\":[{\"@type\":\"CommentAction\",\"name\":\"Comment\",\"target\":[\"https:\\\/\\\/palomo.net\\\/ca\\\/el-vehiculo-conectado-es-una-realidad-incipiente-2\\\/#respond\"]}]},{\"@type\":\"WebPage\",\"@id\":\"https:\\\/\\\/palomo.net\\\/ca\\\/el-vehiculo-conectado-es-una-realidad-incipiente-2\\\/\",\"url\":\"https:\\\/\\\/palomo.net\\\/ca\\\/el-vehiculo-conectado-es-una-realidad-incipiente-2\\\/\",\"name\":\"EL VEH\u00cdCULO CONECTADO ES UNA REALIDAD INCIPIENTE - Palomo Consultors\",\"isPartOf\":{\"@id\":\"https:\\\/\\\/palomo.net\\\/#website\"},\"primaryImageOfPage\":{\"@id\":\"https:\\\/\\\/palomo.net\\\/ca\\\/el-vehiculo-conectado-es-una-realidad-incipiente-2\\\/#primaryimage\"},\"image\":{\"@id\":\"https:\\\/\\\/palomo.net\\\/ca\\\/el-vehiculo-conectado-es-una-realidad-incipiente-2\\\/#primaryimage\"},\"thumbnailUrl\":\"https:\\\/\\\/palomo.net\\\/wp-content\\\/uploads\\\/El-veh\u00edculo-conectado-es-una-realidad-incipiente.jpg\",\"datePublished\":\"2015-10-20T09:58:00+00:00\",\"author\":{\"@id\":\"https:\\\/\\\/palomo.net\\\/#\\\/schema\\\/person\\\/711f80f8e4fbf3466bd3c1c42e621ece\"},\"breadcrumb\":{\"@id\":\"https:\\\/\\\/palomo.net\\\/ca\\\/el-vehiculo-conectado-es-una-realidad-incipiente-2\\\/#breadcrumb\"},\"inLanguage\":\"ca\",\"potentialAction\":[{\"@type\":\"ReadAction\",\"target\":[\"https:\\\/\\\/palomo.net\\\/ca\\\/el-vehiculo-conectado-es-una-realidad-incipiente-2\\\/\"]}]},{\"@type\":\"ImageObject\",\"inLanguage\":\"ca\",\"@id\":\"https:\\\/\\\/palomo.net\\\/ca\\\/el-vehiculo-conectado-es-una-realidad-incipiente-2\\\/#primaryimage\",\"url\":\"https:\\\/\\\/palomo.net\\\/wp-content\\\/uploads\\\/El-veh\u00edculo-conectado-es-una-realidad-incipiente.jpg\",\"contentUrl\":\"https:\\\/\\\/palomo.net\\\/wp-content\\\/uploads\\\/El-veh\u00edculo-conectado-es-una-realidad-incipiente.jpg\",\"width\":300,\"height\":168},{\"@type\":\"BreadcrumbList\",\"@id\":\"https:\\\/\\\/palomo.net\\\/ca\\\/el-vehiculo-conectado-es-una-realidad-incipiente-2\\\/#breadcrumb\",\"itemListElement\":[{\"@type\":\"ListItem\",\"position\":1,\"name\":\"Portada\",\"item\":\"https:\\\/\\\/palomo.net\\\/ca\\\/\"},{\"@type\":\"ListItem\",\"position\":2,\"name\":\"EL VEH\u00cdCULO CONECTADO ES UNA REALIDAD INCIPIENTE\"}]},{\"@type\":\"WebSite\",\"@id\":\"https:\\\/\\\/palomo.net\\\/#website\",\"url\":\"https:\\\/\\\/palomo.net\\\/\",\"name\":\"Palomo Consultors\",\"description\":\"Assessors Laborales d&#039; Empresas\",\"potentialAction\":[{\"@type\":\"SearchAction\",\"target\":{\"@type\":\"EntryPoint\",\"urlTemplate\":\"https:\\\/\\\/palomo.net\\\/?s={search_term_string}\"},\"query-input\":{\"@type\":\"PropertyValueSpecification\",\"valueRequired\":true,\"valueName\":\"search_term_string\"}}],\"inLanguage\":\"ca\"},{\"@type\":\"Person\",\"@id\":\"https:\\\/\\\/palomo.net\\\/#\\\/schema\\\/person\\\/711f80f8e4fbf3466bd3c1c42e621ece\",\"name\":\"Palomo Consultors\",\"url\":\"https:\\\/\\\/palomo.net\\\/ca\\\/author\\\/pl0mo\\\/\"}]}<\/script>\n<!-- \/ Yoast SEO plugin. -->","yoast_head_json":{"title":"EL VEH\u00cdCULO CONECTADO ES UNA REALIDAD INCIPIENTE - Palomo Consultors","robots":{"index":"index","follow":"follow","max-snippet":"max-snippet:-1","max-image-preview":"max-image-preview:large","max-video-preview":"max-video-preview:-1"},"canonical":"https:\/\/palomo.net\/ca\/el-vehiculo-conectado-es-una-realidad-incipiente-2\/","og_locale":"ca_ES","og_type":"article","og_title":"EL VEH\u00cdCULO CONECTADO ES UNA REALIDAD INCIPIENTE - Palomo Consultors","og_description":"\u201cEl veh\u00edculo conectado es una realidad incipiente\u201d, pero que en apenas cinco a\u00f1os, \u201cen 2020, el 90% del parque automovil\u00edstico dispondr\u00e1 de estas capacidades\u201d. Esta es una de las conclusiones del \u00faltimo informe de la Fundaci\u00f3n Telef\u00f3nica sobre La sociedad de la informaci\u00f3n en Espa\u00f1a, 2014. El coche se ha convertido en un objeto de [&hellip;]","og_url":"https:\/\/palomo.net\/ca\/el-vehiculo-conectado-es-una-realidad-incipiente-2\/","og_site_name":"Palomo Consultors","article_published_time":"2015-10-20T09:58:00+00:00","og_image":[{"width":300,"height":168,"url":"https:\/\/palomo.net\/wp-content\/uploads\/El-veh\u00edculo-conectado-es-una-realidad-incipiente.jpg","type":"image\/jpeg"}],"author":"Palomo Consultors","twitter_card":"summary_large_image","twitter_misc":{"Escrit per":"Palomo Consultors","Temps estimat de lectura":"1 minut"},"schema":{"@context":"https:\/\/schema.org","@graph":[{"@type":"Article","@id":"https:\/\/palomo.net\/ca\/el-vehiculo-conectado-es-una-realidad-incipiente-2\/#article","isPartOf":{"@id":"https:\/\/palomo.net\/ca\/el-vehiculo-conectado-es-una-realidad-incipiente-2\/"},"author":{"name":"Palomo Consultors","@id":"https:\/\/palomo.net\/#\/schema\/person\/711f80f8e4fbf3466bd3c1c42e621ece"},"headline":"EL VEH\u00cdCULO CONECTADO ES UNA REALIDAD INCIPIENTE","datePublished":"2015-10-20T09:58:00+00:00","mainEntityOfPage":{"@id":"https:\/\/palomo.net\/ca\/el-vehiculo-conectado-es-una-realidad-incipiente-2\/"},"wordCount":117,"commentCount":0,"image":{"@id":"https:\/\/palomo.net\/ca\/el-vehiculo-conectado-es-una-realidad-incipiente-2\/#primaryimage"},"thumbnailUrl":"https:\/\/palomo.net\/wp-content\/uploads\/El-veh\u00edculo-conectado-es-una-realidad-incipiente.jpg","articleSection":["Not\u00edcies"],"inLanguage":"ca","potentialAction":[{"@type":"CommentAction","name":"Comment","target":["https:\/\/palomo.net\/ca\/el-vehiculo-conectado-es-una-realidad-incipiente-2\/#respond"]}]},{"@type":"WebPage","@id":"https:\/\/palomo.net\/ca\/el-vehiculo-conectado-es-una-realidad-incipiente-2\/","url":"https:\/\/palomo.net\/ca\/el-vehiculo-conectado-es-una-realidad-incipiente-2\/","name":"EL VEH\u00cdCULO CONECTADO ES UNA REALIDAD INCIPIENTE - Palomo Consultors","isPartOf":{"@id":"https:\/\/palomo.net\/#website"},"primaryImageOfPage":{"@id":"https:\/\/palomo.net\/ca\/el-vehiculo-conectado-es-una-realidad-incipiente-2\/#primaryimage"},"image":{"@id":"https:\/\/palomo.net\/ca\/el-vehiculo-conectado-es-una-realidad-incipiente-2\/#primaryimage"},"thumbnailUrl":"https:\/\/palomo.net\/wp-content\/uploads\/El-veh\u00edculo-conectado-es-una-realidad-incipiente.jpg","datePublished":"2015-10-20T09:58:00+00:00","author":{"@id":"https:\/\/palomo.net\/#\/schema\/person\/711f80f8e4fbf3466bd3c1c42e621ece"},"breadcrumb":{"@id":"https:\/\/palomo.net\/ca\/el-vehiculo-conectado-es-una-realidad-incipiente-2\/#breadcrumb"},"inLanguage":"ca","potentialAction":[{"@type":"ReadAction","target":["https:\/\/palomo.net\/ca\/el-vehiculo-conectado-es-una-realidad-incipiente-2\/"]}]},{"@type":"ImageObject","inLanguage":"ca","@id":"https:\/\/palomo.net\/ca\/el-vehiculo-conectado-es-una-realidad-incipiente-2\/#primaryimage","url":"https:\/\/palomo.net\/wp-content\/uploads\/El-veh\u00edculo-conectado-es-una-realidad-incipiente.jpg","contentUrl":"https:\/\/palomo.net\/wp-content\/uploads\/El-veh\u00edculo-conectado-es-una-realidad-incipiente.jpg","width":300,"height":168},{"@type":"BreadcrumbList","@id":"https:\/\/palomo.net\/ca\/el-vehiculo-conectado-es-una-realidad-incipiente-2\/#breadcrumb","itemListElement":[{"@type":"ListItem","position":1,"name":"Portada","item":"https:\/\/palomo.net\/ca\/"},{"@type":"ListItem","position":2,"name":"EL VEH\u00cdCULO CONECTADO ES UNA REALIDAD INCIPIENTE"}]},{"@type":"WebSite","@id":"https:\/\/palomo.net\/#website","url":"https:\/\/palomo.net\/","name":"Palomo Consultors","description":"Assessors Laborales d&#039; Empresas","potentialAction":[{"@type":"SearchAction","target":{"@type":"EntryPoint","urlTemplate":"https:\/\/palomo.net\/?s={search_term_string}"},"query-input":{"@type":"PropertyValueSpecification","valueRequired":true,"valueName":"search_term_string"}}],"inLanguage":"ca"},{"@type":"Person","@id":"https:\/\/palomo.net\/#\/schema\/person\/711f80f8e4fbf3466bd3c1c42e621ece","name":"Palomo Consultors","url":"https:\/\/palomo.net\/ca\/author\/pl0mo\/"}]}},"_links":{"self":[{"href":"https:\/\/palomo.net\/ca\/wp-json\/wp\/v2\/posts\/5115\/"}],"collection":[{"href":"https:\/\/palomo.net\/ca\/wp-json\/wp\/v2\/posts\/"}],"about":[{"href":"https:\/\/palomo.net\/ca\/wp-json\/wp\/v2\/types\/post\/"}],"author":[{"embeddable":true,"href":"https:\/\/palomo.net\/ca\/wp-json\/wp\/v2\/users\/4\/"}],"replies":[{"embeddable":true,"href":"https:\/\/palomo.net\/ca\/wp-json\/wp\/v2\/comments\/?post=5115"}],"version-history":[{"count":1,"href":"https:\/\/palomo.net\/ca\/wp-json\/wp\/v2\/posts\/5115\/revisions\/"}],"predecessor-version":[{"id":5117,"href":"https:\/\/palomo.net\/ca\/wp-json\/wp\/v2\/posts\/5115\/revisions\/5117\/"}],"wp:featuredmedia":[{"embeddable":true,"href":"https:\/\/palomo.net\/ca\/wp-json\/wp\/v2\/media\/5099\/"}],"wp:attachment":[{"href":"https:\/\/palomo.net\/ca\/wp-json\/wp\/v2\/media\/?parent=5115"}],"wp:term":[{"taxonomy":"category","embeddable":true,"href":"https:\/\/palomo.net\/ca\/wp-json\/wp\/v2\/categories\/?post=5115"},{"taxonomy":"post_tag","embeddable":true,"href":"https:\/\/palomo.net\/ca\/wp-json\/wp\/v2\/tags\/?post=5115"}],"curies":[{"name":"wp","href":"https:\/\/api.w.org\/{rel}","templated":true}]}}