{"id":5270,"date":"2015-11-03T14:23:27","date_gmt":"2015-11-03T13:23:27","guid":{"rendered":"http:\/\/palomo.net\/?p=5270"},"modified":"2015-11-03T14:33:44","modified_gmt":"2015-11-03T13:33:44","slug":"cc-oo-ha-denuncia-que-la-nueva-ley-de-formacion-profesional-para-el-empleo-3","status":"publish","type":"post","link":"https:\/\/palomo.net\/ca\/cc-oo-ha-denuncia-que-la-nueva-ley-de-formacion-profesional-para-el-empleo-3\/","title":{"rendered":"CC.OO. DENUNCIA LA NUEVA LEY DE FORMACI\u00d3N PROFESIONAL PARA EL EMPLEO"},"content":{"rendered":"<p><strong>CC.OO. ha denunciado que la nueva Ley de Formaci\u00f3n Profesional para el Empleo est\u00e1 &#8220;destruyendo&#8221; las peque\u00f1as academias y centros formativos<\/strong> <strong>al exigirles que adelanten el 40%<\/strong> del coste de los cursos hasta mucho despu\u00e9s de haberlos impartido. CC.OO. denuncia que la Ley de Formaci\u00f3n est\u00e1 destruyendo las peque\u00f1as academias y centros formativos &#8220;Esto ya lo hemos visto en la privatizaci\u00f3n de otros servicios. Primero se deteriora el servicio o se dice que se deteriora para que la opini\u00f3n p\u00fablica no se escandalice al pasarlo a manos privadas. Despu\u00e9s se insiste en que se quiere incentivar la concurrencia competitiva, pero se hace con unas condiciones que s\u00f3lo las grandes empresas pueden cumplir y, finalmente, el servicio se convierte en monopolio privado de algunos&#8221;, advierte el sindicato.<\/p>\n","protected":false},"excerpt":{"rendered":"<p>CC.OO. ha denunciado que la nueva Ley de Formaci\u00f3n Profesional para el Empleo est\u00e1 &#8220;destruyendo&#8221; las peque\u00f1as academias y centros formativos al exigirles que adelanten el 40% del coste de los cursos hasta mucho despu\u00e9s de haberlos impartido. CC.OO. denuncia que la Ley de Formaci\u00f3n est\u00e1 destruyendo las peque\u00f1as academias y centros formativos &#8220;Esto ya [&hellip;]<\/p>\n","protected":false},"author":4,"featured_media":5256,"comment_status":"open","ping_status":"open","sticky":false,"template":"","format":"standard","meta":{"_monsterinsights_skip_tracking":false,"_monsterinsights_sitenote_active":false,"_monsterinsights_sitenote_note":"","_monsterinsights_sitenote_category":0,"footnotes":""},"categories":[34],"tags":[],"class_list":["post-5270","post","type-post","status-publish","format-standard","has-post-thumbnail","hentry","category-noticies"],"yoast_head":"<!-- This site is optimized with the Yoast SEO plugin v27.5 - https:\/\/yoast.com\/product\/yoast-seo-wordpress\/ -->\n<title>CC.OO. DENUNCIA LA NUEVA LEY DE FORMACI\u00d3N PROFESIONAL PARA EL EMPLEO - Palomo Consultors<\/title>\n<meta name=\"robots\" content=\"index, follow, max-snippet:-1, max-image-preview:large, max-video-preview:-1\" \/>\n<link rel=\"canonical\" href=\"https:\/\/palomo.net\/ca\/cc-oo-ha-denuncia-que-la-nueva-ley-de-formacion-profesional-para-el-empleo-3\/\" \/>\n<meta property=\"og:locale\" content=\"ca_ES\" \/>\n<meta property=\"og:type\" content=\"article\" \/>\n<meta property=\"og:title\" content=\"CC.OO. DENUNCIA LA NUEVA LEY DE FORMACI\u00d3N PROFESIONAL PARA EL EMPLEO - Palomo Consultors\" \/>\n<meta property=\"og:description\" content=\"CC.OO. ha denunciado que la nueva Ley de Formaci\u00f3n Profesional para el Empleo est\u00e1 &#8220;destruyendo&#8221; las peque\u00f1as academias y centros formativos al exigirles que adelanten el 40% del coste de los cursos hasta mucho despu\u00e9s de haberlos impartido. CC.OO. denuncia que la Ley de Formaci\u00f3n est\u00e1 destruyendo las peque\u00f1as academias y centros formativos &#8220;Esto ya [&hellip;]\" \/>\n<meta property=\"og:url\" content=\"https:\/\/palomo.net\/ca\/cc-oo-ha-denuncia-que-la-nueva-ley-de-formacion-profesional-para-el-empleo-3\/\" \/>\n<meta property=\"og:site_name\" content=\"Palomo Consultors\" \/>\n<meta property=\"article:published_time\" content=\"2015-11-03T13:23:27+00:00\" \/>\n<meta property=\"article:modified_time\" content=\"2015-11-03T13:33:44+00:00\" \/>\n<meta property=\"og:image\" content=\"https:\/\/palomo.net\/wp-content\/uploads\/LEY-DE-FORMACI\u00d3N-PARA-EL-EMPLEO.jpg\" \/>\n\t<meta property=\"og:image:width\" content=\"278\" \/>\n\t<meta property=\"og:image:height\" content=\"181\" \/>\n\t<meta property=\"og:image:type\" content=\"image\/jpeg\" \/>\n<meta name=\"author\" content=\"Palomo Consultors\" \/>\n<meta name=\"twitter:card\" content=\"summary_large_image\" \/>\n<meta name=\"twitter:label1\" content=\"Escrit per\" \/>\n\t<meta name=\"twitter:data1\" content=\"Palomo Consultors\" \/>\n\t<meta name=\"twitter:label2\" content=\"Temps estimat de lectura\" \/>\n\t<meta name=\"twitter:data2\" content=\"1 minut\" \/>\n<script type=\"application\/ld+json\" class=\"yoast-schema-graph\">{\"@context\":\"https:\\\/\\\/schema.org\",\"@graph\":[{\"@type\":\"Article\",\"@id\":\"https:\\\/\\\/palomo.net\\\/ca\\\/cc-oo-ha-denuncia-que-la-nueva-ley-de-formacion-profesional-para-el-empleo-3\\\/#article\",\"isPartOf\":{\"@id\":\"https:\\\/\\\/palomo.net\\\/ca\\\/cc-oo-ha-denuncia-que-la-nueva-ley-de-formacion-profesional-para-el-empleo-3\\\/\"},\"author\":{\"name\":\"Palomo Consultors\",\"@id\":\"https:\\\/\\\/palomo.net\\\/#\\\/schema\\\/person\\\/711f80f8e4fbf3466bd3c1c42e621ece\"},\"headline\":\"CC.OO. DENUNCIA LA NUEVA LEY DE FORMACI\u00d3N PROFESIONAL PARA EL EMPLEO\",\"datePublished\":\"2015-11-03T13:23:27+00:00\",\"dateModified\":\"2015-11-03T13:33:44+00:00\",\"mainEntityOfPage\":{\"@id\":\"https:\\\/\\\/palomo.net\\\/ca\\\/cc-oo-ha-denuncia-que-la-nueva-ley-de-formacion-profesional-para-el-empleo-3\\\/\"},\"wordCount\":150,\"commentCount\":0,\"image\":{\"@id\":\"https:\\\/\\\/palomo.net\\\/ca\\\/cc-oo-ha-denuncia-que-la-nueva-ley-de-formacion-profesional-para-el-empleo-3\\\/#primaryimage\"},\"thumbnailUrl\":\"https:\\\/\\\/palomo.net\\\/wp-content\\\/uploads\\\/LEY-DE-FORMACI\u00d3N-PARA-EL-EMPLEO.jpg\",\"articleSection\":[\"Not\u00edcies\"],\"inLanguage\":\"ca\",\"potentialAction\":[{\"@type\":\"CommentAction\",\"name\":\"Comment\",\"target\":[\"https:\\\/\\\/palomo.net\\\/ca\\\/cc-oo-ha-denuncia-que-la-nueva-ley-de-formacion-profesional-para-el-empleo-3\\\/#respond\"]}]},{\"@type\":\"WebPage\",\"@id\":\"https:\\\/\\\/palomo.net\\\/ca\\\/cc-oo-ha-denuncia-que-la-nueva-ley-de-formacion-profesional-para-el-empleo-3\\\/\",\"url\":\"https:\\\/\\\/palomo.net\\\/ca\\\/cc-oo-ha-denuncia-que-la-nueva-ley-de-formacion-profesional-para-el-empleo-3\\\/\",\"name\":\"CC.OO. DENUNCIA LA NUEVA LEY DE FORMACI\u00d3N PROFESIONAL PARA EL EMPLEO - Palomo Consultors\",\"isPartOf\":{\"@id\":\"https:\\\/\\\/palomo.net\\\/#website\"},\"primaryImageOfPage\":{\"@id\":\"https:\\\/\\\/palomo.net\\\/ca\\\/cc-oo-ha-denuncia-que-la-nueva-ley-de-formacion-profesional-para-el-empleo-3\\\/#primaryimage\"},\"image\":{\"@id\":\"https:\\\/\\\/palomo.net\\\/ca\\\/cc-oo-ha-denuncia-que-la-nueva-ley-de-formacion-profesional-para-el-empleo-3\\\/#primaryimage\"},\"thumbnailUrl\":\"https:\\\/\\\/palomo.net\\\/wp-content\\\/uploads\\\/LEY-DE-FORMACI\u00d3N-PARA-EL-EMPLEO.jpg\",\"datePublished\":\"2015-11-03T13:23:27+00:00\",\"dateModified\":\"2015-11-03T13:33:44+00:00\",\"author\":{\"@id\":\"https:\\\/\\\/palomo.net\\\/#\\\/schema\\\/person\\\/711f80f8e4fbf3466bd3c1c42e621ece\"},\"breadcrumb\":{\"@id\":\"https:\\\/\\\/palomo.net\\\/ca\\\/cc-oo-ha-denuncia-que-la-nueva-ley-de-formacion-profesional-para-el-empleo-3\\\/#breadcrumb\"},\"inLanguage\":\"ca\",\"potentialAction\":[{\"@type\":\"ReadAction\",\"target\":[\"https:\\\/\\\/palomo.net\\\/ca\\\/cc-oo-ha-denuncia-que-la-nueva-ley-de-formacion-profesional-para-el-empleo-3\\\/\"]}]},{\"@type\":\"ImageObject\",\"inLanguage\":\"ca\",\"@id\":\"https:\\\/\\\/palomo.net\\\/ca\\\/cc-oo-ha-denuncia-que-la-nueva-ley-de-formacion-profesional-para-el-empleo-3\\\/#primaryimage\",\"url\":\"https:\\\/\\\/palomo.net\\\/wp-content\\\/uploads\\\/LEY-DE-FORMACI\u00d3N-PARA-EL-EMPLEO.jpg\",\"contentUrl\":\"https:\\\/\\\/palomo.net\\\/wp-content\\\/uploads\\\/LEY-DE-FORMACI\u00d3N-PARA-EL-EMPLEO.jpg\",\"width\":278,\"height\":181},{\"@type\":\"BreadcrumbList\",\"@id\":\"https:\\\/\\\/palomo.net\\\/ca\\\/cc-oo-ha-denuncia-que-la-nueva-ley-de-formacion-profesional-para-el-empleo-3\\\/#breadcrumb\",\"itemListElement\":[{\"@type\":\"ListItem\",\"position\":1,\"name\":\"Portada\",\"item\":\"https:\\\/\\\/palomo.net\\\/ca\\\/\"},{\"@type\":\"ListItem\",\"position\":2,\"name\":\"CC.OO. DENUNCIA LA NUEVA LEY DE FORMACI\u00d3N PROFESIONAL PARA EL EMPLEO\"}]},{\"@type\":\"WebSite\",\"@id\":\"https:\\\/\\\/palomo.net\\\/#website\",\"url\":\"https:\\\/\\\/palomo.net\\\/\",\"name\":\"Palomo Consultors\",\"description\":\"Assessors Laborales d&#039; Empresas\",\"potentialAction\":[{\"@type\":\"SearchAction\",\"target\":{\"@type\":\"EntryPoint\",\"urlTemplate\":\"https:\\\/\\\/palomo.net\\\/?s={search_term_string}\"},\"query-input\":{\"@type\":\"PropertyValueSpecification\",\"valueRequired\":true,\"valueName\":\"search_term_string\"}}],\"inLanguage\":\"ca\"},{\"@type\":\"Person\",\"@id\":\"https:\\\/\\\/palomo.net\\\/#\\\/schema\\\/person\\\/711f80f8e4fbf3466bd3c1c42e621ece\",\"name\":\"Palomo Consultors\",\"url\":\"https:\\\/\\\/palomo.net\\\/ca\\\/author\\\/pl0mo\\\/\"}]}<\/script>\n<!-- \/ Yoast SEO plugin. -->","yoast_head_json":{"title":"CC.OO. DENUNCIA LA NUEVA LEY DE FORMACI\u00d3N PROFESIONAL PARA EL EMPLEO - Palomo Consultors","robots":{"index":"index","follow":"follow","max-snippet":"max-snippet:-1","max-image-preview":"max-image-preview:large","max-video-preview":"max-video-preview:-1"},"canonical":"https:\/\/palomo.net\/ca\/cc-oo-ha-denuncia-que-la-nueva-ley-de-formacion-profesional-para-el-empleo-3\/","og_locale":"ca_ES","og_type":"article","og_title":"CC.OO. DENUNCIA LA NUEVA LEY DE FORMACI\u00d3N PROFESIONAL PARA EL EMPLEO - Palomo Consultors","og_description":"CC.OO. ha denunciado que la nueva Ley de Formaci\u00f3n Profesional para el Empleo est\u00e1 &#8220;destruyendo&#8221; las peque\u00f1as academias y centros formativos al exigirles que adelanten el 40% del coste de los cursos hasta mucho despu\u00e9s de haberlos impartido. CC.OO. denuncia que la Ley de Formaci\u00f3n est\u00e1 destruyendo las peque\u00f1as academias y centros formativos &#8220;Esto ya [&hellip;]","og_url":"https:\/\/palomo.net\/ca\/cc-oo-ha-denuncia-que-la-nueva-ley-de-formacion-profesional-para-el-empleo-3\/","og_site_name":"Palomo Consultors","article_published_time":"2015-11-03T13:23:27+00:00","article_modified_time":"2015-11-03T13:33:44+00:00","og_image":[{"width":278,"height":181,"url":"https:\/\/palomo.net\/wp-content\/uploads\/LEY-DE-FORMACI\u00d3N-PARA-EL-EMPLEO.jpg","type":"image\/jpeg"}],"author":"Palomo Consultors","twitter_card":"summary_large_image","twitter_misc":{"Escrit per":"Palomo Consultors","Temps estimat de lectura":"1 minut"},"schema":{"@context":"https:\/\/schema.org","@graph":[{"@type":"Article","@id":"https:\/\/palomo.net\/ca\/cc-oo-ha-denuncia-que-la-nueva-ley-de-formacion-profesional-para-el-empleo-3\/#article","isPartOf":{"@id":"https:\/\/palomo.net\/ca\/cc-oo-ha-denuncia-que-la-nueva-ley-de-formacion-profesional-para-el-empleo-3\/"},"author":{"name":"Palomo Consultors","@id":"https:\/\/palomo.net\/#\/schema\/person\/711f80f8e4fbf3466bd3c1c42e621ece"},"headline":"CC.OO. DENUNCIA LA NUEVA LEY DE FORMACI\u00d3N PROFESIONAL PARA EL EMPLEO","datePublished":"2015-11-03T13:23:27+00:00","dateModified":"2015-11-03T13:33:44+00:00","mainEntityOfPage":{"@id":"https:\/\/palomo.net\/ca\/cc-oo-ha-denuncia-que-la-nueva-ley-de-formacion-profesional-para-el-empleo-3\/"},"wordCount":150,"commentCount":0,"image":{"@id":"https:\/\/palomo.net\/ca\/cc-oo-ha-denuncia-que-la-nueva-ley-de-formacion-profesional-para-el-empleo-3\/#primaryimage"},"thumbnailUrl":"https:\/\/palomo.net\/wp-content\/uploads\/LEY-DE-FORMACI\u00d3N-PARA-EL-EMPLEO.jpg","articleSection":["Not\u00edcies"],"inLanguage":"ca","potentialAction":[{"@type":"CommentAction","name":"Comment","target":["https:\/\/palomo.net\/ca\/cc-oo-ha-denuncia-que-la-nueva-ley-de-formacion-profesional-para-el-empleo-3\/#respond"]}]},{"@type":"WebPage","@id":"https:\/\/palomo.net\/ca\/cc-oo-ha-denuncia-que-la-nueva-ley-de-formacion-profesional-para-el-empleo-3\/","url":"https:\/\/palomo.net\/ca\/cc-oo-ha-denuncia-que-la-nueva-ley-de-formacion-profesional-para-el-empleo-3\/","name":"CC.OO. DENUNCIA LA NUEVA LEY DE FORMACI\u00d3N PROFESIONAL PARA EL EMPLEO - Palomo Consultors","isPartOf":{"@id":"https:\/\/palomo.net\/#website"},"primaryImageOfPage":{"@id":"https:\/\/palomo.net\/ca\/cc-oo-ha-denuncia-que-la-nueva-ley-de-formacion-profesional-para-el-empleo-3\/#primaryimage"},"image":{"@id":"https:\/\/palomo.net\/ca\/cc-oo-ha-denuncia-que-la-nueva-ley-de-formacion-profesional-para-el-empleo-3\/#primaryimage"},"thumbnailUrl":"https:\/\/palomo.net\/wp-content\/uploads\/LEY-DE-FORMACI\u00d3N-PARA-EL-EMPLEO.jpg","datePublished":"2015-11-03T13:23:27+00:00","dateModified":"2015-11-03T13:33:44+00:00","author":{"@id":"https:\/\/palomo.net\/#\/schema\/person\/711f80f8e4fbf3466bd3c1c42e621ece"},"breadcrumb":{"@id":"https:\/\/palomo.net\/ca\/cc-oo-ha-denuncia-que-la-nueva-ley-de-formacion-profesional-para-el-empleo-3\/#breadcrumb"},"inLanguage":"ca","potentialAction":[{"@type":"ReadAction","target":["https:\/\/palomo.net\/ca\/cc-oo-ha-denuncia-que-la-nueva-ley-de-formacion-profesional-para-el-empleo-3\/"]}]},{"@type":"ImageObject","inLanguage":"ca","@id":"https:\/\/palomo.net\/ca\/cc-oo-ha-denuncia-que-la-nueva-ley-de-formacion-profesional-para-el-empleo-3\/#primaryimage","url":"https:\/\/palomo.net\/wp-content\/uploads\/LEY-DE-FORMACI\u00d3N-PARA-EL-EMPLEO.jpg","contentUrl":"https:\/\/palomo.net\/wp-content\/uploads\/LEY-DE-FORMACI\u00d3N-PARA-EL-EMPLEO.jpg","width":278,"height":181},{"@type":"BreadcrumbList","@id":"https:\/\/palomo.net\/ca\/cc-oo-ha-denuncia-que-la-nueva-ley-de-formacion-profesional-para-el-empleo-3\/#breadcrumb","itemListElement":[{"@type":"ListItem","position":1,"name":"Portada","item":"https:\/\/palomo.net\/ca\/"},{"@type":"ListItem","position":2,"name":"CC.OO. DENUNCIA LA NUEVA LEY DE FORMACI\u00d3N PROFESIONAL PARA EL EMPLEO"}]},{"@type":"WebSite","@id":"https:\/\/palomo.net\/#website","url":"https:\/\/palomo.net\/","name":"Palomo Consultors","description":"Assessors Laborales d&#039; Empresas","potentialAction":[{"@type":"SearchAction","target":{"@type":"EntryPoint","urlTemplate":"https:\/\/palomo.net\/?s={search_term_string}"},"query-input":{"@type":"PropertyValueSpecification","valueRequired":true,"valueName":"search_term_string"}}],"inLanguage":"ca"},{"@type":"Person","@id":"https:\/\/palomo.net\/#\/schema\/person\/711f80f8e4fbf3466bd3c1c42e621ece","name":"Palomo Consultors","url":"https:\/\/palomo.net\/ca\/author\/pl0mo\/"}]}},"_links":{"self":[{"href":"https:\/\/palomo.net\/ca\/wp-json\/wp\/v2\/posts\/5270\/"}],"collection":[{"href":"https:\/\/palomo.net\/ca\/wp-json\/wp\/v2\/posts\/"}],"about":[{"href":"https:\/\/palomo.net\/ca\/wp-json\/wp\/v2\/types\/post\/"}],"author":[{"embeddable":true,"href":"https:\/\/palomo.net\/ca\/wp-json\/wp\/v2\/users\/4\/"}],"replies":[{"embeddable":true,"href":"https:\/\/palomo.net\/ca\/wp-json\/wp\/v2\/comments\/?post=5270"}],"version-history":[{"count":2,"href":"https:\/\/palomo.net\/ca\/wp-json\/wp\/v2\/posts\/5270\/revisions\/"}],"predecessor-version":[{"id":5287,"href":"https:\/\/palomo.net\/ca\/wp-json\/wp\/v2\/posts\/5270\/revisions\/5287\/"}],"wp:featuredmedia":[{"embeddable":true,"href":"https:\/\/palomo.net\/ca\/wp-json\/wp\/v2\/media\/5256\/"}],"wp:attachment":[{"href":"https:\/\/palomo.net\/ca\/wp-json\/wp\/v2\/media\/?parent=5270"}],"wp:term":[{"taxonomy":"category","embeddable":true,"href":"https:\/\/palomo.net\/ca\/wp-json\/wp\/v2\/categories\/?post=5270"},{"taxonomy":"post_tag","embeddable":true,"href":"https:\/\/palomo.net\/ca\/wp-json\/wp\/v2\/tags\/?post=5270"}],"curies":[{"name":"wp","href":"https:\/\/api.w.org\/{rel}","templated":true}]}}