{"id":5436,"date":"2015-11-13T13:47:50","date_gmt":"2015-11-13T12:47:50","guid":{"rendered":"http:\/\/palomo.net\/?p=5436"},"modified":"2015-11-13T13:47:50","modified_gmt":"2015-11-13T12:47:50","slug":"el-acuerdo-interprofesional-de-cataluna-aic-para-el-periodo-2015-2017","status":"publish","type":"post","link":"https:\/\/palomo.net\/ca\/el-acuerdo-interprofesional-de-cataluna-aic-para-el-periodo-2015-2017\/","title":{"rendered":"EL ACUERDO INTERPROFESIONAL DE CATALU\u00d1A (AIC) PARA EL PERIODO 2015-2017"},"content":{"rendered":"<p><strong>El Acuerdo Interprofesional de Catalu\u00f1a (AIC) para el periodo 2015-2017 <\/strong><strong>aboga por intensificar la flexibilidad laboral en las empresas y defiende una mejora de los salarios similar a la pactada en el conjunto de Espa\u00f1a<\/strong> (1,5% en 2016), pero condicionada a la marcha de cada empresa y sector y fijada en funci\u00f3n del consumo interno, la productividad y la competitividad. El documento tambi\u00e9n incluye referencias a extender las retribuciones variables en las empresas. La fecha que se baraja para la firma del pacto definitivo es el 27 de noviembre. El documento hace referencia a la necesidad de cambiar f\u00f3rmulas de retribuci\u00f3n anticuadas y pide generalizar las retribuciones variables, que se fijar\u00edan de acuerdo a par\u00e1metros concretos, como la productividad. En contra se apuesta por acabar con algunos complementos como los de antig\u00fcedad.<\/p>\n","protected":false},"excerpt":{"rendered":"<p>El Acuerdo Interprofesional de Catalu\u00f1a (AIC) para el periodo 2015-2017 aboga por intensificar la flexibilidad laboral en las empresas y defiende una mejora de los salarios similar a la pactada en el conjunto de Espa\u00f1a (1,5% en 2016), pero condicionada a la marcha de cada empresa y sector y fijada en funci\u00f3n del consumo interno, [&hellip;]<\/p>\n","protected":false},"author":4,"featured_media":5427,"comment_status":"open","ping_status":"open","sticky":false,"template":"","format":"standard","meta":{"_monsterinsights_skip_tracking":false,"_monsterinsights_sitenote_active":false,"_monsterinsights_sitenote_note":"","_monsterinsights_sitenote_category":0,"footnotes":""},"categories":[],"tags":[],"class_list":["post-5436","post","type-post","status-publish","format-standard","has-post-thumbnail","hentry"],"yoast_head":"<!-- This site is optimized with the Yoast SEO plugin v27.5 - https:\/\/yoast.com\/product\/yoast-seo-wordpress\/ -->\n<title>EL ACUERDO INTERPROFESIONAL DE CATALU\u00d1A (AIC) PARA EL PERIODO 2015-2017 - Palomo Consultors<\/title>\n<meta name=\"robots\" content=\"index, follow, max-snippet:-1, max-image-preview:large, max-video-preview:-1\" \/>\n<link rel=\"canonical\" href=\"https:\/\/palomo.net\/ca\/el-acuerdo-interprofesional-de-cataluna-aic-para-el-periodo-2015-2017\/\" \/>\n<meta property=\"og:locale\" content=\"ca_ES\" \/>\n<meta property=\"og:type\" content=\"article\" \/>\n<meta property=\"og:title\" content=\"EL ACUERDO INTERPROFESIONAL DE CATALU\u00d1A (AIC) PARA EL PERIODO 2015-2017 - Palomo Consultors\" \/>\n<meta property=\"og:description\" content=\"El Acuerdo Interprofesional de Catalu\u00f1a (AIC) para el periodo 2015-2017 aboga por intensificar la flexibilidad laboral en las empresas y defiende una mejora de los salarios similar a la pactada en el conjunto de Espa\u00f1a (1,5% en 2016), pero condicionada a la marcha de cada empresa y sector y fijada en funci\u00f3n del consumo interno, [&hellip;]\" \/>\n<meta property=\"og:url\" content=\"https:\/\/palomo.net\/ca\/el-acuerdo-interprofesional-de-cataluna-aic-para-el-periodo-2015-2017\/\" \/>\n<meta property=\"og:site_name\" content=\"Palomo Consultors\" \/>\n<meta property=\"article:published_time\" content=\"2015-11-13T12:47:50+00:00\" \/>\n<meta property=\"og:image\" content=\"https:\/\/palomo.net\/wp-content\/uploads\/RETRIBUCI\u00d3N-VARIABLE.jpg\" \/>\n\t<meta property=\"og:image:width\" content=\"290\" \/>\n\t<meta property=\"og:image:height\" content=\"174\" \/>\n\t<meta property=\"og:image:type\" content=\"image\/jpeg\" \/>\n<meta name=\"author\" content=\"Palomo Consultors\" \/>\n<meta name=\"twitter:card\" content=\"summary_large_image\" \/>\n<meta name=\"twitter:label1\" content=\"Escrit per\" \/>\n\t<meta name=\"twitter:data1\" content=\"Palomo Consultors\" \/>\n\t<meta name=\"twitter:label2\" content=\"Temps estimat de lectura\" \/>\n\t<meta name=\"twitter:data2\" content=\"1 minut\" \/>\n<script type=\"application\/ld+json\" class=\"yoast-schema-graph\">{\"@context\":\"https:\\\/\\\/schema.org\",\"@graph\":[{\"@type\":\"Article\",\"@id\":\"https:\\\/\\\/palomo.net\\\/ca\\\/el-acuerdo-interprofesional-de-cataluna-aic-para-el-periodo-2015-2017\\\/#article\",\"isPartOf\":{\"@id\":\"https:\\\/\\\/palomo.net\\\/ca\\\/el-acuerdo-interprofesional-de-cataluna-aic-para-el-periodo-2015-2017\\\/\"},\"author\":{\"name\":\"Palomo Consultors\",\"@id\":\"https:\\\/\\\/palomo.net\\\/#\\\/schema\\\/person\\\/711f80f8e4fbf3466bd3c1c42e621ece\"},\"headline\":\"EL ACUERDO INTERPROFESIONAL DE CATALU\u00d1A (AIC) PARA EL PERIODO 2015-2017\",\"datePublished\":\"2015-11-13T12:47:50+00:00\",\"mainEntityOfPage\":{\"@id\":\"https:\\\/\\\/palomo.net\\\/ca\\\/el-acuerdo-interprofesional-de-cataluna-aic-para-el-periodo-2015-2017\\\/\"},\"wordCount\":149,\"commentCount\":0,\"image\":{\"@id\":\"https:\\\/\\\/palomo.net\\\/ca\\\/el-acuerdo-interprofesional-de-cataluna-aic-para-el-periodo-2015-2017\\\/#primaryimage\"},\"thumbnailUrl\":\"https:\\\/\\\/palomo.net\\\/wp-content\\\/uploads\\\/RETRIBUCI\u00d3N-VARIABLE.jpg\",\"inLanguage\":\"ca\",\"potentialAction\":[{\"@type\":\"CommentAction\",\"name\":\"Comment\",\"target\":[\"https:\\\/\\\/palomo.net\\\/ca\\\/el-acuerdo-interprofesional-de-cataluna-aic-para-el-periodo-2015-2017\\\/#respond\"]}]},{\"@type\":\"WebPage\",\"@id\":\"https:\\\/\\\/palomo.net\\\/ca\\\/el-acuerdo-interprofesional-de-cataluna-aic-para-el-periodo-2015-2017\\\/\",\"url\":\"https:\\\/\\\/palomo.net\\\/ca\\\/el-acuerdo-interprofesional-de-cataluna-aic-para-el-periodo-2015-2017\\\/\",\"name\":\"EL ACUERDO INTERPROFESIONAL DE CATALU\u00d1A (AIC) PARA EL PERIODO 2015-2017 - Palomo Consultors\",\"isPartOf\":{\"@id\":\"https:\\\/\\\/palomo.net\\\/#website\"},\"primaryImageOfPage\":{\"@id\":\"https:\\\/\\\/palomo.net\\\/ca\\\/el-acuerdo-interprofesional-de-cataluna-aic-para-el-periodo-2015-2017\\\/#primaryimage\"},\"image\":{\"@id\":\"https:\\\/\\\/palomo.net\\\/ca\\\/el-acuerdo-interprofesional-de-cataluna-aic-para-el-periodo-2015-2017\\\/#primaryimage\"},\"thumbnailUrl\":\"https:\\\/\\\/palomo.net\\\/wp-content\\\/uploads\\\/RETRIBUCI\u00d3N-VARIABLE.jpg\",\"datePublished\":\"2015-11-13T12:47:50+00:00\",\"author\":{\"@id\":\"https:\\\/\\\/palomo.net\\\/#\\\/schema\\\/person\\\/711f80f8e4fbf3466bd3c1c42e621ece\"},\"breadcrumb\":{\"@id\":\"https:\\\/\\\/palomo.net\\\/ca\\\/el-acuerdo-interprofesional-de-cataluna-aic-para-el-periodo-2015-2017\\\/#breadcrumb\"},\"inLanguage\":\"ca\",\"potentialAction\":[{\"@type\":\"ReadAction\",\"target\":[\"https:\\\/\\\/palomo.net\\\/ca\\\/el-acuerdo-interprofesional-de-cataluna-aic-para-el-periodo-2015-2017\\\/\"]}]},{\"@type\":\"ImageObject\",\"inLanguage\":\"ca\",\"@id\":\"https:\\\/\\\/palomo.net\\\/ca\\\/el-acuerdo-interprofesional-de-cataluna-aic-para-el-periodo-2015-2017\\\/#primaryimage\",\"url\":\"https:\\\/\\\/palomo.net\\\/wp-content\\\/uploads\\\/RETRIBUCI\u00d3N-VARIABLE.jpg\",\"contentUrl\":\"https:\\\/\\\/palomo.net\\\/wp-content\\\/uploads\\\/RETRIBUCI\u00d3N-VARIABLE.jpg\",\"width\":290,\"height\":174},{\"@type\":\"BreadcrumbList\",\"@id\":\"https:\\\/\\\/palomo.net\\\/ca\\\/el-acuerdo-interprofesional-de-cataluna-aic-para-el-periodo-2015-2017\\\/#breadcrumb\",\"itemListElement\":[{\"@type\":\"ListItem\",\"position\":1,\"name\":\"Portada\",\"item\":\"https:\\\/\\\/palomo.net\\\/ca\\\/\"},{\"@type\":\"ListItem\",\"position\":2,\"name\":\"EL ACUERDO INTERPROFESIONAL DE CATALU\u00d1A (AIC) PARA EL PERIODO 2015-2017\"}]},{\"@type\":\"WebSite\",\"@id\":\"https:\\\/\\\/palomo.net\\\/#website\",\"url\":\"https:\\\/\\\/palomo.net\\\/\",\"name\":\"Palomo Consultors\",\"description\":\"Assessors Laborales d&#039; Empresas\",\"potentialAction\":[{\"@type\":\"SearchAction\",\"target\":{\"@type\":\"EntryPoint\",\"urlTemplate\":\"https:\\\/\\\/palomo.net\\\/?s={search_term_string}\"},\"query-input\":{\"@type\":\"PropertyValueSpecification\",\"valueRequired\":true,\"valueName\":\"search_term_string\"}}],\"inLanguage\":\"ca\"},{\"@type\":\"Person\",\"@id\":\"https:\\\/\\\/palomo.net\\\/#\\\/schema\\\/person\\\/711f80f8e4fbf3466bd3c1c42e621ece\",\"name\":\"Palomo Consultors\",\"url\":\"https:\\\/\\\/palomo.net\\\/ca\\\/author\\\/pl0mo\\\/\"}]}<\/script>\n<!-- \/ Yoast SEO plugin. -->","yoast_head_json":{"title":"EL ACUERDO INTERPROFESIONAL DE CATALU\u00d1A (AIC) PARA EL PERIODO 2015-2017 - Palomo Consultors","robots":{"index":"index","follow":"follow","max-snippet":"max-snippet:-1","max-image-preview":"max-image-preview:large","max-video-preview":"max-video-preview:-1"},"canonical":"https:\/\/palomo.net\/ca\/el-acuerdo-interprofesional-de-cataluna-aic-para-el-periodo-2015-2017\/","og_locale":"ca_ES","og_type":"article","og_title":"EL ACUERDO INTERPROFESIONAL DE CATALU\u00d1A (AIC) PARA EL PERIODO 2015-2017 - Palomo Consultors","og_description":"El Acuerdo Interprofesional de Catalu\u00f1a (AIC) para el periodo 2015-2017 aboga por intensificar la flexibilidad laboral en las empresas y defiende una mejora de los salarios similar a la pactada en el conjunto de Espa\u00f1a (1,5% en 2016), pero condicionada a la marcha de cada empresa y sector y fijada en funci\u00f3n del consumo interno, [&hellip;]","og_url":"https:\/\/palomo.net\/ca\/el-acuerdo-interprofesional-de-cataluna-aic-para-el-periodo-2015-2017\/","og_site_name":"Palomo Consultors","article_published_time":"2015-11-13T12:47:50+00:00","og_image":[{"width":290,"height":174,"url":"https:\/\/palomo.net\/wp-content\/uploads\/RETRIBUCI\u00d3N-VARIABLE.jpg","type":"image\/jpeg"}],"author":"Palomo Consultors","twitter_card":"summary_large_image","twitter_misc":{"Escrit per":"Palomo Consultors","Temps estimat de lectura":"1 minut"},"schema":{"@context":"https:\/\/schema.org","@graph":[{"@type":"Article","@id":"https:\/\/palomo.net\/ca\/el-acuerdo-interprofesional-de-cataluna-aic-para-el-periodo-2015-2017\/#article","isPartOf":{"@id":"https:\/\/palomo.net\/ca\/el-acuerdo-interprofesional-de-cataluna-aic-para-el-periodo-2015-2017\/"},"author":{"name":"Palomo Consultors","@id":"https:\/\/palomo.net\/#\/schema\/person\/711f80f8e4fbf3466bd3c1c42e621ece"},"headline":"EL ACUERDO INTERPROFESIONAL DE CATALU\u00d1A (AIC) PARA EL PERIODO 2015-2017","datePublished":"2015-11-13T12:47:50+00:00","mainEntityOfPage":{"@id":"https:\/\/palomo.net\/ca\/el-acuerdo-interprofesional-de-cataluna-aic-para-el-periodo-2015-2017\/"},"wordCount":149,"commentCount":0,"image":{"@id":"https:\/\/palomo.net\/ca\/el-acuerdo-interprofesional-de-cataluna-aic-para-el-periodo-2015-2017\/#primaryimage"},"thumbnailUrl":"https:\/\/palomo.net\/wp-content\/uploads\/RETRIBUCI\u00d3N-VARIABLE.jpg","inLanguage":"ca","potentialAction":[{"@type":"CommentAction","name":"Comment","target":["https:\/\/palomo.net\/ca\/el-acuerdo-interprofesional-de-cataluna-aic-para-el-periodo-2015-2017\/#respond"]}]},{"@type":"WebPage","@id":"https:\/\/palomo.net\/ca\/el-acuerdo-interprofesional-de-cataluna-aic-para-el-periodo-2015-2017\/","url":"https:\/\/palomo.net\/ca\/el-acuerdo-interprofesional-de-cataluna-aic-para-el-periodo-2015-2017\/","name":"EL ACUERDO INTERPROFESIONAL DE CATALU\u00d1A (AIC) PARA EL PERIODO 2015-2017 - Palomo Consultors","isPartOf":{"@id":"https:\/\/palomo.net\/#website"},"primaryImageOfPage":{"@id":"https:\/\/palomo.net\/ca\/el-acuerdo-interprofesional-de-cataluna-aic-para-el-periodo-2015-2017\/#primaryimage"},"image":{"@id":"https:\/\/palomo.net\/ca\/el-acuerdo-interprofesional-de-cataluna-aic-para-el-periodo-2015-2017\/#primaryimage"},"thumbnailUrl":"https:\/\/palomo.net\/wp-content\/uploads\/RETRIBUCI\u00d3N-VARIABLE.jpg","datePublished":"2015-11-13T12:47:50+00:00","author":{"@id":"https:\/\/palomo.net\/#\/schema\/person\/711f80f8e4fbf3466bd3c1c42e621ece"},"breadcrumb":{"@id":"https:\/\/palomo.net\/ca\/el-acuerdo-interprofesional-de-cataluna-aic-para-el-periodo-2015-2017\/#breadcrumb"},"inLanguage":"ca","potentialAction":[{"@type":"ReadAction","target":["https:\/\/palomo.net\/ca\/el-acuerdo-interprofesional-de-cataluna-aic-para-el-periodo-2015-2017\/"]}]},{"@type":"ImageObject","inLanguage":"ca","@id":"https:\/\/palomo.net\/ca\/el-acuerdo-interprofesional-de-cataluna-aic-para-el-periodo-2015-2017\/#primaryimage","url":"https:\/\/palomo.net\/wp-content\/uploads\/RETRIBUCI\u00d3N-VARIABLE.jpg","contentUrl":"https:\/\/palomo.net\/wp-content\/uploads\/RETRIBUCI\u00d3N-VARIABLE.jpg","width":290,"height":174},{"@type":"BreadcrumbList","@id":"https:\/\/palomo.net\/ca\/el-acuerdo-interprofesional-de-cataluna-aic-para-el-periodo-2015-2017\/#breadcrumb","itemListElement":[{"@type":"ListItem","position":1,"name":"Portada","item":"https:\/\/palomo.net\/ca\/"},{"@type":"ListItem","position":2,"name":"EL ACUERDO INTERPROFESIONAL DE CATALU\u00d1A (AIC) PARA EL PERIODO 2015-2017"}]},{"@type":"WebSite","@id":"https:\/\/palomo.net\/#website","url":"https:\/\/palomo.net\/","name":"Palomo Consultors","description":"Assessors Laborales d&#039; Empresas","potentialAction":[{"@type":"SearchAction","target":{"@type":"EntryPoint","urlTemplate":"https:\/\/palomo.net\/?s={search_term_string}"},"query-input":{"@type":"PropertyValueSpecification","valueRequired":true,"valueName":"search_term_string"}}],"inLanguage":"ca"},{"@type":"Person","@id":"https:\/\/palomo.net\/#\/schema\/person\/711f80f8e4fbf3466bd3c1c42e621ece","name":"Palomo Consultors","url":"https:\/\/palomo.net\/ca\/author\/pl0mo\/"}]}},"_links":{"self":[{"href":"https:\/\/palomo.net\/ca\/wp-json\/wp\/v2\/posts\/5436\/"}],"collection":[{"href":"https:\/\/palomo.net\/ca\/wp-json\/wp\/v2\/posts\/"}],"about":[{"href":"https:\/\/palomo.net\/ca\/wp-json\/wp\/v2\/types\/post\/"}],"author":[{"embeddable":true,"href":"https:\/\/palomo.net\/ca\/wp-json\/wp\/v2\/users\/4\/"}],"replies":[{"embeddable":true,"href":"https:\/\/palomo.net\/ca\/wp-json\/wp\/v2\/comments\/?post=5436"}],"version-history":[{"count":1,"href":"https:\/\/palomo.net\/ca\/wp-json\/wp\/v2\/posts\/5436\/revisions\/"}],"predecessor-version":[{"id":5437,"href":"https:\/\/palomo.net\/ca\/wp-json\/wp\/v2\/posts\/5436\/revisions\/5437\/"}],"wp:featuredmedia":[{"embeddable":true,"href":"https:\/\/palomo.net\/ca\/wp-json\/wp\/v2\/media\/5427\/"}],"wp:attachment":[{"href":"https:\/\/palomo.net\/ca\/wp-json\/wp\/v2\/media\/?parent=5436"}],"wp:term":[{"taxonomy":"category","embeddable":true,"href":"https:\/\/palomo.net\/ca\/wp-json\/wp\/v2\/categories\/?post=5436"},{"taxonomy":"post_tag","embeddable":true,"href":"https:\/\/palomo.net\/ca\/wp-json\/wp\/v2\/tags\/?post=5436"}],"curies":[{"name":"wp","href":"https:\/\/api.w.org\/{rel}","templated":true}]}}