{"id":5486,"date":"2015-11-19T14:08:44","date_gmt":"2015-11-19T13:08:44","guid":{"rendered":"http:\/\/palomo.net\/?p=5486"},"modified":"2015-11-19T14:08:44","modified_gmt":"2015-11-19T13:08:44","slug":"las-exportaciones-espanolas-de-mercancias-crecieron-un-44-en-los-nueve-primeros-meses-de-2015","status":"publish","type":"post","link":"https:\/\/palomo.net\/ca\/las-exportaciones-espanolas-de-mercancias-crecieron-un-44-en-los-nueve-primeros-meses-de-2015\/","title":{"rendered":"LAS EXPORTACIONES ESPA\u00d1OLAS DE MERCANC\u00cdAS CRECIERON UN 4,4% EN LOS NUEVE PRIMEROS MESES DE 2015"},"content":{"rendered":"<p><strong>Las exportaciones espa\u00f1olas de mercanc\u00edas crecieron un 4,4% en los nueve primeros meses de 2015<\/strong> (2,5 puntos superior a la del mismo periodo del a\u00f1o 2014, 1,9%), hasta los 186.261,1 millones de euros. Como en los meses anteriores, el acumulado del a\u00f1o supone un m\u00e1ximo en la serie hist\u00f3rica. En t\u00e9rminos de volumen, el aumento fue del 3,7%, al crecer los precios un 0,7% aproximados por los \u00cdndices de Valor Unitario (IVUs). <strong>Las importaciones, por su parte, crecieron un 3,9%,<\/strong> hasta los 204.903,1. En t\u00e9rminos de volumen, el aumento fue mayor, del 6,2%, ya que los precios disminuyeron un 2,1%.<\/p>\n","protected":false},"excerpt":{"rendered":"<p>Las exportaciones espa\u00f1olas de mercanc\u00edas crecieron un 4,4% en los nueve primeros meses de 2015 (2,5 puntos superior a la del mismo periodo del a\u00f1o 2014, 1,9%), hasta los 186.261,1 millones de euros. Como en los meses anteriores, el acumulado del a\u00f1o supone un m\u00e1ximo en la serie hist\u00f3rica. En t\u00e9rminos de volumen, el aumento [&hellip;]<\/p>\n","protected":false},"author":4,"featured_media":5482,"comment_status":"open","ping_status":"open","sticky":false,"template":"","format":"standard","meta":{"_monsterinsights_skip_tracking":false,"_monsterinsights_sitenote_active":false,"_monsterinsights_sitenote_note":"","_monsterinsights_sitenote_category":0,"footnotes":""},"categories":[34],"tags":[],"class_list":["post-5486","post","type-post","status-publish","format-standard","has-post-thumbnail","hentry","category-noticies"],"yoast_head":"<!-- This site is optimized with the Yoast SEO plugin v27.5 - https:\/\/yoast.com\/product\/yoast-seo-wordpress\/ -->\n<title>LAS EXPORTACIONES ESPA\u00d1OLAS DE MERCANC\u00cdAS CRECIERON UN 4,4% EN LOS NUEVE PRIMEROS MESES DE 2015 - Palomo Consultors<\/title>\n<meta name=\"robots\" content=\"index, follow, max-snippet:-1, max-image-preview:large, max-video-preview:-1\" \/>\n<link rel=\"canonical\" href=\"https:\/\/palomo.net\/ca\/las-exportaciones-espanolas-de-mercancias-crecieron-un-44-en-los-nueve-primeros-meses-de-2015\/\" \/>\n<meta property=\"og:locale\" content=\"ca_ES\" \/>\n<meta property=\"og:type\" content=\"article\" \/>\n<meta property=\"og:title\" content=\"LAS EXPORTACIONES ESPA\u00d1OLAS DE MERCANC\u00cdAS CRECIERON UN 4,4% EN LOS NUEVE PRIMEROS MESES DE 2015 - Palomo Consultors\" \/>\n<meta property=\"og:description\" content=\"Las exportaciones espa\u00f1olas de mercanc\u00edas crecieron un 4,4% en los nueve primeros meses de 2015 (2,5 puntos superior a la del mismo periodo del a\u00f1o 2014, 1,9%), hasta los 186.261,1 millones de euros. Como en los meses anteriores, el acumulado del a\u00f1o supone un m\u00e1ximo en la serie hist\u00f3rica. En t\u00e9rminos de volumen, el aumento [&hellip;]\" \/>\n<meta property=\"og:url\" content=\"https:\/\/palomo.net\/ca\/las-exportaciones-espanolas-de-mercancias-crecieron-un-44-en-los-nueve-primeros-meses-de-2015\/\" \/>\n<meta property=\"og:site_name\" content=\"Palomo Consultors\" \/>\n<meta property=\"article:published_time\" content=\"2015-11-19T13:08:44+00:00\" \/>\n<meta property=\"og:image\" content=\"https:\/\/palomo.net\/wp-content\/uploads\/EXPORTACIONES-EN-ESPA\u00d1A.jpg\" \/>\n\t<meta property=\"og:image:width\" content=\"346\" \/>\n\t<meta property=\"og:image:height\" content=\"145\" \/>\n\t<meta property=\"og:image:type\" content=\"image\/jpeg\" \/>\n<meta name=\"author\" content=\"Palomo Consultors\" \/>\n<meta name=\"twitter:card\" content=\"summary_large_image\" \/>\n<meta name=\"twitter:label1\" content=\"Escrit per\" \/>\n\t<meta name=\"twitter:data1\" content=\"Palomo Consultors\" \/>\n<script type=\"application\/ld+json\" class=\"yoast-schema-graph\">{\"@context\":\"https:\\\/\\\/schema.org\",\"@graph\":[{\"@type\":\"Article\",\"@id\":\"https:\\\/\\\/palomo.net\\\/ca\\\/las-exportaciones-espanolas-de-mercancias-crecieron-un-44-en-los-nueve-primeros-meses-de-2015\\\/#article\",\"isPartOf\":{\"@id\":\"https:\\\/\\\/palomo.net\\\/ca\\\/las-exportaciones-espanolas-de-mercancias-crecieron-un-44-en-los-nueve-primeros-meses-de-2015\\\/\"},\"author\":{\"name\":\"Palomo Consultors\",\"@id\":\"https:\\\/\\\/palomo.net\\\/#\\\/schema\\\/person\\\/711f80f8e4fbf3466bd3c1c42e621ece\"},\"headline\":\"LAS EXPORTACIONES ESPA\u00d1OLAS DE MERCANC\u00cdAS CRECIERON UN 4,4% EN LOS NUEVE PRIMEROS MESES DE 2015\",\"datePublished\":\"2015-11-19T13:08:44+00:00\",\"mainEntityOfPage\":{\"@id\":\"https:\\\/\\\/palomo.net\\\/ca\\\/las-exportaciones-espanolas-de-mercancias-crecieron-un-44-en-los-nueve-primeros-meses-de-2015\\\/\"},\"wordCount\":111,\"commentCount\":0,\"image\":{\"@id\":\"https:\\\/\\\/palomo.net\\\/ca\\\/las-exportaciones-espanolas-de-mercancias-crecieron-un-44-en-los-nueve-primeros-meses-de-2015\\\/#primaryimage\"},\"thumbnailUrl\":\"https:\\\/\\\/palomo.net\\\/wp-content\\\/uploads\\\/EXPORTACIONES-EN-ESPA\u00d1A.jpg\",\"articleSection\":[\"Not\u00edcies\"],\"inLanguage\":\"ca\",\"potentialAction\":[{\"@type\":\"CommentAction\",\"name\":\"Comment\",\"target\":[\"https:\\\/\\\/palomo.net\\\/ca\\\/las-exportaciones-espanolas-de-mercancias-crecieron-un-44-en-los-nueve-primeros-meses-de-2015\\\/#respond\"]}]},{\"@type\":\"WebPage\",\"@id\":\"https:\\\/\\\/palomo.net\\\/ca\\\/las-exportaciones-espanolas-de-mercancias-crecieron-un-44-en-los-nueve-primeros-meses-de-2015\\\/\",\"url\":\"https:\\\/\\\/palomo.net\\\/ca\\\/las-exportaciones-espanolas-de-mercancias-crecieron-un-44-en-los-nueve-primeros-meses-de-2015\\\/\",\"name\":\"LAS EXPORTACIONES ESPA\u00d1OLAS DE MERCANC\u00cdAS CRECIERON UN 4,4% EN LOS NUEVE PRIMEROS MESES DE 2015 - Palomo Consultors\",\"isPartOf\":{\"@id\":\"https:\\\/\\\/palomo.net\\\/#website\"},\"primaryImageOfPage\":{\"@id\":\"https:\\\/\\\/palomo.net\\\/ca\\\/las-exportaciones-espanolas-de-mercancias-crecieron-un-44-en-los-nueve-primeros-meses-de-2015\\\/#primaryimage\"},\"image\":{\"@id\":\"https:\\\/\\\/palomo.net\\\/ca\\\/las-exportaciones-espanolas-de-mercancias-crecieron-un-44-en-los-nueve-primeros-meses-de-2015\\\/#primaryimage\"},\"thumbnailUrl\":\"https:\\\/\\\/palomo.net\\\/wp-content\\\/uploads\\\/EXPORTACIONES-EN-ESPA\u00d1A.jpg\",\"datePublished\":\"2015-11-19T13:08:44+00:00\",\"author\":{\"@id\":\"https:\\\/\\\/palomo.net\\\/#\\\/schema\\\/person\\\/711f80f8e4fbf3466bd3c1c42e621ece\"},\"breadcrumb\":{\"@id\":\"https:\\\/\\\/palomo.net\\\/ca\\\/las-exportaciones-espanolas-de-mercancias-crecieron-un-44-en-los-nueve-primeros-meses-de-2015\\\/#breadcrumb\"},\"inLanguage\":\"ca\",\"potentialAction\":[{\"@type\":\"ReadAction\",\"target\":[\"https:\\\/\\\/palomo.net\\\/ca\\\/las-exportaciones-espanolas-de-mercancias-crecieron-un-44-en-los-nueve-primeros-meses-de-2015\\\/\"]}]},{\"@type\":\"ImageObject\",\"inLanguage\":\"ca\",\"@id\":\"https:\\\/\\\/palomo.net\\\/ca\\\/las-exportaciones-espanolas-de-mercancias-crecieron-un-44-en-los-nueve-primeros-meses-de-2015\\\/#primaryimage\",\"url\":\"https:\\\/\\\/palomo.net\\\/wp-content\\\/uploads\\\/EXPORTACIONES-EN-ESPA\u00d1A.jpg\",\"contentUrl\":\"https:\\\/\\\/palomo.net\\\/wp-content\\\/uploads\\\/EXPORTACIONES-EN-ESPA\u00d1A.jpg\",\"width\":346,\"height\":145},{\"@type\":\"BreadcrumbList\",\"@id\":\"https:\\\/\\\/palomo.net\\\/ca\\\/las-exportaciones-espanolas-de-mercancias-crecieron-un-44-en-los-nueve-primeros-meses-de-2015\\\/#breadcrumb\",\"itemListElement\":[{\"@type\":\"ListItem\",\"position\":1,\"name\":\"Portada\",\"item\":\"https:\\\/\\\/palomo.net\\\/ca\\\/\"},{\"@type\":\"ListItem\",\"position\":2,\"name\":\"LAS EXPORTACIONES ESPA\u00d1OLAS DE MERCANC\u00cdAS CRECIERON UN 4,4% EN LOS NUEVE PRIMEROS MESES DE 2015\"}]},{\"@type\":\"WebSite\",\"@id\":\"https:\\\/\\\/palomo.net\\\/#website\",\"url\":\"https:\\\/\\\/palomo.net\\\/\",\"name\":\"Palomo Consultors\",\"description\":\"Assessors Laborales d&#039; Empresas\",\"potentialAction\":[{\"@type\":\"SearchAction\",\"target\":{\"@type\":\"EntryPoint\",\"urlTemplate\":\"https:\\\/\\\/palomo.net\\\/?s={search_term_string}\"},\"query-input\":{\"@type\":\"PropertyValueSpecification\",\"valueRequired\":true,\"valueName\":\"search_term_string\"}}],\"inLanguage\":\"ca\"},{\"@type\":\"Person\",\"@id\":\"https:\\\/\\\/palomo.net\\\/#\\\/schema\\\/person\\\/711f80f8e4fbf3466bd3c1c42e621ece\",\"name\":\"Palomo Consultors\",\"url\":\"https:\\\/\\\/palomo.net\\\/ca\\\/author\\\/pl0mo\\\/\"}]}<\/script>\n<!-- \/ Yoast SEO plugin. -->","yoast_head_json":{"title":"LAS EXPORTACIONES ESPA\u00d1OLAS DE MERCANC\u00cdAS CRECIERON UN 4,4% EN LOS NUEVE PRIMEROS MESES DE 2015 - Palomo Consultors","robots":{"index":"index","follow":"follow","max-snippet":"max-snippet:-1","max-image-preview":"max-image-preview:large","max-video-preview":"max-video-preview:-1"},"canonical":"https:\/\/palomo.net\/ca\/las-exportaciones-espanolas-de-mercancias-crecieron-un-44-en-los-nueve-primeros-meses-de-2015\/","og_locale":"ca_ES","og_type":"article","og_title":"LAS EXPORTACIONES ESPA\u00d1OLAS DE MERCANC\u00cdAS CRECIERON UN 4,4% EN LOS NUEVE PRIMEROS MESES DE 2015 - Palomo Consultors","og_description":"Las exportaciones espa\u00f1olas de mercanc\u00edas crecieron un 4,4% en los nueve primeros meses de 2015 (2,5 puntos superior a la del mismo periodo del a\u00f1o 2014, 1,9%), hasta los 186.261,1 millones de euros. Como en los meses anteriores, el acumulado del a\u00f1o supone un m\u00e1ximo en la serie hist\u00f3rica. En t\u00e9rminos de volumen, el aumento [&hellip;]","og_url":"https:\/\/palomo.net\/ca\/las-exportaciones-espanolas-de-mercancias-crecieron-un-44-en-los-nueve-primeros-meses-de-2015\/","og_site_name":"Palomo Consultors","article_published_time":"2015-11-19T13:08:44+00:00","og_image":[{"width":346,"height":145,"url":"https:\/\/palomo.net\/wp-content\/uploads\/EXPORTACIONES-EN-ESPA\u00d1A.jpg","type":"image\/jpeg"}],"author":"Palomo Consultors","twitter_card":"summary_large_image","twitter_misc":{"Escrit per":"Palomo Consultors"},"schema":{"@context":"https:\/\/schema.org","@graph":[{"@type":"Article","@id":"https:\/\/palomo.net\/ca\/las-exportaciones-espanolas-de-mercancias-crecieron-un-44-en-los-nueve-primeros-meses-de-2015\/#article","isPartOf":{"@id":"https:\/\/palomo.net\/ca\/las-exportaciones-espanolas-de-mercancias-crecieron-un-44-en-los-nueve-primeros-meses-de-2015\/"},"author":{"name":"Palomo Consultors","@id":"https:\/\/palomo.net\/#\/schema\/person\/711f80f8e4fbf3466bd3c1c42e621ece"},"headline":"LAS EXPORTACIONES ESPA\u00d1OLAS DE MERCANC\u00cdAS CRECIERON UN 4,4% EN LOS NUEVE PRIMEROS MESES DE 2015","datePublished":"2015-11-19T13:08:44+00:00","mainEntityOfPage":{"@id":"https:\/\/palomo.net\/ca\/las-exportaciones-espanolas-de-mercancias-crecieron-un-44-en-los-nueve-primeros-meses-de-2015\/"},"wordCount":111,"commentCount":0,"image":{"@id":"https:\/\/palomo.net\/ca\/las-exportaciones-espanolas-de-mercancias-crecieron-un-44-en-los-nueve-primeros-meses-de-2015\/#primaryimage"},"thumbnailUrl":"https:\/\/palomo.net\/wp-content\/uploads\/EXPORTACIONES-EN-ESPA\u00d1A.jpg","articleSection":["Not\u00edcies"],"inLanguage":"ca","potentialAction":[{"@type":"CommentAction","name":"Comment","target":["https:\/\/palomo.net\/ca\/las-exportaciones-espanolas-de-mercancias-crecieron-un-44-en-los-nueve-primeros-meses-de-2015\/#respond"]}]},{"@type":"WebPage","@id":"https:\/\/palomo.net\/ca\/las-exportaciones-espanolas-de-mercancias-crecieron-un-44-en-los-nueve-primeros-meses-de-2015\/","url":"https:\/\/palomo.net\/ca\/las-exportaciones-espanolas-de-mercancias-crecieron-un-44-en-los-nueve-primeros-meses-de-2015\/","name":"LAS EXPORTACIONES ESPA\u00d1OLAS DE MERCANC\u00cdAS CRECIERON UN 4,4% EN LOS NUEVE PRIMEROS MESES DE 2015 - Palomo Consultors","isPartOf":{"@id":"https:\/\/palomo.net\/#website"},"primaryImageOfPage":{"@id":"https:\/\/palomo.net\/ca\/las-exportaciones-espanolas-de-mercancias-crecieron-un-44-en-los-nueve-primeros-meses-de-2015\/#primaryimage"},"image":{"@id":"https:\/\/palomo.net\/ca\/las-exportaciones-espanolas-de-mercancias-crecieron-un-44-en-los-nueve-primeros-meses-de-2015\/#primaryimage"},"thumbnailUrl":"https:\/\/palomo.net\/wp-content\/uploads\/EXPORTACIONES-EN-ESPA\u00d1A.jpg","datePublished":"2015-11-19T13:08:44+00:00","author":{"@id":"https:\/\/palomo.net\/#\/schema\/person\/711f80f8e4fbf3466bd3c1c42e621ece"},"breadcrumb":{"@id":"https:\/\/palomo.net\/ca\/las-exportaciones-espanolas-de-mercancias-crecieron-un-44-en-los-nueve-primeros-meses-de-2015\/#breadcrumb"},"inLanguage":"ca","potentialAction":[{"@type":"ReadAction","target":["https:\/\/palomo.net\/ca\/las-exportaciones-espanolas-de-mercancias-crecieron-un-44-en-los-nueve-primeros-meses-de-2015\/"]}]},{"@type":"ImageObject","inLanguage":"ca","@id":"https:\/\/palomo.net\/ca\/las-exportaciones-espanolas-de-mercancias-crecieron-un-44-en-los-nueve-primeros-meses-de-2015\/#primaryimage","url":"https:\/\/palomo.net\/wp-content\/uploads\/EXPORTACIONES-EN-ESPA\u00d1A.jpg","contentUrl":"https:\/\/palomo.net\/wp-content\/uploads\/EXPORTACIONES-EN-ESPA\u00d1A.jpg","width":346,"height":145},{"@type":"BreadcrumbList","@id":"https:\/\/palomo.net\/ca\/las-exportaciones-espanolas-de-mercancias-crecieron-un-44-en-los-nueve-primeros-meses-de-2015\/#breadcrumb","itemListElement":[{"@type":"ListItem","position":1,"name":"Portada","item":"https:\/\/palomo.net\/ca\/"},{"@type":"ListItem","position":2,"name":"LAS EXPORTACIONES ESPA\u00d1OLAS DE MERCANC\u00cdAS CRECIERON UN 4,4% EN LOS NUEVE PRIMEROS MESES DE 2015"}]},{"@type":"WebSite","@id":"https:\/\/palomo.net\/#website","url":"https:\/\/palomo.net\/","name":"Palomo Consultors","description":"Assessors Laborales d&#039; Empresas","potentialAction":[{"@type":"SearchAction","target":{"@type":"EntryPoint","urlTemplate":"https:\/\/palomo.net\/?s={search_term_string}"},"query-input":{"@type":"PropertyValueSpecification","valueRequired":true,"valueName":"search_term_string"}}],"inLanguage":"ca"},{"@type":"Person","@id":"https:\/\/palomo.net\/#\/schema\/person\/711f80f8e4fbf3466bd3c1c42e621ece","name":"Palomo Consultors","url":"https:\/\/palomo.net\/ca\/author\/pl0mo\/"}]}},"_links":{"self":[{"href":"https:\/\/palomo.net\/ca\/wp-json\/wp\/v2\/posts\/5486\/"}],"collection":[{"href":"https:\/\/palomo.net\/ca\/wp-json\/wp\/v2\/posts\/"}],"about":[{"href":"https:\/\/palomo.net\/ca\/wp-json\/wp\/v2\/types\/post\/"}],"author":[{"embeddable":true,"href":"https:\/\/palomo.net\/ca\/wp-json\/wp\/v2\/users\/4\/"}],"replies":[{"embeddable":true,"href":"https:\/\/palomo.net\/ca\/wp-json\/wp\/v2\/comments\/?post=5486"}],"version-history":[{"count":1,"href":"https:\/\/palomo.net\/ca\/wp-json\/wp\/v2\/posts\/5486\/revisions\/"}],"predecessor-version":[{"id":5487,"href":"https:\/\/palomo.net\/ca\/wp-json\/wp\/v2\/posts\/5486\/revisions\/5487\/"}],"wp:featuredmedia":[{"embeddable":true,"href":"https:\/\/palomo.net\/ca\/wp-json\/wp\/v2\/media\/5482\/"}],"wp:attachment":[{"href":"https:\/\/palomo.net\/ca\/wp-json\/wp\/v2\/media\/?parent=5486"}],"wp:term":[{"taxonomy":"category","embeddable":true,"href":"https:\/\/palomo.net\/ca\/wp-json\/wp\/v2\/categories\/?post=5486"},{"taxonomy":"post_tag","embeddable":true,"href":"https:\/\/palomo.net\/ca\/wp-json\/wp\/v2\/tags\/?post=5486"}],"curies":[{"name":"wp","href":"https:\/\/api.w.org\/{rel}","templated":true}]}}