{"id":5496,"date":"2015-11-20T15:06:54","date_gmt":"2015-11-20T14:06:54","guid":{"rendered":"http:\/\/palomo.net\/?p=5496"},"modified":"2015-11-20T15:06:54","modified_gmt":"2015-11-20T14:06:54","slug":"la-ce-ha-corregido-a-la-baja-la-implantacion-de-las-renovables-en-espana","status":"publish","type":"post","link":"https:\/\/palomo.net\/ca\/la-ce-ha-corregido-a-la-baja-la-implantacion-de-las-renovables-en-espana\/","title":{"rendered":"LA CE HA CORREGIDO A LA BAJA LA IMPLANTACI\u00d3N DE LAS RENOVABLES EN ESPA\u00d1A"},"content":{"rendered":"<p>El Gobierno central envi\u00f3 a Bruselas en abril el <strong>Programa Nacional de Reforma,<\/strong> donde se aseguraba que el 17,1% del consumo final de energ\u00eda en Espa\u00f1a fue cubierto en 2014 por<strong> fuentes limpias<\/strong>. Pero, en el informe sobre el Estado de la Uni\u00f3n de la Energ\u00eda, la Comisi\u00f3n corrige los datos: las renovables cubrieron el 15,8% del consumo final de energ\u00eda, es decir, 1,3 puntos menos. Desde 2011, la implantaci\u00f3n de las energ\u00edas limpias avanza a paso de hormiga. En 2010, el porcentaje de renovables sobre el consumo total era del 13,8%, dos puntos menos que en 2014. Si se evoluciona a ese ritmo, no se llegar\u00e1 al 20% hasta el 2023.<\/p>\n","protected":false},"excerpt":{"rendered":"<p>El Gobierno central envi\u00f3 a Bruselas en abril el Programa Nacional de Reforma, donde se aseguraba que el 17,1% del consumo final de energ\u00eda en Espa\u00f1a fue cubierto en 2014 por fuentes limpias. Pero, en el informe sobre el Estado de la Uni\u00f3n de la Energ\u00eda, la Comisi\u00f3n corrige los datos: las renovables cubrieron el [&hellip;]<\/p>\n","protected":false},"author":4,"featured_media":5493,"comment_status":"open","ping_status":"open","sticky":false,"template":"","format":"standard","meta":{"_monsterinsights_skip_tracking":false,"_monsterinsights_sitenote_active":false,"_monsterinsights_sitenote_note":"","_monsterinsights_sitenote_category":0,"footnotes":""},"categories":[],"tags":[],"class_list":["post-5496","post","type-post","status-publish","format-standard","has-post-thumbnail","hentry"],"yoast_head":"<!-- This site is optimized with the Yoast SEO plugin v27.4 - https:\/\/yoast.com\/product\/yoast-seo-wordpress\/ -->\n<title>LA CE HA CORREGIDO A LA BAJA LA IMPLANTACI\u00d3N DE LAS RENOVABLES EN ESPA\u00d1A - Palomo Consultors<\/title>\n<meta name=\"robots\" content=\"index, follow, max-snippet:-1, max-image-preview:large, max-video-preview:-1\" \/>\n<link rel=\"canonical\" href=\"https:\/\/palomo.net\/ca\/la-ce-ha-corregido-a-la-baja-la-implantacion-de-las-renovables-en-espana\/\" \/>\n<meta property=\"og:locale\" content=\"ca_ES\" \/>\n<meta property=\"og:type\" content=\"article\" \/>\n<meta property=\"og:title\" content=\"LA CE HA CORREGIDO A LA BAJA LA IMPLANTACI\u00d3N DE LAS RENOVABLES EN ESPA\u00d1A - Palomo Consultors\" \/>\n<meta property=\"og:description\" content=\"El Gobierno central envi\u00f3 a Bruselas en abril el Programa Nacional de Reforma, donde se aseguraba que el 17,1% del consumo final de energ\u00eda en Espa\u00f1a fue cubierto en 2014 por fuentes limpias. Pero, en el informe sobre el Estado de la Uni\u00f3n de la Energ\u00eda, la Comisi\u00f3n corrige los datos: las renovables cubrieron el [&hellip;]\" \/>\n<meta property=\"og:url\" content=\"https:\/\/palomo.net\/ca\/la-ce-ha-corregido-a-la-baja-la-implantacion-de-las-renovables-en-espana\/\" \/>\n<meta property=\"og:site_name\" content=\"Palomo Consultors\" \/>\n<meta property=\"article:published_time\" content=\"2015-11-20T14:06:54+00:00\" \/>\n<meta property=\"og:image\" content=\"https:\/\/palomo.net\/wp-content\/uploads\/energ\u00edas-renovables.jpg\" \/>\n\t<meta property=\"og:image:width\" content=\"384\" \/>\n\t<meta property=\"og:image:height\" content=\"131\" \/>\n\t<meta property=\"og:image:type\" content=\"image\/jpeg\" \/>\n<meta name=\"author\" content=\"Palomo Consultors\" \/>\n<meta name=\"twitter:card\" content=\"summary_large_image\" \/>\n<meta name=\"twitter:label1\" content=\"Escrit per\" \/>\n\t<meta name=\"twitter:data1\" content=\"Palomo Consultors\" \/>\n\t<meta name=\"twitter:label2\" content=\"Temps estimat de lectura\" \/>\n\t<meta name=\"twitter:data2\" content=\"1 minut\" \/>\n<script type=\"application\/ld+json\" class=\"yoast-schema-graph\">{\"@context\":\"https:\\\/\\\/schema.org\",\"@graph\":[{\"@type\":\"Article\",\"@id\":\"https:\\\/\\\/palomo.net\\\/ca\\\/la-ce-ha-corregido-a-la-baja-la-implantacion-de-las-renovables-en-espana\\\/#article\",\"isPartOf\":{\"@id\":\"https:\\\/\\\/palomo.net\\\/ca\\\/la-ce-ha-corregido-a-la-baja-la-implantacion-de-las-renovables-en-espana\\\/\"},\"author\":{\"name\":\"Palomo Consultors\",\"@id\":\"https:\\\/\\\/palomo.net\\\/#\\\/schema\\\/person\\\/711f80f8e4fbf3466bd3c1c42e621ece\"},\"headline\":\"LA CE HA CORREGIDO A LA BAJA LA IMPLANTACI\u00d3N DE LAS RENOVABLES EN ESPA\u00d1A\",\"datePublished\":\"2015-11-20T14:06:54+00:00\",\"mainEntityOfPage\":{\"@id\":\"https:\\\/\\\/palomo.net\\\/ca\\\/la-ce-ha-corregido-a-la-baja-la-implantacion-de-las-renovables-en-espana\\\/\"},\"wordCount\":126,\"commentCount\":0,\"image\":{\"@id\":\"https:\\\/\\\/palomo.net\\\/ca\\\/la-ce-ha-corregido-a-la-baja-la-implantacion-de-las-renovables-en-espana\\\/#primaryimage\"},\"thumbnailUrl\":\"https:\\\/\\\/palomo.net\\\/wp-content\\\/uploads\\\/energ\u00edas-renovables.jpg\",\"inLanguage\":\"ca\",\"potentialAction\":[{\"@type\":\"CommentAction\",\"name\":\"Comment\",\"target\":[\"https:\\\/\\\/palomo.net\\\/ca\\\/la-ce-ha-corregido-a-la-baja-la-implantacion-de-las-renovables-en-espana\\\/#respond\"]}]},{\"@type\":\"WebPage\",\"@id\":\"https:\\\/\\\/palomo.net\\\/ca\\\/la-ce-ha-corregido-a-la-baja-la-implantacion-de-las-renovables-en-espana\\\/\",\"url\":\"https:\\\/\\\/palomo.net\\\/ca\\\/la-ce-ha-corregido-a-la-baja-la-implantacion-de-las-renovables-en-espana\\\/\",\"name\":\"LA CE HA CORREGIDO A LA BAJA LA IMPLANTACI\u00d3N DE LAS RENOVABLES EN ESPA\u00d1A - Palomo Consultors\",\"isPartOf\":{\"@id\":\"https:\\\/\\\/palomo.net\\\/#website\"},\"primaryImageOfPage\":{\"@id\":\"https:\\\/\\\/palomo.net\\\/ca\\\/la-ce-ha-corregido-a-la-baja-la-implantacion-de-las-renovables-en-espana\\\/#primaryimage\"},\"image\":{\"@id\":\"https:\\\/\\\/palomo.net\\\/ca\\\/la-ce-ha-corregido-a-la-baja-la-implantacion-de-las-renovables-en-espana\\\/#primaryimage\"},\"thumbnailUrl\":\"https:\\\/\\\/palomo.net\\\/wp-content\\\/uploads\\\/energ\u00edas-renovables.jpg\",\"datePublished\":\"2015-11-20T14:06:54+00:00\",\"author\":{\"@id\":\"https:\\\/\\\/palomo.net\\\/#\\\/schema\\\/person\\\/711f80f8e4fbf3466bd3c1c42e621ece\"},\"breadcrumb\":{\"@id\":\"https:\\\/\\\/palomo.net\\\/ca\\\/la-ce-ha-corregido-a-la-baja-la-implantacion-de-las-renovables-en-espana\\\/#breadcrumb\"},\"inLanguage\":\"ca\",\"potentialAction\":[{\"@type\":\"ReadAction\",\"target\":[\"https:\\\/\\\/palomo.net\\\/ca\\\/la-ce-ha-corregido-a-la-baja-la-implantacion-de-las-renovables-en-espana\\\/\"]}]},{\"@type\":\"ImageObject\",\"inLanguage\":\"ca\",\"@id\":\"https:\\\/\\\/palomo.net\\\/ca\\\/la-ce-ha-corregido-a-la-baja-la-implantacion-de-las-renovables-en-espana\\\/#primaryimage\",\"url\":\"https:\\\/\\\/palomo.net\\\/wp-content\\\/uploads\\\/energ\u00edas-renovables.jpg\",\"contentUrl\":\"https:\\\/\\\/palomo.net\\\/wp-content\\\/uploads\\\/energ\u00edas-renovables.jpg\",\"width\":384,\"height\":131},{\"@type\":\"BreadcrumbList\",\"@id\":\"https:\\\/\\\/palomo.net\\\/ca\\\/la-ce-ha-corregido-a-la-baja-la-implantacion-de-las-renovables-en-espana\\\/#breadcrumb\",\"itemListElement\":[{\"@type\":\"ListItem\",\"position\":1,\"name\":\"Portada\",\"item\":\"https:\\\/\\\/palomo.net\\\/ca\\\/\"},{\"@type\":\"ListItem\",\"position\":2,\"name\":\"LA CE HA CORREGIDO A LA BAJA LA IMPLANTACI\u00d3N DE LAS RENOVABLES EN ESPA\u00d1A\"}]},{\"@type\":\"WebSite\",\"@id\":\"https:\\\/\\\/palomo.net\\\/#website\",\"url\":\"https:\\\/\\\/palomo.net\\\/\",\"name\":\"Palomo Consultors\",\"description\":\"Assessors Laborales d&#039; Empresas\",\"potentialAction\":[{\"@type\":\"SearchAction\",\"target\":{\"@type\":\"EntryPoint\",\"urlTemplate\":\"https:\\\/\\\/palomo.net\\\/?s={search_term_string}\"},\"query-input\":{\"@type\":\"PropertyValueSpecification\",\"valueRequired\":true,\"valueName\":\"search_term_string\"}}],\"inLanguage\":\"ca\"},{\"@type\":\"Person\",\"@id\":\"https:\\\/\\\/palomo.net\\\/#\\\/schema\\\/person\\\/711f80f8e4fbf3466bd3c1c42e621ece\",\"name\":\"Palomo Consultors\",\"url\":\"https:\\\/\\\/palomo.net\\\/ca\\\/author\\\/pl0mo\\\/\"}]}<\/script>\n<!-- \/ Yoast SEO plugin. -->","yoast_head_json":{"title":"LA CE HA CORREGIDO A LA BAJA LA IMPLANTACI\u00d3N DE LAS RENOVABLES EN ESPA\u00d1A - Palomo Consultors","robots":{"index":"index","follow":"follow","max-snippet":"max-snippet:-1","max-image-preview":"max-image-preview:large","max-video-preview":"max-video-preview:-1"},"canonical":"https:\/\/palomo.net\/ca\/la-ce-ha-corregido-a-la-baja-la-implantacion-de-las-renovables-en-espana\/","og_locale":"ca_ES","og_type":"article","og_title":"LA CE HA CORREGIDO A LA BAJA LA IMPLANTACI\u00d3N DE LAS RENOVABLES EN ESPA\u00d1A - Palomo Consultors","og_description":"El Gobierno central envi\u00f3 a Bruselas en abril el Programa Nacional de Reforma, donde se aseguraba que el 17,1% del consumo final de energ\u00eda en Espa\u00f1a fue cubierto en 2014 por fuentes limpias. Pero, en el informe sobre el Estado de la Uni\u00f3n de la Energ\u00eda, la Comisi\u00f3n corrige los datos: las renovables cubrieron el [&hellip;]","og_url":"https:\/\/palomo.net\/ca\/la-ce-ha-corregido-a-la-baja-la-implantacion-de-las-renovables-en-espana\/","og_site_name":"Palomo Consultors","article_published_time":"2015-11-20T14:06:54+00:00","og_image":[{"width":384,"height":131,"url":"https:\/\/palomo.net\/wp-content\/uploads\/energ\u00edas-renovables.jpg","type":"image\/jpeg"}],"author":"Palomo Consultors","twitter_card":"summary_large_image","twitter_misc":{"Escrit per":"Palomo Consultors","Temps estimat de lectura":"1 minut"},"schema":{"@context":"https:\/\/schema.org","@graph":[{"@type":"Article","@id":"https:\/\/palomo.net\/ca\/la-ce-ha-corregido-a-la-baja-la-implantacion-de-las-renovables-en-espana\/#article","isPartOf":{"@id":"https:\/\/palomo.net\/ca\/la-ce-ha-corregido-a-la-baja-la-implantacion-de-las-renovables-en-espana\/"},"author":{"name":"Palomo Consultors","@id":"https:\/\/palomo.net\/#\/schema\/person\/711f80f8e4fbf3466bd3c1c42e621ece"},"headline":"LA CE HA CORREGIDO A LA BAJA LA IMPLANTACI\u00d3N DE LAS RENOVABLES EN ESPA\u00d1A","datePublished":"2015-11-20T14:06:54+00:00","mainEntityOfPage":{"@id":"https:\/\/palomo.net\/ca\/la-ce-ha-corregido-a-la-baja-la-implantacion-de-las-renovables-en-espana\/"},"wordCount":126,"commentCount":0,"image":{"@id":"https:\/\/palomo.net\/ca\/la-ce-ha-corregido-a-la-baja-la-implantacion-de-las-renovables-en-espana\/#primaryimage"},"thumbnailUrl":"https:\/\/palomo.net\/wp-content\/uploads\/energ\u00edas-renovables.jpg","inLanguage":"ca","potentialAction":[{"@type":"CommentAction","name":"Comment","target":["https:\/\/palomo.net\/ca\/la-ce-ha-corregido-a-la-baja-la-implantacion-de-las-renovables-en-espana\/#respond"]}]},{"@type":"WebPage","@id":"https:\/\/palomo.net\/ca\/la-ce-ha-corregido-a-la-baja-la-implantacion-de-las-renovables-en-espana\/","url":"https:\/\/palomo.net\/ca\/la-ce-ha-corregido-a-la-baja-la-implantacion-de-las-renovables-en-espana\/","name":"LA CE HA CORREGIDO A LA BAJA LA IMPLANTACI\u00d3N DE LAS RENOVABLES EN ESPA\u00d1A - Palomo Consultors","isPartOf":{"@id":"https:\/\/palomo.net\/#website"},"primaryImageOfPage":{"@id":"https:\/\/palomo.net\/ca\/la-ce-ha-corregido-a-la-baja-la-implantacion-de-las-renovables-en-espana\/#primaryimage"},"image":{"@id":"https:\/\/palomo.net\/ca\/la-ce-ha-corregido-a-la-baja-la-implantacion-de-las-renovables-en-espana\/#primaryimage"},"thumbnailUrl":"https:\/\/palomo.net\/wp-content\/uploads\/energ\u00edas-renovables.jpg","datePublished":"2015-11-20T14:06:54+00:00","author":{"@id":"https:\/\/palomo.net\/#\/schema\/person\/711f80f8e4fbf3466bd3c1c42e621ece"},"breadcrumb":{"@id":"https:\/\/palomo.net\/ca\/la-ce-ha-corregido-a-la-baja-la-implantacion-de-las-renovables-en-espana\/#breadcrumb"},"inLanguage":"ca","potentialAction":[{"@type":"ReadAction","target":["https:\/\/palomo.net\/ca\/la-ce-ha-corregido-a-la-baja-la-implantacion-de-las-renovables-en-espana\/"]}]},{"@type":"ImageObject","inLanguage":"ca","@id":"https:\/\/palomo.net\/ca\/la-ce-ha-corregido-a-la-baja-la-implantacion-de-las-renovables-en-espana\/#primaryimage","url":"https:\/\/palomo.net\/wp-content\/uploads\/energ\u00edas-renovables.jpg","contentUrl":"https:\/\/palomo.net\/wp-content\/uploads\/energ\u00edas-renovables.jpg","width":384,"height":131},{"@type":"BreadcrumbList","@id":"https:\/\/palomo.net\/ca\/la-ce-ha-corregido-a-la-baja-la-implantacion-de-las-renovables-en-espana\/#breadcrumb","itemListElement":[{"@type":"ListItem","position":1,"name":"Portada","item":"https:\/\/palomo.net\/ca\/"},{"@type":"ListItem","position":2,"name":"LA CE HA CORREGIDO A LA BAJA LA IMPLANTACI\u00d3N DE LAS RENOVABLES EN ESPA\u00d1A"}]},{"@type":"WebSite","@id":"https:\/\/palomo.net\/#website","url":"https:\/\/palomo.net\/","name":"Palomo Consultors","description":"Assessors Laborales d&#039; Empresas","potentialAction":[{"@type":"SearchAction","target":{"@type":"EntryPoint","urlTemplate":"https:\/\/palomo.net\/?s={search_term_string}"},"query-input":{"@type":"PropertyValueSpecification","valueRequired":true,"valueName":"search_term_string"}}],"inLanguage":"ca"},{"@type":"Person","@id":"https:\/\/palomo.net\/#\/schema\/person\/711f80f8e4fbf3466bd3c1c42e621ece","name":"Palomo Consultors","url":"https:\/\/palomo.net\/ca\/author\/pl0mo\/"}]}},"_links":{"self":[{"href":"https:\/\/palomo.net\/ca\/wp-json\/wp\/v2\/posts\/5496\/"}],"collection":[{"href":"https:\/\/palomo.net\/ca\/wp-json\/wp\/v2\/posts\/"}],"about":[{"href":"https:\/\/palomo.net\/ca\/wp-json\/wp\/v2\/types\/post\/"}],"author":[{"embeddable":true,"href":"https:\/\/palomo.net\/ca\/wp-json\/wp\/v2\/users\/4\/"}],"replies":[{"embeddable":true,"href":"https:\/\/palomo.net\/ca\/wp-json\/wp\/v2\/comments\/?post=5496"}],"version-history":[{"count":1,"href":"https:\/\/palomo.net\/ca\/wp-json\/wp\/v2\/posts\/5496\/revisions\/"}],"predecessor-version":[{"id":5499,"href":"https:\/\/palomo.net\/ca\/wp-json\/wp\/v2\/posts\/5496\/revisions\/5499\/"}],"wp:featuredmedia":[{"embeddable":true,"href":"https:\/\/palomo.net\/ca\/wp-json\/wp\/v2\/media\/5493\/"}],"wp:attachment":[{"href":"https:\/\/palomo.net\/ca\/wp-json\/wp\/v2\/media\/?parent=5496"}],"wp:term":[{"taxonomy":"category","embeddable":true,"href":"https:\/\/palomo.net\/ca\/wp-json\/wp\/v2\/categories\/?post=5496"},{"taxonomy":"post_tag","embeddable":true,"href":"https:\/\/palomo.net\/ca\/wp-json\/wp\/v2\/tags\/?post=5496"}],"curies":[{"name":"wp","href":"https:\/\/api.w.org\/{rel}","templated":true}]}}