{"id":5737,"date":"2015-12-18T18:33:32","date_gmt":"2015-12-18T17:33:32","guid":{"rendered":"http:\/\/palomo.net\/denuncias-por-acoso-laboral-2\/"},"modified":"2015-12-22T14:04:12","modified_gmt":"2015-12-22T13:04:12","slug":"denuncias-por-acoso-laboral","status":"publish","type":"post","link":"https:\/\/palomo.net\/ca\/denuncias-por-acoso-laboral\/","title":{"rendered":"DENUNCIAS POR ACOSO LABORAL"},"content":{"rendered":"<p>Las <strong>denuncias<\/strong> por <strong>acoso laboral<\/strong> se han disparado un 60% en lo que llevamos de a\u00f1o, seg\u00fan datos de la <strong>Inspecci\u00f3n de Trabajo de Catalu\u00f1a<\/strong>. El a\u00f1o pasado se registraron 275 casos de<strong> empleados<\/strong> que consideraban que se hab\u00eda vulnerado su derecho a la intimidad y a la dignidad y, en lo que va de a\u00f1o, los denunciantes ya ascienden a 439, es decir, seis veces m\u00e1s que hace dos a\u00f1os, por lo que les recordamos una vez m\u00e1s la<strong> obligatoriedad<\/strong> de disponer en la empresa del pertinente <strong>Protocolo para la prevenci\u00f3n y tratamiento de situaciones de acoso sexual y laboral<\/strong> .<\/p>\n","protected":false},"excerpt":{"rendered":"<p>Las denuncias por acoso laboral se han disparado un 60% en lo que llevamos de a\u00f1o, seg\u00fan datos de la Inspecci\u00f3n de Trabajo de Catalu\u00f1a. El a\u00f1o pasado se registraron 275 casos de empleados que consideraban que se hab\u00eda vulnerado su derecho a la intimidad y a la dignidad y, en lo que va de [&hellip;]<\/p>\n","protected":false},"author":4,"featured_media":5734,"comment_status":"open","ping_status":"open","sticky":false,"template":"","format":"standard","meta":{"_monsterinsights_skip_tracking":false,"_monsterinsights_sitenote_active":false,"_monsterinsights_sitenote_note":"","_monsterinsights_sitenote_category":0,"footnotes":""},"categories":[55],"tags":[],"class_list":["post-5737","post","type-post","status-publish","format-standard","has-post-thumbnail","hentry","category-blog-ca"],"yoast_head":"<!-- This site is optimized with the Yoast SEO plugin v27.5 - https:\/\/yoast.com\/product\/yoast-seo-wordpress\/ -->\n<title>DENUNCIAS POR ACOSO LABORAL - Palomo Consultors<\/title>\n<meta name=\"robots\" content=\"index, follow, max-snippet:-1, max-image-preview:large, max-video-preview:-1\" \/>\n<link rel=\"canonical\" href=\"https:\/\/palomo.net\/ca\/denuncias-por-acoso-laboral\/\" \/>\n<meta property=\"og:locale\" content=\"ca_ES\" \/>\n<meta property=\"og:type\" content=\"article\" \/>\n<meta property=\"og:title\" content=\"DENUNCIAS POR ACOSO LABORAL - Palomo Consultors\" \/>\n<meta property=\"og:description\" content=\"Las denuncias por acoso laboral se han disparado un 60% en lo que llevamos de a\u00f1o, seg\u00fan datos de la Inspecci\u00f3n de Trabajo de Catalu\u00f1a. El a\u00f1o pasado se registraron 275 casos de empleados que consideraban que se hab\u00eda vulnerado su derecho a la intimidad y a la dignidad y, en lo que va de [&hellip;]\" \/>\n<meta property=\"og:url\" content=\"https:\/\/palomo.net\/ca\/denuncias-por-acoso-laboral\/\" \/>\n<meta property=\"og:site_name\" content=\"Palomo Consultors\" \/>\n<meta property=\"article:published_time\" content=\"2015-12-18T17:33:32+00:00\" \/>\n<meta property=\"article:modified_time\" content=\"2015-12-22T13:04:12+00:00\" \/>\n<meta property=\"og:image\" content=\"https:\/\/palomo.net\/wp-content\/uploads\/ACOSO-LABORAL.jpg\" \/>\n\t<meta property=\"og:image:width\" content=\"275\" \/>\n\t<meta property=\"og:image:height\" content=\"183\" \/>\n\t<meta property=\"og:image:type\" content=\"image\/jpeg\" \/>\n<meta name=\"author\" content=\"Palomo Consultors\" \/>\n<meta name=\"twitter:card\" content=\"summary_large_image\" \/>\n<meta name=\"twitter:label1\" content=\"Escrit per\" \/>\n\t<meta name=\"twitter:data1\" content=\"Palomo Consultors\" \/>\n\t<meta name=\"twitter:label2\" content=\"Temps estimat de lectura\" \/>\n\t<meta name=\"twitter:data2\" content=\"1 minut\" \/>\n<script type=\"application\/ld+json\" class=\"yoast-schema-graph\">{\"@context\":\"https:\\\/\\\/schema.org\",\"@graph\":[{\"@type\":\"Article\",\"@id\":\"https:\\\/\\\/palomo.net\\\/ca\\\/denuncias-por-acoso-laboral\\\/#article\",\"isPartOf\":{\"@id\":\"https:\\\/\\\/palomo.net\\\/ca\\\/denuncias-por-acoso-laboral\\\/\"},\"author\":{\"name\":\"Palomo Consultors\",\"@id\":\"https:\\\/\\\/palomo.net\\\/#\\\/schema\\\/person\\\/711f80f8e4fbf3466bd3c1c42e621ece\"},\"headline\":\"DENUNCIAS POR ACOSO LABORAL\",\"datePublished\":\"2015-12-18T17:33:32+00:00\",\"dateModified\":\"2015-12-22T13:04:12+00:00\",\"mainEntityOfPage\":{\"@id\":\"https:\\\/\\\/palomo.net\\\/ca\\\/denuncias-por-acoso-laboral\\\/\"},\"wordCount\":113,\"commentCount\":0,\"image\":{\"@id\":\"https:\\\/\\\/palomo.net\\\/ca\\\/denuncias-por-acoso-laboral\\\/#primaryimage\"},\"thumbnailUrl\":\"https:\\\/\\\/palomo.net\\\/wp-content\\\/uploads\\\/ACOSO-LABORAL.jpg\",\"articleSection\":[\"Blog\"],\"inLanguage\":\"ca\",\"potentialAction\":[{\"@type\":\"CommentAction\",\"name\":\"Comment\",\"target\":[\"https:\\\/\\\/palomo.net\\\/ca\\\/denuncias-por-acoso-laboral\\\/#respond\"]}]},{\"@type\":\"WebPage\",\"@id\":\"https:\\\/\\\/palomo.net\\\/ca\\\/denuncias-por-acoso-laboral\\\/\",\"url\":\"https:\\\/\\\/palomo.net\\\/ca\\\/denuncias-por-acoso-laboral\\\/\",\"name\":\"DENUNCIAS POR ACOSO LABORAL - Palomo Consultors\",\"isPartOf\":{\"@id\":\"https:\\\/\\\/palomo.net\\\/#website\"},\"primaryImageOfPage\":{\"@id\":\"https:\\\/\\\/palomo.net\\\/ca\\\/denuncias-por-acoso-laboral\\\/#primaryimage\"},\"image\":{\"@id\":\"https:\\\/\\\/palomo.net\\\/ca\\\/denuncias-por-acoso-laboral\\\/#primaryimage\"},\"thumbnailUrl\":\"https:\\\/\\\/palomo.net\\\/wp-content\\\/uploads\\\/ACOSO-LABORAL.jpg\",\"datePublished\":\"2015-12-18T17:33:32+00:00\",\"dateModified\":\"2015-12-22T13:04:12+00:00\",\"author\":{\"@id\":\"https:\\\/\\\/palomo.net\\\/#\\\/schema\\\/person\\\/711f80f8e4fbf3466bd3c1c42e621ece\"},\"breadcrumb\":{\"@id\":\"https:\\\/\\\/palomo.net\\\/ca\\\/denuncias-por-acoso-laboral\\\/#breadcrumb\"},\"inLanguage\":\"ca\",\"potentialAction\":[{\"@type\":\"ReadAction\",\"target\":[\"https:\\\/\\\/palomo.net\\\/ca\\\/denuncias-por-acoso-laboral\\\/\"]}]},{\"@type\":\"ImageObject\",\"inLanguage\":\"ca\",\"@id\":\"https:\\\/\\\/palomo.net\\\/ca\\\/denuncias-por-acoso-laboral\\\/#primaryimage\",\"url\":\"https:\\\/\\\/palomo.net\\\/wp-content\\\/uploads\\\/ACOSO-LABORAL.jpg\",\"contentUrl\":\"https:\\\/\\\/palomo.net\\\/wp-content\\\/uploads\\\/ACOSO-LABORAL.jpg\",\"width\":275,\"height\":183},{\"@type\":\"BreadcrumbList\",\"@id\":\"https:\\\/\\\/palomo.net\\\/ca\\\/denuncias-por-acoso-laboral\\\/#breadcrumb\",\"itemListElement\":[{\"@type\":\"ListItem\",\"position\":1,\"name\":\"Portada\",\"item\":\"https:\\\/\\\/palomo.net\\\/ca\\\/\"},{\"@type\":\"ListItem\",\"position\":2,\"name\":\"DENUNCIAS POR ACOSO LABORAL\"}]},{\"@type\":\"WebSite\",\"@id\":\"https:\\\/\\\/palomo.net\\\/#website\",\"url\":\"https:\\\/\\\/palomo.net\\\/\",\"name\":\"Palomo Consultors\",\"description\":\"Assessors Laborales d&#039; Empresas\",\"potentialAction\":[{\"@type\":\"SearchAction\",\"target\":{\"@type\":\"EntryPoint\",\"urlTemplate\":\"https:\\\/\\\/palomo.net\\\/?s={search_term_string}\"},\"query-input\":{\"@type\":\"PropertyValueSpecification\",\"valueRequired\":true,\"valueName\":\"search_term_string\"}}],\"inLanguage\":\"ca\"},{\"@type\":\"Person\",\"@id\":\"https:\\\/\\\/palomo.net\\\/#\\\/schema\\\/person\\\/711f80f8e4fbf3466bd3c1c42e621ece\",\"name\":\"Palomo Consultors\",\"url\":\"https:\\\/\\\/palomo.net\\\/ca\\\/author\\\/pl0mo\\\/\"}]}<\/script>\n<!-- \/ Yoast SEO plugin. -->","yoast_head_json":{"title":"DENUNCIAS POR ACOSO LABORAL - Palomo Consultors","robots":{"index":"index","follow":"follow","max-snippet":"max-snippet:-1","max-image-preview":"max-image-preview:large","max-video-preview":"max-video-preview:-1"},"canonical":"https:\/\/palomo.net\/ca\/denuncias-por-acoso-laboral\/","og_locale":"ca_ES","og_type":"article","og_title":"DENUNCIAS POR ACOSO LABORAL - Palomo Consultors","og_description":"Las denuncias por acoso laboral se han disparado un 60% en lo que llevamos de a\u00f1o, seg\u00fan datos de la Inspecci\u00f3n de Trabajo de Catalu\u00f1a. El a\u00f1o pasado se registraron 275 casos de empleados que consideraban que se hab\u00eda vulnerado su derecho a la intimidad y a la dignidad y, en lo que va de [&hellip;]","og_url":"https:\/\/palomo.net\/ca\/denuncias-por-acoso-laboral\/","og_site_name":"Palomo Consultors","article_published_time":"2015-12-18T17:33:32+00:00","article_modified_time":"2015-12-22T13:04:12+00:00","og_image":[{"width":275,"height":183,"url":"https:\/\/palomo.net\/wp-content\/uploads\/ACOSO-LABORAL.jpg","type":"image\/jpeg"}],"author":"Palomo Consultors","twitter_card":"summary_large_image","twitter_misc":{"Escrit per":"Palomo Consultors","Temps estimat de lectura":"1 minut"},"schema":{"@context":"https:\/\/schema.org","@graph":[{"@type":"Article","@id":"https:\/\/palomo.net\/ca\/denuncias-por-acoso-laboral\/#article","isPartOf":{"@id":"https:\/\/palomo.net\/ca\/denuncias-por-acoso-laboral\/"},"author":{"name":"Palomo Consultors","@id":"https:\/\/palomo.net\/#\/schema\/person\/711f80f8e4fbf3466bd3c1c42e621ece"},"headline":"DENUNCIAS POR ACOSO LABORAL","datePublished":"2015-12-18T17:33:32+00:00","dateModified":"2015-12-22T13:04:12+00:00","mainEntityOfPage":{"@id":"https:\/\/palomo.net\/ca\/denuncias-por-acoso-laboral\/"},"wordCount":113,"commentCount":0,"image":{"@id":"https:\/\/palomo.net\/ca\/denuncias-por-acoso-laboral\/#primaryimage"},"thumbnailUrl":"https:\/\/palomo.net\/wp-content\/uploads\/ACOSO-LABORAL.jpg","articleSection":["Blog"],"inLanguage":"ca","potentialAction":[{"@type":"CommentAction","name":"Comment","target":["https:\/\/palomo.net\/ca\/denuncias-por-acoso-laboral\/#respond"]}]},{"@type":"WebPage","@id":"https:\/\/palomo.net\/ca\/denuncias-por-acoso-laboral\/","url":"https:\/\/palomo.net\/ca\/denuncias-por-acoso-laboral\/","name":"DENUNCIAS POR ACOSO LABORAL - Palomo Consultors","isPartOf":{"@id":"https:\/\/palomo.net\/#website"},"primaryImageOfPage":{"@id":"https:\/\/palomo.net\/ca\/denuncias-por-acoso-laboral\/#primaryimage"},"image":{"@id":"https:\/\/palomo.net\/ca\/denuncias-por-acoso-laboral\/#primaryimage"},"thumbnailUrl":"https:\/\/palomo.net\/wp-content\/uploads\/ACOSO-LABORAL.jpg","datePublished":"2015-12-18T17:33:32+00:00","dateModified":"2015-12-22T13:04:12+00:00","author":{"@id":"https:\/\/palomo.net\/#\/schema\/person\/711f80f8e4fbf3466bd3c1c42e621ece"},"breadcrumb":{"@id":"https:\/\/palomo.net\/ca\/denuncias-por-acoso-laboral\/#breadcrumb"},"inLanguage":"ca","potentialAction":[{"@type":"ReadAction","target":["https:\/\/palomo.net\/ca\/denuncias-por-acoso-laboral\/"]}]},{"@type":"ImageObject","inLanguage":"ca","@id":"https:\/\/palomo.net\/ca\/denuncias-por-acoso-laboral\/#primaryimage","url":"https:\/\/palomo.net\/wp-content\/uploads\/ACOSO-LABORAL.jpg","contentUrl":"https:\/\/palomo.net\/wp-content\/uploads\/ACOSO-LABORAL.jpg","width":275,"height":183},{"@type":"BreadcrumbList","@id":"https:\/\/palomo.net\/ca\/denuncias-por-acoso-laboral\/#breadcrumb","itemListElement":[{"@type":"ListItem","position":1,"name":"Portada","item":"https:\/\/palomo.net\/ca\/"},{"@type":"ListItem","position":2,"name":"DENUNCIAS POR ACOSO LABORAL"}]},{"@type":"WebSite","@id":"https:\/\/palomo.net\/#website","url":"https:\/\/palomo.net\/","name":"Palomo Consultors","description":"Assessors Laborales d&#039; Empresas","potentialAction":[{"@type":"SearchAction","target":{"@type":"EntryPoint","urlTemplate":"https:\/\/palomo.net\/?s={search_term_string}"},"query-input":{"@type":"PropertyValueSpecification","valueRequired":true,"valueName":"search_term_string"}}],"inLanguage":"ca"},{"@type":"Person","@id":"https:\/\/palomo.net\/#\/schema\/person\/711f80f8e4fbf3466bd3c1c42e621ece","name":"Palomo Consultors","url":"https:\/\/palomo.net\/ca\/author\/pl0mo\/"}]}},"_links":{"self":[{"href":"https:\/\/palomo.net\/ca\/wp-json\/wp\/v2\/posts\/5737\/"}],"collection":[{"href":"https:\/\/palomo.net\/ca\/wp-json\/wp\/v2\/posts\/"}],"about":[{"href":"https:\/\/palomo.net\/ca\/wp-json\/wp\/v2\/types\/post\/"}],"author":[{"embeddable":true,"href":"https:\/\/palomo.net\/ca\/wp-json\/wp\/v2\/users\/4\/"}],"replies":[{"embeddable":true,"href":"https:\/\/palomo.net\/ca\/wp-json\/wp\/v2\/comments\/?post=5737"}],"version-history":[{"count":1,"href":"https:\/\/palomo.net\/ca\/wp-json\/wp\/v2\/posts\/5737\/revisions\/"}],"predecessor-version":[{"id":5752,"href":"https:\/\/palomo.net\/ca\/wp-json\/wp\/v2\/posts\/5737\/revisions\/5752\/"}],"wp:featuredmedia":[{"embeddable":true,"href":"https:\/\/palomo.net\/ca\/wp-json\/wp\/v2\/media\/5734\/"}],"wp:attachment":[{"href":"https:\/\/palomo.net\/ca\/wp-json\/wp\/v2\/media\/?parent=5737"}],"wp:term":[{"taxonomy":"category","embeddable":true,"href":"https:\/\/palomo.net\/ca\/wp-json\/wp\/v2\/categories\/?post=5737"},{"taxonomy":"post_tag","embeddable":true,"href":"https:\/\/palomo.net\/ca\/wp-json\/wp\/v2\/tags\/?post=5737"}],"curies":[{"name":"wp","href":"https:\/\/api.w.org\/{rel}","templated":true}]}}