{"id":5768,"date":"2015-12-23T15:13:00","date_gmt":"2015-12-23T14:13:00","guid":{"rendered":"http:\/\/palomo.net\/el-tribunal-supremo-pregunta-sobre-una-posible-inconstitucionalidad-de-la-reforma-de-energias-renovables-2\/"},"modified":"2015-12-23T15:13:00","modified_gmt":"2015-12-23T14:13:00","slug":"el-tribunal-supremo-pregunta-sobre-una-posible-inconstitucionalidad-de-la-reforma-de-energias-renovables","status":"publish","type":"post","link":"https:\/\/palomo.net\/ca\/el-tribunal-supremo-pregunta-sobre-una-posible-inconstitucionalidad-de-la-reforma-de-energias-renovables\/","title":{"rendered":"EL TRIBUNAL SUPREMO PREGUNTA SOBRE UNA POSIBLE INCONSTITUCIONALIDAD DE LA REFORMA DE ENERG\u00cdAS RENOVABLES"},"content":{"rendered":"<p>La Sala Tercera del <strong>Tribunal Supremo<\/strong> ha dictado una providencia en la que acuerda dar a las partes y al<strong> Ministerio Fiscal<\/strong> personadas en cada uno de los 30 recursos, que ya se hab\u00edan se\u00f1alado al concluir su tramitaci\u00f3n, un plazo de diez d\u00edas para que formulen alegaciones sobre la procedencia de plantear una cuesti\u00f3n de inconstitucionalidad acerca de algunos preceptos del <strong>Real Decreto-ley<\/strong> 9\/2013, de 12 de julio, por el que se adoptan medidas urgentes para garantizar la <strong>estabilidad financiera<\/strong> del sistema el\u00e9ctrico y de la Ley 24\/2013, de 26 de diciembre, del <strong>Sector El\u00e9ctrico.<\/strong><\/p>\n","protected":false},"excerpt":{"rendered":"<p>La Sala Tercera del Tribunal Supremo ha dictado una providencia en la que acuerda dar a las partes y al Ministerio Fiscal personadas en cada uno de los 30 recursos, que ya se hab\u00edan se\u00f1alado al concluir su tramitaci\u00f3n, un plazo de diez d\u00edas para que formulen alegaciones sobre la procedencia de plantear una cuesti\u00f3n [&hellip;]<\/p>\n","protected":false},"author":4,"featured_media":5765,"comment_status":"open","ping_status":"open","sticky":false,"template":"","format":"standard","meta":{"_monsterinsights_skip_tracking":false,"_monsterinsights_sitenote_active":false,"_monsterinsights_sitenote_note":"","_monsterinsights_sitenote_category":0,"footnotes":""},"categories":[34],"tags":[],"class_list":["post-5768","post","type-post","status-publish","format-standard","has-post-thumbnail","hentry","category-noticies"],"yoast_head":"<!-- This site is optimized with the Yoast SEO plugin v27.5 - https:\/\/yoast.com\/product\/yoast-seo-wordpress\/ -->\n<title>EL TRIBUNAL SUPREMO PREGUNTA SOBRE UNA POSIBLE INCONSTITUCIONALIDAD DE LA REFORMA DE ENERG\u00cdAS RENOVABLES - Palomo Consultors<\/title>\n<meta name=\"robots\" content=\"index, follow, max-snippet:-1, max-image-preview:large, max-video-preview:-1\" \/>\n<link rel=\"canonical\" href=\"https:\/\/palomo.net\/ca\/el-tribunal-supremo-pregunta-sobre-una-posible-inconstitucionalidad-de-la-reforma-de-energias-renovables\/\" \/>\n<meta property=\"og:locale\" content=\"ca_ES\" \/>\n<meta property=\"og:type\" content=\"article\" \/>\n<meta property=\"og:title\" content=\"EL TRIBUNAL SUPREMO PREGUNTA SOBRE UNA POSIBLE INCONSTITUCIONALIDAD DE LA REFORMA DE ENERG\u00cdAS RENOVABLES - Palomo Consultors\" \/>\n<meta property=\"og:description\" content=\"La Sala Tercera del Tribunal Supremo ha dictado una providencia en la que acuerda dar a las partes y al Ministerio Fiscal personadas en cada uno de los 30 recursos, que ya se hab\u00edan se\u00f1alado al concluir su tramitaci\u00f3n, un plazo de diez d\u00edas para que formulen alegaciones sobre la procedencia de plantear una cuesti\u00f3n [&hellip;]\" \/>\n<meta property=\"og:url\" content=\"https:\/\/palomo.net\/ca\/el-tribunal-supremo-pregunta-sobre-una-posible-inconstitucionalidad-de-la-reforma-de-energias-renovables\/\" \/>\n<meta property=\"og:site_name\" content=\"Palomo Consultors\" \/>\n<meta property=\"article:published_time\" content=\"2015-12-23T14:13:00+00:00\" \/>\n<meta property=\"og:image\" content=\"https:\/\/palomo.net\/wp-content\/uploads\/energ\u00edas-renovables-II.jpg\" \/>\n\t<meta property=\"og:image:width\" content=\"275\" \/>\n\t<meta property=\"og:image:height\" content=\"183\" \/>\n\t<meta property=\"og:image:type\" content=\"image\/jpeg\" \/>\n<meta name=\"author\" content=\"Palomo Consultors\" \/>\n<meta name=\"twitter:card\" content=\"summary_large_image\" \/>\n<meta name=\"twitter:label1\" content=\"Escrit per\" \/>\n\t<meta name=\"twitter:data1\" content=\"Palomo Consultors\" \/>\n<script type=\"application\/ld+json\" class=\"yoast-schema-graph\">{\"@context\":\"https:\\\/\\\/schema.org\",\"@graph\":[{\"@type\":\"Article\",\"@id\":\"https:\\\/\\\/palomo.net\\\/ca\\\/el-tribunal-supremo-pregunta-sobre-una-posible-inconstitucionalidad-de-la-reforma-de-energias-renovables\\\/#article\",\"isPartOf\":{\"@id\":\"https:\\\/\\\/palomo.net\\\/ca\\\/el-tribunal-supremo-pregunta-sobre-una-posible-inconstitucionalidad-de-la-reforma-de-energias-renovables\\\/\"},\"author\":{\"name\":\"Palomo Consultors\",\"@id\":\"https:\\\/\\\/palomo.net\\\/#\\\/schema\\\/person\\\/711f80f8e4fbf3466bd3c1c42e621ece\"},\"headline\":\"EL TRIBUNAL SUPREMO PREGUNTA SOBRE UNA POSIBLE INCONSTITUCIONALIDAD DE LA REFORMA DE ENERG\u00cdAS RENOVABLES\",\"datePublished\":\"2015-12-23T14:13:00+00:00\",\"mainEntityOfPage\":{\"@id\":\"https:\\\/\\\/palomo.net\\\/ca\\\/el-tribunal-supremo-pregunta-sobre-una-posible-inconstitucionalidad-de-la-reforma-de-energias-renovables\\\/\"},\"wordCount\":113,\"commentCount\":0,\"image\":{\"@id\":\"https:\\\/\\\/palomo.net\\\/ca\\\/el-tribunal-supremo-pregunta-sobre-una-posible-inconstitucionalidad-de-la-reforma-de-energias-renovables\\\/#primaryimage\"},\"thumbnailUrl\":\"https:\\\/\\\/palomo.net\\\/wp-content\\\/uploads\\\/energ\u00edas-renovables-II.jpg\",\"articleSection\":[\"Not\u00edcies\"],\"inLanguage\":\"ca\",\"potentialAction\":[{\"@type\":\"CommentAction\",\"name\":\"Comment\",\"target\":[\"https:\\\/\\\/palomo.net\\\/ca\\\/el-tribunal-supremo-pregunta-sobre-una-posible-inconstitucionalidad-de-la-reforma-de-energias-renovables\\\/#respond\"]}]},{\"@type\":\"WebPage\",\"@id\":\"https:\\\/\\\/palomo.net\\\/ca\\\/el-tribunal-supremo-pregunta-sobre-una-posible-inconstitucionalidad-de-la-reforma-de-energias-renovables\\\/\",\"url\":\"https:\\\/\\\/palomo.net\\\/ca\\\/el-tribunal-supremo-pregunta-sobre-una-posible-inconstitucionalidad-de-la-reforma-de-energias-renovables\\\/\",\"name\":\"EL TRIBUNAL SUPREMO PREGUNTA SOBRE UNA POSIBLE INCONSTITUCIONALIDAD DE LA REFORMA DE ENERG\u00cdAS RENOVABLES - Palomo Consultors\",\"isPartOf\":{\"@id\":\"https:\\\/\\\/palomo.net\\\/#website\"},\"primaryImageOfPage\":{\"@id\":\"https:\\\/\\\/palomo.net\\\/ca\\\/el-tribunal-supremo-pregunta-sobre-una-posible-inconstitucionalidad-de-la-reforma-de-energias-renovables\\\/#primaryimage\"},\"image\":{\"@id\":\"https:\\\/\\\/palomo.net\\\/ca\\\/el-tribunal-supremo-pregunta-sobre-una-posible-inconstitucionalidad-de-la-reforma-de-energias-renovables\\\/#primaryimage\"},\"thumbnailUrl\":\"https:\\\/\\\/palomo.net\\\/wp-content\\\/uploads\\\/energ\u00edas-renovables-II.jpg\",\"datePublished\":\"2015-12-23T14:13:00+00:00\",\"author\":{\"@id\":\"https:\\\/\\\/palomo.net\\\/#\\\/schema\\\/person\\\/711f80f8e4fbf3466bd3c1c42e621ece\"},\"breadcrumb\":{\"@id\":\"https:\\\/\\\/palomo.net\\\/ca\\\/el-tribunal-supremo-pregunta-sobre-una-posible-inconstitucionalidad-de-la-reforma-de-energias-renovables\\\/#breadcrumb\"},\"inLanguage\":\"ca\",\"potentialAction\":[{\"@type\":\"ReadAction\",\"target\":[\"https:\\\/\\\/palomo.net\\\/ca\\\/el-tribunal-supremo-pregunta-sobre-una-posible-inconstitucionalidad-de-la-reforma-de-energias-renovables\\\/\"]}]},{\"@type\":\"ImageObject\",\"inLanguage\":\"ca\",\"@id\":\"https:\\\/\\\/palomo.net\\\/ca\\\/el-tribunal-supremo-pregunta-sobre-una-posible-inconstitucionalidad-de-la-reforma-de-energias-renovables\\\/#primaryimage\",\"url\":\"https:\\\/\\\/palomo.net\\\/wp-content\\\/uploads\\\/energ\u00edas-renovables-II.jpg\",\"contentUrl\":\"https:\\\/\\\/palomo.net\\\/wp-content\\\/uploads\\\/energ\u00edas-renovables-II.jpg\",\"width\":275,\"height\":183},{\"@type\":\"BreadcrumbList\",\"@id\":\"https:\\\/\\\/palomo.net\\\/ca\\\/el-tribunal-supremo-pregunta-sobre-una-posible-inconstitucionalidad-de-la-reforma-de-energias-renovables\\\/#breadcrumb\",\"itemListElement\":[{\"@type\":\"ListItem\",\"position\":1,\"name\":\"Portada\",\"item\":\"https:\\\/\\\/palomo.net\\\/ca\\\/\"},{\"@type\":\"ListItem\",\"position\":2,\"name\":\"EL TRIBUNAL SUPREMO PREGUNTA SOBRE UNA POSIBLE INCONSTITUCIONALIDAD DE LA REFORMA DE ENERG\u00cdAS RENOVABLES\"}]},{\"@type\":\"WebSite\",\"@id\":\"https:\\\/\\\/palomo.net\\\/#website\",\"url\":\"https:\\\/\\\/palomo.net\\\/\",\"name\":\"Palomo Consultors\",\"description\":\"Assessors Laborales d&#039; Empresas\",\"potentialAction\":[{\"@type\":\"SearchAction\",\"target\":{\"@type\":\"EntryPoint\",\"urlTemplate\":\"https:\\\/\\\/palomo.net\\\/?s={search_term_string}\"},\"query-input\":{\"@type\":\"PropertyValueSpecification\",\"valueRequired\":true,\"valueName\":\"search_term_string\"}}],\"inLanguage\":\"ca\"},{\"@type\":\"Person\",\"@id\":\"https:\\\/\\\/palomo.net\\\/#\\\/schema\\\/person\\\/711f80f8e4fbf3466bd3c1c42e621ece\",\"name\":\"Palomo Consultors\",\"url\":\"https:\\\/\\\/palomo.net\\\/ca\\\/author\\\/pl0mo\\\/\"}]}<\/script>\n<!-- \/ Yoast SEO plugin. -->","yoast_head_json":{"title":"EL TRIBUNAL SUPREMO PREGUNTA SOBRE UNA POSIBLE INCONSTITUCIONALIDAD DE LA REFORMA DE ENERG\u00cdAS RENOVABLES - Palomo Consultors","robots":{"index":"index","follow":"follow","max-snippet":"max-snippet:-1","max-image-preview":"max-image-preview:large","max-video-preview":"max-video-preview:-1"},"canonical":"https:\/\/palomo.net\/ca\/el-tribunal-supremo-pregunta-sobre-una-posible-inconstitucionalidad-de-la-reforma-de-energias-renovables\/","og_locale":"ca_ES","og_type":"article","og_title":"EL TRIBUNAL SUPREMO PREGUNTA SOBRE UNA POSIBLE INCONSTITUCIONALIDAD DE LA REFORMA DE ENERG\u00cdAS RENOVABLES - Palomo Consultors","og_description":"La Sala Tercera del Tribunal Supremo ha dictado una providencia en la que acuerda dar a las partes y al Ministerio Fiscal personadas en cada uno de los 30 recursos, que ya se hab\u00edan se\u00f1alado al concluir su tramitaci\u00f3n, un plazo de diez d\u00edas para que formulen alegaciones sobre la procedencia de plantear una cuesti\u00f3n [&hellip;]","og_url":"https:\/\/palomo.net\/ca\/el-tribunal-supremo-pregunta-sobre-una-posible-inconstitucionalidad-de-la-reforma-de-energias-renovables\/","og_site_name":"Palomo Consultors","article_published_time":"2015-12-23T14:13:00+00:00","og_image":[{"width":275,"height":183,"url":"https:\/\/palomo.net\/wp-content\/uploads\/energ\u00edas-renovables-II.jpg","type":"image\/jpeg"}],"author":"Palomo Consultors","twitter_card":"summary_large_image","twitter_misc":{"Escrit per":"Palomo Consultors"},"schema":{"@context":"https:\/\/schema.org","@graph":[{"@type":"Article","@id":"https:\/\/palomo.net\/ca\/el-tribunal-supremo-pregunta-sobre-una-posible-inconstitucionalidad-de-la-reforma-de-energias-renovables\/#article","isPartOf":{"@id":"https:\/\/palomo.net\/ca\/el-tribunal-supremo-pregunta-sobre-una-posible-inconstitucionalidad-de-la-reforma-de-energias-renovables\/"},"author":{"name":"Palomo Consultors","@id":"https:\/\/palomo.net\/#\/schema\/person\/711f80f8e4fbf3466bd3c1c42e621ece"},"headline":"EL TRIBUNAL SUPREMO PREGUNTA SOBRE UNA POSIBLE INCONSTITUCIONALIDAD DE LA REFORMA DE ENERG\u00cdAS RENOVABLES","datePublished":"2015-12-23T14:13:00+00:00","mainEntityOfPage":{"@id":"https:\/\/palomo.net\/ca\/el-tribunal-supremo-pregunta-sobre-una-posible-inconstitucionalidad-de-la-reforma-de-energias-renovables\/"},"wordCount":113,"commentCount":0,"image":{"@id":"https:\/\/palomo.net\/ca\/el-tribunal-supremo-pregunta-sobre-una-posible-inconstitucionalidad-de-la-reforma-de-energias-renovables\/#primaryimage"},"thumbnailUrl":"https:\/\/palomo.net\/wp-content\/uploads\/energ\u00edas-renovables-II.jpg","articleSection":["Not\u00edcies"],"inLanguage":"ca","potentialAction":[{"@type":"CommentAction","name":"Comment","target":["https:\/\/palomo.net\/ca\/el-tribunal-supremo-pregunta-sobre-una-posible-inconstitucionalidad-de-la-reforma-de-energias-renovables\/#respond"]}]},{"@type":"WebPage","@id":"https:\/\/palomo.net\/ca\/el-tribunal-supremo-pregunta-sobre-una-posible-inconstitucionalidad-de-la-reforma-de-energias-renovables\/","url":"https:\/\/palomo.net\/ca\/el-tribunal-supremo-pregunta-sobre-una-posible-inconstitucionalidad-de-la-reforma-de-energias-renovables\/","name":"EL TRIBUNAL SUPREMO PREGUNTA SOBRE UNA POSIBLE INCONSTITUCIONALIDAD DE LA REFORMA DE ENERG\u00cdAS RENOVABLES - Palomo Consultors","isPartOf":{"@id":"https:\/\/palomo.net\/#website"},"primaryImageOfPage":{"@id":"https:\/\/palomo.net\/ca\/el-tribunal-supremo-pregunta-sobre-una-posible-inconstitucionalidad-de-la-reforma-de-energias-renovables\/#primaryimage"},"image":{"@id":"https:\/\/palomo.net\/ca\/el-tribunal-supremo-pregunta-sobre-una-posible-inconstitucionalidad-de-la-reforma-de-energias-renovables\/#primaryimage"},"thumbnailUrl":"https:\/\/palomo.net\/wp-content\/uploads\/energ\u00edas-renovables-II.jpg","datePublished":"2015-12-23T14:13:00+00:00","author":{"@id":"https:\/\/palomo.net\/#\/schema\/person\/711f80f8e4fbf3466bd3c1c42e621ece"},"breadcrumb":{"@id":"https:\/\/palomo.net\/ca\/el-tribunal-supremo-pregunta-sobre-una-posible-inconstitucionalidad-de-la-reforma-de-energias-renovables\/#breadcrumb"},"inLanguage":"ca","potentialAction":[{"@type":"ReadAction","target":["https:\/\/palomo.net\/ca\/el-tribunal-supremo-pregunta-sobre-una-posible-inconstitucionalidad-de-la-reforma-de-energias-renovables\/"]}]},{"@type":"ImageObject","inLanguage":"ca","@id":"https:\/\/palomo.net\/ca\/el-tribunal-supremo-pregunta-sobre-una-posible-inconstitucionalidad-de-la-reforma-de-energias-renovables\/#primaryimage","url":"https:\/\/palomo.net\/wp-content\/uploads\/energ\u00edas-renovables-II.jpg","contentUrl":"https:\/\/palomo.net\/wp-content\/uploads\/energ\u00edas-renovables-II.jpg","width":275,"height":183},{"@type":"BreadcrumbList","@id":"https:\/\/palomo.net\/ca\/el-tribunal-supremo-pregunta-sobre-una-posible-inconstitucionalidad-de-la-reforma-de-energias-renovables\/#breadcrumb","itemListElement":[{"@type":"ListItem","position":1,"name":"Portada","item":"https:\/\/palomo.net\/ca\/"},{"@type":"ListItem","position":2,"name":"EL TRIBUNAL SUPREMO PREGUNTA SOBRE UNA POSIBLE INCONSTITUCIONALIDAD DE LA REFORMA DE ENERG\u00cdAS RENOVABLES"}]},{"@type":"WebSite","@id":"https:\/\/palomo.net\/#website","url":"https:\/\/palomo.net\/","name":"Palomo Consultors","description":"Assessors Laborales d&#039; Empresas","potentialAction":[{"@type":"SearchAction","target":{"@type":"EntryPoint","urlTemplate":"https:\/\/palomo.net\/?s={search_term_string}"},"query-input":{"@type":"PropertyValueSpecification","valueRequired":true,"valueName":"search_term_string"}}],"inLanguage":"ca"},{"@type":"Person","@id":"https:\/\/palomo.net\/#\/schema\/person\/711f80f8e4fbf3466bd3c1c42e621ece","name":"Palomo Consultors","url":"https:\/\/palomo.net\/ca\/author\/pl0mo\/"}]}},"_links":{"self":[{"href":"https:\/\/palomo.net\/ca\/wp-json\/wp\/v2\/posts\/5768\/"}],"collection":[{"href":"https:\/\/palomo.net\/ca\/wp-json\/wp\/v2\/posts\/"}],"about":[{"href":"https:\/\/palomo.net\/ca\/wp-json\/wp\/v2\/types\/post\/"}],"author":[{"embeddable":true,"href":"https:\/\/palomo.net\/ca\/wp-json\/wp\/v2\/users\/4\/"}],"replies":[{"embeddable":true,"href":"https:\/\/palomo.net\/ca\/wp-json\/wp\/v2\/comments\/?post=5768"}],"version-history":[{"count":0,"href":"https:\/\/palomo.net\/ca\/wp-json\/wp\/v2\/posts\/5768\/revisions\/"}],"wp:featuredmedia":[{"embeddable":true,"href":"https:\/\/palomo.net\/ca\/wp-json\/wp\/v2\/media\/5765\/"}],"wp:attachment":[{"href":"https:\/\/palomo.net\/ca\/wp-json\/wp\/v2\/media\/?parent=5768"}],"wp:term":[{"taxonomy":"category","embeddable":true,"href":"https:\/\/palomo.net\/ca\/wp-json\/wp\/v2\/categories\/?post=5768"},{"taxonomy":"post_tag","embeddable":true,"href":"https:\/\/palomo.net\/ca\/wp-json\/wp\/v2\/tags\/?post=5768"}],"curies":[{"name":"wp","href":"https:\/\/api.w.org\/{rel}","templated":true}]}}