{"id":5787,"date":"2015-12-28T13:19:44","date_gmt":"2015-12-28T12:19:44","guid":{"rendered":"http:\/\/palomo.net\/bruselas-quiere-firmar-el-acuerdo-de-libre-comercio-con-washington-a-lo-largo-de-2016-2\/"},"modified":"2015-12-28T13:19:44","modified_gmt":"2015-12-28T12:19:44","slug":"bruselas-quiere-firmar-el-acuerdo-de-libre-comercio-con-washington-a-lo-largo-de-2016","status":"publish","type":"post","link":"https:\/\/palomo.net\/ca\/bruselas-quiere-firmar-el-acuerdo-de-libre-comercio-con-washington-a-lo-largo-de-2016\/","title":{"rendered":"BRUSELAS QUIERE FIRMAR EL ACUERDO DE LIBRE COMERCIO CON WASHINGTON A LO LARGO DE 2016"},"content":{"rendered":"<p>En caso de que se cumplan las expectativas, aunque por ahora reina un gran escepticismo entre los expertos, los arquitectos formar\u00e1n parte del &#8220;proyecto piloto&#8221;, seg\u00fan fuentes europeas, de mutuo reconocimiento de profesionales a un lado y otro del Atl\u00e1ntico. Los arquitectos espa\u00f1oles no lo ven claro y piensan, seg\u00fan su comunicado de tres p\u00e1ginas, que esto ser\u00eda una &#8220;marcha atr\u00e1s&#8221; en todo el proceso puesto que impl\u00edcitamente la profesi\u00f3n est\u00e1 reconocida desde hace 10 a\u00f1os. <strong>Bruselas<\/strong>, sin embargo, no lo considera as\u00ed y quiere que sus arquitectos sean los primeros &#8220;beneficiarios&#8221; del tratado. Adem\u00e1s,<strong> fuentes europeas<\/strong> implicadas en las<strong> negociaciones<\/strong> aseguran que los psic\u00f3logos ser\u00edan los segundos en ser reconocidos.<\/p>\n","protected":false},"excerpt":{"rendered":"<p>En caso de que se cumplan las expectativas, aunque por ahora reina un gran escepticismo entre los expertos, los arquitectos formar\u00e1n parte del &#8220;proyecto piloto&#8221;, seg\u00fan fuentes europeas, de mutuo reconocimiento de profesionales a un lado y otro del Atl\u00e1ntico. Los arquitectos espa\u00f1oles no lo ven claro y piensan, seg\u00fan su comunicado de tres p\u00e1ginas, [&hellip;]<\/p>\n","protected":false},"author":4,"featured_media":5784,"comment_status":"open","ping_status":"open","sticky":false,"template":"","format":"standard","meta":{"_monsterinsights_skip_tracking":false,"_monsterinsights_sitenote_active":false,"_monsterinsights_sitenote_note":"","_monsterinsights_sitenote_category":0,"footnotes":""},"categories":[34],"tags":[],"class_list":["post-5787","post","type-post","status-publish","format-standard","has-post-thumbnail","hentry","category-noticies"],"yoast_head":"<!-- This site is optimized with the Yoast SEO plugin v27.5 - https:\/\/yoast.com\/product\/yoast-seo-wordpress\/ -->\n<title>BRUSELAS QUIERE FIRMAR EL ACUERDO DE LIBRE COMERCIO CON WASHINGTON A LO LARGO DE 2016 - Palomo Consultors<\/title>\n<meta name=\"robots\" content=\"index, follow, max-snippet:-1, max-image-preview:large, max-video-preview:-1\" \/>\n<link rel=\"canonical\" href=\"https:\/\/palomo.net\/ca\/bruselas-quiere-firmar-el-acuerdo-de-libre-comercio-con-washington-a-lo-largo-de-2016\/\" \/>\n<meta property=\"og:locale\" content=\"ca_ES\" \/>\n<meta property=\"og:type\" content=\"article\" \/>\n<meta property=\"og:title\" content=\"BRUSELAS QUIERE FIRMAR EL ACUERDO DE LIBRE COMERCIO CON WASHINGTON A LO LARGO DE 2016 - Palomo Consultors\" \/>\n<meta property=\"og:description\" content=\"En caso de que se cumplan las expectativas, aunque por ahora reina un gran escepticismo entre los expertos, los arquitectos formar\u00e1n parte del &#8220;proyecto piloto&#8221;, seg\u00fan fuentes europeas, de mutuo reconocimiento de profesionales a un lado y otro del Atl\u00e1ntico. Los arquitectos espa\u00f1oles no lo ven claro y piensan, seg\u00fan su comunicado de tres p\u00e1ginas, [&hellip;]\" \/>\n<meta property=\"og:url\" content=\"https:\/\/palomo.net\/ca\/bruselas-quiere-firmar-el-acuerdo-de-libre-comercio-con-washington-a-lo-largo-de-2016\/\" \/>\n<meta property=\"og:site_name\" content=\"Palomo Consultors\" \/>\n<meta property=\"article:published_time\" content=\"2015-12-28T12:19:44+00:00\" \/>\n<meta property=\"og:image\" content=\"https:\/\/palomo.net\/wp-content\/uploads\/acuerdo-libre-comercio-bruselas-washington.jpg\" \/>\n\t<meta property=\"og:image:width\" content=\"277\" \/>\n\t<meta property=\"og:image:height\" content=\"182\" \/>\n\t<meta property=\"og:image:type\" content=\"image\/jpeg\" \/>\n<meta name=\"author\" content=\"Palomo Consultors\" \/>\n<meta name=\"twitter:card\" content=\"summary_large_image\" \/>\n<meta name=\"twitter:label1\" content=\"Escrit per\" \/>\n\t<meta name=\"twitter:data1\" content=\"Palomo Consultors\" \/>\n\t<meta name=\"twitter:label2\" content=\"Temps estimat de lectura\" \/>\n\t<meta name=\"twitter:data2\" content=\"1 minut\" \/>\n<script type=\"application\/ld+json\" class=\"yoast-schema-graph\">{\"@context\":\"https:\\\/\\\/schema.org\",\"@graph\":[{\"@type\":\"Article\",\"@id\":\"https:\\\/\\\/palomo.net\\\/ca\\\/bruselas-quiere-firmar-el-acuerdo-de-libre-comercio-con-washington-a-lo-largo-de-2016\\\/#article\",\"isPartOf\":{\"@id\":\"https:\\\/\\\/palomo.net\\\/ca\\\/bruselas-quiere-firmar-el-acuerdo-de-libre-comercio-con-washington-a-lo-largo-de-2016\\\/\"},\"author\":{\"name\":\"Palomo Consultors\",\"@id\":\"https:\\\/\\\/palomo.net\\\/#\\\/schema\\\/person\\\/711f80f8e4fbf3466bd3c1c42e621ece\"},\"headline\":\"BRUSELAS QUIERE FIRMAR EL ACUERDO DE LIBRE COMERCIO CON WASHINGTON A LO LARGO DE 2016\",\"datePublished\":\"2015-12-28T12:19:44+00:00\",\"mainEntityOfPage\":{\"@id\":\"https:\\\/\\\/palomo.net\\\/ca\\\/bruselas-quiere-firmar-el-acuerdo-de-libre-comercio-con-washington-a-lo-largo-de-2016\\\/\"},\"wordCount\":138,\"commentCount\":0,\"image\":{\"@id\":\"https:\\\/\\\/palomo.net\\\/ca\\\/bruselas-quiere-firmar-el-acuerdo-de-libre-comercio-con-washington-a-lo-largo-de-2016\\\/#primaryimage\"},\"thumbnailUrl\":\"https:\\\/\\\/palomo.net\\\/wp-content\\\/uploads\\\/acuerdo-libre-comercio-bruselas-washington.jpg\",\"articleSection\":[\"Not\u00edcies\"],\"inLanguage\":\"ca\",\"potentialAction\":[{\"@type\":\"CommentAction\",\"name\":\"Comment\",\"target\":[\"https:\\\/\\\/palomo.net\\\/ca\\\/bruselas-quiere-firmar-el-acuerdo-de-libre-comercio-con-washington-a-lo-largo-de-2016\\\/#respond\"]}]},{\"@type\":\"WebPage\",\"@id\":\"https:\\\/\\\/palomo.net\\\/ca\\\/bruselas-quiere-firmar-el-acuerdo-de-libre-comercio-con-washington-a-lo-largo-de-2016\\\/\",\"url\":\"https:\\\/\\\/palomo.net\\\/ca\\\/bruselas-quiere-firmar-el-acuerdo-de-libre-comercio-con-washington-a-lo-largo-de-2016\\\/\",\"name\":\"BRUSELAS QUIERE FIRMAR EL ACUERDO DE LIBRE COMERCIO CON WASHINGTON A LO LARGO DE 2016 - Palomo Consultors\",\"isPartOf\":{\"@id\":\"https:\\\/\\\/palomo.net\\\/#website\"},\"primaryImageOfPage\":{\"@id\":\"https:\\\/\\\/palomo.net\\\/ca\\\/bruselas-quiere-firmar-el-acuerdo-de-libre-comercio-con-washington-a-lo-largo-de-2016\\\/#primaryimage\"},\"image\":{\"@id\":\"https:\\\/\\\/palomo.net\\\/ca\\\/bruselas-quiere-firmar-el-acuerdo-de-libre-comercio-con-washington-a-lo-largo-de-2016\\\/#primaryimage\"},\"thumbnailUrl\":\"https:\\\/\\\/palomo.net\\\/wp-content\\\/uploads\\\/acuerdo-libre-comercio-bruselas-washington.jpg\",\"datePublished\":\"2015-12-28T12:19:44+00:00\",\"author\":{\"@id\":\"https:\\\/\\\/palomo.net\\\/#\\\/schema\\\/person\\\/711f80f8e4fbf3466bd3c1c42e621ece\"},\"breadcrumb\":{\"@id\":\"https:\\\/\\\/palomo.net\\\/ca\\\/bruselas-quiere-firmar-el-acuerdo-de-libre-comercio-con-washington-a-lo-largo-de-2016\\\/#breadcrumb\"},\"inLanguage\":\"ca\",\"potentialAction\":[{\"@type\":\"ReadAction\",\"target\":[\"https:\\\/\\\/palomo.net\\\/ca\\\/bruselas-quiere-firmar-el-acuerdo-de-libre-comercio-con-washington-a-lo-largo-de-2016\\\/\"]}]},{\"@type\":\"ImageObject\",\"inLanguage\":\"ca\",\"@id\":\"https:\\\/\\\/palomo.net\\\/ca\\\/bruselas-quiere-firmar-el-acuerdo-de-libre-comercio-con-washington-a-lo-largo-de-2016\\\/#primaryimage\",\"url\":\"https:\\\/\\\/palomo.net\\\/wp-content\\\/uploads\\\/acuerdo-libre-comercio-bruselas-washington.jpg\",\"contentUrl\":\"https:\\\/\\\/palomo.net\\\/wp-content\\\/uploads\\\/acuerdo-libre-comercio-bruselas-washington.jpg\",\"width\":277,\"height\":182},{\"@type\":\"BreadcrumbList\",\"@id\":\"https:\\\/\\\/palomo.net\\\/ca\\\/bruselas-quiere-firmar-el-acuerdo-de-libre-comercio-con-washington-a-lo-largo-de-2016\\\/#breadcrumb\",\"itemListElement\":[{\"@type\":\"ListItem\",\"position\":1,\"name\":\"Portada\",\"item\":\"https:\\\/\\\/palomo.net\\\/ca\\\/\"},{\"@type\":\"ListItem\",\"position\":2,\"name\":\"BRUSELAS QUIERE FIRMAR EL ACUERDO DE LIBRE COMERCIO CON WASHINGTON A LO LARGO DE 2016\"}]},{\"@type\":\"WebSite\",\"@id\":\"https:\\\/\\\/palomo.net\\\/#website\",\"url\":\"https:\\\/\\\/palomo.net\\\/\",\"name\":\"Palomo Consultors\",\"description\":\"Assessors Laborales d&#039; Empresas\",\"potentialAction\":[{\"@type\":\"SearchAction\",\"target\":{\"@type\":\"EntryPoint\",\"urlTemplate\":\"https:\\\/\\\/palomo.net\\\/?s={search_term_string}\"},\"query-input\":{\"@type\":\"PropertyValueSpecification\",\"valueRequired\":true,\"valueName\":\"search_term_string\"}}],\"inLanguage\":\"ca\"},{\"@type\":\"Person\",\"@id\":\"https:\\\/\\\/palomo.net\\\/#\\\/schema\\\/person\\\/711f80f8e4fbf3466bd3c1c42e621ece\",\"name\":\"Palomo Consultors\",\"url\":\"https:\\\/\\\/palomo.net\\\/ca\\\/author\\\/pl0mo\\\/\"}]}<\/script>\n<!-- \/ Yoast SEO plugin. -->","yoast_head_json":{"title":"BRUSELAS QUIERE FIRMAR EL ACUERDO DE LIBRE COMERCIO CON WASHINGTON A LO LARGO DE 2016 - Palomo Consultors","robots":{"index":"index","follow":"follow","max-snippet":"max-snippet:-1","max-image-preview":"max-image-preview:large","max-video-preview":"max-video-preview:-1"},"canonical":"https:\/\/palomo.net\/ca\/bruselas-quiere-firmar-el-acuerdo-de-libre-comercio-con-washington-a-lo-largo-de-2016\/","og_locale":"ca_ES","og_type":"article","og_title":"BRUSELAS QUIERE FIRMAR EL ACUERDO DE LIBRE COMERCIO CON WASHINGTON A LO LARGO DE 2016 - Palomo Consultors","og_description":"En caso de que se cumplan las expectativas, aunque por ahora reina un gran escepticismo entre los expertos, los arquitectos formar\u00e1n parte del &#8220;proyecto piloto&#8221;, seg\u00fan fuentes europeas, de mutuo reconocimiento de profesionales a un lado y otro del Atl\u00e1ntico. Los arquitectos espa\u00f1oles no lo ven claro y piensan, seg\u00fan su comunicado de tres p\u00e1ginas, [&hellip;]","og_url":"https:\/\/palomo.net\/ca\/bruselas-quiere-firmar-el-acuerdo-de-libre-comercio-con-washington-a-lo-largo-de-2016\/","og_site_name":"Palomo Consultors","article_published_time":"2015-12-28T12:19:44+00:00","og_image":[{"width":277,"height":182,"url":"https:\/\/palomo.net\/wp-content\/uploads\/acuerdo-libre-comercio-bruselas-washington.jpg","type":"image\/jpeg"}],"author":"Palomo Consultors","twitter_card":"summary_large_image","twitter_misc":{"Escrit per":"Palomo Consultors","Temps estimat de lectura":"1 minut"},"schema":{"@context":"https:\/\/schema.org","@graph":[{"@type":"Article","@id":"https:\/\/palomo.net\/ca\/bruselas-quiere-firmar-el-acuerdo-de-libre-comercio-con-washington-a-lo-largo-de-2016\/#article","isPartOf":{"@id":"https:\/\/palomo.net\/ca\/bruselas-quiere-firmar-el-acuerdo-de-libre-comercio-con-washington-a-lo-largo-de-2016\/"},"author":{"name":"Palomo Consultors","@id":"https:\/\/palomo.net\/#\/schema\/person\/711f80f8e4fbf3466bd3c1c42e621ece"},"headline":"BRUSELAS QUIERE FIRMAR EL ACUERDO DE LIBRE COMERCIO CON WASHINGTON A LO LARGO DE 2016","datePublished":"2015-12-28T12:19:44+00:00","mainEntityOfPage":{"@id":"https:\/\/palomo.net\/ca\/bruselas-quiere-firmar-el-acuerdo-de-libre-comercio-con-washington-a-lo-largo-de-2016\/"},"wordCount":138,"commentCount":0,"image":{"@id":"https:\/\/palomo.net\/ca\/bruselas-quiere-firmar-el-acuerdo-de-libre-comercio-con-washington-a-lo-largo-de-2016\/#primaryimage"},"thumbnailUrl":"https:\/\/palomo.net\/wp-content\/uploads\/acuerdo-libre-comercio-bruselas-washington.jpg","articleSection":["Not\u00edcies"],"inLanguage":"ca","potentialAction":[{"@type":"CommentAction","name":"Comment","target":["https:\/\/palomo.net\/ca\/bruselas-quiere-firmar-el-acuerdo-de-libre-comercio-con-washington-a-lo-largo-de-2016\/#respond"]}]},{"@type":"WebPage","@id":"https:\/\/palomo.net\/ca\/bruselas-quiere-firmar-el-acuerdo-de-libre-comercio-con-washington-a-lo-largo-de-2016\/","url":"https:\/\/palomo.net\/ca\/bruselas-quiere-firmar-el-acuerdo-de-libre-comercio-con-washington-a-lo-largo-de-2016\/","name":"BRUSELAS QUIERE FIRMAR EL ACUERDO DE LIBRE COMERCIO CON WASHINGTON A LO LARGO DE 2016 - Palomo Consultors","isPartOf":{"@id":"https:\/\/palomo.net\/#website"},"primaryImageOfPage":{"@id":"https:\/\/palomo.net\/ca\/bruselas-quiere-firmar-el-acuerdo-de-libre-comercio-con-washington-a-lo-largo-de-2016\/#primaryimage"},"image":{"@id":"https:\/\/palomo.net\/ca\/bruselas-quiere-firmar-el-acuerdo-de-libre-comercio-con-washington-a-lo-largo-de-2016\/#primaryimage"},"thumbnailUrl":"https:\/\/palomo.net\/wp-content\/uploads\/acuerdo-libre-comercio-bruselas-washington.jpg","datePublished":"2015-12-28T12:19:44+00:00","author":{"@id":"https:\/\/palomo.net\/#\/schema\/person\/711f80f8e4fbf3466bd3c1c42e621ece"},"breadcrumb":{"@id":"https:\/\/palomo.net\/ca\/bruselas-quiere-firmar-el-acuerdo-de-libre-comercio-con-washington-a-lo-largo-de-2016\/#breadcrumb"},"inLanguage":"ca","potentialAction":[{"@type":"ReadAction","target":["https:\/\/palomo.net\/ca\/bruselas-quiere-firmar-el-acuerdo-de-libre-comercio-con-washington-a-lo-largo-de-2016\/"]}]},{"@type":"ImageObject","inLanguage":"ca","@id":"https:\/\/palomo.net\/ca\/bruselas-quiere-firmar-el-acuerdo-de-libre-comercio-con-washington-a-lo-largo-de-2016\/#primaryimage","url":"https:\/\/palomo.net\/wp-content\/uploads\/acuerdo-libre-comercio-bruselas-washington.jpg","contentUrl":"https:\/\/palomo.net\/wp-content\/uploads\/acuerdo-libre-comercio-bruselas-washington.jpg","width":277,"height":182},{"@type":"BreadcrumbList","@id":"https:\/\/palomo.net\/ca\/bruselas-quiere-firmar-el-acuerdo-de-libre-comercio-con-washington-a-lo-largo-de-2016\/#breadcrumb","itemListElement":[{"@type":"ListItem","position":1,"name":"Portada","item":"https:\/\/palomo.net\/ca\/"},{"@type":"ListItem","position":2,"name":"BRUSELAS QUIERE FIRMAR EL ACUERDO DE LIBRE COMERCIO CON WASHINGTON A LO LARGO DE 2016"}]},{"@type":"WebSite","@id":"https:\/\/palomo.net\/#website","url":"https:\/\/palomo.net\/","name":"Palomo Consultors","description":"Assessors Laborales d&#039; Empresas","potentialAction":[{"@type":"SearchAction","target":{"@type":"EntryPoint","urlTemplate":"https:\/\/palomo.net\/?s={search_term_string}"},"query-input":{"@type":"PropertyValueSpecification","valueRequired":true,"valueName":"search_term_string"}}],"inLanguage":"ca"},{"@type":"Person","@id":"https:\/\/palomo.net\/#\/schema\/person\/711f80f8e4fbf3466bd3c1c42e621ece","name":"Palomo Consultors","url":"https:\/\/palomo.net\/ca\/author\/pl0mo\/"}]}},"_links":{"self":[{"href":"https:\/\/palomo.net\/ca\/wp-json\/wp\/v2\/posts\/5787\/"}],"collection":[{"href":"https:\/\/palomo.net\/ca\/wp-json\/wp\/v2\/posts\/"}],"about":[{"href":"https:\/\/palomo.net\/ca\/wp-json\/wp\/v2\/types\/post\/"}],"author":[{"embeddable":true,"href":"https:\/\/palomo.net\/ca\/wp-json\/wp\/v2\/users\/4\/"}],"replies":[{"embeddable":true,"href":"https:\/\/palomo.net\/ca\/wp-json\/wp\/v2\/comments\/?post=5787"}],"version-history":[{"count":0,"href":"https:\/\/palomo.net\/ca\/wp-json\/wp\/v2\/posts\/5787\/revisions\/"}],"wp:featuredmedia":[{"embeddable":true,"href":"https:\/\/palomo.net\/ca\/wp-json\/wp\/v2\/media\/5784\/"}],"wp:attachment":[{"href":"https:\/\/palomo.net\/ca\/wp-json\/wp\/v2\/media\/?parent=5787"}],"wp:term":[{"taxonomy":"category","embeddable":true,"href":"https:\/\/palomo.net\/ca\/wp-json\/wp\/v2\/categories\/?post=5787"},{"taxonomy":"post_tag","embeddable":true,"href":"https:\/\/palomo.net\/ca\/wp-json\/wp\/v2\/tags\/?post=5787"}],"curies":[{"name":"wp","href":"https:\/\/api.w.org\/{rel}","templated":true}]}}