{"id":5815,"date":"2015-12-29T17:55:08","date_gmt":"2015-12-29T16:55:08","guid":{"rendered":"http:\/\/palomo.net\/la-ce-aprueba-el-programa-operativo-de-empleo-formacion-y-educacion-para-espana-2\/"},"modified":"2015-12-29T17:55:08","modified_gmt":"2015-12-29T16:55:08","slug":"la-ce-aprueba-el-programa-operativo-de-empleo-formacion-y-educacion-para-espana","status":"publish","type":"post","link":"https:\/\/palomo.net\/ca\/la-ce-aprueba-el-programa-operativo-de-empleo-formacion-y-educacion-para-espana\/","title":{"rendered":"LA CE APRUEBA EL PROGRAMA OPERATIVO DE EMPLEO, FORMACI\u00d3N Y EDUCACI\u00d3N PARA ESPA\u00d1A"},"content":{"rendered":"<p><strong>La CE aprueba el Programa Operativo de Empleo, Formaci\u00f3n y Educaci\u00f3n para Espa\u00f1a,<\/strong> dotado con m\u00e1s de 3.012 millones de euros. La CE ha aprobado el Programa Operativo espa\u00f1ol de Empleo, Formaci\u00f3n y Educaci\u00f3n, <strong>el Programa Operativo de Asistencia T\u00e9cnica y los programas operativos regionales de<\/strong> Andaluc\u00eda, Arag\u00f3n, Islas Baleares, Islas Canarias, Castilla-La Mancha, Catalu\u00f1a, Extremadura, Madrid y Comunidad Valenciana. En total, la Comisi\u00f3n Europea invertir\u00e1 8.533 millones de euros procedentes del Fondo Social Europeo y de la Iniciativa de Empleo Juvenil para mejorar el empleo, la educaci\u00f3n, la formaci\u00f3n y apoyar la inclusi\u00f3n social.<\/p>\n","protected":false},"excerpt":{"rendered":"<p>La CE aprueba el Programa Operativo de Empleo, Formaci\u00f3n y Educaci\u00f3n para Espa\u00f1a, dotado con m\u00e1s de 3.012 millones de euros. La CE ha aprobado el Programa Operativo espa\u00f1ol de Empleo, Formaci\u00f3n y Educaci\u00f3n, el Programa Operativo de Asistencia T\u00e9cnica y los programas operativos regionales de Andaluc\u00eda, Arag\u00f3n, Islas Baleares, Islas Canarias, Castilla-La Mancha, Catalu\u00f1a, [&hellip;]<\/p>\n","protected":false},"author":4,"featured_media":5812,"comment_status":"open","ping_status":"open","sticky":false,"template":"","format":"standard","meta":{"_monsterinsights_skip_tracking":false,"_monsterinsights_sitenote_active":false,"_monsterinsights_sitenote_note":"","_monsterinsights_sitenote_category":0,"footnotes":""},"categories":[34],"tags":[],"class_list":["post-5815","post","type-post","status-publish","format-standard","has-post-thumbnail","hentry","category-noticies"],"yoast_head":"<!-- This site is optimized with the Yoast SEO plugin v27.5 - https:\/\/yoast.com\/product\/yoast-seo-wordpress\/ -->\n<title>LA CE APRUEBA EL PROGRAMA OPERATIVO DE EMPLEO, FORMACI\u00d3N Y EDUCACI\u00d3N PARA ESPA\u00d1A - Palomo Consultors<\/title>\n<meta name=\"robots\" content=\"index, follow, max-snippet:-1, max-image-preview:large, max-video-preview:-1\" \/>\n<link rel=\"canonical\" href=\"https:\/\/palomo.net\/ca\/la-ce-aprueba-el-programa-operativo-de-empleo-formacion-y-educacion-para-espana\/\" \/>\n<meta property=\"og:locale\" content=\"ca_ES\" \/>\n<meta property=\"og:type\" content=\"article\" \/>\n<meta property=\"og:title\" content=\"LA CE APRUEBA EL PROGRAMA OPERATIVO DE EMPLEO, FORMACI\u00d3N Y EDUCACI\u00d3N PARA ESPA\u00d1A - Palomo Consultors\" \/>\n<meta property=\"og:description\" content=\"La CE aprueba el Programa Operativo de Empleo, Formaci\u00f3n y Educaci\u00f3n para Espa\u00f1a, dotado con m\u00e1s de 3.012 millones de euros. La CE ha aprobado el Programa Operativo espa\u00f1ol de Empleo, Formaci\u00f3n y Educaci\u00f3n, el Programa Operativo de Asistencia T\u00e9cnica y los programas operativos regionales de Andaluc\u00eda, Arag\u00f3n, Islas Baleares, Islas Canarias, Castilla-La Mancha, Catalu\u00f1a, [&hellip;]\" \/>\n<meta property=\"og:url\" content=\"https:\/\/palomo.net\/ca\/la-ce-aprueba-el-programa-operativo-de-empleo-formacion-y-educacion-para-espana\/\" \/>\n<meta property=\"og:site_name\" content=\"Palomo Consultors\" \/>\n<meta property=\"article:published_time\" content=\"2015-12-29T16:55:08+00:00\" \/>\n<meta property=\"og:image\" content=\"https:\/\/palomo.net\/wp-content\/uploads\/La-CE-aprueba-el-Programa-Operativo-de-Empleo-Formaci\u00f3n-y-Educaci\u00f3n-para-Espa\u00f1a.jpg\" \/>\n\t<meta property=\"og:image:width\" content=\"218\" \/>\n\t<meta property=\"og:image:height\" content=\"149\" \/>\n\t<meta property=\"og:image:type\" content=\"image\/jpeg\" \/>\n<meta name=\"author\" content=\"Palomo Consultors\" \/>\n<meta name=\"twitter:card\" content=\"summary_large_image\" \/>\n<meta name=\"twitter:label1\" content=\"Escrit per\" \/>\n\t<meta name=\"twitter:data1\" content=\"Palomo Consultors\" \/>\n\t<meta name=\"twitter:label2\" content=\"Temps estimat de lectura\" \/>\n\t<meta name=\"twitter:data2\" content=\"1 minut\" \/>\n<script type=\"application\/ld+json\" class=\"yoast-schema-graph\">{\"@context\":\"https:\\\/\\\/schema.org\",\"@graph\":[{\"@type\":\"Article\",\"@id\":\"https:\\\/\\\/palomo.net\\\/ca\\\/la-ce-aprueba-el-programa-operativo-de-empleo-formacion-y-educacion-para-espana\\\/#article\",\"isPartOf\":{\"@id\":\"https:\\\/\\\/palomo.net\\\/ca\\\/la-ce-aprueba-el-programa-operativo-de-empleo-formacion-y-educacion-para-espana\\\/\"},\"author\":{\"name\":\"Palomo Consultors\",\"@id\":\"https:\\\/\\\/palomo.net\\\/#\\\/schema\\\/person\\\/711f80f8e4fbf3466bd3c1c42e621ece\"},\"headline\":\"LA CE APRUEBA EL PROGRAMA OPERATIVO DE EMPLEO, FORMACI\u00d3N Y EDUCACI\u00d3N PARA ESPA\u00d1A\",\"datePublished\":\"2015-12-29T16:55:08+00:00\",\"mainEntityOfPage\":{\"@id\":\"https:\\\/\\\/palomo.net\\\/ca\\\/la-ce-aprueba-el-programa-operativo-de-empleo-formacion-y-educacion-para-espana\\\/\"},\"wordCount\":124,\"commentCount\":0,\"image\":{\"@id\":\"https:\\\/\\\/palomo.net\\\/ca\\\/la-ce-aprueba-el-programa-operativo-de-empleo-formacion-y-educacion-para-espana\\\/#primaryimage\"},\"thumbnailUrl\":\"https:\\\/\\\/palomo.net\\\/wp-content\\\/uploads\\\/La-CE-aprueba-el-Programa-Operativo-de-Empleo-Formaci\u00f3n-y-Educaci\u00f3n-para-Espa\u00f1a.jpg\",\"articleSection\":[\"Not\u00edcies\"],\"inLanguage\":\"ca\",\"potentialAction\":[{\"@type\":\"CommentAction\",\"name\":\"Comment\",\"target\":[\"https:\\\/\\\/palomo.net\\\/ca\\\/la-ce-aprueba-el-programa-operativo-de-empleo-formacion-y-educacion-para-espana\\\/#respond\"]}]},{\"@type\":\"WebPage\",\"@id\":\"https:\\\/\\\/palomo.net\\\/ca\\\/la-ce-aprueba-el-programa-operativo-de-empleo-formacion-y-educacion-para-espana\\\/\",\"url\":\"https:\\\/\\\/palomo.net\\\/ca\\\/la-ce-aprueba-el-programa-operativo-de-empleo-formacion-y-educacion-para-espana\\\/\",\"name\":\"LA CE APRUEBA EL PROGRAMA OPERATIVO DE EMPLEO, FORMACI\u00d3N Y EDUCACI\u00d3N PARA ESPA\u00d1A - Palomo Consultors\",\"isPartOf\":{\"@id\":\"https:\\\/\\\/palomo.net\\\/#website\"},\"primaryImageOfPage\":{\"@id\":\"https:\\\/\\\/palomo.net\\\/ca\\\/la-ce-aprueba-el-programa-operativo-de-empleo-formacion-y-educacion-para-espana\\\/#primaryimage\"},\"image\":{\"@id\":\"https:\\\/\\\/palomo.net\\\/ca\\\/la-ce-aprueba-el-programa-operativo-de-empleo-formacion-y-educacion-para-espana\\\/#primaryimage\"},\"thumbnailUrl\":\"https:\\\/\\\/palomo.net\\\/wp-content\\\/uploads\\\/La-CE-aprueba-el-Programa-Operativo-de-Empleo-Formaci\u00f3n-y-Educaci\u00f3n-para-Espa\u00f1a.jpg\",\"datePublished\":\"2015-12-29T16:55:08+00:00\",\"author\":{\"@id\":\"https:\\\/\\\/palomo.net\\\/#\\\/schema\\\/person\\\/711f80f8e4fbf3466bd3c1c42e621ece\"},\"breadcrumb\":{\"@id\":\"https:\\\/\\\/palomo.net\\\/ca\\\/la-ce-aprueba-el-programa-operativo-de-empleo-formacion-y-educacion-para-espana\\\/#breadcrumb\"},\"inLanguage\":\"ca\",\"potentialAction\":[{\"@type\":\"ReadAction\",\"target\":[\"https:\\\/\\\/palomo.net\\\/ca\\\/la-ce-aprueba-el-programa-operativo-de-empleo-formacion-y-educacion-para-espana\\\/\"]}]},{\"@type\":\"ImageObject\",\"inLanguage\":\"ca\",\"@id\":\"https:\\\/\\\/palomo.net\\\/ca\\\/la-ce-aprueba-el-programa-operativo-de-empleo-formacion-y-educacion-para-espana\\\/#primaryimage\",\"url\":\"https:\\\/\\\/palomo.net\\\/wp-content\\\/uploads\\\/La-CE-aprueba-el-Programa-Operativo-de-Empleo-Formaci\u00f3n-y-Educaci\u00f3n-para-Espa\u00f1a.jpg\",\"contentUrl\":\"https:\\\/\\\/palomo.net\\\/wp-content\\\/uploads\\\/La-CE-aprueba-el-Programa-Operativo-de-Empleo-Formaci\u00f3n-y-Educaci\u00f3n-para-Espa\u00f1a.jpg\",\"width\":218,\"height\":149},{\"@type\":\"BreadcrumbList\",\"@id\":\"https:\\\/\\\/palomo.net\\\/ca\\\/la-ce-aprueba-el-programa-operativo-de-empleo-formacion-y-educacion-para-espana\\\/#breadcrumb\",\"itemListElement\":[{\"@type\":\"ListItem\",\"position\":1,\"name\":\"Portada\",\"item\":\"https:\\\/\\\/palomo.net\\\/ca\\\/\"},{\"@type\":\"ListItem\",\"position\":2,\"name\":\"LA CE APRUEBA EL PROGRAMA OPERATIVO DE EMPLEO, FORMACI\u00d3N Y EDUCACI\u00d3N PARA ESPA\u00d1A\"}]},{\"@type\":\"WebSite\",\"@id\":\"https:\\\/\\\/palomo.net\\\/#website\",\"url\":\"https:\\\/\\\/palomo.net\\\/\",\"name\":\"Palomo Consultors\",\"description\":\"Assessors Laborales d&#039; Empresas\",\"potentialAction\":[{\"@type\":\"SearchAction\",\"target\":{\"@type\":\"EntryPoint\",\"urlTemplate\":\"https:\\\/\\\/palomo.net\\\/?s={search_term_string}\"},\"query-input\":{\"@type\":\"PropertyValueSpecification\",\"valueRequired\":true,\"valueName\":\"search_term_string\"}}],\"inLanguage\":\"ca\"},{\"@type\":\"Person\",\"@id\":\"https:\\\/\\\/palomo.net\\\/#\\\/schema\\\/person\\\/711f80f8e4fbf3466bd3c1c42e621ece\",\"name\":\"Palomo Consultors\",\"url\":\"https:\\\/\\\/palomo.net\\\/ca\\\/author\\\/pl0mo\\\/\"}]}<\/script>\n<!-- \/ Yoast SEO plugin. -->","yoast_head_json":{"title":"LA CE APRUEBA EL PROGRAMA OPERATIVO DE EMPLEO, FORMACI\u00d3N Y EDUCACI\u00d3N PARA ESPA\u00d1A - Palomo Consultors","robots":{"index":"index","follow":"follow","max-snippet":"max-snippet:-1","max-image-preview":"max-image-preview:large","max-video-preview":"max-video-preview:-1"},"canonical":"https:\/\/palomo.net\/ca\/la-ce-aprueba-el-programa-operativo-de-empleo-formacion-y-educacion-para-espana\/","og_locale":"ca_ES","og_type":"article","og_title":"LA CE APRUEBA EL PROGRAMA OPERATIVO DE EMPLEO, FORMACI\u00d3N Y EDUCACI\u00d3N PARA ESPA\u00d1A - Palomo Consultors","og_description":"La CE aprueba el Programa Operativo de Empleo, Formaci\u00f3n y Educaci\u00f3n para Espa\u00f1a, dotado con m\u00e1s de 3.012 millones de euros. La CE ha aprobado el Programa Operativo espa\u00f1ol de Empleo, Formaci\u00f3n y Educaci\u00f3n, el Programa Operativo de Asistencia T\u00e9cnica y los programas operativos regionales de Andaluc\u00eda, Arag\u00f3n, Islas Baleares, Islas Canarias, Castilla-La Mancha, Catalu\u00f1a, [&hellip;]","og_url":"https:\/\/palomo.net\/ca\/la-ce-aprueba-el-programa-operativo-de-empleo-formacion-y-educacion-para-espana\/","og_site_name":"Palomo Consultors","article_published_time":"2015-12-29T16:55:08+00:00","og_image":[{"width":218,"height":149,"url":"https:\/\/palomo.net\/wp-content\/uploads\/La-CE-aprueba-el-Programa-Operativo-de-Empleo-Formaci\u00f3n-y-Educaci\u00f3n-para-Espa\u00f1a.jpg","type":"image\/jpeg"}],"author":"Palomo Consultors","twitter_card":"summary_large_image","twitter_misc":{"Escrit per":"Palomo Consultors","Temps estimat de lectura":"1 minut"},"schema":{"@context":"https:\/\/schema.org","@graph":[{"@type":"Article","@id":"https:\/\/palomo.net\/ca\/la-ce-aprueba-el-programa-operativo-de-empleo-formacion-y-educacion-para-espana\/#article","isPartOf":{"@id":"https:\/\/palomo.net\/ca\/la-ce-aprueba-el-programa-operativo-de-empleo-formacion-y-educacion-para-espana\/"},"author":{"name":"Palomo Consultors","@id":"https:\/\/palomo.net\/#\/schema\/person\/711f80f8e4fbf3466bd3c1c42e621ece"},"headline":"LA CE APRUEBA EL PROGRAMA OPERATIVO DE EMPLEO, FORMACI\u00d3N Y EDUCACI\u00d3N PARA ESPA\u00d1A","datePublished":"2015-12-29T16:55:08+00:00","mainEntityOfPage":{"@id":"https:\/\/palomo.net\/ca\/la-ce-aprueba-el-programa-operativo-de-empleo-formacion-y-educacion-para-espana\/"},"wordCount":124,"commentCount":0,"image":{"@id":"https:\/\/palomo.net\/ca\/la-ce-aprueba-el-programa-operativo-de-empleo-formacion-y-educacion-para-espana\/#primaryimage"},"thumbnailUrl":"https:\/\/palomo.net\/wp-content\/uploads\/La-CE-aprueba-el-Programa-Operativo-de-Empleo-Formaci\u00f3n-y-Educaci\u00f3n-para-Espa\u00f1a.jpg","articleSection":["Not\u00edcies"],"inLanguage":"ca","potentialAction":[{"@type":"CommentAction","name":"Comment","target":["https:\/\/palomo.net\/ca\/la-ce-aprueba-el-programa-operativo-de-empleo-formacion-y-educacion-para-espana\/#respond"]}]},{"@type":"WebPage","@id":"https:\/\/palomo.net\/ca\/la-ce-aprueba-el-programa-operativo-de-empleo-formacion-y-educacion-para-espana\/","url":"https:\/\/palomo.net\/ca\/la-ce-aprueba-el-programa-operativo-de-empleo-formacion-y-educacion-para-espana\/","name":"LA CE APRUEBA EL PROGRAMA OPERATIVO DE EMPLEO, FORMACI\u00d3N Y EDUCACI\u00d3N PARA ESPA\u00d1A - Palomo Consultors","isPartOf":{"@id":"https:\/\/palomo.net\/#website"},"primaryImageOfPage":{"@id":"https:\/\/palomo.net\/ca\/la-ce-aprueba-el-programa-operativo-de-empleo-formacion-y-educacion-para-espana\/#primaryimage"},"image":{"@id":"https:\/\/palomo.net\/ca\/la-ce-aprueba-el-programa-operativo-de-empleo-formacion-y-educacion-para-espana\/#primaryimage"},"thumbnailUrl":"https:\/\/palomo.net\/wp-content\/uploads\/La-CE-aprueba-el-Programa-Operativo-de-Empleo-Formaci\u00f3n-y-Educaci\u00f3n-para-Espa\u00f1a.jpg","datePublished":"2015-12-29T16:55:08+00:00","author":{"@id":"https:\/\/palomo.net\/#\/schema\/person\/711f80f8e4fbf3466bd3c1c42e621ece"},"breadcrumb":{"@id":"https:\/\/palomo.net\/ca\/la-ce-aprueba-el-programa-operativo-de-empleo-formacion-y-educacion-para-espana\/#breadcrumb"},"inLanguage":"ca","potentialAction":[{"@type":"ReadAction","target":["https:\/\/palomo.net\/ca\/la-ce-aprueba-el-programa-operativo-de-empleo-formacion-y-educacion-para-espana\/"]}]},{"@type":"ImageObject","inLanguage":"ca","@id":"https:\/\/palomo.net\/ca\/la-ce-aprueba-el-programa-operativo-de-empleo-formacion-y-educacion-para-espana\/#primaryimage","url":"https:\/\/palomo.net\/wp-content\/uploads\/La-CE-aprueba-el-Programa-Operativo-de-Empleo-Formaci\u00f3n-y-Educaci\u00f3n-para-Espa\u00f1a.jpg","contentUrl":"https:\/\/palomo.net\/wp-content\/uploads\/La-CE-aprueba-el-Programa-Operativo-de-Empleo-Formaci\u00f3n-y-Educaci\u00f3n-para-Espa\u00f1a.jpg","width":218,"height":149},{"@type":"BreadcrumbList","@id":"https:\/\/palomo.net\/ca\/la-ce-aprueba-el-programa-operativo-de-empleo-formacion-y-educacion-para-espana\/#breadcrumb","itemListElement":[{"@type":"ListItem","position":1,"name":"Portada","item":"https:\/\/palomo.net\/ca\/"},{"@type":"ListItem","position":2,"name":"LA CE APRUEBA EL PROGRAMA OPERATIVO DE EMPLEO, FORMACI\u00d3N Y EDUCACI\u00d3N PARA ESPA\u00d1A"}]},{"@type":"WebSite","@id":"https:\/\/palomo.net\/#website","url":"https:\/\/palomo.net\/","name":"Palomo Consultors","description":"Assessors Laborales d&#039; Empresas","potentialAction":[{"@type":"SearchAction","target":{"@type":"EntryPoint","urlTemplate":"https:\/\/palomo.net\/?s={search_term_string}"},"query-input":{"@type":"PropertyValueSpecification","valueRequired":true,"valueName":"search_term_string"}}],"inLanguage":"ca"},{"@type":"Person","@id":"https:\/\/palomo.net\/#\/schema\/person\/711f80f8e4fbf3466bd3c1c42e621ece","name":"Palomo Consultors","url":"https:\/\/palomo.net\/ca\/author\/pl0mo\/"}]}},"_links":{"self":[{"href":"https:\/\/palomo.net\/ca\/wp-json\/wp\/v2\/posts\/5815\/"}],"collection":[{"href":"https:\/\/palomo.net\/ca\/wp-json\/wp\/v2\/posts\/"}],"about":[{"href":"https:\/\/palomo.net\/ca\/wp-json\/wp\/v2\/types\/post\/"}],"author":[{"embeddable":true,"href":"https:\/\/palomo.net\/ca\/wp-json\/wp\/v2\/users\/4\/"}],"replies":[{"embeddable":true,"href":"https:\/\/palomo.net\/ca\/wp-json\/wp\/v2\/comments\/?post=5815"}],"version-history":[{"count":0,"href":"https:\/\/palomo.net\/ca\/wp-json\/wp\/v2\/posts\/5815\/revisions\/"}],"wp:featuredmedia":[{"embeddable":true,"href":"https:\/\/palomo.net\/ca\/wp-json\/wp\/v2\/media\/5812\/"}],"wp:attachment":[{"href":"https:\/\/palomo.net\/ca\/wp-json\/wp\/v2\/media\/?parent=5815"}],"wp:term":[{"taxonomy":"category","embeddable":true,"href":"https:\/\/palomo.net\/ca\/wp-json\/wp\/v2\/categories\/?post=5815"},{"taxonomy":"post_tag","embeddable":true,"href":"https:\/\/palomo.net\/ca\/wp-json\/wp\/v2\/tags\/?post=5815"}],"curies":[{"name":"wp","href":"https:\/\/api.w.org\/{rel}","templated":true}]}}