{"id":5838,"date":"2015-12-30T14:34:36","date_gmt":"2015-12-30T13:34:36","guid":{"rendered":"http:\/\/palomo.net\/?p=5838"},"modified":"2015-12-30T14:34:36","modified_gmt":"2015-12-30T13:34:36","slug":"las-pensiones-se-revalorizaran-el-025-el-1-de-enero-de-2016","status":"publish","type":"post","link":"https:\/\/palomo.net\/ca\/las-pensiones-se-revalorizaran-el-025-el-1-de-enero-de-2016\/","title":{"rendered":"LAS PENSIONES SE REVALORIZAR\u00c1N EL 0,25 % EL 1 DE ENERO DE 2016"},"content":{"rendered":"<p>El <strong>Consejo de Ministros<\/strong> ha aprobado el <strong>Real Decreto<\/strong> que establece la revalorizaci\u00f3n de las <strong>pensiones<\/strong> p\u00fablicas del sistema de la <strong>Seguridad Social<\/strong> para 2016, seg\u00fan el cual el conjunto de las pensiones y prestaciones econ\u00f3micas subir\u00e1 el 0,25 por ciento. El coste total de la revalorizaci\u00f3n para 2016 alcanza los 281,36 millones de euros.<\/p>\n","protected":false},"excerpt":{"rendered":"<p>El Consejo de Ministros ha aprobado el Real Decreto que establece la revalorizaci\u00f3n de las pensiones p\u00fablicas del sistema de la Seguridad Social para 2016, seg\u00fan el cual el conjunto de las pensiones y prestaciones econ\u00f3micas subir\u00e1 el 0,25 por ciento. El coste total de la revalorizaci\u00f3n para 2016 alcanza los 281,36 millones de euros.<\/p>\n","protected":false},"author":4,"featured_media":5839,"comment_status":"open","ping_status":"open","sticky":false,"template":"","format":"standard","meta":{"_monsterinsights_skip_tracking":false,"_monsterinsights_sitenote_active":false,"_monsterinsights_sitenote_note":"","_monsterinsights_sitenote_category":0,"footnotes":""},"categories":[],"tags":[],"class_list":["post-5838","post","type-post","status-publish","format-standard","has-post-thumbnail","hentry"],"yoast_head":"<!-- This site is optimized with the Yoast SEO plugin v27.5 - https:\/\/yoast.com\/product\/yoast-seo-wordpress\/ -->\n<title>LAS PENSIONES SE REVALORIZAR\u00c1N EL 0,25 % EL 1 DE ENERO DE 2016 - Palomo Consultors<\/title>\n<meta name=\"robots\" content=\"index, follow, max-snippet:-1, max-image-preview:large, max-video-preview:-1\" \/>\n<link rel=\"canonical\" href=\"https:\/\/palomo.net\/ca\/las-pensiones-se-revalorizaran-el-025-el-1-de-enero-de-2016\/\" \/>\n<meta property=\"og:locale\" content=\"ca_ES\" \/>\n<meta property=\"og:type\" content=\"article\" \/>\n<meta property=\"og:title\" content=\"LAS PENSIONES SE REVALORIZAR\u00c1N EL 0,25 % EL 1 DE ENERO DE 2016 - Palomo Consultors\" \/>\n<meta property=\"og:description\" content=\"El Consejo de Ministros ha aprobado el Real Decreto que establece la revalorizaci\u00f3n de las pensiones p\u00fablicas del sistema de la Seguridad Social para 2016, seg\u00fan el cual el conjunto de las pensiones y prestaciones econ\u00f3micas subir\u00e1 el 0,25 por ciento. El coste total de la revalorizaci\u00f3n para 2016 alcanza los 281,36 millones de euros.\" \/>\n<meta property=\"og:url\" content=\"https:\/\/palomo.net\/ca\/las-pensiones-se-revalorizaran-el-025-el-1-de-enero-de-2016\/\" \/>\n<meta property=\"og:site_name\" content=\"Palomo Consultors\" \/>\n<meta property=\"article:published_time\" content=\"2015-12-30T13:34:36+00:00\" \/>\n<meta property=\"og:image\" content=\"https:\/\/palomo.net\/wp-content\/uploads\/PENSIONES-SUBIRAN-EN-2016.jpg\" \/>\n\t<meta property=\"og:image:width\" content=\"150\" \/>\n\t<meta property=\"og:image:height\" content=\"150\" \/>\n\t<meta property=\"og:image:type\" content=\"image\/jpeg\" \/>\n<meta name=\"author\" content=\"Palomo Consultors\" \/>\n<meta name=\"twitter:card\" content=\"summary_large_image\" \/>\n<meta name=\"twitter:label1\" content=\"Escrit per\" \/>\n\t<meta name=\"twitter:data1\" content=\"Palomo Consultors\" \/>\n<script type=\"application\/ld+json\" class=\"yoast-schema-graph\">{\"@context\":\"https:\\\/\\\/schema.org\",\"@graph\":[{\"@type\":\"Article\",\"@id\":\"https:\\\/\\\/palomo.net\\\/ca\\\/las-pensiones-se-revalorizaran-el-025-el-1-de-enero-de-2016\\\/#article\",\"isPartOf\":{\"@id\":\"https:\\\/\\\/palomo.net\\\/ca\\\/las-pensiones-se-revalorizaran-el-025-el-1-de-enero-de-2016\\\/\"},\"author\":{\"name\":\"Palomo Consultors\",\"@id\":\"https:\\\/\\\/palomo.net\\\/#\\\/schema\\\/person\\\/711f80f8e4fbf3466bd3c1c42e621ece\"},\"headline\":\"LAS PENSIONES SE REVALORIZAR\u00c1N EL 0,25 % EL 1 DE ENERO DE 2016\",\"datePublished\":\"2015-12-30T13:34:36+00:00\",\"mainEntityOfPage\":{\"@id\":\"https:\\\/\\\/palomo.net\\\/ca\\\/las-pensiones-se-revalorizaran-el-025-el-1-de-enero-de-2016\\\/\"},\"wordCount\":66,\"commentCount\":0,\"image\":{\"@id\":\"https:\\\/\\\/palomo.net\\\/ca\\\/las-pensiones-se-revalorizaran-el-025-el-1-de-enero-de-2016\\\/#primaryimage\"},\"thumbnailUrl\":\"https:\\\/\\\/palomo.net\\\/wp-content\\\/uploads\\\/PENSIONES-SUBIRAN-EN-2016.jpg\",\"inLanguage\":\"ca\",\"potentialAction\":[{\"@type\":\"CommentAction\",\"name\":\"Comment\",\"target\":[\"https:\\\/\\\/palomo.net\\\/ca\\\/las-pensiones-se-revalorizaran-el-025-el-1-de-enero-de-2016\\\/#respond\"]}]},{\"@type\":\"WebPage\",\"@id\":\"https:\\\/\\\/palomo.net\\\/ca\\\/las-pensiones-se-revalorizaran-el-025-el-1-de-enero-de-2016\\\/\",\"url\":\"https:\\\/\\\/palomo.net\\\/ca\\\/las-pensiones-se-revalorizaran-el-025-el-1-de-enero-de-2016\\\/\",\"name\":\"LAS PENSIONES SE REVALORIZAR\u00c1N EL 0,25 % EL 1 DE ENERO DE 2016 - Palomo Consultors\",\"isPartOf\":{\"@id\":\"https:\\\/\\\/palomo.net\\\/#website\"},\"primaryImageOfPage\":{\"@id\":\"https:\\\/\\\/palomo.net\\\/ca\\\/las-pensiones-se-revalorizaran-el-025-el-1-de-enero-de-2016\\\/#primaryimage\"},\"image\":{\"@id\":\"https:\\\/\\\/palomo.net\\\/ca\\\/las-pensiones-se-revalorizaran-el-025-el-1-de-enero-de-2016\\\/#primaryimage\"},\"thumbnailUrl\":\"https:\\\/\\\/palomo.net\\\/wp-content\\\/uploads\\\/PENSIONES-SUBIRAN-EN-2016.jpg\",\"datePublished\":\"2015-12-30T13:34:36+00:00\",\"author\":{\"@id\":\"https:\\\/\\\/palomo.net\\\/#\\\/schema\\\/person\\\/711f80f8e4fbf3466bd3c1c42e621ece\"},\"breadcrumb\":{\"@id\":\"https:\\\/\\\/palomo.net\\\/ca\\\/las-pensiones-se-revalorizaran-el-025-el-1-de-enero-de-2016\\\/#breadcrumb\"},\"inLanguage\":\"ca\",\"potentialAction\":[{\"@type\":\"ReadAction\",\"target\":[\"https:\\\/\\\/palomo.net\\\/ca\\\/las-pensiones-se-revalorizaran-el-025-el-1-de-enero-de-2016\\\/\"]}]},{\"@type\":\"ImageObject\",\"inLanguage\":\"ca\",\"@id\":\"https:\\\/\\\/palomo.net\\\/ca\\\/las-pensiones-se-revalorizaran-el-025-el-1-de-enero-de-2016\\\/#primaryimage\",\"url\":\"https:\\\/\\\/palomo.net\\\/wp-content\\\/uploads\\\/PENSIONES-SUBIRAN-EN-2016.jpg\",\"contentUrl\":\"https:\\\/\\\/palomo.net\\\/wp-content\\\/uploads\\\/PENSIONES-SUBIRAN-EN-2016.jpg\",\"width\":150,\"height\":150},{\"@type\":\"BreadcrumbList\",\"@id\":\"https:\\\/\\\/palomo.net\\\/ca\\\/las-pensiones-se-revalorizaran-el-025-el-1-de-enero-de-2016\\\/#breadcrumb\",\"itemListElement\":[{\"@type\":\"ListItem\",\"position\":1,\"name\":\"Portada\",\"item\":\"https:\\\/\\\/palomo.net\\\/ca\\\/\"},{\"@type\":\"ListItem\",\"position\":2,\"name\":\"LAS PENSIONES SE REVALORIZAR\u00c1N EL 0,25 % EL 1 DE ENERO DE 2016\"}]},{\"@type\":\"WebSite\",\"@id\":\"https:\\\/\\\/palomo.net\\\/#website\",\"url\":\"https:\\\/\\\/palomo.net\\\/\",\"name\":\"Palomo Consultors\",\"description\":\"Assessors Laborales d&#039; Empresas\",\"potentialAction\":[{\"@type\":\"SearchAction\",\"target\":{\"@type\":\"EntryPoint\",\"urlTemplate\":\"https:\\\/\\\/palomo.net\\\/?s={search_term_string}\"},\"query-input\":{\"@type\":\"PropertyValueSpecification\",\"valueRequired\":true,\"valueName\":\"search_term_string\"}}],\"inLanguage\":\"ca\"},{\"@type\":\"Person\",\"@id\":\"https:\\\/\\\/palomo.net\\\/#\\\/schema\\\/person\\\/711f80f8e4fbf3466bd3c1c42e621ece\",\"name\":\"Palomo Consultors\",\"url\":\"https:\\\/\\\/palomo.net\\\/ca\\\/author\\\/pl0mo\\\/\"}]}<\/script>\n<!-- \/ Yoast SEO plugin. -->","yoast_head_json":{"title":"LAS PENSIONES SE REVALORIZAR\u00c1N EL 0,25 % EL 1 DE ENERO DE 2016 - Palomo Consultors","robots":{"index":"index","follow":"follow","max-snippet":"max-snippet:-1","max-image-preview":"max-image-preview:large","max-video-preview":"max-video-preview:-1"},"canonical":"https:\/\/palomo.net\/ca\/las-pensiones-se-revalorizaran-el-025-el-1-de-enero-de-2016\/","og_locale":"ca_ES","og_type":"article","og_title":"LAS PENSIONES SE REVALORIZAR\u00c1N EL 0,25 % EL 1 DE ENERO DE 2016 - Palomo Consultors","og_description":"El Consejo de Ministros ha aprobado el Real Decreto que establece la revalorizaci\u00f3n de las pensiones p\u00fablicas del sistema de la Seguridad Social para 2016, seg\u00fan el cual el conjunto de las pensiones y prestaciones econ\u00f3micas subir\u00e1 el 0,25 por ciento. El coste total de la revalorizaci\u00f3n para 2016 alcanza los 281,36 millones de euros.","og_url":"https:\/\/palomo.net\/ca\/las-pensiones-se-revalorizaran-el-025-el-1-de-enero-de-2016\/","og_site_name":"Palomo Consultors","article_published_time":"2015-12-30T13:34:36+00:00","og_image":[{"width":150,"height":150,"url":"https:\/\/palomo.net\/wp-content\/uploads\/PENSIONES-SUBIRAN-EN-2016.jpg","type":"image\/jpeg"}],"author":"Palomo Consultors","twitter_card":"summary_large_image","twitter_misc":{"Escrit per":"Palomo Consultors"},"schema":{"@context":"https:\/\/schema.org","@graph":[{"@type":"Article","@id":"https:\/\/palomo.net\/ca\/las-pensiones-se-revalorizaran-el-025-el-1-de-enero-de-2016\/#article","isPartOf":{"@id":"https:\/\/palomo.net\/ca\/las-pensiones-se-revalorizaran-el-025-el-1-de-enero-de-2016\/"},"author":{"name":"Palomo Consultors","@id":"https:\/\/palomo.net\/#\/schema\/person\/711f80f8e4fbf3466bd3c1c42e621ece"},"headline":"LAS PENSIONES SE REVALORIZAR\u00c1N EL 0,25 % EL 1 DE ENERO DE 2016","datePublished":"2015-12-30T13:34:36+00:00","mainEntityOfPage":{"@id":"https:\/\/palomo.net\/ca\/las-pensiones-se-revalorizaran-el-025-el-1-de-enero-de-2016\/"},"wordCount":66,"commentCount":0,"image":{"@id":"https:\/\/palomo.net\/ca\/las-pensiones-se-revalorizaran-el-025-el-1-de-enero-de-2016\/#primaryimage"},"thumbnailUrl":"https:\/\/palomo.net\/wp-content\/uploads\/PENSIONES-SUBIRAN-EN-2016.jpg","inLanguage":"ca","potentialAction":[{"@type":"CommentAction","name":"Comment","target":["https:\/\/palomo.net\/ca\/las-pensiones-se-revalorizaran-el-025-el-1-de-enero-de-2016\/#respond"]}]},{"@type":"WebPage","@id":"https:\/\/palomo.net\/ca\/las-pensiones-se-revalorizaran-el-025-el-1-de-enero-de-2016\/","url":"https:\/\/palomo.net\/ca\/las-pensiones-se-revalorizaran-el-025-el-1-de-enero-de-2016\/","name":"LAS PENSIONES SE REVALORIZAR\u00c1N EL 0,25 % EL 1 DE ENERO DE 2016 - Palomo Consultors","isPartOf":{"@id":"https:\/\/palomo.net\/#website"},"primaryImageOfPage":{"@id":"https:\/\/palomo.net\/ca\/las-pensiones-se-revalorizaran-el-025-el-1-de-enero-de-2016\/#primaryimage"},"image":{"@id":"https:\/\/palomo.net\/ca\/las-pensiones-se-revalorizaran-el-025-el-1-de-enero-de-2016\/#primaryimage"},"thumbnailUrl":"https:\/\/palomo.net\/wp-content\/uploads\/PENSIONES-SUBIRAN-EN-2016.jpg","datePublished":"2015-12-30T13:34:36+00:00","author":{"@id":"https:\/\/palomo.net\/#\/schema\/person\/711f80f8e4fbf3466bd3c1c42e621ece"},"breadcrumb":{"@id":"https:\/\/palomo.net\/ca\/las-pensiones-se-revalorizaran-el-025-el-1-de-enero-de-2016\/#breadcrumb"},"inLanguage":"ca","potentialAction":[{"@type":"ReadAction","target":["https:\/\/palomo.net\/ca\/las-pensiones-se-revalorizaran-el-025-el-1-de-enero-de-2016\/"]}]},{"@type":"ImageObject","inLanguage":"ca","@id":"https:\/\/palomo.net\/ca\/las-pensiones-se-revalorizaran-el-025-el-1-de-enero-de-2016\/#primaryimage","url":"https:\/\/palomo.net\/wp-content\/uploads\/PENSIONES-SUBIRAN-EN-2016.jpg","contentUrl":"https:\/\/palomo.net\/wp-content\/uploads\/PENSIONES-SUBIRAN-EN-2016.jpg","width":150,"height":150},{"@type":"BreadcrumbList","@id":"https:\/\/palomo.net\/ca\/las-pensiones-se-revalorizaran-el-025-el-1-de-enero-de-2016\/#breadcrumb","itemListElement":[{"@type":"ListItem","position":1,"name":"Portada","item":"https:\/\/palomo.net\/ca\/"},{"@type":"ListItem","position":2,"name":"LAS PENSIONES SE REVALORIZAR\u00c1N EL 0,25 % EL 1 DE ENERO DE 2016"}]},{"@type":"WebSite","@id":"https:\/\/palomo.net\/#website","url":"https:\/\/palomo.net\/","name":"Palomo Consultors","description":"Assessors Laborales d&#039; Empresas","potentialAction":[{"@type":"SearchAction","target":{"@type":"EntryPoint","urlTemplate":"https:\/\/palomo.net\/?s={search_term_string}"},"query-input":{"@type":"PropertyValueSpecification","valueRequired":true,"valueName":"search_term_string"}}],"inLanguage":"ca"},{"@type":"Person","@id":"https:\/\/palomo.net\/#\/schema\/person\/711f80f8e4fbf3466bd3c1c42e621ece","name":"Palomo Consultors","url":"https:\/\/palomo.net\/ca\/author\/pl0mo\/"}]}},"_links":{"self":[{"href":"https:\/\/palomo.net\/ca\/wp-json\/wp\/v2\/posts\/5838\/"}],"collection":[{"href":"https:\/\/palomo.net\/ca\/wp-json\/wp\/v2\/posts\/"}],"about":[{"href":"https:\/\/palomo.net\/ca\/wp-json\/wp\/v2\/types\/post\/"}],"author":[{"embeddable":true,"href":"https:\/\/palomo.net\/ca\/wp-json\/wp\/v2\/users\/4\/"}],"replies":[{"embeddable":true,"href":"https:\/\/palomo.net\/ca\/wp-json\/wp\/v2\/comments\/?post=5838"}],"version-history":[{"count":1,"href":"https:\/\/palomo.net\/ca\/wp-json\/wp\/v2\/posts\/5838\/revisions\/"}],"predecessor-version":[{"id":5841,"href":"https:\/\/palomo.net\/ca\/wp-json\/wp\/v2\/posts\/5838\/revisions\/5841\/"}],"wp:featuredmedia":[{"embeddable":true,"href":"https:\/\/palomo.net\/ca\/wp-json\/wp\/v2\/media\/5839\/"}],"wp:attachment":[{"href":"https:\/\/palomo.net\/ca\/wp-json\/wp\/v2\/media\/?parent=5838"}],"wp:term":[{"taxonomy":"category","embeddable":true,"href":"https:\/\/palomo.net\/ca\/wp-json\/wp\/v2\/categories\/?post=5838"},{"taxonomy":"post_tag","embeddable":true,"href":"https:\/\/palomo.net\/ca\/wp-json\/wp\/v2\/tags\/?post=5838"}],"curies":[{"name":"wp","href":"https:\/\/api.w.org\/{rel}","templated":true}]}}