{"id":5868,"date":"2016-01-04T12:08:54","date_gmt":"2016-01-04T11:08:54","guid":{"rendered":"http:\/\/palomo.net\/el-empleo-crecera-menos-que-en-2015-y-la-temporalidad-se-confirma-como-tendencia-2\/"},"modified":"2016-01-04T12:08:54","modified_gmt":"2016-01-04T11:08:54","slug":"el-empleo-crecera-menos-que-en-2015-y-la-temporalidad-se-confirma-como-tendencia","status":"publish","type":"post","link":"https:\/\/palomo.net\/ca\/el-empleo-crecera-menos-que-en-2015-y-la-temporalidad-se-confirma-como-tendencia\/","title":{"rendered":"EL EMPLEO CRECER\u00c1 MENOS QUE EN 2015 Y LA TEMPORALIDAD SE CONFIRMA COMO TENDENCIA"},"content":{"rendered":"<p>Entre 400.000 y 500.000 <strong>nuevos puestos de trabajo<\/strong> ser\u00e1n los que se creen en Espa\u00f1a a lo largo de 2016, seg\u00fan todos los expertos. <strong>Comercio<\/strong>,<strong> hosteler\u00eda<\/strong> y <strong>servicios administrativos<\/strong> ser\u00e1n los<strong> sectores<\/strong> que tiren del <strong>empleo<\/strong> en Espa\u00f1a, donde se generar\u00e1 trabajo por segundo a\u00f1o consecutivo. Las razones de la ligera <strong>desaceleraci\u00f3n<\/strong> en la <strong>creaci\u00f3n de empleos<\/strong> que se espera habr\u00eda que buscarlas en el frenazo del ritmo de <strong>crecimiento de la econom\u00eda<\/strong>, seg\u00fan Funcas.<\/p>\n","protected":false},"excerpt":{"rendered":"<p>Entre 400.000 y 500.000 nuevos puestos de trabajo ser\u00e1n los que se creen en Espa\u00f1a a lo largo de 2016, seg\u00fan todos los expertos. Comercio, hosteler\u00eda y servicios administrativos ser\u00e1n los sectores que tiren del empleo en Espa\u00f1a, donde se generar\u00e1 trabajo por segundo a\u00f1o consecutivo. Las razones de la ligera desaceleraci\u00f3n en la creaci\u00f3n [&hellip;]<\/p>\n","protected":false},"author":4,"featured_media":5865,"comment_status":"open","ping_status":"open","sticky":false,"template":"","format":"standard","meta":{"_monsterinsights_skip_tracking":false,"_monsterinsights_sitenote_active":false,"_monsterinsights_sitenote_note":"","_monsterinsights_sitenote_category":0,"footnotes":""},"categories":[34],"tags":[],"class_list":["post-5868","post","type-post","status-publish","format-standard","has-post-thumbnail","hentry","category-noticies"],"yoast_head":"<!-- This site is optimized with the Yoast SEO plugin v27.5 - https:\/\/yoast.com\/product\/yoast-seo-wordpress\/ -->\n<title>EL EMPLEO CRECER\u00c1 MENOS QUE EN 2015 Y LA TEMPORALIDAD SE CONFIRMA COMO TENDENCIA - Palomo Consultors<\/title>\n<meta name=\"robots\" content=\"index, follow, max-snippet:-1, max-image-preview:large, max-video-preview:-1\" \/>\n<link rel=\"canonical\" href=\"https:\/\/palomo.net\/ca\/el-empleo-crecera-menos-que-en-2015-y-la-temporalidad-se-confirma-como-tendencia\/\" \/>\n<meta property=\"og:locale\" content=\"ca_ES\" \/>\n<meta property=\"og:type\" content=\"article\" \/>\n<meta property=\"og:title\" content=\"EL EMPLEO CRECER\u00c1 MENOS QUE EN 2015 Y LA TEMPORALIDAD SE CONFIRMA COMO TENDENCIA - Palomo Consultors\" \/>\n<meta property=\"og:description\" content=\"Entre 400.000 y 500.000 nuevos puestos de trabajo ser\u00e1n los que se creen en Espa\u00f1a a lo largo de 2016, seg\u00fan todos los expertos. Comercio, hosteler\u00eda y servicios administrativos ser\u00e1n los sectores que tiren del empleo en Espa\u00f1a, donde se generar\u00e1 trabajo por segundo a\u00f1o consecutivo. Las razones de la ligera desaceleraci\u00f3n en la creaci\u00f3n [&hellip;]\" \/>\n<meta property=\"og:url\" content=\"https:\/\/palomo.net\/ca\/el-empleo-crecera-menos-que-en-2015-y-la-temporalidad-se-confirma-como-tendencia\/\" \/>\n<meta property=\"og:site_name\" content=\"Palomo Consultors\" \/>\n<meta property=\"article:published_time\" content=\"2016-01-04T11:08:54+00:00\" \/>\n<meta property=\"og:image\" content=\"https:\/\/palomo.net\/wp-content\/uploads\/empleo-crecer\u00e1-menos-que-en-2015.jpg\" \/>\n\t<meta property=\"og:image:width\" content=\"275\" \/>\n\t<meta property=\"og:image:height\" content=\"183\" \/>\n\t<meta property=\"og:image:type\" content=\"image\/jpeg\" \/>\n<meta name=\"author\" content=\"Palomo Consultors\" \/>\n<meta name=\"twitter:card\" content=\"summary_large_image\" \/>\n<meta name=\"twitter:label1\" content=\"Escrit per\" \/>\n\t<meta name=\"twitter:data1\" content=\"Palomo Consultors\" \/>\n<script type=\"application\/ld+json\" class=\"yoast-schema-graph\">{\"@context\":\"https:\\\/\\\/schema.org\",\"@graph\":[{\"@type\":\"Article\",\"@id\":\"https:\\\/\\\/palomo.net\\\/ca\\\/el-empleo-crecera-menos-que-en-2015-y-la-temporalidad-se-confirma-como-tendencia\\\/#article\",\"isPartOf\":{\"@id\":\"https:\\\/\\\/palomo.net\\\/ca\\\/el-empleo-crecera-menos-que-en-2015-y-la-temporalidad-se-confirma-como-tendencia\\\/\"},\"author\":{\"name\":\"Palomo Consultors\",\"@id\":\"https:\\\/\\\/palomo.net\\\/#\\\/schema\\\/person\\\/711f80f8e4fbf3466bd3c1c42e621ece\"},\"headline\":\"EL EMPLEO CRECER\u00c1 MENOS QUE EN 2015 Y LA TEMPORALIDAD SE CONFIRMA COMO TENDENCIA\",\"datePublished\":\"2016-01-04T11:08:54+00:00\",\"mainEntityOfPage\":{\"@id\":\"https:\\\/\\\/palomo.net\\\/ca\\\/el-empleo-crecera-menos-que-en-2015-y-la-temporalidad-se-confirma-como-tendencia\\\/\"},\"wordCount\":97,\"commentCount\":0,\"image\":{\"@id\":\"https:\\\/\\\/palomo.net\\\/ca\\\/el-empleo-crecera-menos-que-en-2015-y-la-temporalidad-se-confirma-como-tendencia\\\/#primaryimage\"},\"thumbnailUrl\":\"https:\\\/\\\/palomo.net\\\/wp-content\\\/uploads\\\/empleo-crecer\u00e1-menos-que-en-2015.jpg\",\"articleSection\":[\"Not\u00edcies\"],\"inLanguage\":\"ca\",\"potentialAction\":[{\"@type\":\"CommentAction\",\"name\":\"Comment\",\"target\":[\"https:\\\/\\\/palomo.net\\\/ca\\\/el-empleo-crecera-menos-que-en-2015-y-la-temporalidad-se-confirma-como-tendencia\\\/#respond\"]}]},{\"@type\":\"WebPage\",\"@id\":\"https:\\\/\\\/palomo.net\\\/ca\\\/el-empleo-crecera-menos-que-en-2015-y-la-temporalidad-se-confirma-como-tendencia\\\/\",\"url\":\"https:\\\/\\\/palomo.net\\\/ca\\\/el-empleo-crecera-menos-que-en-2015-y-la-temporalidad-se-confirma-como-tendencia\\\/\",\"name\":\"EL EMPLEO CRECER\u00c1 MENOS QUE EN 2015 Y LA TEMPORALIDAD SE CONFIRMA COMO TENDENCIA - Palomo Consultors\",\"isPartOf\":{\"@id\":\"https:\\\/\\\/palomo.net\\\/#website\"},\"primaryImageOfPage\":{\"@id\":\"https:\\\/\\\/palomo.net\\\/ca\\\/el-empleo-crecera-menos-que-en-2015-y-la-temporalidad-se-confirma-como-tendencia\\\/#primaryimage\"},\"image\":{\"@id\":\"https:\\\/\\\/palomo.net\\\/ca\\\/el-empleo-crecera-menos-que-en-2015-y-la-temporalidad-se-confirma-como-tendencia\\\/#primaryimage\"},\"thumbnailUrl\":\"https:\\\/\\\/palomo.net\\\/wp-content\\\/uploads\\\/empleo-crecer\u00e1-menos-que-en-2015.jpg\",\"datePublished\":\"2016-01-04T11:08:54+00:00\",\"author\":{\"@id\":\"https:\\\/\\\/palomo.net\\\/#\\\/schema\\\/person\\\/711f80f8e4fbf3466bd3c1c42e621ece\"},\"breadcrumb\":{\"@id\":\"https:\\\/\\\/palomo.net\\\/ca\\\/el-empleo-crecera-menos-que-en-2015-y-la-temporalidad-se-confirma-como-tendencia\\\/#breadcrumb\"},\"inLanguage\":\"ca\",\"potentialAction\":[{\"@type\":\"ReadAction\",\"target\":[\"https:\\\/\\\/palomo.net\\\/ca\\\/el-empleo-crecera-menos-que-en-2015-y-la-temporalidad-se-confirma-como-tendencia\\\/\"]}]},{\"@type\":\"ImageObject\",\"inLanguage\":\"ca\",\"@id\":\"https:\\\/\\\/palomo.net\\\/ca\\\/el-empleo-crecera-menos-que-en-2015-y-la-temporalidad-se-confirma-como-tendencia\\\/#primaryimage\",\"url\":\"https:\\\/\\\/palomo.net\\\/wp-content\\\/uploads\\\/empleo-crecer\u00e1-menos-que-en-2015.jpg\",\"contentUrl\":\"https:\\\/\\\/palomo.net\\\/wp-content\\\/uploads\\\/empleo-crecer\u00e1-menos-que-en-2015.jpg\",\"width\":275,\"height\":183},{\"@type\":\"BreadcrumbList\",\"@id\":\"https:\\\/\\\/palomo.net\\\/ca\\\/el-empleo-crecera-menos-que-en-2015-y-la-temporalidad-se-confirma-como-tendencia\\\/#breadcrumb\",\"itemListElement\":[{\"@type\":\"ListItem\",\"position\":1,\"name\":\"Portada\",\"item\":\"https:\\\/\\\/palomo.net\\\/ca\\\/\"},{\"@type\":\"ListItem\",\"position\":2,\"name\":\"EL EMPLEO CRECER\u00c1 MENOS QUE EN 2015 Y LA TEMPORALIDAD SE CONFIRMA COMO TENDENCIA\"}]},{\"@type\":\"WebSite\",\"@id\":\"https:\\\/\\\/palomo.net\\\/#website\",\"url\":\"https:\\\/\\\/palomo.net\\\/\",\"name\":\"Palomo Consultors\",\"description\":\"Assessors Laborales d&#039; Empresas\",\"potentialAction\":[{\"@type\":\"SearchAction\",\"target\":{\"@type\":\"EntryPoint\",\"urlTemplate\":\"https:\\\/\\\/palomo.net\\\/?s={search_term_string}\"},\"query-input\":{\"@type\":\"PropertyValueSpecification\",\"valueRequired\":true,\"valueName\":\"search_term_string\"}}],\"inLanguage\":\"ca\"},{\"@type\":\"Person\",\"@id\":\"https:\\\/\\\/palomo.net\\\/#\\\/schema\\\/person\\\/711f80f8e4fbf3466bd3c1c42e621ece\",\"name\":\"Palomo Consultors\",\"url\":\"https:\\\/\\\/palomo.net\\\/ca\\\/author\\\/pl0mo\\\/\"}]}<\/script>\n<!-- \/ Yoast SEO plugin. -->","yoast_head_json":{"title":"EL EMPLEO CRECER\u00c1 MENOS QUE EN 2015 Y LA TEMPORALIDAD SE CONFIRMA COMO TENDENCIA - Palomo Consultors","robots":{"index":"index","follow":"follow","max-snippet":"max-snippet:-1","max-image-preview":"max-image-preview:large","max-video-preview":"max-video-preview:-1"},"canonical":"https:\/\/palomo.net\/ca\/el-empleo-crecera-menos-que-en-2015-y-la-temporalidad-se-confirma-como-tendencia\/","og_locale":"ca_ES","og_type":"article","og_title":"EL EMPLEO CRECER\u00c1 MENOS QUE EN 2015 Y LA TEMPORALIDAD SE CONFIRMA COMO TENDENCIA - Palomo Consultors","og_description":"Entre 400.000 y 500.000 nuevos puestos de trabajo ser\u00e1n los que se creen en Espa\u00f1a a lo largo de 2016, seg\u00fan todos los expertos. Comercio, hosteler\u00eda y servicios administrativos ser\u00e1n los sectores que tiren del empleo en Espa\u00f1a, donde se generar\u00e1 trabajo por segundo a\u00f1o consecutivo. Las razones de la ligera desaceleraci\u00f3n en la creaci\u00f3n [&hellip;]","og_url":"https:\/\/palomo.net\/ca\/el-empleo-crecera-menos-que-en-2015-y-la-temporalidad-se-confirma-como-tendencia\/","og_site_name":"Palomo Consultors","article_published_time":"2016-01-04T11:08:54+00:00","og_image":[{"width":275,"height":183,"url":"https:\/\/palomo.net\/wp-content\/uploads\/empleo-crecer\u00e1-menos-que-en-2015.jpg","type":"image\/jpeg"}],"author":"Palomo Consultors","twitter_card":"summary_large_image","twitter_misc":{"Escrit per":"Palomo Consultors"},"schema":{"@context":"https:\/\/schema.org","@graph":[{"@type":"Article","@id":"https:\/\/palomo.net\/ca\/el-empleo-crecera-menos-que-en-2015-y-la-temporalidad-se-confirma-como-tendencia\/#article","isPartOf":{"@id":"https:\/\/palomo.net\/ca\/el-empleo-crecera-menos-que-en-2015-y-la-temporalidad-se-confirma-como-tendencia\/"},"author":{"name":"Palomo Consultors","@id":"https:\/\/palomo.net\/#\/schema\/person\/711f80f8e4fbf3466bd3c1c42e621ece"},"headline":"EL EMPLEO CRECER\u00c1 MENOS QUE EN 2015 Y LA TEMPORALIDAD SE CONFIRMA COMO TENDENCIA","datePublished":"2016-01-04T11:08:54+00:00","mainEntityOfPage":{"@id":"https:\/\/palomo.net\/ca\/el-empleo-crecera-menos-que-en-2015-y-la-temporalidad-se-confirma-como-tendencia\/"},"wordCount":97,"commentCount":0,"image":{"@id":"https:\/\/palomo.net\/ca\/el-empleo-crecera-menos-que-en-2015-y-la-temporalidad-se-confirma-como-tendencia\/#primaryimage"},"thumbnailUrl":"https:\/\/palomo.net\/wp-content\/uploads\/empleo-crecer\u00e1-menos-que-en-2015.jpg","articleSection":["Not\u00edcies"],"inLanguage":"ca","potentialAction":[{"@type":"CommentAction","name":"Comment","target":["https:\/\/palomo.net\/ca\/el-empleo-crecera-menos-que-en-2015-y-la-temporalidad-se-confirma-como-tendencia\/#respond"]}]},{"@type":"WebPage","@id":"https:\/\/palomo.net\/ca\/el-empleo-crecera-menos-que-en-2015-y-la-temporalidad-se-confirma-como-tendencia\/","url":"https:\/\/palomo.net\/ca\/el-empleo-crecera-menos-que-en-2015-y-la-temporalidad-se-confirma-como-tendencia\/","name":"EL EMPLEO CRECER\u00c1 MENOS QUE EN 2015 Y LA TEMPORALIDAD SE CONFIRMA COMO TENDENCIA - Palomo Consultors","isPartOf":{"@id":"https:\/\/palomo.net\/#website"},"primaryImageOfPage":{"@id":"https:\/\/palomo.net\/ca\/el-empleo-crecera-menos-que-en-2015-y-la-temporalidad-se-confirma-como-tendencia\/#primaryimage"},"image":{"@id":"https:\/\/palomo.net\/ca\/el-empleo-crecera-menos-que-en-2015-y-la-temporalidad-se-confirma-como-tendencia\/#primaryimage"},"thumbnailUrl":"https:\/\/palomo.net\/wp-content\/uploads\/empleo-crecer\u00e1-menos-que-en-2015.jpg","datePublished":"2016-01-04T11:08:54+00:00","author":{"@id":"https:\/\/palomo.net\/#\/schema\/person\/711f80f8e4fbf3466bd3c1c42e621ece"},"breadcrumb":{"@id":"https:\/\/palomo.net\/ca\/el-empleo-crecera-menos-que-en-2015-y-la-temporalidad-se-confirma-como-tendencia\/#breadcrumb"},"inLanguage":"ca","potentialAction":[{"@type":"ReadAction","target":["https:\/\/palomo.net\/ca\/el-empleo-crecera-menos-que-en-2015-y-la-temporalidad-se-confirma-como-tendencia\/"]}]},{"@type":"ImageObject","inLanguage":"ca","@id":"https:\/\/palomo.net\/ca\/el-empleo-crecera-menos-que-en-2015-y-la-temporalidad-se-confirma-como-tendencia\/#primaryimage","url":"https:\/\/palomo.net\/wp-content\/uploads\/empleo-crecer\u00e1-menos-que-en-2015.jpg","contentUrl":"https:\/\/palomo.net\/wp-content\/uploads\/empleo-crecer\u00e1-menos-que-en-2015.jpg","width":275,"height":183},{"@type":"BreadcrumbList","@id":"https:\/\/palomo.net\/ca\/el-empleo-crecera-menos-que-en-2015-y-la-temporalidad-se-confirma-como-tendencia\/#breadcrumb","itemListElement":[{"@type":"ListItem","position":1,"name":"Portada","item":"https:\/\/palomo.net\/ca\/"},{"@type":"ListItem","position":2,"name":"EL EMPLEO CRECER\u00c1 MENOS QUE EN 2015 Y LA TEMPORALIDAD SE CONFIRMA COMO TENDENCIA"}]},{"@type":"WebSite","@id":"https:\/\/palomo.net\/#website","url":"https:\/\/palomo.net\/","name":"Palomo Consultors","description":"Assessors Laborales d&#039; Empresas","potentialAction":[{"@type":"SearchAction","target":{"@type":"EntryPoint","urlTemplate":"https:\/\/palomo.net\/?s={search_term_string}"},"query-input":{"@type":"PropertyValueSpecification","valueRequired":true,"valueName":"search_term_string"}}],"inLanguage":"ca"},{"@type":"Person","@id":"https:\/\/palomo.net\/#\/schema\/person\/711f80f8e4fbf3466bd3c1c42e621ece","name":"Palomo Consultors","url":"https:\/\/palomo.net\/ca\/author\/pl0mo\/"}]}},"_links":{"self":[{"href":"https:\/\/palomo.net\/ca\/wp-json\/wp\/v2\/posts\/5868\/"}],"collection":[{"href":"https:\/\/palomo.net\/ca\/wp-json\/wp\/v2\/posts\/"}],"about":[{"href":"https:\/\/palomo.net\/ca\/wp-json\/wp\/v2\/types\/post\/"}],"author":[{"embeddable":true,"href":"https:\/\/palomo.net\/ca\/wp-json\/wp\/v2\/users\/4\/"}],"replies":[{"embeddable":true,"href":"https:\/\/palomo.net\/ca\/wp-json\/wp\/v2\/comments\/?post=5868"}],"version-history":[{"count":0,"href":"https:\/\/palomo.net\/ca\/wp-json\/wp\/v2\/posts\/5868\/revisions\/"}],"wp:featuredmedia":[{"embeddable":true,"href":"https:\/\/palomo.net\/ca\/wp-json\/wp\/v2\/media\/5865\/"}],"wp:attachment":[{"href":"https:\/\/palomo.net\/ca\/wp-json\/wp\/v2\/media\/?parent=5868"}],"wp:term":[{"taxonomy":"category","embeddable":true,"href":"https:\/\/palomo.net\/ca\/wp-json\/wp\/v2\/categories\/?post=5868"},{"taxonomy":"post_tag","embeddable":true,"href":"https:\/\/palomo.net\/ca\/wp-json\/wp\/v2\/tags\/?post=5868"}],"curies":[{"name":"wp","href":"https:\/\/api.w.org\/{rel}","templated":true}]}}