{"id":6138,"date":"2016-02-15T18:23:10","date_gmt":"2016-02-15T17:23:10","guid":{"rendered":"http:\/\/palomo.net\/ca\/al-menos-la-mitad-de-los-727-000-empleos-creados-desde-el-inicio-de-la-recuperacion-2013-2015-los-han-ocupado-trabajadores-sobrecualificados\/"},"modified":"2016-02-15T18:23:10","modified_gmt":"2016-02-15T17:23:10","slug":"al-menos-la-mitad-de-los-727-000-empleos-creados-desde-el-inicio-de-la-recuperacion-2013-2015-los-han-ocupado-trabajadores-sobrecualificados","status":"publish","type":"post","link":"https:\/\/palomo.net\/ca\/al-menos-la-mitad-de-los-727-000-empleos-creados-desde-el-inicio-de-la-recuperacion-2013-2015-los-han-ocupado-trabajadores-sobrecualificados\/","title":{"rendered":"AL MENOS LA MITAD DE LOS 727.000 EMPLEOS CREADOS DESDE EL INICIO DE LA RECUPERACI\u00d3N (2013-2015) LOS HAN OCUPADO TRABAJADORES SOBRECUALIFICADOS"},"content":{"rendered":"<p><strong>Al menos la mitad de los 727.000 empleos creados desde el inicio de la recuperaci\u00f3n<\/strong> (2013-2015) <strong>los han ocupado trabajadores sobrecualificados<\/strong>, es decir, con una formaci\u00f3n superior a la requerida por el puesto de trabajo, seg\u00fan un informe de Asempleo, la patronal de agencias privadas de empleo. El n\u00famero de trabajadores con una formaci\u00f3n superior a la precisada por el puesto de trabajo para el que fueron contratados se ha incrementado un 6,5% desde el comienzo de la crisis, en 2007. Los que m\u00e1s padecen este desajuste del mercado laboral son los trabajadores de m\u00e1s de 45 a\u00f1os, aunque tambi\u00e9n es un problema com\u00fan entre los j\u00f3venes de 16 a 24 a\u00f1os. El informe pone de manifiesto que los asalariados son el grupo donde m\u00e1s ha crecido la sobrecualificaci\u00f3n, aunque es en el colectivo de aut\u00f3nomos d\u00f3nde \u00e9sta es m\u00e1s frecuente.<\/p>\n","protected":false},"excerpt":{"rendered":"<p>Al menos la mitad de los 727.000 empleos creados desde el inicio de la recuperaci\u00f3n (2013-2015) los han ocupado trabajadores sobrecualificados, es decir, con una formaci\u00f3n superior a la requerida por el puesto de trabajo, seg\u00fan un informe de Asempleo, la patronal de agencias privadas de empleo. El n\u00famero de trabajadores con una formaci\u00f3n superior [&hellip;]<\/p>\n","protected":false},"author":4,"featured_media":6135,"comment_status":"open","ping_status":"open","sticky":false,"template":"","format":"standard","meta":{"_monsterinsights_skip_tracking":false,"_monsterinsights_sitenote_active":false,"_monsterinsights_sitenote_note":"","_monsterinsights_sitenote_category":0,"footnotes":""},"categories":[34],"tags":[],"class_list":["post-6138","post","type-post","status-publish","format-standard","has-post-thumbnail","hentry","category-noticies"],"yoast_head":"<!-- This site is optimized with the Yoast SEO plugin v27.5 - https:\/\/yoast.com\/product\/yoast-seo-wordpress\/ -->\n<title>AL MENOS LA MITAD DE LOS 727.000 EMPLEOS CREADOS DESDE EL INICIO DE LA RECUPERACI\u00d3N (2013-2015) LOS HAN OCUPADO TRABAJADORES SOBRECUALIFICADOS - Palomo Consultors<\/title>\n<meta name=\"robots\" content=\"index, follow, max-snippet:-1, max-image-preview:large, max-video-preview:-1\" \/>\n<link rel=\"canonical\" href=\"https:\/\/palomo.net\/ca\/al-menos-la-mitad-de-los-727-000-empleos-creados-desde-el-inicio-de-la-recuperacion-2013-2015-los-han-ocupado-trabajadores-sobrecualificados\/\" \/>\n<meta property=\"og:locale\" content=\"ca_ES\" \/>\n<meta property=\"og:type\" content=\"article\" \/>\n<meta property=\"og:title\" content=\"AL MENOS LA MITAD DE LOS 727.000 EMPLEOS CREADOS DESDE EL INICIO DE LA RECUPERACI\u00d3N (2013-2015) LOS HAN OCUPADO TRABAJADORES SOBRECUALIFICADOS - Palomo Consultors\" \/>\n<meta property=\"og:description\" content=\"Al menos la mitad de los 727.000 empleos creados desde el inicio de la recuperaci\u00f3n (2013-2015) los han ocupado trabajadores sobrecualificados, es decir, con una formaci\u00f3n superior a la requerida por el puesto de trabajo, seg\u00fan un informe de Asempleo, la patronal de agencias privadas de empleo. El n\u00famero de trabajadores con una formaci\u00f3n superior [&hellip;]\" \/>\n<meta property=\"og:url\" content=\"https:\/\/palomo.net\/ca\/al-menos-la-mitad-de-los-727-000-empleos-creados-desde-el-inicio-de-la-recuperacion-2013-2015-los-han-ocupado-trabajadores-sobrecualificados\/\" \/>\n<meta property=\"og:site_name\" content=\"Palomo Consultors\" \/>\n<meta property=\"article:published_time\" content=\"2016-02-15T17:23:10+00:00\" \/>\n<meta property=\"og:image\" content=\"https:\/\/palomo.net\/wp-content\/uploads\/TRABAJADORES-SOBRECUALIFICADOS.jpg\" \/>\n\t<meta property=\"og:image:width\" content=\"290\" \/>\n\t<meta property=\"og:image:height\" content=\"174\" \/>\n\t<meta property=\"og:image:type\" content=\"image\/jpeg\" \/>\n<meta name=\"author\" content=\"Palomo Consultors\" \/>\n<meta name=\"twitter:card\" content=\"summary_large_image\" \/>\n<meta name=\"twitter:label1\" content=\"Escrit per\" \/>\n\t<meta name=\"twitter:data1\" content=\"Palomo Consultors\" \/>\n\t<meta name=\"twitter:label2\" content=\"Temps estimat de lectura\" \/>\n\t<meta name=\"twitter:data2\" content=\"1 minut\" \/>\n<script type=\"application\/ld+json\" class=\"yoast-schema-graph\">{\"@context\":\"https:\\\/\\\/schema.org\",\"@graph\":[{\"@type\":\"Article\",\"@id\":\"https:\\\/\\\/palomo.net\\\/ca\\\/al-menos-la-mitad-de-los-727-000-empleos-creados-desde-el-inicio-de-la-recuperacion-2013-2015-los-han-ocupado-trabajadores-sobrecualificados\\\/#article\",\"isPartOf\":{\"@id\":\"https:\\\/\\\/palomo.net\\\/ca\\\/al-menos-la-mitad-de-los-727-000-empleos-creados-desde-el-inicio-de-la-recuperacion-2013-2015-los-han-ocupado-trabajadores-sobrecualificados\\\/\"},\"author\":{\"name\":\"Palomo Consultors\",\"@id\":\"https:\\\/\\\/palomo.net\\\/#\\\/schema\\\/person\\\/711f80f8e4fbf3466bd3c1c42e621ece\"},\"headline\":\"AL MENOS LA MITAD DE LOS 727.000 EMPLEOS CREADOS DESDE EL INICIO DE LA RECUPERACI\u00d3N (2013-2015) LOS HAN OCUPADO TRABAJADORES SOBRECUALIFICADOS\",\"datePublished\":\"2016-02-15T17:23:10+00:00\",\"mainEntityOfPage\":{\"@id\":\"https:\\\/\\\/palomo.net\\\/ca\\\/al-menos-la-mitad-de-los-727-000-empleos-creados-desde-el-inicio-de-la-recuperacion-2013-2015-los-han-ocupado-trabajadores-sobrecualificados\\\/\"},\"wordCount\":173,\"commentCount\":0,\"image\":{\"@id\":\"https:\\\/\\\/palomo.net\\\/ca\\\/al-menos-la-mitad-de-los-727-000-empleos-creados-desde-el-inicio-de-la-recuperacion-2013-2015-los-han-ocupado-trabajadores-sobrecualificados\\\/#primaryimage\"},\"thumbnailUrl\":\"https:\\\/\\\/palomo.net\\\/wp-content\\\/uploads\\\/TRABAJADORES-SOBRECUALIFICADOS.jpg\",\"articleSection\":[\"Not\u00edcies\"],\"inLanguage\":\"ca\",\"potentialAction\":[{\"@type\":\"CommentAction\",\"name\":\"Comment\",\"target\":[\"https:\\\/\\\/palomo.net\\\/ca\\\/al-menos-la-mitad-de-los-727-000-empleos-creados-desde-el-inicio-de-la-recuperacion-2013-2015-los-han-ocupado-trabajadores-sobrecualificados\\\/#respond\"]}]},{\"@type\":\"WebPage\",\"@id\":\"https:\\\/\\\/palomo.net\\\/ca\\\/al-menos-la-mitad-de-los-727-000-empleos-creados-desde-el-inicio-de-la-recuperacion-2013-2015-los-han-ocupado-trabajadores-sobrecualificados\\\/\",\"url\":\"https:\\\/\\\/palomo.net\\\/ca\\\/al-menos-la-mitad-de-los-727-000-empleos-creados-desde-el-inicio-de-la-recuperacion-2013-2015-los-han-ocupado-trabajadores-sobrecualificados\\\/\",\"name\":\"AL MENOS LA MITAD DE LOS 727.000 EMPLEOS CREADOS DESDE EL INICIO DE LA RECUPERACI\u00d3N (2013-2015) LOS HAN OCUPADO TRABAJADORES SOBRECUALIFICADOS - Palomo Consultors\",\"isPartOf\":{\"@id\":\"https:\\\/\\\/palomo.net\\\/#website\"},\"primaryImageOfPage\":{\"@id\":\"https:\\\/\\\/palomo.net\\\/ca\\\/al-menos-la-mitad-de-los-727-000-empleos-creados-desde-el-inicio-de-la-recuperacion-2013-2015-los-han-ocupado-trabajadores-sobrecualificados\\\/#primaryimage\"},\"image\":{\"@id\":\"https:\\\/\\\/palomo.net\\\/ca\\\/al-menos-la-mitad-de-los-727-000-empleos-creados-desde-el-inicio-de-la-recuperacion-2013-2015-los-han-ocupado-trabajadores-sobrecualificados\\\/#primaryimage\"},\"thumbnailUrl\":\"https:\\\/\\\/palomo.net\\\/wp-content\\\/uploads\\\/TRABAJADORES-SOBRECUALIFICADOS.jpg\",\"datePublished\":\"2016-02-15T17:23:10+00:00\",\"author\":{\"@id\":\"https:\\\/\\\/palomo.net\\\/#\\\/schema\\\/person\\\/711f80f8e4fbf3466bd3c1c42e621ece\"},\"breadcrumb\":{\"@id\":\"https:\\\/\\\/palomo.net\\\/ca\\\/al-menos-la-mitad-de-los-727-000-empleos-creados-desde-el-inicio-de-la-recuperacion-2013-2015-los-han-ocupado-trabajadores-sobrecualificados\\\/#breadcrumb\"},\"inLanguage\":\"ca\",\"potentialAction\":[{\"@type\":\"ReadAction\",\"target\":[\"https:\\\/\\\/palomo.net\\\/ca\\\/al-menos-la-mitad-de-los-727-000-empleos-creados-desde-el-inicio-de-la-recuperacion-2013-2015-los-han-ocupado-trabajadores-sobrecualificados\\\/\"]}]},{\"@type\":\"ImageObject\",\"inLanguage\":\"ca\",\"@id\":\"https:\\\/\\\/palomo.net\\\/ca\\\/al-menos-la-mitad-de-los-727-000-empleos-creados-desde-el-inicio-de-la-recuperacion-2013-2015-los-han-ocupado-trabajadores-sobrecualificados\\\/#primaryimage\",\"url\":\"https:\\\/\\\/palomo.net\\\/wp-content\\\/uploads\\\/TRABAJADORES-SOBRECUALIFICADOS.jpg\",\"contentUrl\":\"https:\\\/\\\/palomo.net\\\/wp-content\\\/uploads\\\/TRABAJADORES-SOBRECUALIFICADOS.jpg\",\"width\":290,\"height\":174},{\"@type\":\"BreadcrumbList\",\"@id\":\"https:\\\/\\\/palomo.net\\\/ca\\\/al-menos-la-mitad-de-los-727-000-empleos-creados-desde-el-inicio-de-la-recuperacion-2013-2015-los-han-ocupado-trabajadores-sobrecualificados\\\/#breadcrumb\",\"itemListElement\":[{\"@type\":\"ListItem\",\"position\":1,\"name\":\"Portada\",\"item\":\"https:\\\/\\\/palomo.net\\\/ca\\\/\"},{\"@type\":\"ListItem\",\"position\":2,\"name\":\"AL MENOS LA MITAD DE LOS 727.000 EMPLEOS CREADOS DESDE EL INICIO DE LA RECUPERACI\u00d3N (2013-2015) LOS HAN OCUPADO TRABAJADORES SOBRECUALIFICADOS\"}]},{\"@type\":\"WebSite\",\"@id\":\"https:\\\/\\\/palomo.net\\\/#website\",\"url\":\"https:\\\/\\\/palomo.net\\\/\",\"name\":\"Palomo Consultors\",\"description\":\"Assessors Laborales d&#039; Empresas\",\"potentialAction\":[{\"@type\":\"SearchAction\",\"target\":{\"@type\":\"EntryPoint\",\"urlTemplate\":\"https:\\\/\\\/palomo.net\\\/?s={search_term_string}\"},\"query-input\":{\"@type\":\"PropertyValueSpecification\",\"valueRequired\":true,\"valueName\":\"search_term_string\"}}],\"inLanguage\":\"ca\"},{\"@type\":\"Person\",\"@id\":\"https:\\\/\\\/palomo.net\\\/#\\\/schema\\\/person\\\/711f80f8e4fbf3466bd3c1c42e621ece\",\"name\":\"Palomo Consultors\",\"url\":\"https:\\\/\\\/palomo.net\\\/ca\\\/author\\\/pl0mo\\\/\"}]}<\/script>\n<!-- \/ Yoast SEO plugin. -->","yoast_head_json":{"title":"AL MENOS LA MITAD DE LOS 727.000 EMPLEOS CREADOS DESDE EL INICIO DE LA RECUPERACI\u00d3N (2013-2015) LOS HAN OCUPADO TRABAJADORES SOBRECUALIFICADOS - Palomo Consultors","robots":{"index":"index","follow":"follow","max-snippet":"max-snippet:-1","max-image-preview":"max-image-preview:large","max-video-preview":"max-video-preview:-1"},"canonical":"https:\/\/palomo.net\/ca\/al-menos-la-mitad-de-los-727-000-empleos-creados-desde-el-inicio-de-la-recuperacion-2013-2015-los-han-ocupado-trabajadores-sobrecualificados\/","og_locale":"ca_ES","og_type":"article","og_title":"AL MENOS LA MITAD DE LOS 727.000 EMPLEOS CREADOS DESDE EL INICIO DE LA RECUPERACI\u00d3N (2013-2015) LOS HAN OCUPADO TRABAJADORES SOBRECUALIFICADOS - Palomo Consultors","og_description":"Al menos la mitad de los 727.000 empleos creados desde el inicio de la recuperaci\u00f3n (2013-2015) los han ocupado trabajadores sobrecualificados, es decir, con una formaci\u00f3n superior a la requerida por el puesto de trabajo, seg\u00fan un informe de Asempleo, la patronal de agencias privadas de empleo. El n\u00famero de trabajadores con una formaci\u00f3n superior [&hellip;]","og_url":"https:\/\/palomo.net\/ca\/al-menos-la-mitad-de-los-727-000-empleos-creados-desde-el-inicio-de-la-recuperacion-2013-2015-los-han-ocupado-trabajadores-sobrecualificados\/","og_site_name":"Palomo Consultors","article_published_time":"2016-02-15T17:23:10+00:00","og_image":[{"width":290,"height":174,"url":"https:\/\/palomo.net\/wp-content\/uploads\/TRABAJADORES-SOBRECUALIFICADOS.jpg","type":"image\/jpeg"}],"author":"Palomo Consultors","twitter_card":"summary_large_image","twitter_misc":{"Escrit per":"Palomo Consultors","Temps estimat de lectura":"1 minut"},"schema":{"@context":"https:\/\/schema.org","@graph":[{"@type":"Article","@id":"https:\/\/palomo.net\/ca\/al-menos-la-mitad-de-los-727-000-empleos-creados-desde-el-inicio-de-la-recuperacion-2013-2015-los-han-ocupado-trabajadores-sobrecualificados\/#article","isPartOf":{"@id":"https:\/\/palomo.net\/ca\/al-menos-la-mitad-de-los-727-000-empleos-creados-desde-el-inicio-de-la-recuperacion-2013-2015-los-han-ocupado-trabajadores-sobrecualificados\/"},"author":{"name":"Palomo Consultors","@id":"https:\/\/palomo.net\/#\/schema\/person\/711f80f8e4fbf3466bd3c1c42e621ece"},"headline":"AL MENOS LA MITAD DE LOS 727.000 EMPLEOS CREADOS DESDE EL INICIO DE LA RECUPERACI\u00d3N (2013-2015) LOS HAN OCUPADO TRABAJADORES SOBRECUALIFICADOS","datePublished":"2016-02-15T17:23:10+00:00","mainEntityOfPage":{"@id":"https:\/\/palomo.net\/ca\/al-menos-la-mitad-de-los-727-000-empleos-creados-desde-el-inicio-de-la-recuperacion-2013-2015-los-han-ocupado-trabajadores-sobrecualificados\/"},"wordCount":173,"commentCount":0,"image":{"@id":"https:\/\/palomo.net\/ca\/al-menos-la-mitad-de-los-727-000-empleos-creados-desde-el-inicio-de-la-recuperacion-2013-2015-los-han-ocupado-trabajadores-sobrecualificados\/#primaryimage"},"thumbnailUrl":"https:\/\/palomo.net\/wp-content\/uploads\/TRABAJADORES-SOBRECUALIFICADOS.jpg","articleSection":["Not\u00edcies"],"inLanguage":"ca","potentialAction":[{"@type":"CommentAction","name":"Comment","target":["https:\/\/palomo.net\/ca\/al-menos-la-mitad-de-los-727-000-empleos-creados-desde-el-inicio-de-la-recuperacion-2013-2015-los-han-ocupado-trabajadores-sobrecualificados\/#respond"]}]},{"@type":"WebPage","@id":"https:\/\/palomo.net\/ca\/al-menos-la-mitad-de-los-727-000-empleos-creados-desde-el-inicio-de-la-recuperacion-2013-2015-los-han-ocupado-trabajadores-sobrecualificados\/","url":"https:\/\/palomo.net\/ca\/al-menos-la-mitad-de-los-727-000-empleos-creados-desde-el-inicio-de-la-recuperacion-2013-2015-los-han-ocupado-trabajadores-sobrecualificados\/","name":"AL MENOS LA MITAD DE LOS 727.000 EMPLEOS CREADOS DESDE EL INICIO DE LA RECUPERACI\u00d3N (2013-2015) LOS HAN OCUPADO TRABAJADORES SOBRECUALIFICADOS - Palomo Consultors","isPartOf":{"@id":"https:\/\/palomo.net\/#website"},"primaryImageOfPage":{"@id":"https:\/\/palomo.net\/ca\/al-menos-la-mitad-de-los-727-000-empleos-creados-desde-el-inicio-de-la-recuperacion-2013-2015-los-han-ocupado-trabajadores-sobrecualificados\/#primaryimage"},"image":{"@id":"https:\/\/palomo.net\/ca\/al-menos-la-mitad-de-los-727-000-empleos-creados-desde-el-inicio-de-la-recuperacion-2013-2015-los-han-ocupado-trabajadores-sobrecualificados\/#primaryimage"},"thumbnailUrl":"https:\/\/palomo.net\/wp-content\/uploads\/TRABAJADORES-SOBRECUALIFICADOS.jpg","datePublished":"2016-02-15T17:23:10+00:00","author":{"@id":"https:\/\/palomo.net\/#\/schema\/person\/711f80f8e4fbf3466bd3c1c42e621ece"},"breadcrumb":{"@id":"https:\/\/palomo.net\/ca\/al-menos-la-mitad-de-los-727-000-empleos-creados-desde-el-inicio-de-la-recuperacion-2013-2015-los-han-ocupado-trabajadores-sobrecualificados\/#breadcrumb"},"inLanguage":"ca","potentialAction":[{"@type":"ReadAction","target":["https:\/\/palomo.net\/ca\/al-menos-la-mitad-de-los-727-000-empleos-creados-desde-el-inicio-de-la-recuperacion-2013-2015-los-han-ocupado-trabajadores-sobrecualificados\/"]}]},{"@type":"ImageObject","inLanguage":"ca","@id":"https:\/\/palomo.net\/ca\/al-menos-la-mitad-de-los-727-000-empleos-creados-desde-el-inicio-de-la-recuperacion-2013-2015-los-han-ocupado-trabajadores-sobrecualificados\/#primaryimage","url":"https:\/\/palomo.net\/wp-content\/uploads\/TRABAJADORES-SOBRECUALIFICADOS.jpg","contentUrl":"https:\/\/palomo.net\/wp-content\/uploads\/TRABAJADORES-SOBRECUALIFICADOS.jpg","width":290,"height":174},{"@type":"BreadcrumbList","@id":"https:\/\/palomo.net\/ca\/al-menos-la-mitad-de-los-727-000-empleos-creados-desde-el-inicio-de-la-recuperacion-2013-2015-los-han-ocupado-trabajadores-sobrecualificados\/#breadcrumb","itemListElement":[{"@type":"ListItem","position":1,"name":"Portada","item":"https:\/\/palomo.net\/ca\/"},{"@type":"ListItem","position":2,"name":"AL MENOS LA MITAD DE LOS 727.000 EMPLEOS CREADOS DESDE EL INICIO DE LA RECUPERACI\u00d3N (2013-2015) LOS HAN OCUPADO TRABAJADORES SOBRECUALIFICADOS"}]},{"@type":"WebSite","@id":"https:\/\/palomo.net\/#website","url":"https:\/\/palomo.net\/","name":"Palomo Consultors","description":"Assessors Laborales d&#039; Empresas","potentialAction":[{"@type":"SearchAction","target":{"@type":"EntryPoint","urlTemplate":"https:\/\/palomo.net\/?s={search_term_string}"},"query-input":{"@type":"PropertyValueSpecification","valueRequired":true,"valueName":"search_term_string"}}],"inLanguage":"ca"},{"@type":"Person","@id":"https:\/\/palomo.net\/#\/schema\/person\/711f80f8e4fbf3466bd3c1c42e621ece","name":"Palomo Consultors","url":"https:\/\/palomo.net\/ca\/author\/pl0mo\/"}]}},"_links":{"self":[{"href":"https:\/\/palomo.net\/ca\/wp-json\/wp\/v2\/posts\/6138\/"}],"collection":[{"href":"https:\/\/palomo.net\/ca\/wp-json\/wp\/v2\/posts\/"}],"about":[{"href":"https:\/\/palomo.net\/ca\/wp-json\/wp\/v2\/types\/post\/"}],"author":[{"embeddable":true,"href":"https:\/\/palomo.net\/ca\/wp-json\/wp\/v2\/users\/4\/"}],"replies":[{"embeddable":true,"href":"https:\/\/palomo.net\/ca\/wp-json\/wp\/v2\/comments\/?post=6138"}],"version-history":[{"count":0,"href":"https:\/\/palomo.net\/ca\/wp-json\/wp\/v2\/posts\/6138\/revisions\/"}],"wp:featuredmedia":[{"embeddable":true,"href":"https:\/\/palomo.net\/ca\/wp-json\/wp\/v2\/media\/6135\/"}],"wp:attachment":[{"href":"https:\/\/palomo.net\/ca\/wp-json\/wp\/v2\/media\/?parent=6138"}],"wp:term":[{"taxonomy":"category","embeddable":true,"href":"https:\/\/palomo.net\/ca\/wp-json\/wp\/v2\/categories\/?post=6138"},{"taxonomy":"post_tag","embeddable":true,"href":"https:\/\/palomo.net\/ca\/wp-json\/wp\/v2\/tags\/?post=6138"}],"curies":[{"name":"wp","href":"https:\/\/api.w.org\/{rel}","templated":true}]}}