{"id":6156,"date":"2016-02-23T12:23:44","date_gmt":"2016-02-23T11:23:44","guid":{"rendered":"http:\/\/palomo.net\/ca\/el-impuesto-a-los-pisos-que-lleven-mas-de-dos-anos-vacios\/"},"modified":"2016-02-23T12:23:44","modified_gmt":"2016-02-23T11:23:44","slug":"el-impuesto-a-los-pisos-que-lleven-mas-de-dos-anos-vacios","status":"publish","type":"post","link":"https:\/\/palomo.net\/ca\/el-impuesto-a-los-pisos-que-lleven-mas-de-dos-anos-vacios\/","title":{"rendered":"EL IMPUESTO A LOS PISOS QUE LLEVEN M\u00c1S DE DOS A\u00d1OS VAC\u00cdOS"},"content":{"rendered":"<p><strong>El impuesto a los pisos que lleven m\u00e1s de dos a\u00f1os vac\u00edos<\/strong> en zonas que necesiten viviendas de alquiler social <strong>se empezar\u00e1 a aplicar el 1 de marzo<\/strong>, ha anunciado la portavoz del <strong>Govern catal\u00e1n<\/strong>. <strong>Se ha aprobado el reglamento<\/strong> que despliega el impuesto, a trav\u00e9s del que prev\u00e9n ingresar ocho millones de euros anuales y que ir\u00e1n destinados a m\u00e1s compra de pisos para alquiler social.<\/p>\n","protected":false},"excerpt":{"rendered":"<p>El impuesto a los pisos que lleven m\u00e1s de dos a\u00f1os vac\u00edos en zonas que necesiten viviendas de alquiler social se empezar\u00e1 a aplicar el 1 de marzo, ha anunciado la portavoz del Govern catal\u00e1n. Se ha aprobado el reglamento que despliega el impuesto, a trav\u00e9s del que prev\u00e9n ingresar ocho millones de euros anuales [&hellip;]<\/p>\n","protected":false},"author":4,"featured_media":6154,"comment_status":"open","ping_status":"open","sticky":false,"template":"","format":"standard","meta":{"_monsterinsights_skip_tracking":false,"_monsterinsights_sitenote_active":false,"_monsterinsights_sitenote_note":"","_monsterinsights_sitenote_category":0,"footnotes":""},"categories":[34],"tags":[],"class_list":["post-6156","post","type-post","status-publish","format-standard","has-post-thumbnail","hentry","category-noticies"],"yoast_head":"<!-- This site is optimized with the Yoast SEO plugin v27.5 - https:\/\/yoast.com\/product\/yoast-seo-wordpress\/ -->\n<title>EL IMPUESTO A LOS PISOS QUE LLEVEN M\u00c1S DE DOS A\u00d1OS VAC\u00cdOS - Palomo Consultors<\/title>\n<meta name=\"robots\" content=\"index, follow, max-snippet:-1, max-image-preview:large, max-video-preview:-1\" \/>\n<link rel=\"canonical\" href=\"https:\/\/palomo.net\/ca\/el-impuesto-a-los-pisos-que-lleven-mas-de-dos-anos-vacios\/\" \/>\n<meta property=\"og:locale\" content=\"ca_ES\" \/>\n<meta property=\"og:type\" content=\"article\" \/>\n<meta property=\"og:title\" content=\"EL IMPUESTO A LOS PISOS QUE LLEVEN M\u00c1S DE DOS A\u00d1OS VAC\u00cdOS - Palomo Consultors\" \/>\n<meta property=\"og:description\" content=\"El impuesto a los pisos que lleven m\u00e1s de dos a\u00f1os vac\u00edos en zonas que necesiten viviendas de alquiler social se empezar\u00e1 a aplicar el 1 de marzo, ha anunciado la portavoz del Govern catal\u00e1n. Se ha aprobado el reglamento que despliega el impuesto, a trav\u00e9s del que prev\u00e9n ingresar ocho millones de euros anuales [&hellip;]\" \/>\n<meta property=\"og:url\" content=\"https:\/\/palomo.net\/ca\/el-impuesto-a-los-pisos-que-lleven-mas-de-dos-anos-vacios\/\" \/>\n<meta property=\"og:site_name\" content=\"Palomo Consultors\" \/>\n<meta property=\"article:published_time\" content=\"2016-02-23T11:23:44+00:00\" \/>\n<meta property=\"og:image\" content=\"https:\/\/palomo.net\/wp-content\/uploads\/PISOS-VAC\u00cdOS.jpg\" \/>\n\t<meta property=\"og:image:width\" content=\"287\" \/>\n\t<meta property=\"og:image:height\" content=\"175\" \/>\n\t<meta property=\"og:image:type\" content=\"image\/jpeg\" \/>\n<meta name=\"author\" content=\"Palomo Consultors\" \/>\n<meta name=\"twitter:card\" content=\"summary_large_image\" \/>\n<meta name=\"twitter:label1\" content=\"Escrit per\" \/>\n\t<meta name=\"twitter:data1\" content=\"Palomo Consultors\" \/>\n<script type=\"application\/ld+json\" class=\"yoast-schema-graph\">{\"@context\":\"https:\\\/\\\/schema.org\",\"@graph\":[{\"@type\":\"Article\",\"@id\":\"https:\\\/\\\/palomo.net\\\/ca\\\/el-impuesto-a-los-pisos-que-lleven-mas-de-dos-anos-vacios\\\/#article\",\"isPartOf\":{\"@id\":\"https:\\\/\\\/palomo.net\\\/ca\\\/el-impuesto-a-los-pisos-que-lleven-mas-de-dos-anos-vacios\\\/\"},\"author\":{\"name\":\"Palomo Consultors\",\"@id\":\"https:\\\/\\\/palomo.net\\\/#\\\/schema\\\/person\\\/711f80f8e4fbf3466bd3c1c42e621ece\"},\"headline\":\"EL IMPUESTO A LOS PISOS QUE LLEVEN M\u00c1S DE DOS A\u00d1OS VAC\u00cdOS\",\"datePublished\":\"2016-02-23T11:23:44+00:00\",\"mainEntityOfPage\":{\"@id\":\"https:\\\/\\\/palomo.net\\\/ca\\\/el-impuesto-a-los-pisos-que-lleven-mas-de-dos-anos-vacios\\\/\"},\"wordCount\":89,\"commentCount\":0,\"image\":{\"@id\":\"https:\\\/\\\/palomo.net\\\/ca\\\/el-impuesto-a-los-pisos-que-lleven-mas-de-dos-anos-vacios\\\/#primaryimage\"},\"thumbnailUrl\":\"https:\\\/\\\/palomo.net\\\/wp-content\\\/uploads\\\/PISOS-VAC\u00cdOS.jpg\",\"articleSection\":[\"Not\u00edcies\"],\"inLanguage\":\"ca\",\"potentialAction\":[{\"@type\":\"CommentAction\",\"name\":\"Comment\",\"target\":[\"https:\\\/\\\/palomo.net\\\/ca\\\/el-impuesto-a-los-pisos-que-lleven-mas-de-dos-anos-vacios\\\/#respond\"]}]},{\"@type\":\"WebPage\",\"@id\":\"https:\\\/\\\/palomo.net\\\/ca\\\/el-impuesto-a-los-pisos-que-lleven-mas-de-dos-anos-vacios\\\/\",\"url\":\"https:\\\/\\\/palomo.net\\\/ca\\\/el-impuesto-a-los-pisos-que-lleven-mas-de-dos-anos-vacios\\\/\",\"name\":\"EL IMPUESTO A LOS PISOS QUE LLEVEN M\u00c1S DE DOS A\u00d1OS VAC\u00cdOS - Palomo Consultors\",\"isPartOf\":{\"@id\":\"https:\\\/\\\/palomo.net\\\/#website\"},\"primaryImageOfPage\":{\"@id\":\"https:\\\/\\\/palomo.net\\\/ca\\\/el-impuesto-a-los-pisos-que-lleven-mas-de-dos-anos-vacios\\\/#primaryimage\"},\"image\":{\"@id\":\"https:\\\/\\\/palomo.net\\\/ca\\\/el-impuesto-a-los-pisos-que-lleven-mas-de-dos-anos-vacios\\\/#primaryimage\"},\"thumbnailUrl\":\"https:\\\/\\\/palomo.net\\\/wp-content\\\/uploads\\\/PISOS-VAC\u00cdOS.jpg\",\"datePublished\":\"2016-02-23T11:23:44+00:00\",\"author\":{\"@id\":\"https:\\\/\\\/palomo.net\\\/#\\\/schema\\\/person\\\/711f80f8e4fbf3466bd3c1c42e621ece\"},\"breadcrumb\":{\"@id\":\"https:\\\/\\\/palomo.net\\\/ca\\\/el-impuesto-a-los-pisos-que-lleven-mas-de-dos-anos-vacios\\\/#breadcrumb\"},\"inLanguage\":\"ca\",\"potentialAction\":[{\"@type\":\"ReadAction\",\"target\":[\"https:\\\/\\\/palomo.net\\\/ca\\\/el-impuesto-a-los-pisos-que-lleven-mas-de-dos-anos-vacios\\\/\"]}]},{\"@type\":\"ImageObject\",\"inLanguage\":\"ca\",\"@id\":\"https:\\\/\\\/palomo.net\\\/ca\\\/el-impuesto-a-los-pisos-que-lleven-mas-de-dos-anos-vacios\\\/#primaryimage\",\"url\":\"https:\\\/\\\/palomo.net\\\/wp-content\\\/uploads\\\/PISOS-VAC\u00cdOS.jpg\",\"contentUrl\":\"https:\\\/\\\/palomo.net\\\/wp-content\\\/uploads\\\/PISOS-VAC\u00cdOS.jpg\",\"width\":287,\"height\":175},{\"@type\":\"BreadcrumbList\",\"@id\":\"https:\\\/\\\/palomo.net\\\/ca\\\/el-impuesto-a-los-pisos-que-lleven-mas-de-dos-anos-vacios\\\/#breadcrumb\",\"itemListElement\":[{\"@type\":\"ListItem\",\"position\":1,\"name\":\"Portada\",\"item\":\"https:\\\/\\\/palomo.net\\\/ca\\\/\"},{\"@type\":\"ListItem\",\"position\":2,\"name\":\"EL IMPUESTO A LOS PISOS QUE LLEVEN M\u00c1S DE DOS A\u00d1OS VAC\u00cdOS\"}]},{\"@type\":\"WebSite\",\"@id\":\"https:\\\/\\\/palomo.net\\\/#website\",\"url\":\"https:\\\/\\\/palomo.net\\\/\",\"name\":\"Palomo Consultors\",\"description\":\"Assessors Laborales d&#039; Empresas\",\"potentialAction\":[{\"@type\":\"SearchAction\",\"target\":{\"@type\":\"EntryPoint\",\"urlTemplate\":\"https:\\\/\\\/palomo.net\\\/?s={search_term_string}\"},\"query-input\":{\"@type\":\"PropertyValueSpecification\",\"valueRequired\":true,\"valueName\":\"search_term_string\"}}],\"inLanguage\":\"ca\"},{\"@type\":\"Person\",\"@id\":\"https:\\\/\\\/palomo.net\\\/#\\\/schema\\\/person\\\/711f80f8e4fbf3466bd3c1c42e621ece\",\"name\":\"Palomo Consultors\",\"url\":\"https:\\\/\\\/palomo.net\\\/ca\\\/author\\\/pl0mo\\\/\"}]}<\/script>\n<!-- \/ Yoast SEO plugin. -->","yoast_head_json":{"title":"EL IMPUESTO A LOS PISOS QUE LLEVEN M\u00c1S DE DOS A\u00d1OS VAC\u00cdOS - Palomo Consultors","robots":{"index":"index","follow":"follow","max-snippet":"max-snippet:-1","max-image-preview":"max-image-preview:large","max-video-preview":"max-video-preview:-1"},"canonical":"https:\/\/palomo.net\/ca\/el-impuesto-a-los-pisos-que-lleven-mas-de-dos-anos-vacios\/","og_locale":"ca_ES","og_type":"article","og_title":"EL IMPUESTO A LOS PISOS QUE LLEVEN M\u00c1S DE DOS A\u00d1OS VAC\u00cdOS - Palomo Consultors","og_description":"El impuesto a los pisos que lleven m\u00e1s de dos a\u00f1os vac\u00edos en zonas que necesiten viviendas de alquiler social se empezar\u00e1 a aplicar el 1 de marzo, ha anunciado la portavoz del Govern catal\u00e1n. Se ha aprobado el reglamento que despliega el impuesto, a trav\u00e9s del que prev\u00e9n ingresar ocho millones de euros anuales [&hellip;]","og_url":"https:\/\/palomo.net\/ca\/el-impuesto-a-los-pisos-que-lleven-mas-de-dos-anos-vacios\/","og_site_name":"Palomo Consultors","article_published_time":"2016-02-23T11:23:44+00:00","og_image":[{"width":287,"height":175,"url":"https:\/\/palomo.net\/wp-content\/uploads\/PISOS-VAC\u00cdOS.jpg","type":"image\/jpeg"}],"author":"Palomo Consultors","twitter_card":"summary_large_image","twitter_misc":{"Escrit per":"Palomo Consultors"},"schema":{"@context":"https:\/\/schema.org","@graph":[{"@type":"Article","@id":"https:\/\/palomo.net\/ca\/el-impuesto-a-los-pisos-que-lleven-mas-de-dos-anos-vacios\/#article","isPartOf":{"@id":"https:\/\/palomo.net\/ca\/el-impuesto-a-los-pisos-que-lleven-mas-de-dos-anos-vacios\/"},"author":{"name":"Palomo Consultors","@id":"https:\/\/palomo.net\/#\/schema\/person\/711f80f8e4fbf3466bd3c1c42e621ece"},"headline":"EL IMPUESTO A LOS PISOS QUE LLEVEN M\u00c1S DE DOS A\u00d1OS VAC\u00cdOS","datePublished":"2016-02-23T11:23:44+00:00","mainEntityOfPage":{"@id":"https:\/\/palomo.net\/ca\/el-impuesto-a-los-pisos-que-lleven-mas-de-dos-anos-vacios\/"},"wordCount":89,"commentCount":0,"image":{"@id":"https:\/\/palomo.net\/ca\/el-impuesto-a-los-pisos-que-lleven-mas-de-dos-anos-vacios\/#primaryimage"},"thumbnailUrl":"https:\/\/palomo.net\/wp-content\/uploads\/PISOS-VAC\u00cdOS.jpg","articleSection":["Not\u00edcies"],"inLanguage":"ca","potentialAction":[{"@type":"CommentAction","name":"Comment","target":["https:\/\/palomo.net\/ca\/el-impuesto-a-los-pisos-que-lleven-mas-de-dos-anos-vacios\/#respond"]}]},{"@type":"WebPage","@id":"https:\/\/palomo.net\/ca\/el-impuesto-a-los-pisos-que-lleven-mas-de-dos-anos-vacios\/","url":"https:\/\/palomo.net\/ca\/el-impuesto-a-los-pisos-que-lleven-mas-de-dos-anos-vacios\/","name":"EL IMPUESTO A LOS PISOS QUE LLEVEN M\u00c1S DE DOS A\u00d1OS VAC\u00cdOS - Palomo Consultors","isPartOf":{"@id":"https:\/\/palomo.net\/#website"},"primaryImageOfPage":{"@id":"https:\/\/palomo.net\/ca\/el-impuesto-a-los-pisos-que-lleven-mas-de-dos-anos-vacios\/#primaryimage"},"image":{"@id":"https:\/\/palomo.net\/ca\/el-impuesto-a-los-pisos-que-lleven-mas-de-dos-anos-vacios\/#primaryimage"},"thumbnailUrl":"https:\/\/palomo.net\/wp-content\/uploads\/PISOS-VAC\u00cdOS.jpg","datePublished":"2016-02-23T11:23:44+00:00","author":{"@id":"https:\/\/palomo.net\/#\/schema\/person\/711f80f8e4fbf3466bd3c1c42e621ece"},"breadcrumb":{"@id":"https:\/\/palomo.net\/ca\/el-impuesto-a-los-pisos-que-lleven-mas-de-dos-anos-vacios\/#breadcrumb"},"inLanguage":"ca","potentialAction":[{"@type":"ReadAction","target":["https:\/\/palomo.net\/ca\/el-impuesto-a-los-pisos-que-lleven-mas-de-dos-anos-vacios\/"]}]},{"@type":"ImageObject","inLanguage":"ca","@id":"https:\/\/palomo.net\/ca\/el-impuesto-a-los-pisos-que-lleven-mas-de-dos-anos-vacios\/#primaryimage","url":"https:\/\/palomo.net\/wp-content\/uploads\/PISOS-VAC\u00cdOS.jpg","contentUrl":"https:\/\/palomo.net\/wp-content\/uploads\/PISOS-VAC\u00cdOS.jpg","width":287,"height":175},{"@type":"BreadcrumbList","@id":"https:\/\/palomo.net\/ca\/el-impuesto-a-los-pisos-que-lleven-mas-de-dos-anos-vacios\/#breadcrumb","itemListElement":[{"@type":"ListItem","position":1,"name":"Portada","item":"https:\/\/palomo.net\/ca\/"},{"@type":"ListItem","position":2,"name":"EL IMPUESTO A LOS PISOS QUE LLEVEN M\u00c1S DE DOS A\u00d1OS VAC\u00cdOS"}]},{"@type":"WebSite","@id":"https:\/\/palomo.net\/#website","url":"https:\/\/palomo.net\/","name":"Palomo Consultors","description":"Assessors Laborales d&#039; Empresas","potentialAction":[{"@type":"SearchAction","target":{"@type":"EntryPoint","urlTemplate":"https:\/\/palomo.net\/?s={search_term_string}"},"query-input":{"@type":"PropertyValueSpecification","valueRequired":true,"valueName":"search_term_string"}}],"inLanguage":"ca"},{"@type":"Person","@id":"https:\/\/palomo.net\/#\/schema\/person\/711f80f8e4fbf3466bd3c1c42e621ece","name":"Palomo Consultors","url":"https:\/\/palomo.net\/ca\/author\/pl0mo\/"}]}},"_links":{"self":[{"href":"https:\/\/palomo.net\/ca\/wp-json\/wp\/v2\/posts\/6156\/"}],"collection":[{"href":"https:\/\/palomo.net\/ca\/wp-json\/wp\/v2\/posts\/"}],"about":[{"href":"https:\/\/palomo.net\/ca\/wp-json\/wp\/v2\/types\/post\/"}],"author":[{"embeddable":true,"href":"https:\/\/palomo.net\/ca\/wp-json\/wp\/v2\/users\/4\/"}],"replies":[{"embeddable":true,"href":"https:\/\/palomo.net\/ca\/wp-json\/wp\/v2\/comments\/?post=6156"}],"version-history":[{"count":0,"href":"https:\/\/palomo.net\/ca\/wp-json\/wp\/v2\/posts\/6156\/revisions\/"}],"wp:featuredmedia":[{"embeddable":true,"href":"https:\/\/palomo.net\/ca\/wp-json\/wp\/v2\/media\/6154\/"}],"wp:attachment":[{"href":"https:\/\/palomo.net\/ca\/wp-json\/wp\/v2\/media\/?parent=6156"}],"wp:term":[{"taxonomy":"category","embeddable":true,"href":"https:\/\/palomo.net\/ca\/wp-json\/wp\/v2\/categories\/?post=6156"},{"taxonomy":"post_tag","embeddable":true,"href":"https:\/\/palomo.net\/ca\/wp-json\/wp\/v2\/tags\/?post=6156"}],"curies":[{"name":"wp","href":"https:\/\/api.w.org\/{rel}","templated":true}]}}