{"id":6185,"date":"2016-02-24T17:01:14","date_gmt":"2016-02-24T16:01:14","guid":{"rendered":"http:\/\/palomo.net\/ca\/el-indicador-de-confianza-de-los-empresarios-alemanes-cayo-en-enero-por-tercer-mes-consecutivo\/"},"modified":"2016-02-24T17:01:14","modified_gmt":"2016-02-24T16:01:14","slug":"el-indicador-de-confianza-de-los-empresarios-alemanes-cayo-en-enero-por-tercer-mes-consecutivo","status":"publish","type":"post","link":"https:\/\/palomo.net\/ca\/el-indicador-de-confianza-de-los-empresarios-alemanes-cayo-en-enero-por-tercer-mes-consecutivo\/","title":{"rendered":"EL INDICADOR DE CONFIANZA DE LOS EMPRESARIOS ALEMANES CAY\u00d3 EN ENERO POR TERCER MES CONSECUTIVO"},"content":{"rendered":"<p><strong>El indicador de confianza de los empresarios alemanes <\/strong><strong>cay\u00f3 en enero por tercer mes consecutivo<\/strong><strong>, <\/strong>hasta los 105,7 puntos, desde los 107,3 del per\u00edodo anterior, seg\u00fan ha informado el Instituto de Investigaci\u00f3n Econ\u00f3mica de Munich (Ifo). Se trata de la ca\u00edda m\u00e1s pronunciada desde 2011. La mayor\u00eda de los expertos considera que tres ca\u00eddas consecutivas de este indicador se\u00f1alan un cambio de tendencia de la coyuntura.<\/p>\n","protected":false},"excerpt":{"rendered":"<p>El indicador de confianza de los empresarios alemanes cay\u00f3 en enero por tercer mes consecutivo, hasta los 105,7 puntos, desde los 107,3 del per\u00edodo anterior, seg\u00fan ha informado el Instituto de Investigaci\u00f3n Econ\u00f3mica de Munich (Ifo). Se trata de la ca\u00edda m\u00e1s pronunciada desde 2011. La mayor\u00eda de los expertos considera que tres ca\u00eddas consecutivas [&hellip;]<\/p>\n","protected":false},"author":4,"featured_media":6183,"comment_status":"open","ping_status":"open","sticky":false,"template":"","format":"standard","meta":{"_monsterinsights_skip_tracking":false,"_monsterinsights_sitenote_active":false,"_monsterinsights_sitenote_note":"","_monsterinsights_sitenote_category":0,"footnotes":""},"categories":[34],"tags":[],"class_list":["post-6185","post","type-post","status-publish","format-standard","has-post-thumbnail","hentry","category-noticies"],"yoast_head":"<!-- This site is optimized with the Yoast SEO plugin v27.5 - https:\/\/yoast.com\/product\/yoast-seo-wordpress\/ -->\n<title>EL INDICADOR DE CONFIANZA DE LOS EMPRESARIOS ALEMANES CAY\u00d3 EN ENERO POR TERCER MES CONSECUTIVO - Palomo Consultors<\/title>\n<meta name=\"robots\" content=\"index, follow, max-snippet:-1, max-image-preview:large, max-video-preview:-1\" \/>\n<link rel=\"canonical\" href=\"https:\/\/palomo.net\/ca\/el-indicador-de-confianza-de-los-empresarios-alemanes-cayo-en-enero-por-tercer-mes-consecutivo\/\" \/>\n<meta property=\"og:locale\" content=\"ca_ES\" \/>\n<meta property=\"og:type\" content=\"article\" \/>\n<meta property=\"og:title\" content=\"EL INDICADOR DE CONFIANZA DE LOS EMPRESARIOS ALEMANES CAY\u00d3 EN ENERO POR TERCER MES CONSECUTIVO - Palomo Consultors\" \/>\n<meta property=\"og:description\" content=\"El indicador de confianza de los empresarios alemanes cay\u00f3 en enero por tercer mes consecutivo, hasta los 105,7 puntos, desde los 107,3 del per\u00edodo anterior, seg\u00fan ha informado el Instituto de Investigaci\u00f3n Econ\u00f3mica de Munich (Ifo). Se trata de la ca\u00edda m\u00e1s pronunciada desde 2011. La mayor\u00eda de los expertos considera que tres ca\u00eddas consecutivas [&hellip;]\" \/>\n<meta property=\"og:url\" content=\"https:\/\/palomo.net\/ca\/el-indicador-de-confianza-de-los-empresarios-alemanes-cayo-en-enero-por-tercer-mes-consecutivo\/\" \/>\n<meta property=\"og:site_name\" content=\"Palomo Consultors\" \/>\n<meta property=\"article:published_time\" content=\"2016-02-24T16:01:14+00:00\" \/>\n<meta property=\"og:image\" content=\"https:\/\/palomo.net\/wp-content\/uploads\/INDICADOR-DE-CONFIANZA.jpg\" \/>\n\t<meta property=\"og:image:width\" content=\"350\" \/>\n\t<meta property=\"og:image:height\" content=\"200\" \/>\n\t<meta property=\"og:image:type\" content=\"image\/jpeg\" \/>\n<meta name=\"author\" content=\"Palomo Consultors\" \/>\n<meta name=\"twitter:card\" content=\"summary_large_image\" \/>\n<meta name=\"twitter:label1\" content=\"Escrit per\" \/>\n\t<meta name=\"twitter:data1\" content=\"Palomo Consultors\" \/>\n<script type=\"application\/ld+json\" class=\"yoast-schema-graph\">{\"@context\":\"https:\\\/\\\/schema.org\",\"@graph\":[{\"@type\":\"Article\",\"@id\":\"https:\\\/\\\/palomo.net\\\/ca\\\/el-indicador-de-confianza-de-los-empresarios-alemanes-cayo-en-enero-por-tercer-mes-consecutivo\\\/#article\",\"isPartOf\":{\"@id\":\"https:\\\/\\\/palomo.net\\\/ca\\\/el-indicador-de-confianza-de-los-empresarios-alemanes-cayo-en-enero-por-tercer-mes-consecutivo\\\/\"},\"author\":{\"name\":\"Palomo Consultors\",\"@id\":\"https:\\\/\\\/palomo.net\\\/#\\\/schema\\\/person\\\/711f80f8e4fbf3466bd3c1c42e621ece\"},\"headline\":\"EL INDICADOR DE CONFIANZA DE LOS EMPRESARIOS ALEMANES CAY\u00d3 EN ENERO POR TERCER MES CONSECUTIVO\",\"datePublished\":\"2016-02-24T16:01:14+00:00\",\"mainEntityOfPage\":{\"@id\":\"https:\\\/\\\/palomo.net\\\/ca\\\/el-indicador-de-confianza-de-los-empresarios-alemanes-cayo-en-enero-por-tercer-mes-consecutivo\\\/\"},\"wordCount\":87,\"commentCount\":0,\"image\":{\"@id\":\"https:\\\/\\\/palomo.net\\\/ca\\\/el-indicador-de-confianza-de-los-empresarios-alemanes-cayo-en-enero-por-tercer-mes-consecutivo\\\/#primaryimage\"},\"thumbnailUrl\":\"https:\\\/\\\/palomo.net\\\/wp-content\\\/uploads\\\/INDICADOR-DE-CONFIANZA.jpg\",\"articleSection\":[\"Not\u00edcies\"],\"inLanguage\":\"ca\",\"potentialAction\":[{\"@type\":\"CommentAction\",\"name\":\"Comment\",\"target\":[\"https:\\\/\\\/palomo.net\\\/ca\\\/el-indicador-de-confianza-de-los-empresarios-alemanes-cayo-en-enero-por-tercer-mes-consecutivo\\\/#respond\"]}]},{\"@type\":\"WebPage\",\"@id\":\"https:\\\/\\\/palomo.net\\\/ca\\\/el-indicador-de-confianza-de-los-empresarios-alemanes-cayo-en-enero-por-tercer-mes-consecutivo\\\/\",\"url\":\"https:\\\/\\\/palomo.net\\\/ca\\\/el-indicador-de-confianza-de-los-empresarios-alemanes-cayo-en-enero-por-tercer-mes-consecutivo\\\/\",\"name\":\"EL INDICADOR DE CONFIANZA DE LOS EMPRESARIOS ALEMANES CAY\u00d3 EN ENERO POR TERCER MES CONSECUTIVO - Palomo Consultors\",\"isPartOf\":{\"@id\":\"https:\\\/\\\/palomo.net\\\/#website\"},\"primaryImageOfPage\":{\"@id\":\"https:\\\/\\\/palomo.net\\\/ca\\\/el-indicador-de-confianza-de-los-empresarios-alemanes-cayo-en-enero-por-tercer-mes-consecutivo\\\/#primaryimage\"},\"image\":{\"@id\":\"https:\\\/\\\/palomo.net\\\/ca\\\/el-indicador-de-confianza-de-los-empresarios-alemanes-cayo-en-enero-por-tercer-mes-consecutivo\\\/#primaryimage\"},\"thumbnailUrl\":\"https:\\\/\\\/palomo.net\\\/wp-content\\\/uploads\\\/INDICADOR-DE-CONFIANZA.jpg\",\"datePublished\":\"2016-02-24T16:01:14+00:00\",\"author\":{\"@id\":\"https:\\\/\\\/palomo.net\\\/#\\\/schema\\\/person\\\/711f80f8e4fbf3466bd3c1c42e621ece\"},\"breadcrumb\":{\"@id\":\"https:\\\/\\\/palomo.net\\\/ca\\\/el-indicador-de-confianza-de-los-empresarios-alemanes-cayo-en-enero-por-tercer-mes-consecutivo\\\/#breadcrumb\"},\"inLanguage\":\"ca\",\"potentialAction\":[{\"@type\":\"ReadAction\",\"target\":[\"https:\\\/\\\/palomo.net\\\/ca\\\/el-indicador-de-confianza-de-los-empresarios-alemanes-cayo-en-enero-por-tercer-mes-consecutivo\\\/\"]}]},{\"@type\":\"ImageObject\",\"inLanguage\":\"ca\",\"@id\":\"https:\\\/\\\/palomo.net\\\/ca\\\/el-indicador-de-confianza-de-los-empresarios-alemanes-cayo-en-enero-por-tercer-mes-consecutivo\\\/#primaryimage\",\"url\":\"https:\\\/\\\/palomo.net\\\/wp-content\\\/uploads\\\/INDICADOR-DE-CONFIANZA.jpg\",\"contentUrl\":\"https:\\\/\\\/palomo.net\\\/wp-content\\\/uploads\\\/INDICADOR-DE-CONFIANZA.jpg\",\"width\":350,\"height\":200},{\"@type\":\"BreadcrumbList\",\"@id\":\"https:\\\/\\\/palomo.net\\\/ca\\\/el-indicador-de-confianza-de-los-empresarios-alemanes-cayo-en-enero-por-tercer-mes-consecutivo\\\/#breadcrumb\",\"itemListElement\":[{\"@type\":\"ListItem\",\"position\":1,\"name\":\"Portada\",\"item\":\"https:\\\/\\\/palomo.net\\\/ca\\\/\"},{\"@type\":\"ListItem\",\"position\":2,\"name\":\"EL INDICADOR DE CONFIANZA DE LOS EMPRESARIOS ALEMANES CAY\u00d3 EN ENERO POR TERCER MES CONSECUTIVO\"}]},{\"@type\":\"WebSite\",\"@id\":\"https:\\\/\\\/palomo.net\\\/#website\",\"url\":\"https:\\\/\\\/palomo.net\\\/\",\"name\":\"Palomo Consultors\",\"description\":\"Assessors Laborales d&#039; Empresas\",\"potentialAction\":[{\"@type\":\"SearchAction\",\"target\":{\"@type\":\"EntryPoint\",\"urlTemplate\":\"https:\\\/\\\/palomo.net\\\/?s={search_term_string}\"},\"query-input\":{\"@type\":\"PropertyValueSpecification\",\"valueRequired\":true,\"valueName\":\"search_term_string\"}}],\"inLanguage\":\"ca\"},{\"@type\":\"Person\",\"@id\":\"https:\\\/\\\/palomo.net\\\/#\\\/schema\\\/person\\\/711f80f8e4fbf3466bd3c1c42e621ece\",\"name\":\"Palomo Consultors\",\"url\":\"https:\\\/\\\/palomo.net\\\/ca\\\/author\\\/pl0mo\\\/\"}]}<\/script>\n<!-- \/ Yoast SEO plugin. -->","yoast_head_json":{"title":"EL INDICADOR DE CONFIANZA DE LOS EMPRESARIOS ALEMANES CAY\u00d3 EN ENERO POR TERCER MES CONSECUTIVO - Palomo Consultors","robots":{"index":"index","follow":"follow","max-snippet":"max-snippet:-1","max-image-preview":"max-image-preview:large","max-video-preview":"max-video-preview:-1"},"canonical":"https:\/\/palomo.net\/ca\/el-indicador-de-confianza-de-los-empresarios-alemanes-cayo-en-enero-por-tercer-mes-consecutivo\/","og_locale":"ca_ES","og_type":"article","og_title":"EL INDICADOR DE CONFIANZA DE LOS EMPRESARIOS ALEMANES CAY\u00d3 EN ENERO POR TERCER MES CONSECUTIVO - Palomo Consultors","og_description":"El indicador de confianza de los empresarios alemanes cay\u00f3 en enero por tercer mes consecutivo, hasta los 105,7 puntos, desde los 107,3 del per\u00edodo anterior, seg\u00fan ha informado el Instituto de Investigaci\u00f3n Econ\u00f3mica de Munich (Ifo). Se trata de la ca\u00edda m\u00e1s pronunciada desde 2011. La mayor\u00eda de los expertos considera que tres ca\u00eddas consecutivas [&hellip;]","og_url":"https:\/\/palomo.net\/ca\/el-indicador-de-confianza-de-los-empresarios-alemanes-cayo-en-enero-por-tercer-mes-consecutivo\/","og_site_name":"Palomo Consultors","article_published_time":"2016-02-24T16:01:14+00:00","og_image":[{"width":350,"height":200,"url":"https:\/\/palomo.net\/wp-content\/uploads\/INDICADOR-DE-CONFIANZA.jpg","type":"image\/jpeg"}],"author":"Palomo Consultors","twitter_card":"summary_large_image","twitter_misc":{"Escrit per":"Palomo Consultors"},"schema":{"@context":"https:\/\/schema.org","@graph":[{"@type":"Article","@id":"https:\/\/palomo.net\/ca\/el-indicador-de-confianza-de-los-empresarios-alemanes-cayo-en-enero-por-tercer-mes-consecutivo\/#article","isPartOf":{"@id":"https:\/\/palomo.net\/ca\/el-indicador-de-confianza-de-los-empresarios-alemanes-cayo-en-enero-por-tercer-mes-consecutivo\/"},"author":{"name":"Palomo Consultors","@id":"https:\/\/palomo.net\/#\/schema\/person\/711f80f8e4fbf3466bd3c1c42e621ece"},"headline":"EL INDICADOR DE CONFIANZA DE LOS EMPRESARIOS ALEMANES CAY\u00d3 EN ENERO POR TERCER MES CONSECUTIVO","datePublished":"2016-02-24T16:01:14+00:00","mainEntityOfPage":{"@id":"https:\/\/palomo.net\/ca\/el-indicador-de-confianza-de-los-empresarios-alemanes-cayo-en-enero-por-tercer-mes-consecutivo\/"},"wordCount":87,"commentCount":0,"image":{"@id":"https:\/\/palomo.net\/ca\/el-indicador-de-confianza-de-los-empresarios-alemanes-cayo-en-enero-por-tercer-mes-consecutivo\/#primaryimage"},"thumbnailUrl":"https:\/\/palomo.net\/wp-content\/uploads\/INDICADOR-DE-CONFIANZA.jpg","articleSection":["Not\u00edcies"],"inLanguage":"ca","potentialAction":[{"@type":"CommentAction","name":"Comment","target":["https:\/\/palomo.net\/ca\/el-indicador-de-confianza-de-los-empresarios-alemanes-cayo-en-enero-por-tercer-mes-consecutivo\/#respond"]}]},{"@type":"WebPage","@id":"https:\/\/palomo.net\/ca\/el-indicador-de-confianza-de-los-empresarios-alemanes-cayo-en-enero-por-tercer-mes-consecutivo\/","url":"https:\/\/palomo.net\/ca\/el-indicador-de-confianza-de-los-empresarios-alemanes-cayo-en-enero-por-tercer-mes-consecutivo\/","name":"EL INDICADOR DE CONFIANZA DE LOS EMPRESARIOS ALEMANES CAY\u00d3 EN ENERO POR TERCER MES CONSECUTIVO - Palomo Consultors","isPartOf":{"@id":"https:\/\/palomo.net\/#website"},"primaryImageOfPage":{"@id":"https:\/\/palomo.net\/ca\/el-indicador-de-confianza-de-los-empresarios-alemanes-cayo-en-enero-por-tercer-mes-consecutivo\/#primaryimage"},"image":{"@id":"https:\/\/palomo.net\/ca\/el-indicador-de-confianza-de-los-empresarios-alemanes-cayo-en-enero-por-tercer-mes-consecutivo\/#primaryimage"},"thumbnailUrl":"https:\/\/palomo.net\/wp-content\/uploads\/INDICADOR-DE-CONFIANZA.jpg","datePublished":"2016-02-24T16:01:14+00:00","author":{"@id":"https:\/\/palomo.net\/#\/schema\/person\/711f80f8e4fbf3466bd3c1c42e621ece"},"breadcrumb":{"@id":"https:\/\/palomo.net\/ca\/el-indicador-de-confianza-de-los-empresarios-alemanes-cayo-en-enero-por-tercer-mes-consecutivo\/#breadcrumb"},"inLanguage":"ca","potentialAction":[{"@type":"ReadAction","target":["https:\/\/palomo.net\/ca\/el-indicador-de-confianza-de-los-empresarios-alemanes-cayo-en-enero-por-tercer-mes-consecutivo\/"]}]},{"@type":"ImageObject","inLanguage":"ca","@id":"https:\/\/palomo.net\/ca\/el-indicador-de-confianza-de-los-empresarios-alemanes-cayo-en-enero-por-tercer-mes-consecutivo\/#primaryimage","url":"https:\/\/palomo.net\/wp-content\/uploads\/INDICADOR-DE-CONFIANZA.jpg","contentUrl":"https:\/\/palomo.net\/wp-content\/uploads\/INDICADOR-DE-CONFIANZA.jpg","width":350,"height":200},{"@type":"BreadcrumbList","@id":"https:\/\/palomo.net\/ca\/el-indicador-de-confianza-de-los-empresarios-alemanes-cayo-en-enero-por-tercer-mes-consecutivo\/#breadcrumb","itemListElement":[{"@type":"ListItem","position":1,"name":"Portada","item":"https:\/\/palomo.net\/ca\/"},{"@type":"ListItem","position":2,"name":"EL INDICADOR DE CONFIANZA DE LOS EMPRESARIOS ALEMANES CAY\u00d3 EN ENERO POR TERCER MES CONSECUTIVO"}]},{"@type":"WebSite","@id":"https:\/\/palomo.net\/#website","url":"https:\/\/palomo.net\/","name":"Palomo Consultors","description":"Assessors Laborales d&#039; Empresas","potentialAction":[{"@type":"SearchAction","target":{"@type":"EntryPoint","urlTemplate":"https:\/\/palomo.net\/?s={search_term_string}"},"query-input":{"@type":"PropertyValueSpecification","valueRequired":true,"valueName":"search_term_string"}}],"inLanguage":"ca"},{"@type":"Person","@id":"https:\/\/palomo.net\/#\/schema\/person\/711f80f8e4fbf3466bd3c1c42e621ece","name":"Palomo Consultors","url":"https:\/\/palomo.net\/ca\/author\/pl0mo\/"}]}},"_links":{"self":[{"href":"https:\/\/palomo.net\/ca\/wp-json\/wp\/v2\/posts\/6185\/"}],"collection":[{"href":"https:\/\/palomo.net\/ca\/wp-json\/wp\/v2\/posts\/"}],"about":[{"href":"https:\/\/palomo.net\/ca\/wp-json\/wp\/v2\/types\/post\/"}],"author":[{"embeddable":true,"href":"https:\/\/palomo.net\/ca\/wp-json\/wp\/v2\/users\/4\/"}],"replies":[{"embeddable":true,"href":"https:\/\/palomo.net\/ca\/wp-json\/wp\/v2\/comments\/?post=6185"}],"version-history":[{"count":0,"href":"https:\/\/palomo.net\/ca\/wp-json\/wp\/v2\/posts\/6185\/revisions\/"}],"wp:featuredmedia":[{"embeddable":true,"href":"https:\/\/palomo.net\/ca\/wp-json\/wp\/v2\/media\/6183\/"}],"wp:attachment":[{"href":"https:\/\/palomo.net\/ca\/wp-json\/wp\/v2\/media\/?parent=6185"}],"wp:term":[{"taxonomy":"category","embeddable":true,"href":"https:\/\/palomo.net\/ca\/wp-json\/wp\/v2\/categories\/?post=6185"},{"taxonomy":"post_tag","embeddable":true,"href":"https:\/\/palomo.net\/ca\/wp-json\/wp\/v2\/tags\/?post=6185"}],"curies":[{"name":"wp","href":"https:\/\/api.w.org\/{rel}","templated":true}]}}