{"id":6190,"date":"2016-02-24T17:06:52","date_gmt":"2016-02-24T16:06:52","guid":{"rendered":"http:\/\/palomo.net\/ca\/ayuntamiento-y-empresarios-de-madrid-acuerdan-el-programa-para-adquirir-experiencia-laboral-en-comercio-textil-y-restauracion\/"},"modified":"2016-02-24T17:06:52","modified_gmt":"2016-02-24T16:06:52","slug":"ayuntamiento-y-empresarios-de-madrid-acuerdan-el-programa-para-adquirir-experiencia-laboral-en-comercio-textil-y-restauracion","status":"publish","type":"post","link":"https:\/\/palomo.net\/ca\/ayuntamiento-y-empresarios-de-madrid-acuerdan-el-programa-para-adquirir-experiencia-laboral-en-comercio-textil-y-restauracion\/","title":{"rendered":"AYUNTAMIENTO Y EMPRESARIOS DE MADRID ACUERDAN EL PROGRAMA PARA ADQUIRIR EXPERIENCIA LABORAL EN COMERCIO TEXTIL Y RESTAURACI\u00d3N."},"content":{"rendered":"<p><strong>Ayuntamiento y empresarios de Madrid acuerdan <\/strong><strong>el programa para adquirir experiencia laboral en comercio textil y restauraci\u00f3n<\/strong>. <strong>CEIM<\/strong> <strong>Confederaci\u00f3n Empresarial de Madrid<\/strong>&#8211;<strong>CEOE, AMER<\/strong> <strong>Asociaci\u00f3n Madrile\u00f1a de Empresas de Restauraci\u00f3n<\/strong>, y <strong>ACOTEX<\/strong> <strong>Asociaci\u00f3n Empresarial del Comercio Textil y Complementos<\/strong>, han firmado hoy el <strong>convenio de colaboraci\u00f3n con el Ayuntamiento de Madrid<\/strong>. Gracias a este convenio, \u201clos desempleados mayores de 30 a\u00f1os de la ciudad de Madrid, que previamente hayan realizado un proceso formativo a trav\u00e9s de la Agencia para el Empleo de Madrid, podr\u00e1n adquirir experiencia laboral en estos dos sectores. Por su parte, las empresas que se adhieran al programa recibir\u00e1n para sus establecimientos un distintivo que explicitar\u00e1 su compromiso con el fomento del empleo\u201d, a\u00f1ade CEIM en la nota.<\/p>\n","protected":false},"excerpt":{"rendered":"<p>Ayuntamiento y empresarios de Madrid acuerdan el programa para adquirir experiencia laboral en comercio textil y restauraci\u00f3n. CEIM Confederaci\u00f3n Empresarial de Madrid&#8211;CEOE, AMER Asociaci\u00f3n Madrile\u00f1a de Empresas de Restauraci\u00f3n, y ACOTEX Asociaci\u00f3n Empresarial del Comercio Textil y Complementos, han firmado hoy el convenio de colaboraci\u00f3n con el Ayuntamiento de Madrid. Gracias a este convenio, \u201clos [&hellip;]<\/p>\n","protected":false},"author":4,"featured_media":6188,"comment_status":"open","ping_status":"open","sticky":false,"template":"","format":"standard","meta":{"_monsterinsights_skip_tracking":false,"_monsterinsights_sitenote_active":false,"_monsterinsights_sitenote_note":"","_monsterinsights_sitenote_category":0,"footnotes":""},"categories":[34],"tags":[],"class_list":["post-6190","post","type-post","status-publish","format-standard","has-post-thumbnail","hentry","category-noticies"],"yoast_head":"<!-- This site is optimized with the Yoast SEO plugin v27.5 - https:\/\/yoast.com\/product\/yoast-seo-wordpress\/ -->\n<title>AYUNTAMIENTO Y EMPRESARIOS DE MADRID ACUERDAN EL PROGRAMA PARA ADQUIRIR EXPERIENCIA LABORAL EN COMERCIO TEXTIL Y RESTAURACI\u00d3N. - Palomo Consultors<\/title>\n<meta name=\"robots\" content=\"index, follow, max-snippet:-1, max-image-preview:large, max-video-preview:-1\" \/>\n<link rel=\"canonical\" href=\"https:\/\/palomo.net\/ca\/ayuntamiento-y-empresarios-de-madrid-acuerdan-el-programa-para-adquirir-experiencia-laboral-en-comercio-textil-y-restauracion\/\" \/>\n<meta property=\"og:locale\" content=\"ca_ES\" \/>\n<meta property=\"og:type\" content=\"article\" \/>\n<meta property=\"og:title\" content=\"AYUNTAMIENTO Y EMPRESARIOS DE MADRID ACUERDAN EL PROGRAMA PARA ADQUIRIR EXPERIENCIA LABORAL EN COMERCIO TEXTIL Y RESTAURACI\u00d3N. - Palomo Consultors\" \/>\n<meta property=\"og:description\" content=\"Ayuntamiento y empresarios de Madrid acuerdan el programa para adquirir experiencia laboral en comercio textil y restauraci\u00f3n. CEIM Confederaci\u00f3n Empresarial de Madrid&#8211;CEOE, AMER Asociaci\u00f3n Madrile\u00f1a de Empresas de Restauraci\u00f3n, y ACOTEX Asociaci\u00f3n Empresarial del Comercio Textil y Complementos, han firmado hoy el convenio de colaboraci\u00f3n con el Ayuntamiento de Madrid. Gracias a este convenio, \u201clos [&hellip;]\" \/>\n<meta property=\"og:url\" content=\"https:\/\/palomo.net\/ca\/ayuntamiento-y-empresarios-de-madrid-acuerdan-el-programa-para-adquirir-experiencia-laboral-en-comercio-textil-y-restauracion\/\" \/>\n<meta property=\"og:site_name\" content=\"Palomo Consultors\" \/>\n<meta property=\"article:published_time\" content=\"2016-02-24T16:06:52+00:00\" \/>\n<meta property=\"og:image\" content=\"https:\/\/palomo.net\/wp-content\/uploads\/ACUERDO-EMPRESARIOS-Y-AYUNTAMIENTO-MADRID.jpg\" \/>\n\t<meta property=\"og:image:width\" content=\"199\" \/>\n\t<meta property=\"og:image:height\" content=\"253\" \/>\n\t<meta property=\"og:image:type\" content=\"image\/jpeg\" \/>\n<meta name=\"author\" content=\"Palomo Consultors\" \/>\n<meta name=\"twitter:card\" content=\"summary_large_image\" \/>\n<meta name=\"twitter:label1\" content=\"Escrit per\" \/>\n\t<meta name=\"twitter:data1\" content=\"Palomo Consultors\" \/>\n\t<meta name=\"twitter:label2\" content=\"Temps estimat de lectura\" \/>\n\t<meta name=\"twitter:data2\" content=\"1 minut\" \/>\n<script type=\"application\/ld+json\" class=\"yoast-schema-graph\">{\"@context\":\"https:\\\/\\\/schema.org\",\"@graph\":[{\"@type\":\"Article\",\"@id\":\"https:\\\/\\\/palomo.net\\\/ca\\\/ayuntamiento-y-empresarios-de-madrid-acuerdan-el-programa-para-adquirir-experiencia-laboral-en-comercio-textil-y-restauracion\\\/#article\",\"isPartOf\":{\"@id\":\"https:\\\/\\\/palomo.net\\\/ca\\\/ayuntamiento-y-empresarios-de-madrid-acuerdan-el-programa-para-adquirir-experiencia-laboral-en-comercio-textil-y-restauracion\\\/\"},\"author\":{\"name\":\"Palomo Consultors\",\"@id\":\"https:\\\/\\\/palomo.net\\\/#\\\/schema\\\/person\\\/711f80f8e4fbf3466bd3c1c42e621ece\"},\"headline\":\"AYUNTAMIENTO Y EMPRESARIOS DE MADRID ACUERDAN EL PROGRAMA PARA ADQUIRIR EXPERIENCIA LABORAL EN COMERCIO TEXTIL Y RESTAURACI\u00d3N.\",\"datePublished\":\"2016-02-24T16:06:52+00:00\",\"mainEntityOfPage\":{\"@id\":\"https:\\\/\\\/palomo.net\\\/ca\\\/ayuntamiento-y-empresarios-de-madrid-acuerdan-el-programa-para-adquirir-experiencia-laboral-en-comercio-textil-y-restauracion\\\/\"},\"wordCount\":149,\"commentCount\":0,\"image\":{\"@id\":\"https:\\\/\\\/palomo.net\\\/ca\\\/ayuntamiento-y-empresarios-de-madrid-acuerdan-el-programa-para-adquirir-experiencia-laboral-en-comercio-textil-y-restauracion\\\/#primaryimage\"},\"thumbnailUrl\":\"https:\\\/\\\/palomo.net\\\/wp-content\\\/uploads\\\/ACUERDO-EMPRESARIOS-Y-AYUNTAMIENTO-MADRID.jpg\",\"articleSection\":[\"Not\u00edcies\"],\"inLanguage\":\"ca\",\"potentialAction\":[{\"@type\":\"CommentAction\",\"name\":\"Comment\",\"target\":[\"https:\\\/\\\/palomo.net\\\/ca\\\/ayuntamiento-y-empresarios-de-madrid-acuerdan-el-programa-para-adquirir-experiencia-laboral-en-comercio-textil-y-restauracion\\\/#respond\"]}]},{\"@type\":\"WebPage\",\"@id\":\"https:\\\/\\\/palomo.net\\\/ca\\\/ayuntamiento-y-empresarios-de-madrid-acuerdan-el-programa-para-adquirir-experiencia-laboral-en-comercio-textil-y-restauracion\\\/\",\"url\":\"https:\\\/\\\/palomo.net\\\/ca\\\/ayuntamiento-y-empresarios-de-madrid-acuerdan-el-programa-para-adquirir-experiencia-laboral-en-comercio-textil-y-restauracion\\\/\",\"name\":\"AYUNTAMIENTO Y EMPRESARIOS DE MADRID ACUERDAN EL PROGRAMA PARA ADQUIRIR EXPERIENCIA LABORAL EN COMERCIO TEXTIL Y RESTAURACI\u00d3N. - Palomo Consultors\",\"isPartOf\":{\"@id\":\"https:\\\/\\\/palomo.net\\\/#website\"},\"primaryImageOfPage\":{\"@id\":\"https:\\\/\\\/palomo.net\\\/ca\\\/ayuntamiento-y-empresarios-de-madrid-acuerdan-el-programa-para-adquirir-experiencia-laboral-en-comercio-textil-y-restauracion\\\/#primaryimage\"},\"image\":{\"@id\":\"https:\\\/\\\/palomo.net\\\/ca\\\/ayuntamiento-y-empresarios-de-madrid-acuerdan-el-programa-para-adquirir-experiencia-laboral-en-comercio-textil-y-restauracion\\\/#primaryimage\"},\"thumbnailUrl\":\"https:\\\/\\\/palomo.net\\\/wp-content\\\/uploads\\\/ACUERDO-EMPRESARIOS-Y-AYUNTAMIENTO-MADRID.jpg\",\"datePublished\":\"2016-02-24T16:06:52+00:00\",\"author\":{\"@id\":\"https:\\\/\\\/palomo.net\\\/#\\\/schema\\\/person\\\/711f80f8e4fbf3466bd3c1c42e621ece\"},\"breadcrumb\":{\"@id\":\"https:\\\/\\\/palomo.net\\\/ca\\\/ayuntamiento-y-empresarios-de-madrid-acuerdan-el-programa-para-adquirir-experiencia-laboral-en-comercio-textil-y-restauracion\\\/#breadcrumb\"},\"inLanguage\":\"ca\",\"potentialAction\":[{\"@type\":\"ReadAction\",\"target\":[\"https:\\\/\\\/palomo.net\\\/ca\\\/ayuntamiento-y-empresarios-de-madrid-acuerdan-el-programa-para-adquirir-experiencia-laboral-en-comercio-textil-y-restauracion\\\/\"]}]},{\"@type\":\"ImageObject\",\"inLanguage\":\"ca\",\"@id\":\"https:\\\/\\\/palomo.net\\\/ca\\\/ayuntamiento-y-empresarios-de-madrid-acuerdan-el-programa-para-adquirir-experiencia-laboral-en-comercio-textil-y-restauracion\\\/#primaryimage\",\"url\":\"https:\\\/\\\/palomo.net\\\/wp-content\\\/uploads\\\/ACUERDO-EMPRESARIOS-Y-AYUNTAMIENTO-MADRID.jpg\",\"contentUrl\":\"https:\\\/\\\/palomo.net\\\/wp-content\\\/uploads\\\/ACUERDO-EMPRESARIOS-Y-AYUNTAMIENTO-MADRID.jpg\",\"width\":199,\"height\":253},{\"@type\":\"BreadcrumbList\",\"@id\":\"https:\\\/\\\/palomo.net\\\/ca\\\/ayuntamiento-y-empresarios-de-madrid-acuerdan-el-programa-para-adquirir-experiencia-laboral-en-comercio-textil-y-restauracion\\\/#breadcrumb\",\"itemListElement\":[{\"@type\":\"ListItem\",\"position\":1,\"name\":\"Portada\",\"item\":\"https:\\\/\\\/palomo.net\\\/ca\\\/\"},{\"@type\":\"ListItem\",\"position\":2,\"name\":\"AYUNTAMIENTO Y EMPRESARIOS DE MADRID ACUERDAN EL PROGRAMA PARA ADQUIRIR EXPERIENCIA LABORAL EN COMERCIO TEXTIL Y RESTAURACI\u00d3N.\"}]},{\"@type\":\"WebSite\",\"@id\":\"https:\\\/\\\/palomo.net\\\/#website\",\"url\":\"https:\\\/\\\/palomo.net\\\/\",\"name\":\"Palomo Consultors\",\"description\":\"Assessors Laborales d&#039; Empresas\",\"potentialAction\":[{\"@type\":\"SearchAction\",\"target\":{\"@type\":\"EntryPoint\",\"urlTemplate\":\"https:\\\/\\\/palomo.net\\\/?s={search_term_string}\"},\"query-input\":{\"@type\":\"PropertyValueSpecification\",\"valueRequired\":true,\"valueName\":\"search_term_string\"}}],\"inLanguage\":\"ca\"},{\"@type\":\"Person\",\"@id\":\"https:\\\/\\\/palomo.net\\\/#\\\/schema\\\/person\\\/711f80f8e4fbf3466bd3c1c42e621ece\",\"name\":\"Palomo Consultors\",\"url\":\"https:\\\/\\\/palomo.net\\\/ca\\\/author\\\/pl0mo\\\/\"}]}<\/script>\n<!-- \/ Yoast SEO plugin. -->","yoast_head_json":{"title":"AYUNTAMIENTO Y EMPRESARIOS DE MADRID ACUERDAN EL PROGRAMA PARA ADQUIRIR EXPERIENCIA LABORAL EN COMERCIO TEXTIL Y RESTAURACI\u00d3N. - Palomo Consultors","robots":{"index":"index","follow":"follow","max-snippet":"max-snippet:-1","max-image-preview":"max-image-preview:large","max-video-preview":"max-video-preview:-1"},"canonical":"https:\/\/palomo.net\/ca\/ayuntamiento-y-empresarios-de-madrid-acuerdan-el-programa-para-adquirir-experiencia-laboral-en-comercio-textil-y-restauracion\/","og_locale":"ca_ES","og_type":"article","og_title":"AYUNTAMIENTO Y EMPRESARIOS DE MADRID ACUERDAN EL PROGRAMA PARA ADQUIRIR EXPERIENCIA LABORAL EN COMERCIO TEXTIL Y RESTAURACI\u00d3N. - Palomo Consultors","og_description":"Ayuntamiento y empresarios de Madrid acuerdan el programa para adquirir experiencia laboral en comercio textil y restauraci\u00f3n. CEIM Confederaci\u00f3n Empresarial de Madrid&#8211;CEOE, AMER Asociaci\u00f3n Madrile\u00f1a de Empresas de Restauraci\u00f3n, y ACOTEX Asociaci\u00f3n Empresarial del Comercio Textil y Complementos, han firmado hoy el convenio de colaboraci\u00f3n con el Ayuntamiento de Madrid. Gracias a este convenio, \u201clos [&hellip;]","og_url":"https:\/\/palomo.net\/ca\/ayuntamiento-y-empresarios-de-madrid-acuerdan-el-programa-para-adquirir-experiencia-laboral-en-comercio-textil-y-restauracion\/","og_site_name":"Palomo Consultors","article_published_time":"2016-02-24T16:06:52+00:00","og_image":[{"width":199,"height":253,"url":"https:\/\/palomo.net\/wp-content\/uploads\/ACUERDO-EMPRESARIOS-Y-AYUNTAMIENTO-MADRID.jpg","type":"image\/jpeg"}],"author":"Palomo Consultors","twitter_card":"summary_large_image","twitter_misc":{"Escrit per":"Palomo Consultors","Temps estimat de lectura":"1 minut"},"schema":{"@context":"https:\/\/schema.org","@graph":[{"@type":"Article","@id":"https:\/\/palomo.net\/ca\/ayuntamiento-y-empresarios-de-madrid-acuerdan-el-programa-para-adquirir-experiencia-laboral-en-comercio-textil-y-restauracion\/#article","isPartOf":{"@id":"https:\/\/palomo.net\/ca\/ayuntamiento-y-empresarios-de-madrid-acuerdan-el-programa-para-adquirir-experiencia-laboral-en-comercio-textil-y-restauracion\/"},"author":{"name":"Palomo Consultors","@id":"https:\/\/palomo.net\/#\/schema\/person\/711f80f8e4fbf3466bd3c1c42e621ece"},"headline":"AYUNTAMIENTO Y EMPRESARIOS DE MADRID ACUERDAN EL PROGRAMA PARA ADQUIRIR EXPERIENCIA LABORAL EN COMERCIO TEXTIL Y RESTAURACI\u00d3N.","datePublished":"2016-02-24T16:06:52+00:00","mainEntityOfPage":{"@id":"https:\/\/palomo.net\/ca\/ayuntamiento-y-empresarios-de-madrid-acuerdan-el-programa-para-adquirir-experiencia-laboral-en-comercio-textil-y-restauracion\/"},"wordCount":149,"commentCount":0,"image":{"@id":"https:\/\/palomo.net\/ca\/ayuntamiento-y-empresarios-de-madrid-acuerdan-el-programa-para-adquirir-experiencia-laboral-en-comercio-textil-y-restauracion\/#primaryimage"},"thumbnailUrl":"https:\/\/palomo.net\/wp-content\/uploads\/ACUERDO-EMPRESARIOS-Y-AYUNTAMIENTO-MADRID.jpg","articleSection":["Not\u00edcies"],"inLanguage":"ca","potentialAction":[{"@type":"CommentAction","name":"Comment","target":["https:\/\/palomo.net\/ca\/ayuntamiento-y-empresarios-de-madrid-acuerdan-el-programa-para-adquirir-experiencia-laboral-en-comercio-textil-y-restauracion\/#respond"]}]},{"@type":"WebPage","@id":"https:\/\/palomo.net\/ca\/ayuntamiento-y-empresarios-de-madrid-acuerdan-el-programa-para-adquirir-experiencia-laboral-en-comercio-textil-y-restauracion\/","url":"https:\/\/palomo.net\/ca\/ayuntamiento-y-empresarios-de-madrid-acuerdan-el-programa-para-adquirir-experiencia-laboral-en-comercio-textil-y-restauracion\/","name":"AYUNTAMIENTO Y EMPRESARIOS DE MADRID ACUERDAN EL PROGRAMA PARA ADQUIRIR EXPERIENCIA LABORAL EN COMERCIO TEXTIL Y RESTAURACI\u00d3N. - Palomo Consultors","isPartOf":{"@id":"https:\/\/palomo.net\/#website"},"primaryImageOfPage":{"@id":"https:\/\/palomo.net\/ca\/ayuntamiento-y-empresarios-de-madrid-acuerdan-el-programa-para-adquirir-experiencia-laboral-en-comercio-textil-y-restauracion\/#primaryimage"},"image":{"@id":"https:\/\/palomo.net\/ca\/ayuntamiento-y-empresarios-de-madrid-acuerdan-el-programa-para-adquirir-experiencia-laboral-en-comercio-textil-y-restauracion\/#primaryimage"},"thumbnailUrl":"https:\/\/palomo.net\/wp-content\/uploads\/ACUERDO-EMPRESARIOS-Y-AYUNTAMIENTO-MADRID.jpg","datePublished":"2016-02-24T16:06:52+00:00","author":{"@id":"https:\/\/palomo.net\/#\/schema\/person\/711f80f8e4fbf3466bd3c1c42e621ece"},"breadcrumb":{"@id":"https:\/\/palomo.net\/ca\/ayuntamiento-y-empresarios-de-madrid-acuerdan-el-programa-para-adquirir-experiencia-laboral-en-comercio-textil-y-restauracion\/#breadcrumb"},"inLanguage":"ca","potentialAction":[{"@type":"ReadAction","target":["https:\/\/palomo.net\/ca\/ayuntamiento-y-empresarios-de-madrid-acuerdan-el-programa-para-adquirir-experiencia-laboral-en-comercio-textil-y-restauracion\/"]}]},{"@type":"ImageObject","inLanguage":"ca","@id":"https:\/\/palomo.net\/ca\/ayuntamiento-y-empresarios-de-madrid-acuerdan-el-programa-para-adquirir-experiencia-laboral-en-comercio-textil-y-restauracion\/#primaryimage","url":"https:\/\/palomo.net\/wp-content\/uploads\/ACUERDO-EMPRESARIOS-Y-AYUNTAMIENTO-MADRID.jpg","contentUrl":"https:\/\/palomo.net\/wp-content\/uploads\/ACUERDO-EMPRESARIOS-Y-AYUNTAMIENTO-MADRID.jpg","width":199,"height":253},{"@type":"BreadcrumbList","@id":"https:\/\/palomo.net\/ca\/ayuntamiento-y-empresarios-de-madrid-acuerdan-el-programa-para-adquirir-experiencia-laboral-en-comercio-textil-y-restauracion\/#breadcrumb","itemListElement":[{"@type":"ListItem","position":1,"name":"Portada","item":"https:\/\/palomo.net\/ca\/"},{"@type":"ListItem","position":2,"name":"AYUNTAMIENTO Y EMPRESARIOS DE MADRID ACUERDAN EL PROGRAMA PARA ADQUIRIR EXPERIENCIA LABORAL EN COMERCIO TEXTIL Y RESTAURACI\u00d3N."}]},{"@type":"WebSite","@id":"https:\/\/palomo.net\/#website","url":"https:\/\/palomo.net\/","name":"Palomo Consultors","description":"Assessors Laborales d&#039; Empresas","potentialAction":[{"@type":"SearchAction","target":{"@type":"EntryPoint","urlTemplate":"https:\/\/palomo.net\/?s={search_term_string}"},"query-input":{"@type":"PropertyValueSpecification","valueRequired":true,"valueName":"search_term_string"}}],"inLanguage":"ca"},{"@type":"Person","@id":"https:\/\/palomo.net\/#\/schema\/person\/711f80f8e4fbf3466bd3c1c42e621ece","name":"Palomo Consultors","url":"https:\/\/palomo.net\/ca\/author\/pl0mo\/"}]}},"_links":{"self":[{"href":"https:\/\/palomo.net\/ca\/wp-json\/wp\/v2\/posts\/6190\/"}],"collection":[{"href":"https:\/\/palomo.net\/ca\/wp-json\/wp\/v2\/posts\/"}],"about":[{"href":"https:\/\/palomo.net\/ca\/wp-json\/wp\/v2\/types\/post\/"}],"author":[{"embeddable":true,"href":"https:\/\/palomo.net\/ca\/wp-json\/wp\/v2\/users\/4\/"}],"replies":[{"embeddable":true,"href":"https:\/\/palomo.net\/ca\/wp-json\/wp\/v2\/comments\/?post=6190"}],"version-history":[{"count":0,"href":"https:\/\/palomo.net\/ca\/wp-json\/wp\/v2\/posts\/6190\/revisions\/"}],"wp:featuredmedia":[{"embeddable":true,"href":"https:\/\/palomo.net\/ca\/wp-json\/wp\/v2\/media\/6188\/"}],"wp:attachment":[{"href":"https:\/\/palomo.net\/ca\/wp-json\/wp\/v2\/media\/?parent=6190"}],"wp:term":[{"taxonomy":"category","embeddable":true,"href":"https:\/\/palomo.net\/ca\/wp-json\/wp\/v2\/categories\/?post=6190"},{"taxonomy":"post_tag","embeddable":true,"href":"https:\/\/palomo.net\/ca\/wp-json\/wp\/v2\/tags\/?post=6190"}],"curies":[{"name":"wp","href":"https:\/\/api.w.org\/{rel}","templated":true}]}}