{"id":6900,"date":"2016-08-31T10:56:56","date_gmt":"2016-08-31T08:56:56","guid":{"rendered":"http:\/\/palomo.net\/ca\/colaboracion-publico-privada-re-insertar-parados\/"},"modified":"2016-08-31T11:03:16","modified_gmt":"2016-08-31T09:03:16","slug":"colaboracion-publico-privada-re-insertar-parados","status":"publish","type":"post","link":"https:\/\/palomo.net\/ca\/colaboracion-publico-privada-re-insertar-parados\/","title":{"rendered":"COLABORACI\u00d3N P\u00daBLICO-PRIVADA PARA RE-INSERTAR PARADOS"},"content":{"rendered":"<p>COLABORACI\u00d3N P\u00daBLICO-PRIVADA PARA RE-INSERTAR PARADOS<\/p>\n<hr \/>\n<p><strong>Primer balance de la colaboraci\u00f3n p\u00fablico-privada para reinsertar parados<\/strong>. El Ministerio de Empleo estableci\u00f3 en 2013 el marco regulatorio para que las empresas privadas puedan cobrar de las comunidades por encontrar trabajo aparados. Tras no pocas dificultades, algunos Gobiernos auton\u00f3micos arrancaron en 2015 los programas piloto seleccionando empresas de trabajo temporal y de formaci\u00f3n. No todas las autonom\u00edas se apuntaron al plan. Pero las que s\u00ed lo hicieron ya han obtenido sus primeros registros: de las 189.878 personas enviadas, las agencias privadas atendieron a 81.638, un 43%. Y de esas personas atendidas se encontr\u00f3 empleo para 8.051, el 4,2% de las individuos enviados y el 9,9% de las atendidos, unas ratios superiores al 1,7% que, seg\u00fan el INE, colocaron las oficinas p\u00fablicas de empleo en 2015. Las agencias s\u00f3lo buscaron empleo para algo menos de la mitad de los ciudadanos remitidos, un dato que arroja algunas dudas porque las empresas pudieron haber dejado fuera los curr\u00edculos m\u00e1s complicados de reinsertar.<\/p>\n","protected":false},"excerpt":{"rendered":"<p>COLABORACI\u00d3N P\u00daBLICO-PRIVADA PARA RE-INSERTAR PARADOS Primer balance de la colaboraci\u00f3n p\u00fablico-privada para reinsertar parados. El Ministerio de Empleo estableci\u00f3 en 2013 el marco regulatorio para que las empresas privadas puedan cobrar de las comunidades por encontrar trabajo aparados. Tras no pocas dificultades, algunos Gobiernos auton\u00f3micos arrancaron en 2015 los programas piloto seleccionando empresas de trabajo [&hellip;]<\/p>\n","protected":false},"author":4,"featured_media":6898,"comment_status":"open","ping_status":"open","sticky":false,"template":"","format":"standard","meta":{"_monsterinsights_skip_tracking":false,"_monsterinsights_sitenote_active":false,"_monsterinsights_sitenote_note":"","_monsterinsights_sitenote_category":0,"footnotes":""},"categories":[34],"tags":[106,107],"class_list":["post-6900","post","type-post","status-publish","format-standard","has-post-thumbnail","hentry","category-noticies","tag-colaboracion-ca","tag-parados-ca"],"yoast_head":"<!-- This site is optimized with the Yoast SEO plugin v27.5 - https:\/\/yoast.com\/product\/yoast-seo-wordpress\/ -->\n<title>COLABORACI\u00d3N P\u00daBLICO-PRIVADA PARA RE-INSERTAR PARADOS<\/title>\n<meta name=\"description\" content=\"El Ministerio de Empleo estableci\u00f3 un marco regulatorio para que las empresas privadas puedan cobrar de las comunidades por encontrar trabajo a parados.\" \/>\n<meta name=\"robots\" content=\"index, follow, max-snippet:-1, max-image-preview:large, max-video-preview:-1\" \/>\n<link rel=\"canonical\" href=\"https:\/\/palomo.net\/ca\/colaboracion-publico-privada-re-insertar-parados\/\" \/>\n<meta property=\"og:locale\" content=\"ca_ES\" \/>\n<meta property=\"og:type\" content=\"article\" \/>\n<meta property=\"og:title\" content=\"COLABORACI\u00d3N P\u00daBLICO-PRIVADA PARA RE-INSERTAR PARADOS\" \/>\n<meta property=\"og:description\" content=\"El Ministerio de Empleo estableci\u00f3 un marco regulatorio para que las empresas privadas puedan cobrar de las comunidades por encontrar trabajo a parados.\" \/>\n<meta property=\"og:url\" content=\"https:\/\/palomo.net\/ca\/colaboracion-publico-privada-re-insertar-parados\/\" \/>\n<meta property=\"og:site_name\" content=\"Palomo Consultors\" \/>\n<meta property=\"article:published_time\" content=\"2016-08-31T08:56:56+00:00\" \/>\n<meta property=\"article:modified_time\" content=\"2016-08-31T09:03:16+00:00\" \/>\n<meta property=\"og:image\" content=\"https:\/\/palomo.net\/wp-content\/uploads\/COLABORACI\u00d3N-P\u00daBLICO-PRIVADA-PARA-RE-INSERTAR-PARADOS.jpg\" \/>\n\t<meta property=\"og:image:width\" content=\"263\" \/>\n\t<meta property=\"og:image:height\" content=\"192\" \/>\n\t<meta property=\"og:image:type\" content=\"image\/jpeg\" \/>\n<meta name=\"author\" content=\"Palomo Consultors\" \/>\n<meta name=\"twitter:card\" content=\"summary_large_image\" \/>\n<meta name=\"twitter:label1\" content=\"Escrit per\" \/>\n\t<meta name=\"twitter:data1\" content=\"Palomo Consultors\" \/>\n\t<meta name=\"twitter:label2\" content=\"Temps estimat de lectura\" \/>\n\t<meta name=\"twitter:data2\" content=\"1 minut\" \/>\n<script type=\"application\/ld+json\" class=\"yoast-schema-graph\">{\"@context\":\"https:\\\/\\\/schema.org\",\"@graph\":[{\"@type\":\"Article\",\"@id\":\"https:\\\/\\\/palomo.net\\\/ca\\\/colaboracion-publico-privada-re-insertar-parados\\\/#article\",\"isPartOf\":{\"@id\":\"https:\\\/\\\/palomo.net\\\/ca\\\/colaboracion-publico-privada-re-insertar-parados\\\/\"},\"author\":{\"name\":\"Palomo Consultors\",\"@id\":\"https:\\\/\\\/palomo.net\\\/#\\\/schema\\\/person\\\/711f80f8e4fbf3466bd3c1c42e621ece\"},\"headline\":\"COLABORACI\u00d3N P\u00daBLICO-PRIVADA PARA RE-INSERTAR PARADOS\",\"datePublished\":\"2016-08-31T08:56:56+00:00\",\"dateModified\":\"2016-08-31T09:03:16+00:00\",\"mainEntityOfPage\":{\"@id\":\"https:\\\/\\\/palomo.net\\\/ca\\\/colaboracion-publico-privada-re-insertar-parados\\\/\"},\"wordCount\":174,\"commentCount\":0,\"image\":{\"@id\":\"https:\\\/\\\/palomo.net\\\/ca\\\/colaboracion-publico-privada-re-insertar-parados\\\/#primaryimage\"},\"thumbnailUrl\":\"https:\\\/\\\/palomo.net\\\/wp-content\\\/uploads\\\/COLABORACI\u00d3N-P\u00daBLICO-PRIVADA-PARA-RE-INSERTAR-PARADOS.jpg\",\"keywords\":[\"COLABORACION\",\"PARADOS\"],\"articleSection\":[\"Not\u00edcies\"],\"inLanguage\":\"ca\",\"potentialAction\":[{\"@type\":\"CommentAction\",\"name\":\"Comment\",\"target\":[\"https:\\\/\\\/palomo.net\\\/ca\\\/colaboracion-publico-privada-re-insertar-parados\\\/#respond\"]}]},{\"@type\":\"WebPage\",\"@id\":\"https:\\\/\\\/palomo.net\\\/ca\\\/colaboracion-publico-privada-re-insertar-parados\\\/\",\"url\":\"https:\\\/\\\/palomo.net\\\/ca\\\/colaboracion-publico-privada-re-insertar-parados\\\/\",\"name\":\"COLABORACI\u00d3N P\u00daBLICO-PRIVADA PARA RE-INSERTAR PARADOS\",\"isPartOf\":{\"@id\":\"https:\\\/\\\/palomo.net\\\/#website\"},\"primaryImageOfPage\":{\"@id\":\"https:\\\/\\\/palomo.net\\\/ca\\\/colaboracion-publico-privada-re-insertar-parados\\\/#primaryimage\"},\"image\":{\"@id\":\"https:\\\/\\\/palomo.net\\\/ca\\\/colaboracion-publico-privada-re-insertar-parados\\\/#primaryimage\"},\"thumbnailUrl\":\"https:\\\/\\\/palomo.net\\\/wp-content\\\/uploads\\\/COLABORACI\u00d3N-P\u00daBLICO-PRIVADA-PARA-RE-INSERTAR-PARADOS.jpg\",\"datePublished\":\"2016-08-31T08:56:56+00:00\",\"dateModified\":\"2016-08-31T09:03:16+00:00\",\"author\":{\"@id\":\"https:\\\/\\\/palomo.net\\\/#\\\/schema\\\/person\\\/711f80f8e4fbf3466bd3c1c42e621ece\"},\"description\":\"El Ministerio de Empleo estableci\u00f3 un marco regulatorio para que las empresas privadas puedan cobrar de las comunidades por encontrar trabajo a parados.\",\"breadcrumb\":{\"@id\":\"https:\\\/\\\/palomo.net\\\/ca\\\/colaboracion-publico-privada-re-insertar-parados\\\/#breadcrumb\"},\"inLanguage\":\"ca\",\"potentialAction\":[{\"@type\":\"ReadAction\",\"target\":[\"https:\\\/\\\/palomo.net\\\/ca\\\/colaboracion-publico-privada-re-insertar-parados\\\/\"]}]},{\"@type\":\"ImageObject\",\"inLanguage\":\"ca\",\"@id\":\"https:\\\/\\\/palomo.net\\\/ca\\\/colaboracion-publico-privada-re-insertar-parados\\\/#primaryimage\",\"url\":\"https:\\\/\\\/palomo.net\\\/wp-content\\\/uploads\\\/COLABORACI\u00d3N-P\u00daBLICO-PRIVADA-PARA-RE-INSERTAR-PARADOS.jpg\",\"contentUrl\":\"https:\\\/\\\/palomo.net\\\/wp-content\\\/uploads\\\/COLABORACI\u00d3N-P\u00daBLICO-PRIVADA-PARA-RE-INSERTAR-PARADOS.jpg\",\"width\":263,\"height\":192},{\"@type\":\"BreadcrumbList\",\"@id\":\"https:\\\/\\\/palomo.net\\\/ca\\\/colaboracion-publico-privada-re-insertar-parados\\\/#breadcrumb\",\"itemListElement\":[{\"@type\":\"ListItem\",\"position\":1,\"name\":\"Portada\",\"item\":\"https:\\\/\\\/palomo.net\\\/ca\\\/\"},{\"@type\":\"ListItem\",\"position\":2,\"name\":\"COLABORACI\u00d3N P\u00daBLICO-PRIVADA PARA RE-INSERTAR PARADOS\"}]},{\"@type\":\"WebSite\",\"@id\":\"https:\\\/\\\/palomo.net\\\/#website\",\"url\":\"https:\\\/\\\/palomo.net\\\/\",\"name\":\"Palomo Consultors\",\"description\":\"Assessors Laborales d&#039; Empresas\",\"potentialAction\":[{\"@type\":\"SearchAction\",\"target\":{\"@type\":\"EntryPoint\",\"urlTemplate\":\"https:\\\/\\\/palomo.net\\\/?s={search_term_string}\"},\"query-input\":{\"@type\":\"PropertyValueSpecification\",\"valueRequired\":true,\"valueName\":\"search_term_string\"}}],\"inLanguage\":\"ca\"},{\"@type\":\"Person\",\"@id\":\"https:\\\/\\\/palomo.net\\\/#\\\/schema\\\/person\\\/711f80f8e4fbf3466bd3c1c42e621ece\",\"name\":\"Palomo Consultors\",\"url\":\"https:\\\/\\\/palomo.net\\\/ca\\\/author\\\/pl0mo\\\/\"}]}<\/script>\n<!-- \/ Yoast SEO plugin. -->","yoast_head_json":{"title":"COLABORACI\u00d3N P\u00daBLICO-PRIVADA PARA RE-INSERTAR PARADOS","description":"El Ministerio de Empleo estableci\u00f3 un marco regulatorio para que las empresas privadas puedan cobrar de las comunidades por encontrar trabajo a parados.","robots":{"index":"index","follow":"follow","max-snippet":"max-snippet:-1","max-image-preview":"max-image-preview:large","max-video-preview":"max-video-preview:-1"},"canonical":"https:\/\/palomo.net\/ca\/colaboracion-publico-privada-re-insertar-parados\/","og_locale":"ca_ES","og_type":"article","og_title":"COLABORACI\u00d3N P\u00daBLICO-PRIVADA PARA RE-INSERTAR PARADOS","og_description":"El Ministerio de Empleo estableci\u00f3 un marco regulatorio para que las empresas privadas puedan cobrar de las comunidades por encontrar trabajo a parados.","og_url":"https:\/\/palomo.net\/ca\/colaboracion-publico-privada-re-insertar-parados\/","og_site_name":"Palomo Consultors","article_published_time":"2016-08-31T08:56:56+00:00","article_modified_time":"2016-08-31T09:03:16+00:00","og_image":[{"width":263,"height":192,"url":"https:\/\/palomo.net\/wp-content\/uploads\/COLABORACI\u00d3N-P\u00daBLICO-PRIVADA-PARA-RE-INSERTAR-PARADOS.jpg","type":"image\/jpeg"}],"author":"Palomo Consultors","twitter_card":"summary_large_image","twitter_misc":{"Escrit per":"Palomo Consultors","Temps estimat de lectura":"1 minut"},"schema":{"@context":"https:\/\/schema.org","@graph":[{"@type":"Article","@id":"https:\/\/palomo.net\/ca\/colaboracion-publico-privada-re-insertar-parados\/#article","isPartOf":{"@id":"https:\/\/palomo.net\/ca\/colaboracion-publico-privada-re-insertar-parados\/"},"author":{"name":"Palomo Consultors","@id":"https:\/\/palomo.net\/#\/schema\/person\/711f80f8e4fbf3466bd3c1c42e621ece"},"headline":"COLABORACI\u00d3N P\u00daBLICO-PRIVADA PARA RE-INSERTAR PARADOS","datePublished":"2016-08-31T08:56:56+00:00","dateModified":"2016-08-31T09:03:16+00:00","mainEntityOfPage":{"@id":"https:\/\/palomo.net\/ca\/colaboracion-publico-privada-re-insertar-parados\/"},"wordCount":174,"commentCount":0,"image":{"@id":"https:\/\/palomo.net\/ca\/colaboracion-publico-privada-re-insertar-parados\/#primaryimage"},"thumbnailUrl":"https:\/\/palomo.net\/wp-content\/uploads\/COLABORACI\u00d3N-P\u00daBLICO-PRIVADA-PARA-RE-INSERTAR-PARADOS.jpg","keywords":["COLABORACION","PARADOS"],"articleSection":["Not\u00edcies"],"inLanguage":"ca","potentialAction":[{"@type":"CommentAction","name":"Comment","target":["https:\/\/palomo.net\/ca\/colaboracion-publico-privada-re-insertar-parados\/#respond"]}]},{"@type":"WebPage","@id":"https:\/\/palomo.net\/ca\/colaboracion-publico-privada-re-insertar-parados\/","url":"https:\/\/palomo.net\/ca\/colaboracion-publico-privada-re-insertar-parados\/","name":"COLABORACI\u00d3N P\u00daBLICO-PRIVADA PARA RE-INSERTAR PARADOS","isPartOf":{"@id":"https:\/\/palomo.net\/#website"},"primaryImageOfPage":{"@id":"https:\/\/palomo.net\/ca\/colaboracion-publico-privada-re-insertar-parados\/#primaryimage"},"image":{"@id":"https:\/\/palomo.net\/ca\/colaboracion-publico-privada-re-insertar-parados\/#primaryimage"},"thumbnailUrl":"https:\/\/palomo.net\/wp-content\/uploads\/COLABORACI\u00d3N-P\u00daBLICO-PRIVADA-PARA-RE-INSERTAR-PARADOS.jpg","datePublished":"2016-08-31T08:56:56+00:00","dateModified":"2016-08-31T09:03:16+00:00","author":{"@id":"https:\/\/palomo.net\/#\/schema\/person\/711f80f8e4fbf3466bd3c1c42e621ece"},"description":"El Ministerio de Empleo estableci\u00f3 un marco regulatorio para que las empresas privadas puedan cobrar de las comunidades por encontrar trabajo a parados.","breadcrumb":{"@id":"https:\/\/palomo.net\/ca\/colaboracion-publico-privada-re-insertar-parados\/#breadcrumb"},"inLanguage":"ca","potentialAction":[{"@type":"ReadAction","target":["https:\/\/palomo.net\/ca\/colaboracion-publico-privada-re-insertar-parados\/"]}]},{"@type":"ImageObject","inLanguage":"ca","@id":"https:\/\/palomo.net\/ca\/colaboracion-publico-privada-re-insertar-parados\/#primaryimage","url":"https:\/\/palomo.net\/wp-content\/uploads\/COLABORACI\u00d3N-P\u00daBLICO-PRIVADA-PARA-RE-INSERTAR-PARADOS.jpg","contentUrl":"https:\/\/palomo.net\/wp-content\/uploads\/COLABORACI\u00d3N-P\u00daBLICO-PRIVADA-PARA-RE-INSERTAR-PARADOS.jpg","width":263,"height":192},{"@type":"BreadcrumbList","@id":"https:\/\/palomo.net\/ca\/colaboracion-publico-privada-re-insertar-parados\/#breadcrumb","itemListElement":[{"@type":"ListItem","position":1,"name":"Portada","item":"https:\/\/palomo.net\/ca\/"},{"@type":"ListItem","position":2,"name":"COLABORACI\u00d3N P\u00daBLICO-PRIVADA PARA RE-INSERTAR PARADOS"}]},{"@type":"WebSite","@id":"https:\/\/palomo.net\/#website","url":"https:\/\/palomo.net\/","name":"Palomo Consultors","description":"Assessors Laborales d&#039; Empresas","potentialAction":[{"@type":"SearchAction","target":{"@type":"EntryPoint","urlTemplate":"https:\/\/palomo.net\/?s={search_term_string}"},"query-input":{"@type":"PropertyValueSpecification","valueRequired":true,"valueName":"search_term_string"}}],"inLanguage":"ca"},{"@type":"Person","@id":"https:\/\/palomo.net\/#\/schema\/person\/711f80f8e4fbf3466bd3c1c42e621ece","name":"Palomo Consultors","url":"https:\/\/palomo.net\/ca\/author\/pl0mo\/"}]}},"_links":{"self":[{"href":"https:\/\/palomo.net\/ca\/wp-json\/wp\/v2\/posts\/6900\/"}],"collection":[{"href":"https:\/\/palomo.net\/ca\/wp-json\/wp\/v2\/posts\/"}],"about":[{"href":"https:\/\/palomo.net\/ca\/wp-json\/wp\/v2\/types\/post\/"}],"author":[{"embeddable":true,"href":"https:\/\/palomo.net\/ca\/wp-json\/wp\/v2\/users\/4\/"}],"replies":[{"embeddable":true,"href":"https:\/\/palomo.net\/ca\/wp-json\/wp\/v2\/comments\/?post=6900"}],"version-history":[{"count":1,"href":"https:\/\/palomo.net\/ca\/wp-json\/wp\/v2\/posts\/6900\/revisions\/"}],"predecessor-version":[{"id":6901,"href":"https:\/\/palomo.net\/ca\/wp-json\/wp\/v2\/posts\/6900\/revisions\/6901\/"}],"wp:featuredmedia":[{"embeddable":true,"href":"https:\/\/palomo.net\/ca\/wp-json\/wp\/v2\/media\/6898\/"}],"wp:attachment":[{"href":"https:\/\/palomo.net\/ca\/wp-json\/wp\/v2\/media\/?parent=6900"}],"wp:term":[{"taxonomy":"category","embeddable":true,"href":"https:\/\/palomo.net\/ca\/wp-json\/wp\/v2\/categories\/?post=6900"},{"taxonomy":"post_tag","embeddable":true,"href":"https:\/\/palomo.net\/ca\/wp-json\/wp\/v2\/tags\/?post=6900"}],"curies":[{"name":"wp","href":"https:\/\/api.w.org\/{rel}","templated":true}]}}