{"id":6915,"date":"2016-09-07T14:29:23","date_gmt":"2016-09-07T12:29:23","guid":{"rendered":"http:\/\/palomo.net\/ca\/solicitud-igualdad-fiscal-la-ue\/"},"modified":"2016-09-07T14:29:23","modified_gmt":"2016-09-07T12:29:23","slug":"solicitud-igualdad-fiscal-la-ue","status":"publish","type":"post","link":"https:\/\/palomo.net\/ca\/solicitud-igualdad-fiscal-la-ue\/","title":{"rendered":"SOLICITUD DE IGUALDAD FISCAL EN LA UE"},"content":{"rendered":"<p><strong>SOLICITUD DE IGUALDAD FISCAL EN LA UE<\/strong><\/p>\n<p><strong>El vicepresidente de la CE defendi\u00f3 hoy una armonizaci\u00f3n de las bases imponibles del impuesto de sociedades<\/strong> para luchar contra la competencia desleal fiscal entre los Estados de la UE, a la vista de las pr\u00e1cticas puestas en evidencia con Apple en Irlanda. El vicepresidente del Ejecutivo europeo defendi\u00f3 &#8220;con rigor&#8221; la decisi\u00f3n de que Irlanda recaude los 13.000 millones de euros en impuestos no cobrados e insisti\u00f3 en que, si no se corrige esa situaci\u00f3n y la de otras empresas, se llegar\u00e1 a un punto en que no habr\u00e1 dinero para financiar las pol\u00edticas p\u00fablicas.<\/p>\n","protected":false},"excerpt":{"rendered":"<p>SOLICITUD DE IGUALDAD FISCAL EN LA UE El vicepresidente de la CE defendi\u00f3 hoy una armonizaci\u00f3n de las bases imponibles del impuesto de sociedades para luchar contra la competencia desleal fiscal entre los Estados de la UE, a la vista de las pr\u00e1cticas puestas en evidencia con Apple en Irlanda. El vicepresidente del Ejecutivo europeo [&hellip;]<\/p>\n","protected":false},"author":4,"featured_media":5648,"comment_status":"open","ping_status":"open","sticky":false,"template":"","format":"standard","meta":{"_monsterinsights_skip_tracking":false,"_monsterinsights_sitenote_active":false,"_monsterinsights_sitenote_note":"","_monsterinsights_sitenote_category":0,"footnotes":""},"categories":[34],"tags":[118,119,120,121],"class_list":["post-6915","post","type-post","status-publish","format-standard","has-post-thumbnail","hentry","category-noticies","tag-fiscal-ca","tag-igualdad-ca","tag-impuesto-de-sociedades-ca","tag-union-europea-ca"],"yoast_head":"<!-- This site is optimized with the Yoast SEO plugin v27.5 - https:\/\/yoast.com\/product\/yoast-seo-wordpress\/ -->\n<title>SOLICITUD DE IGUALDAD FISCAL EN LA UNI\u00d3N EUROPEA<\/title>\n<meta name=\"description\" content=\"El vicepresidente de la CE defendi\u00f3 hoy una armonizaci\u00f3n de las bases imponibles del Impuesto de Sociedades para luchar contra la competencia en la UE.\" \/>\n<meta name=\"robots\" content=\"index, follow, max-snippet:-1, max-image-preview:large, max-video-preview:-1\" \/>\n<link rel=\"canonical\" href=\"https:\/\/palomo.net\/ca\/solicitud-igualdad-fiscal-la-ue\/\" \/>\n<meta property=\"og:locale\" content=\"ca_ES\" \/>\n<meta property=\"og:type\" content=\"article\" \/>\n<meta property=\"og:title\" content=\"SOLICITUD DE IGUALDAD FISCAL EN LA UNI\u00d3N EUROPEA\" \/>\n<meta property=\"og:description\" content=\"El vicepresidente de la CE defendi\u00f3 hoy una armonizaci\u00f3n de las bases imponibles del Impuesto de Sociedades para luchar contra la competencia en la UE.\" \/>\n<meta property=\"og:url\" content=\"https:\/\/palomo.net\/ca\/solicitud-igualdad-fiscal-la-ue\/\" \/>\n<meta property=\"og:site_name\" content=\"Palomo Consultors\" \/>\n<meta property=\"article:published_time\" content=\"2016-09-07T12:29:23+00:00\" \/>\n<meta property=\"og:image\" content=\"https:\/\/palomo.net\/wp-content\/uploads\/impuesto-sociedades1.jpg\" \/>\n\t<meta property=\"og:image:width\" content=\"282\" \/>\n\t<meta property=\"og:image:height\" content=\"179\" \/>\n\t<meta property=\"og:image:type\" content=\"image\/jpeg\" \/>\n<meta name=\"author\" content=\"Palomo Consultors\" \/>\n<meta name=\"twitter:card\" content=\"summary_large_image\" \/>\n<meta name=\"twitter:label1\" content=\"Escrit per\" \/>\n\t<meta name=\"twitter:data1\" content=\"Palomo Consultors\" \/>\n\t<meta name=\"twitter:label2\" content=\"Temps estimat de lectura\" \/>\n\t<meta name=\"twitter:data2\" content=\"1 minut\" \/>\n<script type=\"application\/ld+json\" class=\"yoast-schema-graph\">{\"@context\":\"https:\\\/\\\/schema.org\",\"@graph\":[{\"@type\":\"Article\",\"@id\":\"https:\\\/\\\/palomo.net\\\/ca\\\/solicitud-igualdad-fiscal-la-ue\\\/#article\",\"isPartOf\":{\"@id\":\"https:\\\/\\\/palomo.net\\\/ca\\\/solicitud-igualdad-fiscal-la-ue\\\/\"},\"author\":{\"name\":\"Palomo Consultors\",\"@id\":\"https:\\\/\\\/palomo.net\\\/#\\\/schema\\\/person\\\/711f80f8e4fbf3466bd3c1c42e621ece\"},\"headline\":\"SOLICITUD DE IGUALDAD FISCAL EN LA UE\",\"datePublished\":\"2016-09-07T12:29:23+00:00\",\"mainEntityOfPage\":{\"@id\":\"https:\\\/\\\/palomo.net\\\/ca\\\/solicitud-igualdad-fiscal-la-ue\\\/\"},\"wordCount\":115,\"commentCount\":0,\"image\":{\"@id\":\"https:\\\/\\\/palomo.net\\\/ca\\\/solicitud-igualdad-fiscal-la-ue\\\/#primaryimage\"},\"thumbnailUrl\":\"https:\\\/\\\/palomo.net\\\/wp-content\\\/uploads\\\/impuesto-sociedades1.jpg\",\"keywords\":[\"FISCAL\",\"IGUALDAD\",\"IMPUESTO DE SOCIEDADES\",\"UNI\u00d3N EUROPEA\"],\"articleSection\":[\"Not\u00edcies\"],\"inLanguage\":\"ca\",\"potentialAction\":[{\"@type\":\"CommentAction\",\"name\":\"Comment\",\"target\":[\"https:\\\/\\\/palomo.net\\\/ca\\\/solicitud-igualdad-fiscal-la-ue\\\/#respond\"]}]},{\"@type\":\"WebPage\",\"@id\":\"https:\\\/\\\/palomo.net\\\/ca\\\/solicitud-igualdad-fiscal-la-ue\\\/\",\"url\":\"https:\\\/\\\/palomo.net\\\/ca\\\/solicitud-igualdad-fiscal-la-ue\\\/\",\"name\":\"SOLICITUD DE IGUALDAD FISCAL EN LA UNI\u00d3N EUROPEA\",\"isPartOf\":{\"@id\":\"https:\\\/\\\/palomo.net\\\/#website\"},\"primaryImageOfPage\":{\"@id\":\"https:\\\/\\\/palomo.net\\\/ca\\\/solicitud-igualdad-fiscal-la-ue\\\/#primaryimage\"},\"image\":{\"@id\":\"https:\\\/\\\/palomo.net\\\/ca\\\/solicitud-igualdad-fiscal-la-ue\\\/#primaryimage\"},\"thumbnailUrl\":\"https:\\\/\\\/palomo.net\\\/wp-content\\\/uploads\\\/impuesto-sociedades1.jpg\",\"datePublished\":\"2016-09-07T12:29:23+00:00\",\"author\":{\"@id\":\"https:\\\/\\\/palomo.net\\\/#\\\/schema\\\/person\\\/711f80f8e4fbf3466bd3c1c42e621ece\"},\"description\":\"El vicepresidente de la CE defendi\u00f3 hoy una armonizaci\u00f3n de las bases imponibles del Impuesto de Sociedades para luchar contra la competencia en la UE.\",\"breadcrumb\":{\"@id\":\"https:\\\/\\\/palomo.net\\\/ca\\\/solicitud-igualdad-fiscal-la-ue\\\/#breadcrumb\"},\"inLanguage\":\"ca\",\"potentialAction\":[{\"@type\":\"ReadAction\",\"target\":[\"https:\\\/\\\/palomo.net\\\/ca\\\/solicitud-igualdad-fiscal-la-ue\\\/\"]}]},{\"@type\":\"ImageObject\",\"inLanguage\":\"ca\",\"@id\":\"https:\\\/\\\/palomo.net\\\/ca\\\/solicitud-igualdad-fiscal-la-ue\\\/#primaryimage\",\"url\":\"https:\\\/\\\/palomo.net\\\/wp-content\\\/uploads\\\/impuesto-sociedades1.jpg\",\"contentUrl\":\"https:\\\/\\\/palomo.net\\\/wp-content\\\/uploads\\\/impuesto-sociedades1.jpg\",\"width\":282,\"height\":179},{\"@type\":\"BreadcrumbList\",\"@id\":\"https:\\\/\\\/palomo.net\\\/ca\\\/solicitud-igualdad-fiscal-la-ue\\\/#breadcrumb\",\"itemListElement\":[{\"@type\":\"ListItem\",\"position\":1,\"name\":\"Portada\",\"item\":\"https:\\\/\\\/palomo.net\\\/ca\\\/\"},{\"@type\":\"ListItem\",\"position\":2,\"name\":\"SOLICITUD DE IGUALDAD FISCAL EN LA UE\"}]},{\"@type\":\"WebSite\",\"@id\":\"https:\\\/\\\/palomo.net\\\/#website\",\"url\":\"https:\\\/\\\/palomo.net\\\/\",\"name\":\"Palomo Consultors\",\"description\":\"Assessors Laborales d&#039; Empresas\",\"potentialAction\":[{\"@type\":\"SearchAction\",\"target\":{\"@type\":\"EntryPoint\",\"urlTemplate\":\"https:\\\/\\\/palomo.net\\\/?s={search_term_string}\"},\"query-input\":{\"@type\":\"PropertyValueSpecification\",\"valueRequired\":true,\"valueName\":\"search_term_string\"}}],\"inLanguage\":\"ca\"},{\"@type\":\"Person\",\"@id\":\"https:\\\/\\\/palomo.net\\\/#\\\/schema\\\/person\\\/711f80f8e4fbf3466bd3c1c42e621ece\",\"name\":\"Palomo Consultors\",\"url\":\"https:\\\/\\\/palomo.net\\\/ca\\\/author\\\/pl0mo\\\/\"}]}<\/script>\n<!-- \/ Yoast SEO plugin. -->","yoast_head_json":{"title":"SOLICITUD DE IGUALDAD FISCAL EN LA UNI\u00d3N EUROPEA","description":"El vicepresidente de la CE defendi\u00f3 hoy una armonizaci\u00f3n de las bases imponibles del Impuesto de Sociedades para luchar contra la competencia en la UE.","robots":{"index":"index","follow":"follow","max-snippet":"max-snippet:-1","max-image-preview":"max-image-preview:large","max-video-preview":"max-video-preview:-1"},"canonical":"https:\/\/palomo.net\/ca\/solicitud-igualdad-fiscal-la-ue\/","og_locale":"ca_ES","og_type":"article","og_title":"SOLICITUD DE IGUALDAD FISCAL EN LA UNI\u00d3N EUROPEA","og_description":"El vicepresidente de la CE defendi\u00f3 hoy una armonizaci\u00f3n de las bases imponibles del Impuesto de Sociedades para luchar contra la competencia en la UE.","og_url":"https:\/\/palomo.net\/ca\/solicitud-igualdad-fiscal-la-ue\/","og_site_name":"Palomo Consultors","article_published_time":"2016-09-07T12:29:23+00:00","og_image":[{"width":282,"height":179,"url":"https:\/\/palomo.net\/wp-content\/uploads\/impuesto-sociedades1.jpg","type":"image\/jpeg"}],"author":"Palomo Consultors","twitter_card":"summary_large_image","twitter_misc":{"Escrit per":"Palomo Consultors","Temps estimat de lectura":"1 minut"},"schema":{"@context":"https:\/\/schema.org","@graph":[{"@type":"Article","@id":"https:\/\/palomo.net\/ca\/solicitud-igualdad-fiscal-la-ue\/#article","isPartOf":{"@id":"https:\/\/palomo.net\/ca\/solicitud-igualdad-fiscal-la-ue\/"},"author":{"name":"Palomo Consultors","@id":"https:\/\/palomo.net\/#\/schema\/person\/711f80f8e4fbf3466bd3c1c42e621ece"},"headline":"SOLICITUD DE IGUALDAD FISCAL EN LA UE","datePublished":"2016-09-07T12:29:23+00:00","mainEntityOfPage":{"@id":"https:\/\/palomo.net\/ca\/solicitud-igualdad-fiscal-la-ue\/"},"wordCount":115,"commentCount":0,"image":{"@id":"https:\/\/palomo.net\/ca\/solicitud-igualdad-fiscal-la-ue\/#primaryimage"},"thumbnailUrl":"https:\/\/palomo.net\/wp-content\/uploads\/impuesto-sociedades1.jpg","keywords":["FISCAL","IGUALDAD","IMPUESTO DE SOCIEDADES","UNI\u00d3N EUROPEA"],"articleSection":["Not\u00edcies"],"inLanguage":"ca","potentialAction":[{"@type":"CommentAction","name":"Comment","target":["https:\/\/palomo.net\/ca\/solicitud-igualdad-fiscal-la-ue\/#respond"]}]},{"@type":"WebPage","@id":"https:\/\/palomo.net\/ca\/solicitud-igualdad-fiscal-la-ue\/","url":"https:\/\/palomo.net\/ca\/solicitud-igualdad-fiscal-la-ue\/","name":"SOLICITUD DE IGUALDAD FISCAL EN LA UNI\u00d3N EUROPEA","isPartOf":{"@id":"https:\/\/palomo.net\/#website"},"primaryImageOfPage":{"@id":"https:\/\/palomo.net\/ca\/solicitud-igualdad-fiscal-la-ue\/#primaryimage"},"image":{"@id":"https:\/\/palomo.net\/ca\/solicitud-igualdad-fiscal-la-ue\/#primaryimage"},"thumbnailUrl":"https:\/\/palomo.net\/wp-content\/uploads\/impuesto-sociedades1.jpg","datePublished":"2016-09-07T12:29:23+00:00","author":{"@id":"https:\/\/palomo.net\/#\/schema\/person\/711f80f8e4fbf3466bd3c1c42e621ece"},"description":"El vicepresidente de la CE defendi\u00f3 hoy una armonizaci\u00f3n de las bases imponibles del Impuesto de Sociedades para luchar contra la competencia en la UE.","breadcrumb":{"@id":"https:\/\/palomo.net\/ca\/solicitud-igualdad-fiscal-la-ue\/#breadcrumb"},"inLanguage":"ca","potentialAction":[{"@type":"ReadAction","target":["https:\/\/palomo.net\/ca\/solicitud-igualdad-fiscal-la-ue\/"]}]},{"@type":"ImageObject","inLanguage":"ca","@id":"https:\/\/palomo.net\/ca\/solicitud-igualdad-fiscal-la-ue\/#primaryimage","url":"https:\/\/palomo.net\/wp-content\/uploads\/impuesto-sociedades1.jpg","contentUrl":"https:\/\/palomo.net\/wp-content\/uploads\/impuesto-sociedades1.jpg","width":282,"height":179},{"@type":"BreadcrumbList","@id":"https:\/\/palomo.net\/ca\/solicitud-igualdad-fiscal-la-ue\/#breadcrumb","itemListElement":[{"@type":"ListItem","position":1,"name":"Portada","item":"https:\/\/palomo.net\/ca\/"},{"@type":"ListItem","position":2,"name":"SOLICITUD DE IGUALDAD FISCAL EN LA UE"}]},{"@type":"WebSite","@id":"https:\/\/palomo.net\/#website","url":"https:\/\/palomo.net\/","name":"Palomo Consultors","description":"Assessors Laborales d&#039; Empresas","potentialAction":[{"@type":"SearchAction","target":{"@type":"EntryPoint","urlTemplate":"https:\/\/palomo.net\/?s={search_term_string}"},"query-input":{"@type":"PropertyValueSpecification","valueRequired":true,"valueName":"search_term_string"}}],"inLanguage":"ca"},{"@type":"Person","@id":"https:\/\/palomo.net\/#\/schema\/person\/711f80f8e4fbf3466bd3c1c42e621ece","name":"Palomo Consultors","url":"https:\/\/palomo.net\/ca\/author\/pl0mo\/"}]}},"_links":{"self":[{"href":"https:\/\/palomo.net\/ca\/wp-json\/wp\/v2\/posts\/6915\/"}],"collection":[{"href":"https:\/\/palomo.net\/ca\/wp-json\/wp\/v2\/posts\/"}],"about":[{"href":"https:\/\/palomo.net\/ca\/wp-json\/wp\/v2\/types\/post\/"}],"author":[{"embeddable":true,"href":"https:\/\/palomo.net\/ca\/wp-json\/wp\/v2\/users\/4\/"}],"replies":[{"embeddable":true,"href":"https:\/\/palomo.net\/ca\/wp-json\/wp\/v2\/comments\/?post=6915"}],"version-history":[{"count":0,"href":"https:\/\/palomo.net\/ca\/wp-json\/wp\/v2\/posts\/6915\/revisions\/"}],"wp:featuredmedia":[{"embeddable":true,"href":"https:\/\/palomo.net\/ca\/wp-json\/wp\/v2\/media\/5648\/"}],"wp:attachment":[{"href":"https:\/\/palomo.net\/ca\/wp-json\/wp\/v2\/media\/?parent=6915"}],"wp:term":[{"taxonomy":"category","embeddable":true,"href":"https:\/\/palomo.net\/ca\/wp-json\/wp\/v2\/categories\/?post=6915"},{"taxonomy":"post_tag","embeddable":true,"href":"https:\/\/palomo.net\/ca\/wp-json\/wp\/v2\/tags\/?post=6915"}],"curies":[{"name":"wp","href":"https:\/\/api.w.org\/{rel}","templated":true}]}}