{"id":6930,"date":"2016-09-12T12:08:26","date_gmt":"2016-09-12T10:08:26","guid":{"rendered":"http:\/\/palomo.net\/ca\/incremento-del-presupuesto-la-generalitat-cataluna-trabajo-formacion\/"},"modified":"2016-09-12T13:15:51","modified_gmt":"2016-09-12T11:15:51","slug":"incremento-del-presupuesto-la-generalitat-cataluna-trabajo-formacion","status":"publish","type":"post","link":"https:\/\/palomo.net\/ca\/incremento-del-presupuesto-la-generalitat-cataluna-trabajo-formacion\/","title":{"rendered":"INCREMENTO DEL PRESUPUESTO DE LA GENERALITAT DE CATALU\u00d1A EN TRABAJO Y FORMACI\u00d3N"},"content":{"rendered":"<p><strong>INCREMENTO DEL PRESUPUESTO DE LA GENERALITAT DE CATALU\u00d1A EN TRABAJO Y FORMACI\u00d3N<\/strong><\/p>\n<p><strong>La Generalitat de Catalu\u00f1a ha incrementado un 25% el presupuesto del programa Trabajo y Formaci\u00f3n del SOC<\/strong>, hasta 40 millones de euros, para ofrecer empleo acompa\u00f1ado de formaci\u00f3n a 3.725 parados de larga duraci\u00f3n con un salario bruto de 1.000 euros mensuales, frente a los 850 euros de convocatorias anteriores. Para ponerlo en pr\u00e1ctica, ha firmado este mi\u00e9rcoles un convenio con representantes de los sindicatos UGT y CCOO de Catalunya, de la Asociaci\u00f3n Catalana de Municipios y Comarcas (ACM) y de la <strong>Federaci\u00f3n de Municipios<\/strong> de Catalunya (FMC). La duraci\u00f3n de las contrataciones ser\u00e1 de un m\u00ednimo de seis meses y un m\u00e1ximo de doce -por primera vez -, priorizando a los mayores de 45 a\u00f1os y beneficiarios de la Renta M\u00ednima de Inserci\u00f3n (RMI), para realizar tareas en administraciones locales que no sean estructurales, sino proyectos concretos pensados con un inter\u00e9s social.<\/p>\n","protected":false},"excerpt":{"rendered":"<p>INCREMENTO DEL PRESUPUESTO DE LA GENERALITAT DE CATALU\u00d1A EN TRABAJO Y FORMACI\u00d3N La Generalitat de Catalu\u00f1a ha incrementado un 25% el presupuesto del programa Trabajo y Formaci\u00f3n del SOC, hasta 40 millones de euros, para ofrecer empleo acompa\u00f1ado de formaci\u00f3n a 3.725 parados de larga duraci\u00f3n con un salario bruto de 1.000 euros mensuales, frente [&hellip;]<\/p>\n","protected":false},"author":4,"featured_media":6932,"comment_status":"open","ping_status":"open","sticky":false,"template":"","format":"standard","meta":{"_monsterinsights_skip_tracking":false,"_monsterinsights_sitenote_active":false,"_monsterinsights_sitenote_note":"","_monsterinsights_sitenote_category":0,"footnotes":""},"categories":[34],"tags":[74,96,125,126,127],"class_list":["post-6930","post","type-post","status-publish","format-standard","has-post-thumbnail","hentry","category-noticies","tag-empleo","tag-formacion-ca","tag-generalitat-de-cataluna-ca","tag-generalitat-de-catalunya-ca","tag-presupuestos-ca"],"yoast_head":"<!-- This site is optimized with the Yoast SEO plugin v27.5 - https:\/\/yoast.com\/product\/yoast-seo-wordpress\/ -->\n<title>INCREMENTO DEL PRESUPUESTO DE LA GENERALITAT EN TRABAJO.<\/title>\n<meta name=\"description\" content=\"La Generalitat de Catalu\u00f1a ha incrementado un 25% el presupuesto del programa Trabajo y Formaci\u00f3n del SOC, hasta 40 millones de euros.\" \/>\n<meta name=\"robots\" content=\"index, follow, max-snippet:-1, max-image-preview:large, max-video-preview:-1\" \/>\n<link rel=\"canonical\" href=\"https:\/\/palomo.net\/ca\/incremento-del-presupuesto-la-generalitat-cataluna-trabajo-formacion\/\" \/>\n<meta property=\"og:locale\" content=\"ca_ES\" \/>\n<meta property=\"og:type\" content=\"article\" \/>\n<meta property=\"og:title\" content=\"INCREMENTO DEL PRESUPUESTO DE LA GENERALITAT EN TRABAJO.\" \/>\n<meta property=\"og:description\" content=\"La Generalitat de Catalu\u00f1a ha incrementado un 25% el presupuesto del programa Trabajo y Formaci\u00f3n del SOC, hasta 40 millones de euros.\" \/>\n<meta property=\"og:url\" content=\"https:\/\/palomo.net\/ca\/incremento-del-presupuesto-la-generalitat-cataluna-trabajo-formacion\/\" \/>\n<meta property=\"og:site_name\" content=\"Palomo Consultors\" \/>\n<meta property=\"article:published_time\" content=\"2016-09-12T10:08:26+00:00\" \/>\n<meta property=\"article:modified_time\" content=\"2016-09-12T11:15:51+00:00\" \/>\n<meta property=\"og:image\" content=\"https:\/\/palomo.net\/wp-content\/uploads\/INCREMENTO-DEL-PRESUPUESTO-DE-LA-GENERALITAT-DE-CATALU\u00d1A-EN-TRABAJO-Y-FORMACI\u00d3N.png\" \/>\n\t<meta property=\"og:image:width\" content=\"393\" \/>\n\t<meta property=\"og:image:height\" content=\"86\" \/>\n\t<meta property=\"og:image:type\" content=\"image\/png\" \/>\n<meta name=\"author\" content=\"Palomo Consultors\" \/>\n<meta name=\"twitter:card\" content=\"summary_large_image\" \/>\n<meta name=\"twitter:label1\" content=\"Escrit per\" \/>\n\t<meta name=\"twitter:data1\" content=\"Palomo Consultors\" \/>\n\t<meta name=\"twitter:label2\" content=\"Temps estimat de lectura\" \/>\n\t<meta name=\"twitter:data2\" content=\"1 minut\" \/>\n<script type=\"application\/ld+json\" class=\"yoast-schema-graph\">{\"@context\":\"https:\\\/\\\/schema.org\",\"@graph\":[{\"@type\":\"Article\",\"@id\":\"https:\\\/\\\/palomo.net\\\/ca\\\/incremento-del-presupuesto-la-generalitat-cataluna-trabajo-formacion\\\/#article\",\"isPartOf\":{\"@id\":\"https:\\\/\\\/palomo.net\\\/ca\\\/incremento-del-presupuesto-la-generalitat-cataluna-trabajo-formacion\\\/\"},\"author\":{\"name\":\"Palomo Consultors\",\"@id\":\"https:\\\/\\\/palomo.net\\\/#\\\/schema\\\/person\\\/711f80f8e4fbf3466bd3c1c42e621ece\"},\"headline\":\"INCREMENTO DEL PRESUPUESTO DE LA GENERALITAT DE CATALU\u00d1A EN TRABAJO Y FORMACI\u00d3N\",\"datePublished\":\"2016-09-12T10:08:26+00:00\",\"dateModified\":\"2016-09-12T11:15:51+00:00\",\"mainEntityOfPage\":{\"@id\":\"https:\\\/\\\/palomo.net\\\/ca\\\/incremento-del-presupuesto-la-generalitat-cataluna-trabajo-formacion\\\/\"},\"wordCount\":181,\"commentCount\":0,\"image\":{\"@id\":\"https:\\\/\\\/palomo.net\\\/ca\\\/incremento-del-presupuesto-la-generalitat-cataluna-trabajo-formacion\\\/#primaryimage\"},\"thumbnailUrl\":\"https:\\\/\\\/palomo.net\\\/wp-content\\\/uploads\\\/INCREMENTO-DEL-PRESUPUESTO-DE-LA-GENERALITAT-DE-CATALU\u00d1A-EN-TRABAJO-Y-FORMACI\u00d3N.png\",\"keywords\":[\"EMPLEO\",\"FORMACION\",\"GENERALITAT DE CATALU\u00d1A\",\"GENERALITAT DE CATALUNYA\",\"PRESUPUESTOS\"],\"articleSection\":[\"Not\u00edcies\"],\"inLanguage\":\"ca\",\"potentialAction\":[{\"@type\":\"CommentAction\",\"name\":\"Comment\",\"target\":[\"https:\\\/\\\/palomo.net\\\/ca\\\/incremento-del-presupuesto-la-generalitat-cataluna-trabajo-formacion\\\/#respond\"]}]},{\"@type\":\"WebPage\",\"@id\":\"https:\\\/\\\/palomo.net\\\/ca\\\/incremento-del-presupuesto-la-generalitat-cataluna-trabajo-formacion\\\/\",\"url\":\"https:\\\/\\\/palomo.net\\\/ca\\\/incremento-del-presupuesto-la-generalitat-cataluna-trabajo-formacion\\\/\",\"name\":\"INCREMENTO DEL PRESUPUESTO DE LA GENERALITAT EN TRABAJO.\",\"isPartOf\":{\"@id\":\"https:\\\/\\\/palomo.net\\\/#website\"},\"primaryImageOfPage\":{\"@id\":\"https:\\\/\\\/palomo.net\\\/ca\\\/incremento-del-presupuesto-la-generalitat-cataluna-trabajo-formacion\\\/#primaryimage\"},\"image\":{\"@id\":\"https:\\\/\\\/palomo.net\\\/ca\\\/incremento-del-presupuesto-la-generalitat-cataluna-trabajo-formacion\\\/#primaryimage\"},\"thumbnailUrl\":\"https:\\\/\\\/palomo.net\\\/wp-content\\\/uploads\\\/INCREMENTO-DEL-PRESUPUESTO-DE-LA-GENERALITAT-DE-CATALU\u00d1A-EN-TRABAJO-Y-FORMACI\u00d3N.png\",\"datePublished\":\"2016-09-12T10:08:26+00:00\",\"dateModified\":\"2016-09-12T11:15:51+00:00\",\"author\":{\"@id\":\"https:\\\/\\\/palomo.net\\\/#\\\/schema\\\/person\\\/711f80f8e4fbf3466bd3c1c42e621ece\"},\"description\":\"La Generalitat de Catalu\u00f1a ha incrementado un 25% el presupuesto del programa Trabajo y Formaci\u00f3n del SOC, hasta 40 millones de euros.\",\"breadcrumb\":{\"@id\":\"https:\\\/\\\/palomo.net\\\/ca\\\/incremento-del-presupuesto-la-generalitat-cataluna-trabajo-formacion\\\/#breadcrumb\"},\"inLanguage\":\"ca\",\"potentialAction\":[{\"@type\":\"ReadAction\",\"target\":[\"https:\\\/\\\/palomo.net\\\/ca\\\/incremento-del-presupuesto-la-generalitat-cataluna-trabajo-formacion\\\/\"]}]},{\"@type\":\"ImageObject\",\"inLanguage\":\"ca\",\"@id\":\"https:\\\/\\\/palomo.net\\\/ca\\\/incremento-del-presupuesto-la-generalitat-cataluna-trabajo-formacion\\\/#primaryimage\",\"url\":\"https:\\\/\\\/palomo.net\\\/wp-content\\\/uploads\\\/INCREMENTO-DEL-PRESUPUESTO-DE-LA-GENERALITAT-DE-CATALU\u00d1A-EN-TRABAJO-Y-FORMACI\u00d3N.png\",\"contentUrl\":\"https:\\\/\\\/palomo.net\\\/wp-content\\\/uploads\\\/INCREMENTO-DEL-PRESUPUESTO-DE-LA-GENERALITAT-DE-CATALU\u00d1A-EN-TRABAJO-Y-FORMACI\u00d3N.png\",\"width\":393,\"height\":86},{\"@type\":\"BreadcrumbList\",\"@id\":\"https:\\\/\\\/palomo.net\\\/ca\\\/incremento-del-presupuesto-la-generalitat-cataluna-trabajo-formacion\\\/#breadcrumb\",\"itemListElement\":[{\"@type\":\"ListItem\",\"position\":1,\"name\":\"Portada\",\"item\":\"https:\\\/\\\/palomo.net\\\/ca\\\/\"},{\"@type\":\"ListItem\",\"position\":2,\"name\":\"INCREMENTO DEL PRESUPUESTO DE LA GENERALITAT DE CATALU\u00d1A EN TRABAJO Y FORMACI\u00d3N\"}]},{\"@type\":\"WebSite\",\"@id\":\"https:\\\/\\\/palomo.net\\\/#website\",\"url\":\"https:\\\/\\\/palomo.net\\\/\",\"name\":\"Palomo Consultors\",\"description\":\"Assessors Laborales d&#039; Empresas\",\"potentialAction\":[{\"@type\":\"SearchAction\",\"target\":{\"@type\":\"EntryPoint\",\"urlTemplate\":\"https:\\\/\\\/palomo.net\\\/?s={search_term_string}\"},\"query-input\":{\"@type\":\"PropertyValueSpecification\",\"valueRequired\":true,\"valueName\":\"search_term_string\"}}],\"inLanguage\":\"ca\"},{\"@type\":\"Person\",\"@id\":\"https:\\\/\\\/palomo.net\\\/#\\\/schema\\\/person\\\/711f80f8e4fbf3466bd3c1c42e621ece\",\"name\":\"Palomo Consultors\",\"url\":\"https:\\\/\\\/palomo.net\\\/ca\\\/author\\\/pl0mo\\\/\"}]}<\/script>\n<!-- \/ Yoast SEO plugin. -->","yoast_head_json":{"title":"INCREMENTO DEL PRESUPUESTO DE LA GENERALITAT EN TRABAJO.","description":"La Generalitat de Catalu\u00f1a ha incrementado un 25% el presupuesto del programa Trabajo y Formaci\u00f3n del SOC, hasta 40 millones de euros.","robots":{"index":"index","follow":"follow","max-snippet":"max-snippet:-1","max-image-preview":"max-image-preview:large","max-video-preview":"max-video-preview:-1"},"canonical":"https:\/\/palomo.net\/ca\/incremento-del-presupuesto-la-generalitat-cataluna-trabajo-formacion\/","og_locale":"ca_ES","og_type":"article","og_title":"INCREMENTO DEL PRESUPUESTO DE LA GENERALITAT EN TRABAJO.","og_description":"La Generalitat de Catalu\u00f1a ha incrementado un 25% el presupuesto del programa Trabajo y Formaci\u00f3n del SOC, hasta 40 millones de euros.","og_url":"https:\/\/palomo.net\/ca\/incremento-del-presupuesto-la-generalitat-cataluna-trabajo-formacion\/","og_site_name":"Palomo Consultors","article_published_time":"2016-09-12T10:08:26+00:00","article_modified_time":"2016-09-12T11:15:51+00:00","og_image":[{"width":393,"height":86,"url":"https:\/\/palomo.net\/wp-content\/uploads\/INCREMENTO-DEL-PRESUPUESTO-DE-LA-GENERALITAT-DE-CATALU\u00d1A-EN-TRABAJO-Y-FORMACI\u00d3N.png","type":"image\/png"}],"author":"Palomo Consultors","twitter_card":"summary_large_image","twitter_misc":{"Escrit per":"Palomo Consultors","Temps estimat de lectura":"1 minut"},"schema":{"@context":"https:\/\/schema.org","@graph":[{"@type":"Article","@id":"https:\/\/palomo.net\/ca\/incremento-del-presupuesto-la-generalitat-cataluna-trabajo-formacion\/#article","isPartOf":{"@id":"https:\/\/palomo.net\/ca\/incremento-del-presupuesto-la-generalitat-cataluna-trabajo-formacion\/"},"author":{"name":"Palomo Consultors","@id":"https:\/\/palomo.net\/#\/schema\/person\/711f80f8e4fbf3466bd3c1c42e621ece"},"headline":"INCREMENTO DEL PRESUPUESTO DE LA GENERALITAT DE CATALU\u00d1A EN TRABAJO Y FORMACI\u00d3N","datePublished":"2016-09-12T10:08:26+00:00","dateModified":"2016-09-12T11:15:51+00:00","mainEntityOfPage":{"@id":"https:\/\/palomo.net\/ca\/incremento-del-presupuesto-la-generalitat-cataluna-trabajo-formacion\/"},"wordCount":181,"commentCount":0,"image":{"@id":"https:\/\/palomo.net\/ca\/incremento-del-presupuesto-la-generalitat-cataluna-trabajo-formacion\/#primaryimage"},"thumbnailUrl":"https:\/\/palomo.net\/wp-content\/uploads\/INCREMENTO-DEL-PRESUPUESTO-DE-LA-GENERALITAT-DE-CATALU\u00d1A-EN-TRABAJO-Y-FORMACI\u00d3N.png","keywords":["EMPLEO","FORMACION","GENERALITAT DE CATALU\u00d1A","GENERALITAT DE CATALUNYA","PRESUPUESTOS"],"articleSection":["Not\u00edcies"],"inLanguage":"ca","potentialAction":[{"@type":"CommentAction","name":"Comment","target":["https:\/\/palomo.net\/ca\/incremento-del-presupuesto-la-generalitat-cataluna-trabajo-formacion\/#respond"]}]},{"@type":"WebPage","@id":"https:\/\/palomo.net\/ca\/incremento-del-presupuesto-la-generalitat-cataluna-trabajo-formacion\/","url":"https:\/\/palomo.net\/ca\/incremento-del-presupuesto-la-generalitat-cataluna-trabajo-formacion\/","name":"INCREMENTO DEL PRESUPUESTO DE LA GENERALITAT EN TRABAJO.","isPartOf":{"@id":"https:\/\/palomo.net\/#website"},"primaryImageOfPage":{"@id":"https:\/\/palomo.net\/ca\/incremento-del-presupuesto-la-generalitat-cataluna-trabajo-formacion\/#primaryimage"},"image":{"@id":"https:\/\/palomo.net\/ca\/incremento-del-presupuesto-la-generalitat-cataluna-trabajo-formacion\/#primaryimage"},"thumbnailUrl":"https:\/\/palomo.net\/wp-content\/uploads\/INCREMENTO-DEL-PRESUPUESTO-DE-LA-GENERALITAT-DE-CATALU\u00d1A-EN-TRABAJO-Y-FORMACI\u00d3N.png","datePublished":"2016-09-12T10:08:26+00:00","dateModified":"2016-09-12T11:15:51+00:00","author":{"@id":"https:\/\/palomo.net\/#\/schema\/person\/711f80f8e4fbf3466bd3c1c42e621ece"},"description":"La Generalitat de Catalu\u00f1a ha incrementado un 25% el presupuesto del programa Trabajo y Formaci\u00f3n del SOC, hasta 40 millones de euros.","breadcrumb":{"@id":"https:\/\/palomo.net\/ca\/incremento-del-presupuesto-la-generalitat-cataluna-trabajo-formacion\/#breadcrumb"},"inLanguage":"ca","potentialAction":[{"@type":"ReadAction","target":["https:\/\/palomo.net\/ca\/incremento-del-presupuesto-la-generalitat-cataluna-trabajo-formacion\/"]}]},{"@type":"ImageObject","inLanguage":"ca","@id":"https:\/\/palomo.net\/ca\/incremento-del-presupuesto-la-generalitat-cataluna-trabajo-formacion\/#primaryimage","url":"https:\/\/palomo.net\/wp-content\/uploads\/INCREMENTO-DEL-PRESUPUESTO-DE-LA-GENERALITAT-DE-CATALU\u00d1A-EN-TRABAJO-Y-FORMACI\u00d3N.png","contentUrl":"https:\/\/palomo.net\/wp-content\/uploads\/INCREMENTO-DEL-PRESUPUESTO-DE-LA-GENERALITAT-DE-CATALU\u00d1A-EN-TRABAJO-Y-FORMACI\u00d3N.png","width":393,"height":86},{"@type":"BreadcrumbList","@id":"https:\/\/palomo.net\/ca\/incremento-del-presupuesto-la-generalitat-cataluna-trabajo-formacion\/#breadcrumb","itemListElement":[{"@type":"ListItem","position":1,"name":"Portada","item":"https:\/\/palomo.net\/ca\/"},{"@type":"ListItem","position":2,"name":"INCREMENTO DEL PRESUPUESTO DE LA GENERALITAT DE CATALU\u00d1A EN TRABAJO Y FORMACI\u00d3N"}]},{"@type":"WebSite","@id":"https:\/\/palomo.net\/#website","url":"https:\/\/palomo.net\/","name":"Palomo Consultors","description":"Assessors Laborales d&#039; Empresas","potentialAction":[{"@type":"SearchAction","target":{"@type":"EntryPoint","urlTemplate":"https:\/\/palomo.net\/?s={search_term_string}"},"query-input":{"@type":"PropertyValueSpecification","valueRequired":true,"valueName":"search_term_string"}}],"inLanguage":"ca"},{"@type":"Person","@id":"https:\/\/palomo.net\/#\/schema\/person\/711f80f8e4fbf3466bd3c1c42e621ece","name":"Palomo Consultors","url":"https:\/\/palomo.net\/ca\/author\/pl0mo\/"}]}},"_links":{"self":[{"href":"https:\/\/palomo.net\/ca\/wp-json\/wp\/v2\/posts\/6930\/"}],"collection":[{"href":"https:\/\/palomo.net\/ca\/wp-json\/wp\/v2\/posts\/"}],"about":[{"href":"https:\/\/palomo.net\/ca\/wp-json\/wp\/v2\/types\/post\/"}],"author":[{"embeddable":true,"href":"https:\/\/palomo.net\/ca\/wp-json\/wp\/v2\/users\/4\/"}],"replies":[{"embeddable":true,"href":"https:\/\/palomo.net\/ca\/wp-json\/wp\/v2\/comments\/?post=6930"}],"version-history":[{"count":1,"href":"https:\/\/palomo.net\/ca\/wp-json\/wp\/v2\/posts\/6930\/revisions\/"}],"predecessor-version":[{"id":6934,"href":"https:\/\/palomo.net\/ca\/wp-json\/wp\/v2\/posts\/6930\/revisions\/6934\/"}],"wp:featuredmedia":[{"embeddable":true,"href":"https:\/\/palomo.net\/ca\/wp-json\/wp\/v2\/media\/6932\/"}],"wp:attachment":[{"href":"https:\/\/palomo.net\/ca\/wp-json\/wp\/v2\/media\/?parent=6930"}],"wp:term":[{"taxonomy":"category","embeddable":true,"href":"https:\/\/palomo.net\/ca\/wp-json\/wp\/v2\/categories\/?post=6930"},{"taxonomy":"post_tag","embeddable":true,"href":"https:\/\/palomo.net\/ca\/wp-json\/wp\/v2\/tags\/?post=6930"}],"curies":[{"name":"wp","href":"https:\/\/api.w.org\/{rel}","templated":true}]}}