{"id":6980,"date":"2016-09-20T13:19:56","date_gmt":"2016-09-20T11:19:56","guid":{"rendered":"http:\/\/palomo.net\/ca\/igualdad-de-indemnizacion-en-contrato-temporal-o-fijo\/"},"modified":"2016-09-20T13:19:56","modified_gmt":"2016-09-20T11:19:56","slug":"igualdad-de-indemnizacion-en-contrato-temporal-o-fijo","status":"publish","type":"post","link":"https:\/\/palomo.net\/ca\/igualdad-de-indemnizacion-en-contrato-temporal-o-fijo\/","title":{"rendered":"IGUALDAD DE INDEMNIZACI\u00d3N EN CONTRATO TEMPORAL O FIJO"},"content":{"rendered":"<p><strong>El TJUE reconoce que los trabajadores temporales tienen derecho a percibir una indemnizaci\u00f3n<\/strong> <strong>de 20 d\u00edas por a\u00f1o, sin necesidad de que su contrato sea fraudulento<\/strong>, seg\u00fan informa CCOO. La sentencia del Tribunal de Justicia de la Uni\u00f3n Europea de fecha 14 de septiembre de 2016 ha resuelto la cuesti\u00f3n prejudicial formulada por el Tribunal Superior de Justicia de Madrid, sobre la conformidad de la legislaci\u00f3n espa\u00f1ola en el tratamiento de la indemnizaci\u00f3n por la extinci\u00f3n del contrato de los trabajadores temporales con el Acuerdo Marco sobre el trabajo de duraci\u00f3n determinada. En esencia, el TJUE considera que es discriminatoria la legislaci\u00f3n espa\u00f1ola con los trabajadores y trabajadoras temporales, pues no reconoce una indemnizaci\u00f3n equivalente a la de los trabajadores fijos por la extinci\u00f3n de su relaci\u00f3n laboral.<\/p>\n","protected":false},"excerpt":{"rendered":"<p>El TJUE reconoce que los trabajadores temporales tienen derecho a percibir una indemnizaci\u00f3n de 20 d\u00edas por a\u00f1o, sin necesidad de que su contrato sea fraudulento, seg\u00fan informa CCOO. La sentencia del Tribunal de Justicia de la Uni\u00f3n Europea de fecha 14 de septiembre de 2016 ha resuelto la cuesti\u00f3n prejudicial formulada por el Tribunal [&hellip;]<\/p>\n","protected":false},"author":4,"featured_media":5729,"comment_status":"open","ping_status":"open","sticky":false,"template":"","format":"standard","meta":{"_monsterinsights_skip_tracking":false,"_monsterinsights_sitenote_active":false,"_monsterinsights_sitenote_note":"","_monsterinsights_sitenote_category":0,"footnotes":""},"categories":[34],"tags":[155,156,157],"class_list":["post-6980","post","type-post","status-publish","format-standard","has-post-thumbnail","hentry","category-noticies","tag-contrato-fijo-ca","tag-contrato-temporal-ca","tag-indemnizacion-ca"],"yoast_head":"<!-- This site is optimized with the Yoast SEO plugin v27.5 - https:\/\/yoast.com\/product\/yoast-seo-wordpress\/ -->\n<title>IGUALDAD DE INDEMNIZACI\u00d3N EN CONTRATO TEMPORAL O FIJO<\/title>\n<meta name=\"description\" content=\"El TJUE reconoce que los trabajadores temporales tienen derecho a percibir una indemnizaci\u00f3n de 20 d\u00edas por a\u00f1o sin que el contrato sea fraudulento.\" \/>\n<meta name=\"robots\" content=\"index, follow, max-snippet:-1, max-image-preview:large, max-video-preview:-1\" \/>\n<link rel=\"canonical\" href=\"https:\/\/palomo.net\/ca\/igualdad-de-indemnizacion-en-contrato-temporal-o-fijo\/\" \/>\n<meta property=\"og:locale\" content=\"ca_ES\" \/>\n<meta property=\"og:type\" content=\"article\" \/>\n<meta property=\"og:title\" content=\"IGUALDAD DE INDEMNIZACI\u00d3N EN CONTRATO TEMPORAL O FIJO\" \/>\n<meta property=\"og:description\" content=\"El TJUE reconoce que los trabajadores temporales tienen derecho a percibir una indemnizaci\u00f3n de 20 d\u00edas por a\u00f1o sin que el contrato sea fraudulento.\" \/>\n<meta property=\"og:url\" content=\"https:\/\/palomo.net\/ca\/igualdad-de-indemnizacion-en-contrato-temporal-o-fijo\/\" \/>\n<meta property=\"og:site_name\" content=\"Palomo Consultors\" \/>\n<meta property=\"article:published_time\" content=\"2016-09-20T11:19:56+00:00\" \/>\n<meta property=\"og:image\" content=\"https:\/\/palomo.net\/wp-content\/uploads\/\u00faltima-reforma-ley-enjuiciamiento-criminal.jpg\" \/>\n\t<meta property=\"og:image:width\" content=\"299\" \/>\n\t<meta property=\"og:image:height\" content=\"169\" \/>\n\t<meta property=\"og:image:type\" content=\"image\/jpeg\" \/>\n<meta name=\"author\" content=\"Palomo Consultors\" \/>\n<meta name=\"twitter:card\" content=\"summary_large_image\" \/>\n<meta name=\"twitter:label1\" content=\"Escrit per\" \/>\n\t<meta name=\"twitter:data1\" content=\"Palomo Consultors\" \/>\n\t<meta name=\"twitter:label2\" content=\"Temps estimat de lectura\" \/>\n\t<meta name=\"twitter:data2\" content=\"1 minut\" \/>\n<script type=\"application\/ld+json\" class=\"yoast-schema-graph\">{\"@context\":\"https:\\\/\\\/schema.org\",\"@graph\":[{\"@type\":\"Article\",\"@id\":\"https:\\\/\\\/palomo.net\\\/ca\\\/igualdad-de-indemnizacion-en-contrato-temporal-o-fijo\\\/#article\",\"isPartOf\":{\"@id\":\"https:\\\/\\\/palomo.net\\\/ca\\\/igualdad-de-indemnizacion-en-contrato-temporal-o-fijo\\\/\"},\"author\":{\"name\":\"Palomo Consultors\",\"@id\":\"https:\\\/\\\/palomo.net\\\/#\\\/schema\\\/person\\\/711f80f8e4fbf3466bd3c1c42e621ece\"},\"headline\":\"IGUALDAD DE INDEMNIZACI\u00d3N EN CONTRATO TEMPORAL O FIJO\",\"datePublished\":\"2016-09-20T11:19:56+00:00\",\"mainEntityOfPage\":{\"@id\":\"https:\\\/\\\/palomo.net\\\/ca\\\/igualdad-de-indemnizacion-en-contrato-temporal-o-fijo\\\/\"},\"wordCount\":150,\"commentCount\":0,\"image\":{\"@id\":\"https:\\\/\\\/palomo.net\\\/ca\\\/igualdad-de-indemnizacion-en-contrato-temporal-o-fijo\\\/#primaryimage\"},\"thumbnailUrl\":\"https:\\\/\\\/palomo.net\\\/wp-content\\\/uploads\\\/\u00faltima-reforma-ley-enjuiciamiento-criminal.jpg\",\"keywords\":[\"contrato fijo\",\"contrato temporal\",\"indemnizaci\u00f3n\"],\"articleSection\":[\"Not\u00edcies\"],\"inLanguage\":\"ca\",\"potentialAction\":[{\"@type\":\"CommentAction\",\"name\":\"Comment\",\"target\":[\"https:\\\/\\\/palomo.net\\\/ca\\\/igualdad-de-indemnizacion-en-contrato-temporal-o-fijo\\\/#respond\"]}]},{\"@type\":\"WebPage\",\"@id\":\"https:\\\/\\\/palomo.net\\\/ca\\\/igualdad-de-indemnizacion-en-contrato-temporal-o-fijo\\\/\",\"url\":\"https:\\\/\\\/palomo.net\\\/ca\\\/igualdad-de-indemnizacion-en-contrato-temporal-o-fijo\\\/\",\"name\":\"IGUALDAD DE INDEMNIZACI\u00d3N EN CONTRATO TEMPORAL O FIJO\",\"isPartOf\":{\"@id\":\"https:\\\/\\\/palomo.net\\\/#website\"},\"primaryImageOfPage\":{\"@id\":\"https:\\\/\\\/palomo.net\\\/ca\\\/igualdad-de-indemnizacion-en-contrato-temporal-o-fijo\\\/#primaryimage\"},\"image\":{\"@id\":\"https:\\\/\\\/palomo.net\\\/ca\\\/igualdad-de-indemnizacion-en-contrato-temporal-o-fijo\\\/#primaryimage\"},\"thumbnailUrl\":\"https:\\\/\\\/palomo.net\\\/wp-content\\\/uploads\\\/\u00faltima-reforma-ley-enjuiciamiento-criminal.jpg\",\"datePublished\":\"2016-09-20T11:19:56+00:00\",\"author\":{\"@id\":\"https:\\\/\\\/palomo.net\\\/#\\\/schema\\\/person\\\/711f80f8e4fbf3466bd3c1c42e621ece\"},\"description\":\"El TJUE reconoce que los trabajadores temporales tienen derecho a percibir una indemnizaci\u00f3n de 20 d\u00edas por a\u00f1o sin que el contrato sea fraudulento.\",\"breadcrumb\":{\"@id\":\"https:\\\/\\\/palomo.net\\\/ca\\\/igualdad-de-indemnizacion-en-contrato-temporal-o-fijo\\\/#breadcrumb\"},\"inLanguage\":\"ca\",\"potentialAction\":[{\"@type\":\"ReadAction\",\"target\":[\"https:\\\/\\\/palomo.net\\\/ca\\\/igualdad-de-indemnizacion-en-contrato-temporal-o-fijo\\\/\"]}]},{\"@type\":\"ImageObject\",\"inLanguage\":\"ca\",\"@id\":\"https:\\\/\\\/palomo.net\\\/ca\\\/igualdad-de-indemnizacion-en-contrato-temporal-o-fijo\\\/#primaryimage\",\"url\":\"https:\\\/\\\/palomo.net\\\/wp-content\\\/uploads\\\/\u00faltima-reforma-ley-enjuiciamiento-criminal.jpg\",\"contentUrl\":\"https:\\\/\\\/palomo.net\\\/wp-content\\\/uploads\\\/\u00faltima-reforma-ley-enjuiciamiento-criminal.jpg\",\"width\":299,\"height\":169},{\"@type\":\"BreadcrumbList\",\"@id\":\"https:\\\/\\\/palomo.net\\\/ca\\\/igualdad-de-indemnizacion-en-contrato-temporal-o-fijo\\\/#breadcrumb\",\"itemListElement\":[{\"@type\":\"ListItem\",\"position\":1,\"name\":\"Portada\",\"item\":\"https:\\\/\\\/palomo.net\\\/ca\\\/\"},{\"@type\":\"ListItem\",\"position\":2,\"name\":\"IGUALDAD DE INDEMNIZACI\u00d3N EN CONTRATO TEMPORAL O FIJO\"}]},{\"@type\":\"WebSite\",\"@id\":\"https:\\\/\\\/palomo.net\\\/#website\",\"url\":\"https:\\\/\\\/palomo.net\\\/\",\"name\":\"Palomo Consultors\",\"description\":\"Assessors Laborales d&#039; Empresas\",\"potentialAction\":[{\"@type\":\"SearchAction\",\"target\":{\"@type\":\"EntryPoint\",\"urlTemplate\":\"https:\\\/\\\/palomo.net\\\/?s={search_term_string}\"},\"query-input\":{\"@type\":\"PropertyValueSpecification\",\"valueRequired\":true,\"valueName\":\"search_term_string\"}}],\"inLanguage\":\"ca\"},{\"@type\":\"Person\",\"@id\":\"https:\\\/\\\/palomo.net\\\/#\\\/schema\\\/person\\\/711f80f8e4fbf3466bd3c1c42e621ece\",\"name\":\"Palomo Consultors\",\"url\":\"https:\\\/\\\/palomo.net\\\/ca\\\/author\\\/pl0mo\\\/\"}]}<\/script>\n<!-- \/ Yoast SEO plugin. -->","yoast_head_json":{"title":"IGUALDAD DE INDEMNIZACI\u00d3N EN CONTRATO TEMPORAL O FIJO","description":"El TJUE reconoce que los trabajadores temporales tienen derecho a percibir una indemnizaci\u00f3n de 20 d\u00edas por a\u00f1o sin que el contrato sea fraudulento.","robots":{"index":"index","follow":"follow","max-snippet":"max-snippet:-1","max-image-preview":"max-image-preview:large","max-video-preview":"max-video-preview:-1"},"canonical":"https:\/\/palomo.net\/ca\/igualdad-de-indemnizacion-en-contrato-temporal-o-fijo\/","og_locale":"ca_ES","og_type":"article","og_title":"IGUALDAD DE INDEMNIZACI\u00d3N EN CONTRATO TEMPORAL O FIJO","og_description":"El TJUE reconoce que los trabajadores temporales tienen derecho a percibir una indemnizaci\u00f3n de 20 d\u00edas por a\u00f1o sin que el contrato sea fraudulento.","og_url":"https:\/\/palomo.net\/ca\/igualdad-de-indemnizacion-en-contrato-temporal-o-fijo\/","og_site_name":"Palomo Consultors","article_published_time":"2016-09-20T11:19:56+00:00","og_image":[{"width":299,"height":169,"url":"https:\/\/palomo.net\/wp-content\/uploads\/\u00faltima-reforma-ley-enjuiciamiento-criminal.jpg","type":"image\/jpeg"}],"author":"Palomo Consultors","twitter_card":"summary_large_image","twitter_misc":{"Escrit per":"Palomo Consultors","Temps estimat de lectura":"1 minut"},"schema":{"@context":"https:\/\/schema.org","@graph":[{"@type":"Article","@id":"https:\/\/palomo.net\/ca\/igualdad-de-indemnizacion-en-contrato-temporal-o-fijo\/#article","isPartOf":{"@id":"https:\/\/palomo.net\/ca\/igualdad-de-indemnizacion-en-contrato-temporal-o-fijo\/"},"author":{"name":"Palomo Consultors","@id":"https:\/\/palomo.net\/#\/schema\/person\/711f80f8e4fbf3466bd3c1c42e621ece"},"headline":"IGUALDAD DE INDEMNIZACI\u00d3N EN CONTRATO TEMPORAL O FIJO","datePublished":"2016-09-20T11:19:56+00:00","mainEntityOfPage":{"@id":"https:\/\/palomo.net\/ca\/igualdad-de-indemnizacion-en-contrato-temporal-o-fijo\/"},"wordCount":150,"commentCount":0,"image":{"@id":"https:\/\/palomo.net\/ca\/igualdad-de-indemnizacion-en-contrato-temporal-o-fijo\/#primaryimage"},"thumbnailUrl":"https:\/\/palomo.net\/wp-content\/uploads\/\u00faltima-reforma-ley-enjuiciamiento-criminal.jpg","keywords":["contrato fijo","contrato temporal","indemnizaci\u00f3n"],"articleSection":["Not\u00edcies"],"inLanguage":"ca","potentialAction":[{"@type":"CommentAction","name":"Comment","target":["https:\/\/palomo.net\/ca\/igualdad-de-indemnizacion-en-contrato-temporal-o-fijo\/#respond"]}]},{"@type":"WebPage","@id":"https:\/\/palomo.net\/ca\/igualdad-de-indemnizacion-en-contrato-temporal-o-fijo\/","url":"https:\/\/palomo.net\/ca\/igualdad-de-indemnizacion-en-contrato-temporal-o-fijo\/","name":"IGUALDAD DE INDEMNIZACI\u00d3N EN CONTRATO TEMPORAL O FIJO","isPartOf":{"@id":"https:\/\/palomo.net\/#website"},"primaryImageOfPage":{"@id":"https:\/\/palomo.net\/ca\/igualdad-de-indemnizacion-en-contrato-temporal-o-fijo\/#primaryimage"},"image":{"@id":"https:\/\/palomo.net\/ca\/igualdad-de-indemnizacion-en-contrato-temporal-o-fijo\/#primaryimage"},"thumbnailUrl":"https:\/\/palomo.net\/wp-content\/uploads\/\u00faltima-reforma-ley-enjuiciamiento-criminal.jpg","datePublished":"2016-09-20T11:19:56+00:00","author":{"@id":"https:\/\/palomo.net\/#\/schema\/person\/711f80f8e4fbf3466bd3c1c42e621ece"},"description":"El TJUE reconoce que los trabajadores temporales tienen derecho a percibir una indemnizaci\u00f3n de 20 d\u00edas por a\u00f1o sin que el contrato sea fraudulento.","breadcrumb":{"@id":"https:\/\/palomo.net\/ca\/igualdad-de-indemnizacion-en-contrato-temporal-o-fijo\/#breadcrumb"},"inLanguage":"ca","potentialAction":[{"@type":"ReadAction","target":["https:\/\/palomo.net\/ca\/igualdad-de-indemnizacion-en-contrato-temporal-o-fijo\/"]}]},{"@type":"ImageObject","inLanguage":"ca","@id":"https:\/\/palomo.net\/ca\/igualdad-de-indemnizacion-en-contrato-temporal-o-fijo\/#primaryimage","url":"https:\/\/palomo.net\/wp-content\/uploads\/\u00faltima-reforma-ley-enjuiciamiento-criminal.jpg","contentUrl":"https:\/\/palomo.net\/wp-content\/uploads\/\u00faltima-reforma-ley-enjuiciamiento-criminal.jpg","width":299,"height":169},{"@type":"BreadcrumbList","@id":"https:\/\/palomo.net\/ca\/igualdad-de-indemnizacion-en-contrato-temporal-o-fijo\/#breadcrumb","itemListElement":[{"@type":"ListItem","position":1,"name":"Portada","item":"https:\/\/palomo.net\/ca\/"},{"@type":"ListItem","position":2,"name":"IGUALDAD DE INDEMNIZACI\u00d3N EN CONTRATO TEMPORAL O FIJO"}]},{"@type":"WebSite","@id":"https:\/\/palomo.net\/#website","url":"https:\/\/palomo.net\/","name":"Palomo Consultors","description":"Assessors Laborales d&#039; Empresas","potentialAction":[{"@type":"SearchAction","target":{"@type":"EntryPoint","urlTemplate":"https:\/\/palomo.net\/?s={search_term_string}"},"query-input":{"@type":"PropertyValueSpecification","valueRequired":true,"valueName":"search_term_string"}}],"inLanguage":"ca"},{"@type":"Person","@id":"https:\/\/palomo.net\/#\/schema\/person\/711f80f8e4fbf3466bd3c1c42e621ece","name":"Palomo Consultors","url":"https:\/\/palomo.net\/ca\/author\/pl0mo\/"}]}},"_links":{"self":[{"href":"https:\/\/palomo.net\/ca\/wp-json\/wp\/v2\/posts\/6980\/"}],"collection":[{"href":"https:\/\/palomo.net\/ca\/wp-json\/wp\/v2\/posts\/"}],"about":[{"href":"https:\/\/palomo.net\/ca\/wp-json\/wp\/v2\/types\/post\/"}],"author":[{"embeddable":true,"href":"https:\/\/palomo.net\/ca\/wp-json\/wp\/v2\/users\/4\/"}],"replies":[{"embeddable":true,"href":"https:\/\/palomo.net\/ca\/wp-json\/wp\/v2\/comments\/?post=6980"}],"version-history":[{"count":0,"href":"https:\/\/palomo.net\/ca\/wp-json\/wp\/v2\/posts\/6980\/revisions\/"}],"wp:featuredmedia":[{"embeddable":true,"href":"https:\/\/palomo.net\/ca\/wp-json\/wp\/v2\/media\/5729\/"}],"wp:attachment":[{"href":"https:\/\/palomo.net\/ca\/wp-json\/wp\/v2\/media\/?parent=6980"}],"wp:term":[{"taxonomy":"category","embeddable":true,"href":"https:\/\/palomo.net\/ca\/wp-json\/wp\/v2\/categories\/?post=6980"},{"taxonomy":"post_tag","embeddable":true,"href":"https:\/\/palomo.net\/ca\/wp-json\/wp\/v2\/tags\/?post=6980"}],"curies":[{"name":"wp","href":"https:\/\/api.w.org\/{rel}","templated":true}]}}