{"id":7581,"date":"2017-05-13T12:36:25","date_gmt":"2017-05-13T10:36:25","guid":{"rendered":"http:\/\/palomo.net\/las-jubilaciones-anticipadas-aumentan-sin-pausa-desde-2013\/"},"modified":"2017-05-13T12:36:25","modified_gmt":"2017-05-13T10:36:25","slug":"las-jubilaciones-anticipadas-aumentan-sin-pausa-desde-2013","status":"publish","type":"post","link":"https:\/\/palomo.net\/ca\/las-jubilaciones-anticipadas-aumentan-sin-pausa-desde-2013\/","title":{"rendered":"LAS JUBILACIONES ANTICIPADAS AUMENTAN SIN PAUSA DESDE 2013"},"content":{"rendered":"<p>El a\u00f1o pasado 196.341 espa\u00f1oles se retiraron de forma anticipada, es decir, un 44,6% de un total de 306.890 nuevos jubilados, seg\u00fan la Seguridad Social. Se bati\u00f3 as\u00ed el r\u00e9cord de 2015, que a su vez rompi\u00f3 el de 2014. En esta evoluci\u00f3n se mezcla el efecto combinado del envejecimiento, el volumen de afectados en edades pr\u00f3ximas a la jubilaci\u00f3n por despidos colectivos (facilitados en la reforma laboral) de la recesi\u00f3n pasada o el efecto llamada de los cambios parciales de la jubilaci\u00f3n parcial de 2013. Esta evoluci\u00f3n explica que la edad real de jubilaci\u00f3n bajara en los \u00faltimos ejercicios de 64,33 a 64,08 a\u00f1os.<\/p>\n","protected":false},"excerpt":{"rendered":"<p>El a\u00f1o pasado 196.341 espa\u00f1oles se retiraron de forma anticipada, es decir, un 44,6% de un total de 306.890 nuevos jubilados, seg\u00fan la Seguridad Social. Se bati\u00f3 as\u00ed el r\u00e9cord de 2015, que a su vez rompi\u00f3 el de 2014. En esta evoluci\u00f3n se mezcla el efecto combinado del envejecimiento, el volumen de afectados en [&hellip;]<\/p>\n","protected":false},"author":4,"featured_media":7576,"comment_status":"open","ping_status":"open","sticky":false,"template":"","format":"standard","meta":{"_monsterinsights_skip_tracking":false,"_monsterinsights_sitenote_active":false,"_monsterinsights_sitenote_note":"","_monsterinsights_sitenote_category":0,"footnotes":""},"categories":[34],"tags":[],"class_list":["post-7581","post","type-post","status-publish","format-standard","has-post-thumbnail","hentry","category-noticies"],"yoast_head":"<!-- This site is optimized with the Yoast SEO plugin v27.5 - https:\/\/yoast.com\/product\/yoast-seo-wordpress\/ -->\n<title>LAS JUBILACIONES ANTICIPADAS AUMENTAN SIN PAUSA DESDE 2013 - Palomo Consultors<\/title>\n<meta name=\"robots\" content=\"index, follow, max-snippet:-1, max-image-preview:large, max-video-preview:-1\" \/>\n<link rel=\"canonical\" href=\"https:\/\/palomo.net\/ca\/las-jubilaciones-anticipadas-aumentan-sin-pausa-desde-2013\/\" \/>\n<meta property=\"og:locale\" content=\"ca_ES\" \/>\n<meta property=\"og:type\" content=\"article\" \/>\n<meta property=\"og:title\" content=\"LAS JUBILACIONES ANTICIPADAS AUMENTAN SIN PAUSA DESDE 2013 - Palomo Consultors\" \/>\n<meta property=\"og:description\" content=\"El a\u00f1o pasado 196.341 espa\u00f1oles se retiraron de forma anticipada, es decir, un 44,6% de un total de 306.890 nuevos jubilados, seg\u00fan la Seguridad Social. Se bati\u00f3 as\u00ed el r\u00e9cord de 2015, que a su vez rompi\u00f3 el de 2014. En esta evoluci\u00f3n se mezcla el efecto combinado del envejecimiento, el volumen de afectados en [&hellip;]\" \/>\n<meta property=\"og:url\" content=\"https:\/\/palomo.net\/ca\/las-jubilaciones-anticipadas-aumentan-sin-pausa-desde-2013\/\" \/>\n<meta property=\"og:site_name\" content=\"Palomo Consultors\" \/>\n<meta property=\"article:published_time\" content=\"2017-05-13T10:36:25+00:00\" \/>\n<meta property=\"og:image\" content=\"https:\/\/palomo.net\/wp-content\/uploads\/JUBILACION-ANTICIPADA.jpg\" \/>\n\t<meta property=\"og:image:width\" content=\"669\" \/>\n\t<meta property=\"og:image:height\" content=\"272\" \/>\n\t<meta property=\"og:image:type\" content=\"image\/jpeg\" \/>\n<meta name=\"author\" content=\"Palomo Consultors\" \/>\n<meta name=\"twitter:card\" content=\"summary_large_image\" \/>\n<meta name=\"twitter:label1\" content=\"Escrit per\" \/>\n\t<meta name=\"twitter:data1\" content=\"Palomo Consultors\" \/>\n\t<meta name=\"twitter:label2\" content=\"Temps estimat de lectura\" \/>\n\t<meta name=\"twitter:data2\" content=\"1 minut\" \/>\n<script type=\"application\/ld+json\" class=\"yoast-schema-graph\">{\"@context\":\"https:\\\/\\\/schema.org\",\"@graph\":[{\"@type\":\"Article\",\"@id\":\"https:\\\/\\\/palomo.net\\\/ca\\\/las-jubilaciones-anticipadas-aumentan-sin-pausa-desde-2013\\\/#article\",\"isPartOf\":{\"@id\":\"https:\\\/\\\/palomo.net\\\/ca\\\/las-jubilaciones-anticipadas-aumentan-sin-pausa-desde-2013\\\/\"},\"author\":{\"name\":\"Palomo Consultors\",\"@id\":\"https:\\\/\\\/palomo.net\\\/#\\\/schema\\\/person\\\/711f80f8e4fbf3466bd3c1c42e621ece\"},\"headline\":\"LAS JUBILACIONES ANTICIPADAS AUMENTAN SIN PAUSA DESDE 2013\",\"datePublished\":\"2017-05-13T10:36:25+00:00\",\"mainEntityOfPage\":{\"@id\":\"https:\\\/\\\/palomo.net\\\/ca\\\/las-jubilaciones-anticipadas-aumentan-sin-pausa-desde-2013\\\/\"},\"wordCount\":116,\"commentCount\":0,\"image\":{\"@id\":\"https:\\\/\\\/palomo.net\\\/ca\\\/las-jubilaciones-anticipadas-aumentan-sin-pausa-desde-2013\\\/#primaryimage\"},\"thumbnailUrl\":\"https:\\\/\\\/palomo.net\\\/wp-content\\\/uploads\\\/JUBILACION-ANTICIPADA.jpg\",\"articleSection\":[\"Not\u00edcies\"],\"inLanguage\":\"ca\",\"potentialAction\":[{\"@type\":\"CommentAction\",\"name\":\"Comment\",\"target\":[\"https:\\\/\\\/palomo.net\\\/ca\\\/las-jubilaciones-anticipadas-aumentan-sin-pausa-desde-2013\\\/#respond\"]}]},{\"@type\":\"WebPage\",\"@id\":\"https:\\\/\\\/palomo.net\\\/ca\\\/las-jubilaciones-anticipadas-aumentan-sin-pausa-desde-2013\\\/\",\"url\":\"https:\\\/\\\/palomo.net\\\/ca\\\/las-jubilaciones-anticipadas-aumentan-sin-pausa-desde-2013\\\/\",\"name\":\"LAS JUBILACIONES ANTICIPADAS AUMENTAN SIN PAUSA DESDE 2013 - Palomo Consultors\",\"isPartOf\":{\"@id\":\"https:\\\/\\\/palomo.net\\\/#website\"},\"primaryImageOfPage\":{\"@id\":\"https:\\\/\\\/palomo.net\\\/ca\\\/las-jubilaciones-anticipadas-aumentan-sin-pausa-desde-2013\\\/#primaryimage\"},\"image\":{\"@id\":\"https:\\\/\\\/palomo.net\\\/ca\\\/las-jubilaciones-anticipadas-aumentan-sin-pausa-desde-2013\\\/#primaryimage\"},\"thumbnailUrl\":\"https:\\\/\\\/palomo.net\\\/wp-content\\\/uploads\\\/JUBILACION-ANTICIPADA.jpg\",\"datePublished\":\"2017-05-13T10:36:25+00:00\",\"author\":{\"@id\":\"https:\\\/\\\/palomo.net\\\/#\\\/schema\\\/person\\\/711f80f8e4fbf3466bd3c1c42e621ece\"},\"breadcrumb\":{\"@id\":\"https:\\\/\\\/palomo.net\\\/ca\\\/las-jubilaciones-anticipadas-aumentan-sin-pausa-desde-2013\\\/#breadcrumb\"},\"inLanguage\":\"ca\",\"potentialAction\":[{\"@type\":\"ReadAction\",\"target\":[\"https:\\\/\\\/palomo.net\\\/ca\\\/las-jubilaciones-anticipadas-aumentan-sin-pausa-desde-2013\\\/\"]}]},{\"@type\":\"ImageObject\",\"inLanguage\":\"ca\",\"@id\":\"https:\\\/\\\/palomo.net\\\/ca\\\/las-jubilaciones-anticipadas-aumentan-sin-pausa-desde-2013\\\/#primaryimage\",\"url\":\"https:\\\/\\\/palomo.net\\\/wp-content\\\/uploads\\\/JUBILACION-ANTICIPADA.jpg\",\"contentUrl\":\"https:\\\/\\\/palomo.net\\\/wp-content\\\/uploads\\\/JUBILACION-ANTICIPADA.jpg\",\"width\":669,\"height\":272},{\"@type\":\"BreadcrumbList\",\"@id\":\"https:\\\/\\\/palomo.net\\\/ca\\\/las-jubilaciones-anticipadas-aumentan-sin-pausa-desde-2013\\\/#breadcrumb\",\"itemListElement\":[{\"@type\":\"ListItem\",\"position\":1,\"name\":\"Portada\",\"item\":\"https:\\\/\\\/palomo.net\\\/ca\\\/\"},{\"@type\":\"ListItem\",\"position\":2,\"name\":\"LAS JUBILACIONES ANTICIPADAS AUMENTAN SIN PAUSA DESDE 2013\"}]},{\"@type\":\"WebSite\",\"@id\":\"https:\\\/\\\/palomo.net\\\/#website\",\"url\":\"https:\\\/\\\/palomo.net\\\/\",\"name\":\"Palomo Consultors\",\"description\":\"Assessors Laborales d&#039; Empresas\",\"potentialAction\":[{\"@type\":\"SearchAction\",\"target\":{\"@type\":\"EntryPoint\",\"urlTemplate\":\"https:\\\/\\\/palomo.net\\\/?s={search_term_string}\"},\"query-input\":{\"@type\":\"PropertyValueSpecification\",\"valueRequired\":true,\"valueName\":\"search_term_string\"}}],\"inLanguage\":\"ca\"},{\"@type\":\"Person\",\"@id\":\"https:\\\/\\\/palomo.net\\\/#\\\/schema\\\/person\\\/711f80f8e4fbf3466bd3c1c42e621ece\",\"name\":\"Palomo Consultors\",\"url\":\"https:\\\/\\\/palomo.net\\\/ca\\\/author\\\/pl0mo\\\/\"}]}<\/script>\n<!-- \/ Yoast SEO plugin. -->","yoast_head_json":{"title":"LAS JUBILACIONES ANTICIPADAS AUMENTAN SIN PAUSA DESDE 2013 - Palomo Consultors","robots":{"index":"index","follow":"follow","max-snippet":"max-snippet:-1","max-image-preview":"max-image-preview:large","max-video-preview":"max-video-preview:-1"},"canonical":"https:\/\/palomo.net\/ca\/las-jubilaciones-anticipadas-aumentan-sin-pausa-desde-2013\/","og_locale":"ca_ES","og_type":"article","og_title":"LAS JUBILACIONES ANTICIPADAS AUMENTAN SIN PAUSA DESDE 2013 - Palomo Consultors","og_description":"El a\u00f1o pasado 196.341 espa\u00f1oles se retiraron de forma anticipada, es decir, un 44,6% de un total de 306.890 nuevos jubilados, seg\u00fan la Seguridad Social. Se bati\u00f3 as\u00ed el r\u00e9cord de 2015, que a su vez rompi\u00f3 el de 2014. En esta evoluci\u00f3n se mezcla el efecto combinado del envejecimiento, el volumen de afectados en [&hellip;]","og_url":"https:\/\/palomo.net\/ca\/las-jubilaciones-anticipadas-aumentan-sin-pausa-desde-2013\/","og_site_name":"Palomo Consultors","article_published_time":"2017-05-13T10:36:25+00:00","og_image":[{"width":669,"height":272,"url":"https:\/\/palomo.net\/wp-content\/uploads\/JUBILACION-ANTICIPADA.jpg","type":"image\/jpeg"}],"author":"Palomo Consultors","twitter_card":"summary_large_image","twitter_misc":{"Escrit per":"Palomo Consultors","Temps estimat de lectura":"1 minut"},"schema":{"@context":"https:\/\/schema.org","@graph":[{"@type":"Article","@id":"https:\/\/palomo.net\/ca\/las-jubilaciones-anticipadas-aumentan-sin-pausa-desde-2013\/#article","isPartOf":{"@id":"https:\/\/palomo.net\/ca\/las-jubilaciones-anticipadas-aumentan-sin-pausa-desde-2013\/"},"author":{"name":"Palomo Consultors","@id":"https:\/\/palomo.net\/#\/schema\/person\/711f80f8e4fbf3466bd3c1c42e621ece"},"headline":"LAS JUBILACIONES ANTICIPADAS AUMENTAN SIN PAUSA DESDE 2013","datePublished":"2017-05-13T10:36:25+00:00","mainEntityOfPage":{"@id":"https:\/\/palomo.net\/ca\/las-jubilaciones-anticipadas-aumentan-sin-pausa-desde-2013\/"},"wordCount":116,"commentCount":0,"image":{"@id":"https:\/\/palomo.net\/ca\/las-jubilaciones-anticipadas-aumentan-sin-pausa-desde-2013\/#primaryimage"},"thumbnailUrl":"https:\/\/palomo.net\/wp-content\/uploads\/JUBILACION-ANTICIPADA.jpg","articleSection":["Not\u00edcies"],"inLanguage":"ca","potentialAction":[{"@type":"CommentAction","name":"Comment","target":["https:\/\/palomo.net\/ca\/las-jubilaciones-anticipadas-aumentan-sin-pausa-desde-2013\/#respond"]}]},{"@type":"WebPage","@id":"https:\/\/palomo.net\/ca\/las-jubilaciones-anticipadas-aumentan-sin-pausa-desde-2013\/","url":"https:\/\/palomo.net\/ca\/las-jubilaciones-anticipadas-aumentan-sin-pausa-desde-2013\/","name":"LAS JUBILACIONES ANTICIPADAS AUMENTAN SIN PAUSA DESDE 2013 - Palomo Consultors","isPartOf":{"@id":"https:\/\/palomo.net\/#website"},"primaryImageOfPage":{"@id":"https:\/\/palomo.net\/ca\/las-jubilaciones-anticipadas-aumentan-sin-pausa-desde-2013\/#primaryimage"},"image":{"@id":"https:\/\/palomo.net\/ca\/las-jubilaciones-anticipadas-aumentan-sin-pausa-desde-2013\/#primaryimage"},"thumbnailUrl":"https:\/\/palomo.net\/wp-content\/uploads\/JUBILACION-ANTICIPADA.jpg","datePublished":"2017-05-13T10:36:25+00:00","author":{"@id":"https:\/\/palomo.net\/#\/schema\/person\/711f80f8e4fbf3466bd3c1c42e621ece"},"breadcrumb":{"@id":"https:\/\/palomo.net\/ca\/las-jubilaciones-anticipadas-aumentan-sin-pausa-desde-2013\/#breadcrumb"},"inLanguage":"ca","potentialAction":[{"@type":"ReadAction","target":["https:\/\/palomo.net\/ca\/las-jubilaciones-anticipadas-aumentan-sin-pausa-desde-2013\/"]}]},{"@type":"ImageObject","inLanguage":"ca","@id":"https:\/\/palomo.net\/ca\/las-jubilaciones-anticipadas-aumentan-sin-pausa-desde-2013\/#primaryimage","url":"https:\/\/palomo.net\/wp-content\/uploads\/JUBILACION-ANTICIPADA.jpg","contentUrl":"https:\/\/palomo.net\/wp-content\/uploads\/JUBILACION-ANTICIPADA.jpg","width":669,"height":272},{"@type":"BreadcrumbList","@id":"https:\/\/palomo.net\/ca\/las-jubilaciones-anticipadas-aumentan-sin-pausa-desde-2013\/#breadcrumb","itemListElement":[{"@type":"ListItem","position":1,"name":"Portada","item":"https:\/\/palomo.net\/ca\/"},{"@type":"ListItem","position":2,"name":"LAS JUBILACIONES ANTICIPADAS AUMENTAN SIN PAUSA DESDE 2013"}]},{"@type":"WebSite","@id":"https:\/\/palomo.net\/#website","url":"https:\/\/palomo.net\/","name":"Palomo Consultors","description":"Assessors Laborales d&#039; Empresas","potentialAction":[{"@type":"SearchAction","target":{"@type":"EntryPoint","urlTemplate":"https:\/\/palomo.net\/?s={search_term_string}"},"query-input":{"@type":"PropertyValueSpecification","valueRequired":true,"valueName":"search_term_string"}}],"inLanguage":"ca"},{"@type":"Person","@id":"https:\/\/palomo.net\/#\/schema\/person\/711f80f8e4fbf3466bd3c1c42e621ece","name":"Palomo Consultors","url":"https:\/\/palomo.net\/ca\/author\/pl0mo\/"}]}},"_links":{"self":[{"href":"https:\/\/palomo.net\/ca\/wp-json\/wp\/v2\/posts\/7581\/"}],"collection":[{"href":"https:\/\/palomo.net\/ca\/wp-json\/wp\/v2\/posts\/"}],"about":[{"href":"https:\/\/palomo.net\/ca\/wp-json\/wp\/v2\/types\/post\/"}],"author":[{"embeddable":true,"href":"https:\/\/palomo.net\/ca\/wp-json\/wp\/v2\/users\/4\/"}],"replies":[{"embeddable":true,"href":"https:\/\/palomo.net\/ca\/wp-json\/wp\/v2\/comments\/?post=7581"}],"version-history":[{"count":0,"href":"https:\/\/palomo.net\/ca\/wp-json\/wp\/v2\/posts\/7581\/revisions\/"}],"wp:featuredmedia":[{"embeddable":true,"href":"https:\/\/palomo.net\/ca\/wp-json\/wp\/v2\/media\/7576\/"}],"wp:attachment":[{"href":"https:\/\/palomo.net\/ca\/wp-json\/wp\/v2\/media\/?parent=7581"}],"wp:term":[{"taxonomy":"category","embeddable":true,"href":"https:\/\/palomo.net\/ca\/wp-json\/wp\/v2\/categories\/?post=7581"},{"taxonomy":"post_tag","embeddable":true,"href":"https:\/\/palomo.net\/ca\/wp-json\/wp\/v2\/tags\/?post=7581"}],"curies":[{"name":"wp","href":"https:\/\/api.w.org\/{rel}","templated":true}]}}