{"id":8168,"date":"2017-12-04T17:49:49","date_gmt":"2017-12-04T16:49:49","guid":{"rendered":"http:\/\/palomo.net\/permisos-laborales-21d-2017-elecciones-al-parlamento-cataluna\/"},"modified":"2017-12-04T18:00:09","modified_gmt":"2017-12-04T17:00:09","slug":"permisos-laborales-21d-2017-elecciones-al-parlamento-cataluna","status":"publish","type":"post","link":"https:\/\/palomo.net\/ca\/permisos-laborales-21d-2017-elecciones-al-parlamento-cataluna\/","title":{"rendered":"PERMISOS LABORALES 21D 2017 ELECCIONES AL PARLAMENTO DE CATALU\u00d1A"},"content":{"rendered":"<p><strong>Permisos para que los trabajadores\/as puedan ir a votar:<\/strong><\/p>\n<p>El jueves d\u00eda 21 de diciembre de 2017 las empresas tienen que conceder a las personas trabajadoras que tengan la condici\u00f3n de electores un permiso, retribuido y no recuperable, de como m\u00e1ximo cuatro horas dentro de la jornada laboral que les corresponda, para que puedan ejercer su derecho al voto en las elecciones al Parlamento de Catalu\u00f1a:<\/p>\n<ul>\n<li><u>El permiso ser\u00e1 de 4 horas<\/u> cuando la jornada laboral coincida en 4 o m\u00e1s horas con el horario de los colegios electorales.<\/li>\n<li><u>El permiso ser\u00e1 de 2 horas<\/u> cuando la jornada laboral coincida en m\u00e1s de 2 horas y menos de 4 con el horario de los colegios electorales.<\/li>\n<li><u>No se conceder\u00e1 permiso<\/u> a las personas trabajadoras que tengan una jornada cuyo horario <strong>no coincida<\/strong> con el de los colegios electorales, <strong>o coincida <\/strong>como m\u00e1ximo en 2 horas.<\/li>\n<li>La duraci\u00f3n del permiso mencionado para las personas trabajadoras que el d\u00eda de la votaci\u00f3n hagan una <strong>jornada inferior<\/strong> a la habitual, legal o convenida se tendr\u00e1 que <u>reducir proporcionalmente.<\/u><\/li>\n<\/ul>\n<p>&nbsp;<\/p>\n<p><strong>Determinaci\u00f3n del momento de utilizaci\u00f3n de las horas:<\/strong><\/p>\n<p>La determinaci\u00f3n del momento de utilizaci\u00f3n de las horas concedidas para la votaci\u00f3n es <u>potestad del empresario o empresaria.<\/u><\/p>\n<p>&nbsp;<\/p>\n<p><strong>Justificante de votaci\u00f3n<\/strong><\/p>\n<p>A efectos del abono del salario del tiempo utilizado para votar, los empresarios o las empresarias <u>tienen derecho a solicitar<\/u> a sus personas trabajadoras la exhibici\u00f3n del justificante acreditativo de haber votado, expedido por la mesa electoral correspondiente.<\/p>\n<p>&nbsp;<\/p>\n<p><strong>Permiso de los miembros de mesa electoral o de interventores que el d\u00eda de las elecciones sea coincidente con su jornada laboral.<\/strong><\/p>\n<p>Se les ha de conceder el permiso correspondiente a la <u>jornada completa del d\u00eda 21 <\/u>de diciembre de 2017 y, adem\u00e1s, un permiso retribuido y no recuperable, correspondiente a las <u>cinco primeras horas <\/u>de la jornada laboral del<u> d\u00eda inmediatamente posterior<\/u>.<\/p>\n<p>&nbsp;<\/p>\n<p>El permiso de las cinco primeras horas se hace extensivo a quienes disfruten del <strong>descanso semanal <\/strong>el d\u00eda de la votaci\u00f3n y que acrediten su condici\u00f3n de miembro de mesa o interventor.<\/p>\n<p>&nbsp;<\/p>\n<p><strong>Permiso de los apoderados que el d\u00eda de las elecciones sea coincidente con su jornada laboral.<\/strong><\/p>\n<p>Las empresas tienen que conceder un permiso retribuido y no recuperable durante la <u>jornada completa del jueves 21<\/u> de diciembre de 2017 a los trabajadores\/as que acrediten la condici\u00f3n de apoderado.<\/p>\n<p>&nbsp;<\/p>\n<p><strong>Posibilidad de cambio de turno<\/strong><\/p>\n<p>Si alg\u00fan <u>miembro de la mesa electoral, interventor o apoderado<\/u> tuviera que trabajar en el turno de noche en la fecha inmediatamente anterior a la jornada electoral, el empresario o la empresaria, a petici\u00f3n de la persona interesada, tiene que cambiarle el turno a fin de que pueda descansar la noche anterior a las elecciones.<\/p>\n<p>&nbsp;<\/p>\n<p><strong>Permiso para formular la solicitud de certificaci\u00f3n para ejercer el voto por correo:<\/strong><\/p>\n<p>Permiso, retribuido y de car\u00e1cter no recuperable, de <u>como m\u00e1ximo 4 horas libres<\/u> dentro de la jornada laboral que les corresponda, a las personas trabajadoras que realicen funciones lejos de su domicilio habitual o en otras condiciones de las cuales se deriven dificultades para ejercer el derecho de voto, para que puedan formular personalmente la solicitud de certificaci\u00f3n necesaria para poder emitir su voto por correo.<\/p>\n<p>&nbsp;<\/p>\n<p>Este permiso se podr\u00e1 disfrutar desde la fecha de la convocatoria hasta el d\u00eda 11 de diciembre de 2017.<\/p>\n<p>&nbsp;<\/p>\n<p><strong>Normativa:<\/strong><\/p>\n<p><em>Real Decreto 953\/2017<\/em><em>, <\/em><em>de 31 de octubre, por el que se dictan normas complementarias para la realizaci\u00f3n de las elecciones al Parlamento de Catalu\u00f1a 2017 <\/em><em>(BOE 03-11-\/2017).<\/em><em> Art.24 y 25.<\/em><\/p>\n<p><em>Orden TSF\/253\/2017,<\/em> <em>de 28 de noviembre, por la que se establecen las instrucciones necesarias para la participaci\u00f3n de las personas trabajadoras en las elecciones al Parlamento de Catalu\u00f1a del d\u00eda 21 de diciembre de 2017 <\/em><em>(DOGC 01-12-2017. Orden ESS\/1169\/2017 BOE 01-12-2017)<\/em><\/p>\n<p>&nbsp;<\/p>\n","protected":false},"excerpt":{"rendered":"<p>Permisos para que los trabajadores\/as puedan ir a votar: El jueves d\u00eda 21 de diciembre de 2017 las empresas tienen que conceder a las personas trabajadoras que tengan la condici\u00f3n de electores un permiso, retribuido y no recuperable, de como m\u00e1ximo cuatro horas dentro de la jornada laboral que les corresponda, para que puedan ejercer [&hellip;]<\/p>\n","protected":false},"author":4,"featured_media":8171,"comment_status":"open","ping_status":"open","sticky":false,"template":"","format":"standard","meta":{"_monsterinsights_skip_tracking":false,"_monsterinsights_sitenote_active":false,"_monsterinsights_sitenote_note":"","_monsterinsights_sitenote_category":0,"footnotes":""},"categories":[55],"tags":[],"class_list":["post-8168","post","type-post","status-publish","format-standard","has-post-thumbnail","hentry","category-blog-ca"],"yoast_head":"<!-- This site is optimized with the Yoast SEO plugin v27.5 - https:\/\/yoast.com\/product\/yoast-seo-wordpress\/ -->\n<title>PERMISOS LABORALES 21D 2017 ELECCIONES AL PARLAMENTO DE CATALU\u00d1A - Palomo Consultors<\/title>\n<meta name=\"robots\" content=\"index, follow, max-snippet:-1, max-image-preview:large, max-video-preview:-1\" \/>\n<link rel=\"canonical\" href=\"https:\/\/palomo.net\/ca\/permisos-laborales-21d-2017-elecciones-al-parlamento-cataluna\/\" \/>\n<meta property=\"og:locale\" content=\"ca_ES\" \/>\n<meta property=\"og:type\" content=\"article\" \/>\n<meta property=\"og:title\" content=\"PERMISOS LABORALES 21D 2017 ELECCIONES AL PARLAMENTO DE CATALU\u00d1A - Palomo Consultors\" \/>\n<meta property=\"og:description\" content=\"Permisos para que los trabajadores\/as puedan ir a votar: El jueves d\u00eda 21 de diciembre de 2017 las empresas tienen que conceder a las personas trabajadoras que tengan la condici\u00f3n de electores un permiso, retribuido y no recuperable, de como m\u00e1ximo cuatro horas dentro de la jornada laboral que les corresponda, para que puedan ejercer [&hellip;]\" \/>\n<meta property=\"og:url\" content=\"https:\/\/palomo.net\/ca\/permisos-laborales-21d-2017-elecciones-al-parlamento-cataluna\/\" \/>\n<meta property=\"og:site_name\" content=\"Palomo Consultors\" \/>\n<meta property=\"article:published_time\" content=\"2017-12-04T16:49:49+00:00\" \/>\n<meta property=\"article:modified_time\" content=\"2017-12-04T17:00:09+00:00\" \/>\n<meta property=\"og:image\" content=\"https:\/\/palomo.net\/wp-content\/uploads\/ELECCIONS-II.jpg\" \/>\n\t<meta property=\"og:image:width\" content=\"475\" \/>\n\t<meta property=\"og:image:height\" content=\"289\" \/>\n\t<meta property=\"og:image:type\" content=\"image\/jpeg\" \/>\n<meta name=\"author\" content=\"Palomo Consultors\" \/>\n<meta name=\"twitter:card\" content=\"summary_large_image\" \/>\n<meta name=\"twitter:label1\" content=\"Escrit per\" \/>\n\t<meta name=\"twitter:data1\" content=\"Palomo Consultors\" \/>\n\t<meta name=\"twitter:label2\" content=\"Temps estimat de lectura\" \/>\n\t<meta name=\"twitter:data2\" content=\"3 minuts\" \/>\n<script type=\"application\/ld+json\" class=\"yoast-schema-graph\">{\"@context\":\"https:\\\/\\\/schema.org\",\"@graph\":[{\"@type\":\"Article\",\"@id\":\"https:\\\/\\\/palomo.net\\\/ca\\\/permisos-laborales-21d-2017-elecciones-al-parlamento-cataluna\\\/#article\",\"isPartOf\":{\"@id\":\"https:\\\/\\\/palomo.net\\\/ca\\\/permisos-laborales-21d-2017-elecciones-al-parlamento-cataluna\\\/\"},\"author\":{\"name\":\"Palomo Consultors\",\"@id\":\"https:\\\/\\\/palomo.net\\\/#\\\/schema\\\/person\\\/711f80f8e4fbf3466bd3c1c42e621ece\"},\"headline\":\"PERMISOS LABORALES 21D 2017 ELECCIONES AL PARLAMENTO DE CATALU\u00d1A\",\"datePublished\":\"2017-12-04T16:49:49+00:00\",\"dateModified\":\"2017-12-04T17:00:09+00:00\",\"mainEntityOfPage\":{\"@id\":\"https:\\\/\\\/palomo.net\\\/ca\\\/permisos-laborales-21d-2017-elecciones-al-parlamento-cataluna\\\/\"},\"wordCount\":655,\"commentCount\":0,\"image\":{\"@id\":\"https:\\\/\\\/palomo.net\\\/ca\\\/permisos-laborales-21d-2017-elecciones-al-parlamento-cataluna\\\/#primaryimage\"},\"thumbnailUrl\":\"https:\\\/\\\/palomo.net\\\/wp-content\\\/uploads\\\/ELECCIONS-II.jpg\",\"articleSection\":[\"Blog\"],\"inLanguage\":\"ca\",\"potentialAction\":[{\"@type\":\"CommentAction\",\"name\":\"Comment\",\"target\":[\"https:\\\/\\\/palomo.net\\\/ca\\\/permisos-laborales-21d-2017-elecciones-al-parlamento-cataluna\\\/#respond\"]}]},{\"@type\":\"WebPage\",\"@id\":\"https:\\\/\\\/palomo.net\\\/ca\\\/permisos-laborales-21d-2017-elecciones-al-parlamento-cataluna\\\/\",\"url\":\"https:\\\/\\\/palomo.net\\\/ca\\\/permisos-laborales-21d-2017-elecciones-al-parlamento-cataluna\\\/\",\"name\":\"PERMISOS LABORALES 21D 2017 ELECCIONES AL PARLAMENTO DE CATALU\u00d1A - Palomo Consultors\",\"isPartOf\":{\"@id\":\"https:\\\/\\\/palomo.net\\\/#website\"},\"primaryImageOfPage\":{\"@id\":\"https:\\\/\\\/palomo.net\\\/ca\\\/permisos-laborales-21d-2017-elecciones-al-parlamento-cataluna\\\/#primaryimage\"},\"image\":{\"@id\":\"https:\\\/\\\/palomo.net\\\/ca\\\/permisos-laborales-21d-2017-elecciones-al-parlamento-cataluna\\\/#primaryimage\"},\"thumbnailUrl\":\"https:\\\/\\\/palomo.net\\\/wp-content\\\/uploads\\\/ELECCIONS-II.jpg\",\"datePublished\":\"2017-12-04T16:49:49+00:00\",\"dateModified\":\"2017-12-04T17:00:09+00:00\",\"author\":{\"@id\":\"https:\\\/\\\/palomo.net\\\/#\\\/schema\\\/person\\\/711f80f8e4fbf3466bd3c1c42e621ece\"},\"breadcrumb\":{\"@id\":\"https:\\\/\\\/palomo.net\\\/ca\\\/permisos-laborales-21d-2017-elecciones-al-parlamento-cataluna\\\/#breadcrumb\"},\"inLanguage\":\"ca\",\"potentialAction\":[{\"@type\":\"ReadAction\",\"target\":[\"https:\\\/\\\/palomo.net\\\/ca\\\/permisos-laborales-21d-2017-elecciones-al-parlamento-cataluna\\\/\"]}]},{\"@type\":\"ImageObject\",\"inLanguage\":\"ca\",\"@id\":\"https:\\\/\\\/palomo.net\\\/ca\\\/permisos-laborales-21d-2017-elecciones-al-parlamento-cataluna\\\/#primaryimage\",\"url\":\"https:\\\/\\\/palomo.net\\\/wp-content\\\/uploads\\\/ELECCIONS-II.jpg\",\"contentUrl\":\"https:\\\/\\\/palomo.net\\\/wp-content\\\/uploads\\\/ELECCIONS-II.jpg\",\"width\":475,\"height\":289},{\"@type\":\"BreadcrumbList\",\"@id\":\"https:\\\/\\\/palomo.net\\\/ca\\\/permisos-laborales-21d-2017-elecciones-al-parlamento-cataluna\\\/#breadcrumb\",\"itemListElement\":[{\"@type\":\"ListItem\",\"position\":1,\"name\":\"Portada\",\"item\":\"https:\\\/\\\/palomo.net\\\/ca\\\/\"},{\"@type\":\"ListItem\",\"position\":2,\"name\":\"PERMISOS LABORALES 21D 2017 ELECCIONES AL PARLAMENTO DE CATALU\u00d1A\"}]},{\"@type\":\"WebSite\",\"@id\":\"https:\\\/\\\/palomo.net\\\/#website\",\"url\":\"https:\\\/\\\/palomo.net\\\/\",\"name\":\"Palomo Consultors\",\"description\":\"Assessors Laborales d&#039; Empresas\",\"potentialAction\":[{\"@type\":\"SearchAction\",\"target\":{\"@type\":\"EntryPoint\",\"urlTemplate\":\"https:\\\/\\\/palomo.net\\\/?s={search_term_string}\"},\"query-input\":{\"@type\":\"PropertyValueSpecification\",\"valueRequired\":true,\"valueName\":\"search_term_string\"}}],\"inLanguage\":\"ca\"},{\"@type\":\"Person\",\"@id\":\"https:\\\/\\\/palomo.net\\\/#\\\/schema\\\/person\\\/711f80f8e4fbf3466bd3c1c42e621ece\",\"name\":\"Palomo Consultors\",\"url\":\"https:\\\/\\\/palomo.net\\\/ca\\\/author\\\/pl0mo\\\/\"}]}<\/script>\n<!-- \/ Yoast SEO plugin. -->","yoast_head_json":{"title":"PERMISOS LABORALES 21D 2017 ELECCIONES AL PARLAMENTO DE CATALU\u00d1A - Palomo Consultors","robots":{"index":"index","follow":"follow","max-snippet":"max-snippet:-1","max-image-preview":"max-image-preview:large","max-video-preview":"max-video-preview:-1"},"canonical":"https:\/\/palomo.net\/ca\/permisos-laborales-21d-2017-elecciones-al-parlamento-cataluna\/","og_locale":"ca_ES","og_type":"article","og_title":"PERMISOS LABORALES 21D 2017 ELECCIONES AL PARLAMENTO DE CATALU\u00d1A - Palomo Consultors","og_description":"Permisos para que los trabajadores\/as puedan ir a votar: El jueves d\u00eda 21 de diciembre de 2017 las empresas tienen que conceder a las personas trabajadoras que tengan la condici\u00f3n de electores un permiso, retribuido y no recuperable, de como m\u00e1ximo cuatro horas dentro de la jornada laboral que les corresponda, para que puedan ejercer [&hellip;]","og_url":"https:\/\/palomo.net\/ca\/permisos-laborales-21d-2017-elecciones-al-parlamento-cataluna\/","og_site_name":"Palomo Consultors","article_published_time":"2017-12-04T16:49:49+00:00","article_modified_time":"2017-12-04T17:00:09+00:00","og_image":[{"width":475,"height":289,"url":"https:\/\/palomo.net\/wp-content\/uploads\/ELECCIONS-II.jpg","type":"image\/jpeg"}],"author":"Palomo Consultors","twitter_card":"summary_large_image","twitter_misc":{"Escrit per":"Palomo Consultors","Temps estimat de lectura":"3 minuts"},"schema":{"@context":"https:\/\/schema.org","@graph":[{"@type":"Article","@id":"https:\/\/palomo.net\/ca\/permisos-laborales-21d-2017-elecciones-al-parlamento-cataluna\/#article","isPartOf":{"@id":"https:\/\/palomo.net\/ca\/permisos-laborales-21d-2017-elecciones-al-parlamento-cataluna\/"},"author":{"name":"Palomo Consultors","@id":"https:\/\/palomo.net\/#\/schema\/person\/711f80f8e4fbf3466bd3c1c42e621ece"},"headline":"PERMISOS LABORALES 21D 2017 ELECCIONES AL PARLAMENTO DE CATALU\u00d1A","datePublished":"2017-12-04T16:49:49+00:00","dateModified":"2017-12-04T17:00:09+00:00","mainEntityOfPage":{"@id":"https:\/\/palomo.net\/ca\/permisos-laborales-21d-2017-elecciones-al-parlamento-cataluna\/"},"wordCount":655,"commentCount":0,"image":{"@id":"https:\/\/palomo.net\/ca\/permisos-laborales-21d-2017-elecciones-al-parlamento-cataluna\/#primaryimage"},"thumbnailUrl":"https:\/\/palomo.net\/wp-content\/uploads\/ELECCIONS-II.jpg","articleSection":["Blog"],"inLanguage":"ca","potentialAction":[{"@type":"CommentAction","name":"Comment","target":["https:\/\/palomo.net\/ca\/permisos-laborales-21d-2017-elecciones-al-parlamento-cataluna\/#respond"]}]},{"@type":"WebPage","@id":"https:\/\/palomo.net\/ca\/permisos-laborales-21d-2017-elecciones-al-parlamento-cataluna\/","url":"https:\/\/palomo.net\/ca\/permisos-laborales-21d-2017-elecciones-al-parlamento-cataluna\/","name":"PERMISOS LABORALES 21D 2017 ELECCIONES AL PARLAMENTO DE CATALU\u00d1A - Palomo Consultors","isPartOf":{"@id":"https:\/\/palomo.net\/#website"},"primaryImageOfPage":{"@id":"https:\/\/palomo.net\/ca\/permisos-laborales-21d-2017-elecciones-al-parlamento-cataluna\/#primaryimage"},"image":{"@id":"https:\/\/palomo.net\/ca\/permisos-laborales-21d-2017-elecciones-al-parlamento-cataluna\/#primaryimage"},"thumbnailUrl":"https:\/\/palomo.net\/wp-content\/uploads\/ELECCIONS-II.jpg","datePublished":"2017-12-04T16:49:49+00:00","dateModified":"2017-12-04T17:00:09+00:00","author":{"@id":"https:\/\/palomo.net\/#\/schema\/person\/711f80f8e4fbf3466bd3c1c42e621ece"},"breadcrumb":{"@id":"https:\/\/palomo.net\/ca\/permisos-laborales-21d-2017-elecciones-al-parlamento-cataluna\/#breadcrumb"},"inLanguage":"ca","potentialAction":[{"@type":"ReadAction","target":["https:\/\/palomo.net\/ca\/permisos-laborales-21d-2017-elecciones-al-parlamento-cataluna\/"]}]},{"@type":"ImageObject","inLanguage":"ca","@id":"https:\/\/palomo.net\/ca\/permisos-laborales-21d-2017-elecciones-al-parlamento-cataluna\/#primaryimage","url":"https:\/\/palomo.net\/wp-content\/uploads\/ELECCIONS-II.jpg","contentUrl":"https:\/\/palomo.net\/wp-content\/uploads\/ELECCIONS-II.jpg","width":475,"height":289},{"@type":"BreadcrumbList","@id":"https:\/\/palomo.net\/ca\/permisos-laborales-21d-2017-elecciones-al-parlamento-cataluna\/#breadcrumb","itemListElement":[{"@type":"ListItem","position":1,"name":"Portada","item":"https:\/\/palomo.net\/ca\/"},{"@type":"ListItem","position":2,"name":"PERMISOS LABORALES 21D 2017 ELECCIONES AL PARLAMENTO DE CATALU\u00d1A"}]},{"@type":"WebSite","@id":"https:\/\/palomo.net\/#website","url":"https:\/\/palomo.net\/","name":"Palomo Consultors","description":"Assessors Laborales d&#039; Empresas","potentialAction":[{"@type":"SearchAction","target":{"@type":"EntryPoint","urlTemplate":"https:\/\/palomo.net\/?s={search_term_string}"},"query-input":{"@type":"PropertyValueSpecification","valueRequired":true,"valueName":"search_term_string"}}],"inLanguage":"ca"},{"@type":"Person","@id":"https:\/\/palomo.net\/#\/schema\/person\/711f80f8e4fbf3466bd3c1c42e621ece","name":"Palomo Consultors","url":"https:\/\/palomo.net\/ca\/author\/pl0mo\/"}]}},"_links":{"self":[{"href":"https:\/\/palomo.net\/ca\/wp-json\/wp\/v2\/posts\/8168\/"}],"collection":[{"href":"https:\/\/palomo.net\/ca\/wp-json\/wp\/v2\/posts\/"}],"about":[{"href":"https:\/\/palomo.net\/ca\/wp-json\/wp\/v2\/types\/post\/"}],"author":[{"embeddable":true,"href":"https:\/\/palomo.net\/ca\/wp-json\/wp\/v2\/users\/4\/"}],"replies":[{"embeddable":true,"href":"https:\/\/palomo.net\/ca\/wp-json\/wp\/v2\/comments\/?post=8168"}],"version-history":[{"count":1,"href":"https:\/\/palomo.net\/ca\/wp-json\/wp\/v2\/posts\/8168\/revisions\/"}],"predecessor-version":[{"id":8172,"href":"https:\/\/palomo.net\/ca\/wp-json\/wp\/v2\/posts\/8168\/revisions\/8172\/"}],"wp:featuredmedia":[{"embeddable":true,"href":"https:\/\/palomo.net\/ca\/wp-json\/wp\/v2\/media\/8171\/"}],"wp:attachment":[{"href":"https:\/\/palomo.net\/ca\/wp-json\/wp\/v2\/media\/?parent=8168"}],"wp:term":[{"taxonomy":"category","embeddable":true,"href":"https:\/\/palomo.net\/ca\/wp-json\/wp\/v2\/categories\/?post=8168"},{"taxonomy":"post_tag","embeddable":true,"href":"https:\/\/palomo.net\/ca\/wp-json\/wp\/v2\/tags\/?post=8168"}],"curies":[{"name":"wp","href":"https:\/\/api.w.org\/{rel}","templated":true}]}}