{"id":8648,"date":"2018-04-14T17:32:12","date_gmt":"2018-04-14T15:32:12","guid":{"rendered":"http:\/\/palomo.net\/cal-que-vegem-les-empreses-com-a-organismes-que-tenen-necessitats\/"},"modified":"2018-04-16T10:41:50","modified_gmt":"2018-04-16T08:41:50","slug":"cal-que-vegem-les-empreses-com-a-organismes-que-tenen-necessitats","status":"publish","type":"post","link":"https:\/\/palomo.net\/ca\/cal-que-vegem-les-empreses-com-a-organismes-que-tenen-necessitats\/","title":{"rendered":"\u00abCAL QUE VEIEM LES EMPRESES COM A ORGANISMES QUE TENEN NECESSITATS\u00bb"},"content":{"rendered":"<p>El passat <strong>dijous 12\/04\/2018<\/strong> Palomo Consultors, SL va participar en les <strong>JORNADES DE NETWORKING I INTERCANVI EMPRESARIAL<\/strong> que organitza la <strong>CEPTA<\/strong>, a la prov\u00edncia de <strong>Tarragona<\/strong>.<\/p>\n<p>Les sessions Presentacions d\u2019Empreses de CEPTA aprofundeixen en les eines que les companyies de les comarques de Tarragona poden aportar per millorar l\u2019efici\u00e8ncia.<\/p>\n<p><strong>Benestar, coordinaci\u00f3 i efectivat<\/strong>. Aquestes s\u00f3n algunes necessitats que requereixen les empreses -siguin del sector que siguin- i que poden aportar inputs positius per a treballar de manera m\u00e9s segura i eficient.<\/p>\n<p>Amb l\u2019objectiu de reunir a aquells emprenedors de les comarques de Tarragona que aporten alguns d\u2019aquests valors, que poden ser molt \u00faltims per a altres companyies de la prov\u00edncia, les instal\u00b7lacions de Cepta de Rambla Nova van acollir una nova edici\u00f3 de les sessions Presentacions d\u2019Empresa, les trobades de networking actiu que la confederaci\u00f3 empresarial acull regularment.<\/p>\n<p>Pel que fa a les presentacions, en aquesta ocasi\u00f3 van anar a c\u00e0rrec de<strong> GS Ofim\u00e0tica, AiredeTerra, Impulso Efectivo i Palomo Consultors.<\/strong><\/p>\n<p>La nostra empresa,<strong> Palomo Consultors<\/strong>, va recordar el <strong>canvi de paradigma<\/strong> que s\u2019est\u00e0 duent a terme en el m\u00f3n empresarial, que <strong>cada cop tendeix m\u00e9s a considerar les companyies com un organisme viu<\/strong> que t\u00e9 necessitats espec\u00edfiques que s\u2019han de resoldre i que, moltes vegades, requereixen canvis de paradigma totals en el funcionament del dia a dia. En aquest sentit, recorden la <strong>import\u00e0ncia de centrar-se en solucions creatives<\/strong> que facilitin el canvi, <strong>de manera que l\u2018empresa s\u2019obri al seu exterior amb m\u00e9s seguretat i, sobretot, m\u00e9s productivitat i efici\u00e8ncia.<\/strong><\/p>\n<p>&nbsp;<\/p>\n","protected":false},"excerpt":{"rendered":"<p>El passat dijous 12\/04\/2018 Palomo Consultors, SL va participar en les JORNADES DE NETWORKING I INTERCANVI EMPRESARIAL que organitza la CEPTA, a la prov\u00edncia de Tarragona. Les sessions Presentacions d\u2019Empreses de CEPTA aprofundeixen en les eines que les companyies de les comarques de Tarragona poden aportar per millorar l\u2019efici\u00e8ncia. Benestar, coordinaci\u00f3 i efectivat. Aquestes s\u00f3n [&hellip;]<\/p>\n","protected":false},"author":4,"featured_media":8645,"comment_status":"open","ping_status":"open","sticky":false,"template":"","format":"standard","meta":{"_monsterinsights_skip_tracking":false,"_monsterinsights_sitenote_active":false,"_monsterinsights_sitenote_note":"","_monsterinsights_sitenote_category":0,"footnotes":""},"categories":[56],"tags":[],"class_list":["post-8648","post","type-post","status-publish","format-standard","has-post-thumbnail","hentry","category-cursos-ca"],"yoast_head":"<!-- This site is optimized with the Yoast SEO plugin v27.5 - https:\/\/yoast.com\/product\/yoast-seo-wordpress\/ -->\n<title>\u00abCAL QUE VEIEM LES EMPRESES COM A ORGANISMES QUE TENEN NECESSITATS\u00bb - Palomo Consultors<\/title>\n<meta name=\"robots\" content=\"index, follow, max-snippet:-1, max-image-preview:large, max-video-preview:-1\" \/>\n<link rel=\"canonical\" href=\"https:\/\/palomo.net\/ca\/cal-que-vegem-les-empreses-com-a-organismes-que-tenen-necessitats\/\" \/>\n<meta property=\"og:locale\" content=\"ca_ES\" \/>\n<meta property=\"og:type\" content=\"article\" \/>\n<meta property=\"og:title\" content=\"\u00abCAL QUE VEIEM LES EMPRESES COM A ORGANISMES QUE TENEN NECESSITATS\u00bb - Palomo Consultors\" \/>\n<meta property=\"og:description\" content=\"El passat dijous 12\/04\/2018 Palomo Consultors, SL va participar en les JORNADES DE NETWORKING I INTERCANVI EMPRESARIAL que organitza la CEPTA, a la prov\u00edncia de Tarragona. Les sessions Presentacions d\u2019Empreses de CEPTA aprofundeixen en les eines que les companyies de les comarques de Tarragona poden aportar per millorar l\u2019efici\u00e8ncia. Benestar, coordinaci\u00f3 i efectivat. Aquestes s\u00f3n [&hellip;]\" \/>\n<meta property=\"og:url\" content=\"https:\/\/palomo.net\/ca\/cal-que-vegem-les-empreses-com-a-organismes-que-tenen-necessitats\/\" \/>\n<meta property=\"og:site_name\" content=\"Palomo Consultors\" \/>\n<meta property=\"article:published_time\" content=\"2018-04-14T15:32:12+00:00\" \/>\n<meta property=\"article:modified_time\" content=\"2018-04-16T08:41:50+00:00\" \/>\n<meta property=\"og:image\" content=\"https:\/\/palomo.net\/wp-content\/uploads\/MARTA-PALOMO.jpg\" \/>\n\t<meta property=\"og:image:width\" content=\"1024\" \/>\n\t<meta property=\"og:image:height\" content=\"1024\" \/>\n\t<meta property=\"og:image:type\" content=\"image\/jpeg\" \/>\n<meta name=\"author\" content=\"Palomo Consultors\" \/>\n<meta name=\"twitter:card\" content=\"summary_large_image\" \/>\n<meta name=\"twitter:label1\" content=\"Escrit per\" \/>\n\t<meta name=\"twitter:data1\" content=\"Palomo Consultors\" \/>\n\t<meta name=\"twitter:label2\" content=\"Temps estimat de lectura\" \/>\n\t<meta name=\"twitter:data2\" content=\"1 minut\" \/>\n<script type=\"application\/ld+json\" class=\"yoast-schema-graph\">{\"@context\":\"https:\\\/\\\/schema.org\",\"@graph\":[{\"@type\":\"Article\",\"@id\":\"https:\\\/\\\/palomo.net\\\/ca\\\/cal-que-vegem-les-empreses-com-a-organismes-que-tenen-necessitats\\\/#article\",\"isPartOf\":{\"@id\":\"https:\\\/\\\/palomo.net\\\/ca\\\/cal-que-vegem-les-empreses-com-a-organismes-que-tenen-necessitats\\\/\"},\"author\":{\"name\":\"Palomo Consultors\",\"@id\":\"https:\\\/\\\/palomo.net\\\/#\\\/schema\\\/person\\\/711f80f8e4fbf3466bd3c1c42e621ece\"},\"headline\":\"\u00abCAL QUE VEIEM LES EMPRESES COM A ORGANISMES QUE TENEN NECESSITATS\u00bb\",\"datePublished\":\"2018-04-14T15:32:12+00:00\",\"dateModified\":\"2018-04-16T08:41:50+00:00\",\"mainEntityOfPage\":{\"@id\":\"https:\\\/\\\/palomo.net\\\/ca\\\/cal-que-vegem-les-empreses-com-a-organismes-que-tenen-necessitats\\\/\"},\"wordCount\":284,\"commentCount\":0,\"image\":{\"@id\":\"https:\\\/\\\/palomo.net\\\/ca\\\/cal-que-vegem-les-empreses-com-a-organismes-que-tenen-necessitats\\\/#primaryimage\"},\"thumbnailUrl\":\"https:\\\/\\\/palomo.net\\\/wp-content\\\/uploads\\\/MARTA-PALOMO.jpg\",\"articleSection\":[\"Cursos\"],\"inLanguage\":\"ca\",\"potentialAction\":[{\"@type\":\"CommentAction\",\"name\":\"Comment\",\"target\":[\"https:\\\/\\\/palomo.net\\\/ca\\\/cal-que-vegem-les-empreses-com-a-organismes-que-tenen-necessitats\\\/#respond\"]}]},{\"@type\":\"WebPage\",\"@id\":\"https:\\\/\\\/palomo.net\\\/ca\\\/cal-que-vegem-les-empreses-com-a-organismes-que-tenen-necessitats\\\/\",\"url\":\"https:\\\/\\\/palomo.net\\\/ca\\\/cal-que-vegem-les-empreses-com-a-organismes-que-tenen-necessitats\\\/\",\"name\":\"\u00abCAL QUE VEIEM LES EMPRESES COM A ORGANISMES QUE TENEN NECESSITATS\u00bb - Palomo Consultors\",\"isPartOf\":{\"@id\":\"https:\\\/\\\/palomo.net\\\/#website\"},\"primaryImageOfPage\":{\"@id\":\"https:\\\/\\\/palomo.net\\\/ca\\\/cal-que-vegem-les-empreses-com-a-organismes-que-tenen-necessitats\\\/#primaryimage\"},\"image\":{\"@id\":\"https:\\\/\\\/palomo.net\\\/ca\\\/cal-que-vegem-les-empreses-com-a-organismes-que-tenen-necessitats\\\/#primaryimage\"},\"thumbnailUrl\":\"https:\\\/\\\/palomo.net\\\/wp-content\\\/uploads\\\/MARTA-PALOMO.jpg\",\"datePublished\":\"2018-04-14T15:32:12+00:00\",\"dateModified\":\"2018-04-16T08:41:50+00:00\",\"author\":{\"@id\":\"https:\\\/\\\/palomo.net\\\/#\\\/schema\\\/person\\\/711f80f8e4fbf3466bd3c1c42e621ece\"},\"breadcrumb\":{\"@id\":\"https:\\\/\\\/palomo.net\\\/ca\\\/cal-que-vegem-les-empreses-com-a-organismes-que-tenen-necessitats\\\/#breadcrumb\"},\"inLanguage\":\"ca\",\"potentialAction\":[{\"@type\":\"ReadAction\",\"target\":[\"https:\\\/\\\/palomo.net\\\/ca\\\/cal-que-vegem-les-empreses-com-a-organismes-que-tenen-necessitats\\\/\"]}]},{\"@type\":\"ImageObject\",\"inLanguage\":\"ca\",\"@id\":\"https:\\\/\\\/palomo.net\\\/ca\\\/cal-que-vegem-les-empreses-com-a-organismes-que-tenen-necessitats\\\/#primaryimage\",\"url\":\"https:\\\/\\\/palomo.net\\\/wp-content\\\/uploads\\\/MARTA-PALOMO.jpg\",\"contentUrl\":\"https:\\\/\\\/palomo.net\\\/wp-content\\\/uploads\\\/MARTA-PALOMO.jpg\",\"width\":1024,\"height\":1024},{\"@type\":\"BreadcrumbList\",\"@id\":\"https:\\\/\\\/palomo.net\\\/ca\\\/cal-que-vegem-les-empreses-com-a-organismes-que-tenen-necessitats\\\/#breadcrumb\",\"itemListElement\":[{\"@type\":\"ListItem\",\"position\":1,\"name\":\"Portada\",\"item\":\"https:\\\/\\\/palomo.net\\\/ca\\\/\"},{\"@type\":\"ListItem\",\"position\":2,\"name\":\"\u00abCAL QUE VEIEM LES EMPRESES COM A ORGANISMES QUE TENEN NECESSITATS\u00bb\"}]},{\"@type\":\"WebSite\",\"@id\":\"https:\\\/\\\/palomo.net\\\/#website\",\"url\":\"https:\\\/\\\/palomo.net\\\/\",\"name\":\"Palomo Consultors\",\"description\":\"Assessors Laborales d&#039; Empresas\",\"potentialAction\":[{\"@type\":\"SearchAction\",\"target\":{\"@type\":\"EntryPoint\",\"urlTemplate\":\"https:\\\/\\\/palomo.net\\\/?s={search_term_string}\"},\"query-input\":{\"@type\":\"PropertyValueSpecification\",\"valueRequired\":true,\"valueName\":\"search_term_string\"}}],\"inLanguage\":\"ca\"},{\"@type\":\"Person\",\"@id\":\"https:\\\/\\\/palomo.net\\\/#\\\/schema\\\/person\\\/711f80f8e4fbf3466bd3c1c42e621ece\",\"name\":\"Palomo Consultors\",\"url\":\"https:\\\/\\\/palomo.net\\\/ca\\\/author\\\/pl0mo\\\/\"}]}<\/script>\n<!-- \/ Yoast SEO plugin. -->","yoast_head_json":{"title":"\u00abCAL QUE VEIEM LES EMPRESES COM A ORGANISMES QUE TENEN NECESSITATS\u00bb - Palomo Consultors","robots":{"index":"index","follow":"follow","max-snippet":"max-snippet:-1","max-image-preview":"max-image-preview:large","max-video-preview":"max-video-preview:-1"},"canonical":"https:\/\/palomo.net\/ca\/cal-que-vegem-les-empreses-com-a-organismes-que-tenen-necessitats\/","og_locale":"ca_ES","og_type":"article","og_title":"\u00abCAL QUE VEIEM LES EMPRESES COM A ORGANISMES QUE TENEN NECESSITATS\u00bb - Palomo Consultors","og_description":"El passat dijous 12\/04\/2018 Palomo Consultors, SL va participar en les JORNADES DE NETWORKING I INTERCANVI EMPRESARIAL que organitza la CEPTA, a la prov\u00edncia de Tarragona. Les sessions Presentacions d\u2019Empreses de CEPTA aprofundeixen en les eines que les companyies de les comarques de Tarragona poden aportar per millorar l\u2019efici\u00e8ncia. Benestar, coordinaci\u00f3 i efectivat. Aquestes s\u00f3n [&hellip;]","og_url":"https:\/\/palomo.net\/ca\/cal-que-vegem-les-empreses-com-a-organismes-que-tenen-necessitats\/","og_site_name":"Palomo Consultors","article_published_time":"2018-04-14T15:32:12+00:00","article_modified_time":"2018-04-16T08:41:50+00:00","og_image":[{"width":1024,"height":1024,"url":"https:\/\/palomo.net\/wp-content\/uploads\/MARTA-PALOMO.jpg","type":"image\/jpeg"}],"author":"Palomo Consultors","twitter_card":"summary_large_image","twitter_misc":{"Escrit per":"Palomo Consultors","Temps estimat de lectura":"1 minut"},"schema":{"@context":"https:\/\/schema.org","@graph":[{"@type":"Article","@id":"https:\/\/palomo.net\/ca\/cal-que-vegem-les-empreses-com-a-organismes-que-tenen-necessitats\/#article","isPartOf":{"@id":"https:\/\/palomo.net\/ca\/cal-que-vegem-les-empreses-com-a-organismes-que-tenen-necessitats\/"},"author":{"name":"Palomo Consultors","@id":"https:\/\/palomo.net\/#\/schema\/person\/711f80f8e4fbf3466bd3c1c42e621ece"},"headline":"\u00abCAL QUE VEIEM LES EMPRESES COM A ORGANISMES QUE TENEN NECESSITATS\u00bb","datePublished":"2018-04-14T15:32:12+00:00","dateModified":"2018-04-16T08:41:50+00:00","mainEntityOfPage":{"@id":"https:\/\/palomo.net\/ca\/cal-que-vegem-les-empreses-com-a-organismes-que-tenen-necessitats\/"},"wordCount":284,"commentCount":0,"image":{"@id":"https:\/\/palomo.net\/ca\/cal-que-vegem-les-empreses-com-a-organismes-que-tenen-necessitats\/#primaryimage"},"thumbnailUrl":"https:\/\/palomo.net\/wp-content\/uploads\/MARTA-PALOMO.jpg","articleSection":["Cursos"],"inLanguage":"ca","potentialAction":[{"@type":"CommentAction","name":"Comment","target":["https:\/\/palomo.net\/ca\/cal-que-vegem-les-empreses-com-a-organismes-que-tenen-necessitats\/#respond"]}]},{"@type":"WebPage","@id":"https:\/\/palomo.net\/ca\/cal-que-vegem-les-empreses-com-a-organismes-que-tenen-necessitats\/","url":"https:\/\/palomo.net\/ca\/cal-que-vegem-les-empreses-com-a-organismes-que-tenen-necessitats\/","name":"\u00abCAL QUE VEIEM LES EMPRESES COM A ORGANISMES QUE TENEN NECESSITATS\u00bb - Palomo Consultors","isPartOf":{"@id":"https:\/\/palomo.net\/#website"},"primaryImageOfPage":{"@id":"https:\/\/palomo.net\/ca\/cal-que-vegem-les-empreses-com-a-organismes-que-tenen-necessitats\/#primaryimage"},"image":{"@id":"https:\/\/palomo.net\/ca\/cal-que-vegem-les-empreses-com-a-organismes-que-tenen-necessitats\/#primaryimage"},"thumbnailUrl":"https:\/\/palomo.net\/wp-content\/uploads\/MARTA-PALOMO.jpg","datePublished":"2018-04-14T15:32:12+00:00","dateModified":"2018-04-16T08:41:50+00:00","author":{"@id":"https:\/\/palomo.net\/#\/schema\/person\/711f80f8e4fbf3466bd3c1c42e621ece"},"breadcrumb":{"@id":"https:\/\/palomo.net\/ca\/cal-que-vegem-les-empreses-com-a-organismes-que-tenen-necessitats\/#breadcrumb"},"inLanguage":"ca","potentialAction":[{"@type":"ReadAction","target":["https:\/\/palomo.net\/ca\/cal-que-vegem-les-empreses-com-a-organismes-que-tenen-necessitats\/"]}]},{"@type":"ImageObject","inLanguage":"ca","@id":"https:\/\/palomo.net\/ca\/cal-que-vegem-les-empreses-com-a-organismes-que-tenen-necessitats\/#primaryimage","url":"https:\/\/palomo.net\/wp-content\/uploads\/MARTA-PALOMO.jpg","contentUrl":"https:\/\/palomo.net\/wp-content\/uploads\/MARTA-PALOMO.jpg","width":1024,"height":1024},{"@type":"BreadcrumbList","@id":"https:\/\/palomo.net\/ca\/cal-que-vegem-les-empreses-com-a-organismes-que-tenen-necessitats\/#breadcrumb","itemListElement":[{"@type":"ListItem","position":1,"name":"Portada","item":"https:\/\/palomo.net\/ca\/"},{"@type":"ListItem","position":2,"name":"\u00abCAL QUE VEIEM LES EMPRESES COM A ORGANISMES QUE TENEN NECESSITATS\u00bb"}]},{"@type":"WebSite","@id":"https:\/\/palomo.net\/#website","url":"https:\/\/palomo.net\/","name":"Palomo Consultors","description":"Assessors Laborales d&#039; Empresas","potentialAction":[{"@type":"SearchAction","target":{"@type":"EntryPoint","urlTemplate":"https:\/\/palomo.net\/?s={search_term_string}"},"query-input":{"@type":"PropertyValueSpecification","valueRequired":true,"valueName":"search_term_string"}}],"inLanguage":"ca"},{"@type":"Person","@id":"https:\/\/palomo.net\/#\/schema\/person\/711f80f8e4fbf3466bd3c1c42e621ece","name":"Palomo Consultors","url":"https:\/\/palomo.net\/ca\/author\/pl0mo\/"}]}},"_links":{"self":[{"href":"https:\/\/palomo.net\/ca\/wp-json\/wp\/v2\/posts\/8648\/"}],"collection":[{"href":"https:\/\/palomo.net\/ca\/wp-json\/wp\/v2\/posts\/"}],"about":[{"href":"https:\/\/palomo.net\/ca\/wp-json\/wp\/v2\/types\/post\/"}],"author":[{"embeddable":true,"href":"https:\/\/palomo.net\/ca\/wp-json\/wp\/v2\/users\/4\/"}],"replies":[{"embeddable":true,"href":"https:\/\/palomo.net\/ca\/wp-json\/wp\/v2\/comments\/?post=8648"}],"version-history":[{"count":1,"href":"https:\/\/palomo.net\/ca\/wp-json\/wp\/v2\/posts\/8648\/revisions\/"}],"predecessor-version":[{"id":8665,"href":"https:\/\/palomo.net\/ca\/wp-json\/wp\/v2\/posts\/8648\/revisions\/8665\/"}],"wp:featuredmedia":[{"embeddable":true,"href":"https:\/\/palomo.net\/ca\/wp-json\/wp\/v2\/media\/8645\/"}],"wp:attachment":[{"href":"https:\/\/palomo.net\/ca\/wp-json\/wp\/v2\/media\/?parent=8648"}],"wp:term":[{"taxonomy":"category","embeddable":true,"href":"https:\/\/palomo.net\/ca\/wp-json\/wp\/v2\/categories\/?post=8648"},{"taxonomy":"post_tag","embeddable":true,"href":"https:\/\/palomo.net\/ca\/wp-json\/wp\/v2\/tags\/?post=8648"}],"curies":[{"name":"wp","href":"https:\/\/api.w.org\/{rel}","templated":true}]}}