{"id":8657,"date":"2018-04-14T17:39:57","date_gmt":"2018-04-14T15:39:57","guid":{"rendered":"http:\/\/palomo.net\/la-subida-del-025-de-las-pensiones-supone-un-salvavidas-para-el-sistema-publico-de-reparto-en-los-proximos-35-anos\/"},"modified":"2018-04-14T17:40:57","modified_gmt":"2018-04-14T15:40:57","slug":"la-subida-del-025-de-las-pensiones-supone-un-salvavidas-para-el-sistema-publico-de-reparto-en-los-proximos-35-anos","status":"publish","type":"post","link":"https:\/\/palomo.net\/ca\/la-subida-del-025-de-las-pensiones-supone-un-salvavidas-para-el-sistema-publico-de-reparto-en-los-proximos-35-anos\/","title":{"rendered":"LA SUBIDA DEL 0,25% DE LAS PENSIONES SUPONE UN SALVAVIDAS PARA EL SISTEMA P\u00daBLICO DE REPARTO EN LOS PR\u00d3XIMOS 35 A\u00d1OS"},"content":{"rendered":"<p>Al menos, esta es una de las <strong>conclusiones<\/strong> que el <strong>Banco de Espa\u00f1a<\/strong> arroja en un informe sobre la <strong>coyuntura actual de la Seguridad Social y sus perspectivas futuras<\/strong> presentado este jueves. &#8220;<strong>las reformas impulsadas en 2011 y 2013 garantizan el equilibrio a largo plazo del Sistema<\/strong>&#8221; aunque el saneamiento de las cuentas se producir\u00e1 de forma paulatina, recort\u00e1ndose su d\u00e9ficit cerca de una d\u00e9cima cada a\u00f1o hasta el 2050. Concretamente, asegur\u00f3 durante su intervenci\u00f3n que bajo una situaci\u00f3n de incremento del 0,25% (como estipula el \u00edndice de revalorizaci\u00f3n de la reforma de 2013) y una inflaci\u00f3n media del 2%, para ese a\u00f1o se producir\u00eda la nivelaci\u00f3n de los ingresos y de los gastos del Sistema, por lo que quedar\u00eda asegurada la supervivencia de las pensiones p\u00fablicas futuras. No obstante,<strong> esta misma evoluci\u00f3n acarrear\u00eda en los pr\u00f3ximos 35 a\u00f1os un &#8220;deterioro del poder adquisitivo&#8221; de los jubilados. <\/strong><\/p>\n","protected":false},"excerpt":{"rendered":"<p>Al menos, esta es una de las conclusiones que el Banco de Espa\u00f1a arroja en un informe sobre la coyuntura actual de la Seguridad Social y sus perspectivas futuras presentado este jueves. &#8220;las reformas impulsadas en 2011 y 2013 garantizan el equilibrio a largo plazo del Sistema&#8221; aunque el saneamiento de las cuentas se producir\u00e1 [&hellip;]<\/p>\n","protected":false},"author":4,"featured_media":8654,"comment_status":"open","ping_status":"open","sticky":false,"template":"","format":"standard","meta":{"_monsterinsights_skip_tracking":false,"_monsterinsights_sitenote_active":false,"_monsterinsights_sitenote_note":"","_monsterinsights_sitenote_category":0,"footnotes":""},"categories":[34],"tags":[],"class_list":["post-8657","post","type-post","status-publish","format-standard","has-post-thumbnail","hentry","category-noticies"],"yoast_head":"<!-- This site is optimized with the Yoast SEO plugin v27.5 - https:\/\/yoast.com\/product\/yoast-seo-wordpress\/ -->\n<title>LA SUBIDA DEL 0,25% DE LAS PENSIONES SUPONE UN SALVAVIDAS PARA EL SISTEMA P\u00daBLICO DE REPARTO EN LOS PR\u00d3XIMOS 35 A\u00d1OS - Palomo Consultors<\/title>\n<meta name=\"robots\" content=\"index, follow, max-snippet:-1, max-image-preview:large, max-video-preview:-1\" \/>\n<link rel=\"canonical\" href=\"https:\/\/palomo.net\/ca\/la-subida-del-025-de-las-pensiones-supone-un-salvavidas-para-el-sistema-publico-de-reparto-en-los-proximos-35-anos\/\" \/>\n<meta property=\"og:locale\" content=\"ca_ES\" \/>\n<meta property=\"og:type\" content=\"article\" \/>\n<meta property=\"og:title\" content=\"LA SUBIDA DEL 0,25% DE LAS PENSIONES SUPONE UN SALVAVIDAS PARA EL SISTEMA P\u00daBLICO DE REPARTO EN LOS PR\u00d3XIMOS 35 A\u00d1OS - Palomo Consultors\" \/>\n<meta property=\"og:description\" content=\"Al menos, esta es una de las conclusiones que el Banco de Espa\u00f1a arroja en un informe sobre la coyuntura actual de la Seguridad Social y sus perspectivas futuras presentado este jueves. &#8220;las reformas impulsadas en 2011 y 2013 garantizan el equilibrio a largo plazo del Sistema&#8221; aunque el saneamiento de las cuentas se producir\u00e1 [&hellip;]\" \/>\n<meta property=\"og:url\" content=\"https:\/\/palomo.net\/ca\/la-subida-del-025-de-las-pensiones-supone-un-salvavidas-para-el-sistema-publico-de-reparto-en-los-proximos-35-anos\/\" \/>\n<meta property=\"og:site_name\" content=\"Palomo Consultors\" \/>\n<meta property=\"article:published_time\" content=\"2018-04-14T15:39:57+00:00\" \/>\n<meta property=\"article:modified_time\" content=\"2018-04-14T15:40:57+00:00\" \/>\n<meta property=\"og:image\" content=\"https:\/\/palomo.net\/wp-content\/uploads\/PENSIONES-2018.jpg\" \/>\n\t<meta property=\"og:image:width\" content=\"770\" \/>\n\t<meta property=\"og:image:height\" content=\"420\" \/>\n\t<meta property=\"og:image:type\" content=\"image\/jpeg\" \/>\n<meta name=\"author\" content=\"Palomo Consultors\" \/>\n<meta name=\"twitter:card\" content=\"summary_large_image\" \/>\n<meta name=\"twitter:label1\" content=\"Escrit per\" \/>\n\t<meta name=\"twitter:data1\" content=\"Palomo Consultors\" \/>\n\t<meta name=\"twitter:label2\" content=\"Temps estimat de lectura\" \/>\n\t<meta name=\"twitter:data2\" content=\"1 minut\" \/>\n<script type=\"application\/ld+json\" class=\"yoast-schema-graph\">{\"@context\":\"https:\\\/\\\/schema.org\",\"@graph\":[{\"@type\":\"Article\",\"@id\":\"https:\\\/\\\/palomo.net\\\/ca\\\/la-subida-del-025-de-las-pensiones-supone-un-salvavidas-para-el-sistema-publico-de-reparto-en-los-proximos-35-anos\\\/#article\",\"isPartOf\":{\"@id\":\"https:\\\/\\\/palomo.net\\\/ca\\\/la-subida-del-025-de-las-pensiones-supone-un-salvavidas-para-el-sistema-publico-de-reparto-en-los-proximos-35-anos\\\/\"},\"author\":{\"name\":\"Palomo Consultors\",\"@id\":\"https:\\\/\\\/palomo.net\\\/#\\\/schema\\\/person\\\/711f80f8e4fbf3466bd3c1c42e621ece\"},\"headline\":\"LA SUBIDA DEL 0,25% DE LAS PENSIONES SUPONE UN SALVAVIDAS PARA EL SISTEMA P\u00daBLICO DE REPARTO EN LOS PR\u00d3XIMOS 35 A\u00d1OS\",\"datePublished\":\"2018-04-14T15:39:57+00:00\",\"dateModified\":\"2018-04-14T15:40:57+00:00\",\"mainEntityOfPage\":{\"@id\":\"https:\\\/\\\/palomo.net\\\/ca\\\/la-subida-del-025-de-las-pensiones-supone-un-salvavidas-para-el-sistema-publico-de-reparto-en-los-proximos-35-anos\\\/\"},\"wordCount\":180,\"commentCount\":0,\"image\":{\"@id\":\"https:\\\/\\\/palomo.net\\\/ca\\\/la-subida-del-025-de-las-pensiones-supone-un-salvavidas-para-el-sistema-publico-de-reparto-en-los-proximos-35-anos\\\/#primaryimage\"},\"thumbnailUrl\":\"https:\\\/\\\/palomo.net\\\/wp-content\\\/uploads\\\/PENSIONES-2018.jpg\",\"articleSection\":[\"Not\u00edcies\"],\"inLanguage\":\"ca\",\"potentialAction\":[{\"@type\":\"CommentAction\",\"name\":\"Comment\",\"target\":[\"https:\\\/\\\/palomo.net\\\/ca\\\/la-subida-del-025-de-las-pensiones-supone-un-salvavidas-para-el-sistema-publico-de-reparto-en-los-proximos-35-anos\\\/#respond\"]}]},{\"@type\":\"WebPage\",\"@id\":\"https:\\\/\\\/palomo.net\\\/ca\\\/la-subida-del-025-de-las-pensiones-supone-un-salvavidas-para-el-sistema-publico-de-reparto-en-los-proximos-35-anos\\\/\",\"url\":\"https:\\\/\\\/palomo.net\\\/ca\\\/la-subida-del-025-de-las-pensiones-supone-un-salvavidas-para-el-sistema-publico-de-reparto-en-los-proximos-35-anos\\\/\",\"name\":\"LA SUBIDA DEL 0,25% DE LAS PENSIONES SUPONE UN SALVAVIDAS PARA EL SISTEMA P\u00daBLICO DE REPARTO EN LOS PR\u00d3XIMOS 35 A\u00d1OS - Palomo Consultors\",\"isPartOf\":{\"@id\":\"https:\\\/\\\/palomo.net\\\/#website\"},\"primaryImageOfPage\":{\"@id\":\"https:\\\/\\\/palomo.net\\\/ca\\\/la-subida-del-025-de-las-pensiones-supone-un-salvavidas-para-el-sistema-publico-de-reparto-en-los-proximos-35-anos\\\/#primaryimage\"},\"image\":{\"@id\":\"https:\\\/\\\/palomo.net\\\/ca\\\/la-subida-del-025-de-las-pensiones-supone-un-salvavidas-para-el-sistema-publico-de-reparto-en-los-proximos-35-anos\\\/#primaryimage\"},\"thumbnailUrl\":\"https:\\\/\\\/palomo.net\\\/wp-content\\\/uploads\\\/PENSIONES-2018.jpg\",\"datePublished\":\"2018-04-14T15:39:57+00:00\",\"dateModified\":\"2018-04-14T15:40:57+00:00\",\"author\":{\"@id\":\"https:\\\/\\\/palomo.net\\\/#\\\/schema\\\/person\\\/711f80f8e4fbf3466bd3c1c42e621ece\"},\"breadcrumb\":{\"@id\":\"https:\\\/\\\/palomo.net\\\/ca\\\/la-subida-del-025-de-las-pensiones-supone-un-salvavidas-para-el-sistema-publico-de-reparto-en-los-proximos-35-anos\\\/#breadcrumb\"},\"inLanguage\":\"ca\",\"potentialAction\":[{\"@type\":\"ReadAction\",\"target\":[\"https:\\\/\\\/palomo.net\\\/ca\\\/la-subida-del-025-de-las-pensiones-supone-un-salvavidas-para-el-sistema-publico-de-reparto-en-los-proximos-35-anos\\\/\"]}]},{\"@type\":\"ImageObject\",\"inLanguage\":\"ca\",\"@id\":\"https:\\\/\\\/palomo.net\\\/ca\\\/la-subida-del-025-de-las-pensiones-supone-un-salvavidas-para-el-sistema-publico-de-reparto-en-los-proximos-35-anos\\\/#primaryimage\",\"url\":\"https:\\\/\\\/palomo.net\\\/wp-content\\\/uploads\\\/PENSIONES-2018.jpg\",\"contentUrl\":\"https:\\\/\\\/palomo.net\\\/wp-content\\\/uploads\\\/PENSIONES-2018.jpg\",\"width\":770,\"height\":420},{\"@type\":\"BreadcrumbList\",\"@id\":\"https:\\\/\\\/palomo.net\\\/ca\\\/la-subida-del-025-de-las-pensiones-supone-un-salvavidas-para-el-sistema-publico-de-reparto-en-los-proximos-35-anos\\\/#breadcrumb\",\"itemListElement\":[{\"@type\":\"ListItem\",\"position\":1,\"name\":\"Portada\",\"item\":\"https:\\\/\\\/palomo.net\\\/ca\\\/\"},{\"@type\":\"ListItem\",\"position\":2,\"name\":\"LA SUBIDA DEL 0,25% DE LAS PENSIONES SUPONE UN SALVAVIDAS PARA EL SISTEMA P\u00daBLICO DE REPARTO EN LOS PR\u00d3XIMOS 35 A\u00d1OS\"}]},{\"@type\":\"WebSite\",\"@id\":\"https:\\\/\\\/palomo.net\\\/#website\",\"url\":\"https:\\\/\\\/palomo.net\\\/\",\"name\":\"Palomo Consultors\",\"description\":\"Assessors Laborales d&#039; Empresas\",\"potentialAction\":[{\"@type\":\"SearchAction\",\"target\":{\"@type\":\"EntryPoint\",\"urlTemplate\":\"https:\\\/\\\/palomo.net\\\/?s={search_term_string}\"},\"query-input\":{\"@type\":\"PropertyValueSpecification\",\"valueRequired\":true,\"valueName\":\"search_term_string\"}}],\"inLanguage\":\"ca\"},{\"@type\":\"Person\",\"@id\":\"https:\\\/\\\/palomo.net\\\/#\\\/schema\\\/person\\\/711f80f8e4fbf3466bd3c1c42e621ece\",\"name\":\"Palomo Consultors\",\"url\":\"https:\\\/\\\/palomo.net\\\/ca\\\/author\\\/pl0mo\\\/\"}]}<\/script>\n<!-- \/ Yoast SEO plugin. -->","yoast_head_json":{"title":"LA SUBIDA DEL 0,25% DE LAS PENSIONES SUPONE UN SALVAVIDAS PARA EL SISTEMA P\u00daBLICO DE REPARTO EN LOS PR\u00d3XIMOS 35 A\u00d1OS - Palomo Consultors","robots":{"index":"index","follow":"follow","max-snippet":"max-snippet:-1","max-image-preview":"max-image-preview:large","max-video-preview":"max-video-preview:-1"},"canonical":"https:\/\/palomo.net\/ca\/la-subida-del-025-de-las-pensiones-supone-un-salvavidas-para-el-sistema-publico-de-reparto-en-los-proximos-35-anos\/","og_locale":"ca_ES","og_type":"article","og_title":"LA SUBIDA DEL 0,25% DE LAS PENSIONES SUPONE UN SALVAVIDAS PARA EL SISTEMA P\u00daBLICO DE REPARTO EN LOS PR\u00d3XIMOS 35 A\u00d1OS - Palomo Consultors","og_description":"Al menos, esta es una de las conclusiones que el Banco de Espa\u00f1a arroja en un informe sobre la coyuntura actual de la Seguridad Social y sus perspectivas futuras presentado este jueves. &#8220;las reformas impulsadas en 2011 y 2013 garantizan el equilibrio a largo plazo del Sistema&#8221; aunque el saneamiento de las cuentas se producir\u00e1 [&hellip;]","og_url":"https:\/\/palomo.net\/ca\/la-subida-del-025-de-las-pensiones-supone-un-salvavidas-para-el-sistema-publico-de-reparto-en-los-proximos-35-anos\/","og_site_name":"Palomo Consultors","article_published_time":"2018-04-14T15:39:57+00:00","article_modified_time":"2018-04-14T15:40:57+00:00","og_image":[{"width":770,"height":420,"url":"https:\/\/palomo.net\/wp-content\/uploads\/PENSIONES-2018.jpg","type":"image\/jpeg"}],"author":"Palomo Consultors","twitter_card":"summary_large_image","twitter_misc":{"Escrit per":"Palomo Consultors","Temps estimat de lectura":"1 minut"},"schema":{"@context":"https:\/\/schema.org","@graph":[{"@type":"Article","@id":"https:\/\/palomo.net\/ca\/la-subida-del-025-de-las-pensiones-supone-un-salvavidas-para-el-sistema-publico-de-reparto-en-los-proximos-35-anos\/#article","isPartOf":{"@id":"https:\/\/palomo.net\/ca\/la-subida-del-025-de-las-pensiones-supone-un-salvavidas-para-el-sistema-publico-de-reparto-en-los-proximos-35-anos\/"},"author":{"name":"Palomo Consultors","@id":"https:\/\/palomo.net\/#\/schema\/person\/711f80f8e4fbf3466bd3c1c42e621ece"},"headline":"LA SUBIDA DEL 0,25% DE LAS PENSIONES SUPONE UN SALVAVIDAS PARA EL SISTEMA P\u00daBLICO DE REPARTO EN LOS PR\u00d3XIMOS 35 A\u00d1OS","datePublished":"2018-04-14T15:39:57+00:00","dateModified":"2018-04-14T15:40:57+00:00","mainEntityOfPage":{"@id":"https:\/\/palomo.net\/ca\/la-subida-del-025-de-las-pensiones-supone-un-salvavidas-para-el-sistema-publico-de-reparto-en-los-proximos-35-anos\/"},"wordCount":180,"commentCount":0,"image":{"@id":"https:\/\/palomo.net\/ca\/la-subida-del-025-de-las-pensiones-supone-un-salvavidas-para-el-sistema-publico-de-reparto-en-los-proximos-35-anos\/#primaryimage"},"thumbnailUrl":"https:\/\/palomo.net\/wp-content\/uploads\/PENSIONES-2018.jpg","articleSection":["Not\u00edcies"],"inLanguage":"ca","potentialAction":[{"@type":"CommentAction","name":"Comment","target":["https:\/\/palomo.net\/ca\/la-subida-del-025-de-las-pensiones-supone-un-salvavidas-para-el-sistema-publico-de-reparto-en-los-proximos-35-anos\/#respond"]}]},{"@type":"WebPage","@id":"https:\/\/palomo.net\/ca\/la-subida-del-025-de-las-pensiones-supone-un-salvavidas-para-el-sistema-publico-de-reparto-en-los-proximos-35-anos\/","url":"https:\/\/palomo.net\/ca\/la-subida-del-025-de-las-pensiones-supone-un-salvavidas-para-el-sistema-publico-de-reparto-en-los-proximos-35-anos\/","name":"LA SUBIDA DEL 0,25% DE LAS PENSIONES SUPONE UN SALVAVIDAS PARA EL SISTEMA P\u00daBLICO DE REPARTO EN LOS PR\u00d3XIMOS 35 A\u00d1OS - Palomo Consultors","isPartOf":{"@id":"https:\/\/palomo.net\/#website"},"primaryImageOfPage":{"@id":"https:\/\/palomo.net\/ca\/la-subida-del-025-de-las-pensiones-supone-un-salvavidas-para-el-sistema-publico-de-reparto-en-los-proximos-35-anos\/#primaryimage"},"image":{"@id":"https:\/\/palomo.net\/ca\/la-subida-del-025-de-las-pensiones-supone-un-salvavidas-para-el-sistema-publico-de-reparto-en-los-proximos-35-anos\/#primaryimage"},"thumbnailUrl":"https:\/\/palomo.net\/wp-content\/uploads\/PENSIONES-2018.jpg","datePublished":"2018-04-14T15:39:57+00:00","dateModified":"2018-04-14T15:40:57+00:00","author":{"@id":"https:\/\/palomo.net\/#\/schema\/person\/711f80f8e4fbf3466bd3c1c42e621ece"},"breadcrumb":{"@id":"https:\/\/palomo.net\/ca\/la-subida-del-025-de-las-pensiones-supone-un-salvavidas-para-el-sistema-publico-de-reparto-en-los-proximos-35-anos\/#breadcrumb"},"inLanguage":"ca","potentialAction":[{"@type":"ReadAction","target":["https:\/\/palomo.net\/ca\/la-subida-del-025-de-las-pensiones-supone-un-salvavidas-para-el-sistema-publico-de-reparto-en-los-proximos-35-anos\/"]}]},{"@type":"ImageObject","inLanguage":"ca","@id":"https:\/\/palomo.net\/ca\/la-subida-del-025-de-las-pensiones-supone-un-salvavidas-para-el-sistema-publico-de-reparto-en-los-proximos-35-anos\/#primaryimage","url":"https:\/\/palomo.net\/wp-content\/uploads\/PENSIONES-2018.jpg","contentUrl":"https:\/\/palomo.net\/wp-content\/uploads\/PENSIONES-2018.jpg","width":770,"height":420},{"@type":"BreadcrumbList","@id":"https:\/\/palomo.net\/ca\/la-subida-del-025-de-las-pensiones-supone-un-salvavidas-para-el-sistema-publico-de-reparto-en-los-proximos-35-anos\/#breadcrumb","itemListElement":[{"@type":"ListItem","position":1,"name":"Portada","item":"https:\/\/palomo.net\/ca\/"},{"@type":"ListItem","position":2,"name":"LA SUBIDA DEL 0,25% DE LAS PENSIONES SUPONE UN SALVAVIDAS PARA EL SISTEMA P\u00daBLICO DE REPARTO EN LOS PR\u00d3XIMOS 35 A\u00d1OS"}]},{"@type":"WebSite","@id":"https:\/\/palomo.net\/#website","url":"https:\/\/palomo.net\/","name":"Palomo Consultors","description":"Assessors Laborales d&#039; Empresas","potentialAction":[{"@type":"SearchAction","target":{"@type":"EntryPoint","urlTemplate":"https:\/\/palomo.net\/?s={search_term_string}"},"query-input":{"@type":"PropertyValueSpecification","valueRequired":true,"valueName":"search_term_string"}}],"inLanguage":"ca"},{"@type":"Person","@id":"https:\/\/palomo.net\/#\/schema\/person\/711f80f8e4fbf3466bd3c1c42e621ece","name":"Palomo Consultors","url":"https:\/\/palomo.net\/ca\/author\/pl0mo\/"}]}},"_links":{"self":[{"href":"https:\/\/palomo.net\/ca\/wp-json\/wp\/v2\/posts\/8657\/"}],"collection":[{"href":"https:\/\/palomo.net\/ca\/wp-json\/wp\/v2\/posts\/"}],"about":[{"href":"https:\/\/palomo.net\/ca\/wp-json\/wp\/v2\/types\/post\/"}],"author":[{"embeddable":true,"href":"https:\/\/palomo.net\/ca\/wp-json\/wp\/v2\/users\/4\/"}],"replies":[{"embeddable":true,"href":"https:\/\/palomo.net\/ca\/wp-json\/wp\/v2\/comments\/?post=8657"}],"version-history":[{"count":1,"href":"https:\/\/palomo.net\/ca\/wp-json\/wp\/v2\/posts\/8657\/revisions\/"}],"predecessor-version":[{"id":8659,"href":"https:\/\/palomo.net\/ca\/wp-json\/wp\/v2\/posts\/8657\/revisions\/8659\/"}],"wp:featuredmedia":[{"embeddable":true,"href":"https:\/\/palomo.net\/ca\/wp-json\/wp\/v2\/media\/8654\/"}],"wp:attachment":[{"href":"https:\/\/palomo.net\/ca\/wp-json\/wp\/v2\/media\/?parent=8657"}],"wp:term":[{"taxonomy":"category","embeddable":true,"href":"https:\/\/palomo.net\/ca\/wp-json\/wp\/v2\/categories\/?post=8657"},{"taxonomy":"post_tag","embeddable":true,"href":"https:\/\/palomo.net\/ca\/wp-json\/wp\/v2\/tags\/?post=8657"}],"curies":[{"name":"wp","href":"https:\/\/api.w.org\/{rel}","templated":true}]}}