{"id":8674,"date":"2018-04-18T11:26:54","date_gmt":"2018-04-18T09:26:54","guid":{"rendered":"http:\/\/palomo.net\/el-mercado-laboral-ha-crecido-con-fuerza-durante-los-ultimos-anos\/"},"modified":"2018-04-18T11:26:54","modified_gmt":"2018-04-18T09:26:54","slug":"el-mercado-laboral-ha-crecido-con-fuerza-durante-los-ultimos-anos","status":"publish","type":"post","link":"https:\/\/palomo.net\/ca\/el-mercado-laboral-ha-crecido-con-fuerza-durante-los-ultimos-anos\/","title":{"rendered":"EL MERCADO LABORAL HA CRECIDO CON FUERZA DURANTE LOS \u00daLTIMOS A\u00d1OS"},"content":{"rendered":"<p>El <strong>mercado laboral<\/strong> ha crecido con fuerza durante los \u00faltimos a\u00f1os, pero todav\u00eda no ha recuperado los niveles previos al estallido de la crisis. Sin embargo,<strong> m\u00e1s de cuarenta sectores ya se sit\u00faan en positivo.<\/strong> Los servicios de comidas y bebidas sufrieron un peque\u00f1o baj\u00f3n durante la crisis, pero recuperaron los niveles previos al estallido de la recesi\u00f3n ya en 2014, gracias al cambio en los patrones de consumo y al fuerte incremento del turismo, con 81,8 millones de visitantes extranjeros.<\/p>\n<p><strong>Las actividades de las sedes centrales y la consultor\u00eda de la gesti\u00f3n empresarial est\u00e1n ganando peso en el mercado laboral y pr\u00e1cticamente duplican las cifras registradas antes de la crisis.<\/strong> En concreto, el n\u00famero de personas ocupadas en este sector ha pasado de 70.000 en el cuarto trimestre de 2008 a 127.100 en el mismo periodo del a\u00f1o anterior, de acuerdo con las cifras del Instituto Nacional de Estad\u00edstica. No obstante, esta rama de actividad ha sufrido un ligero rev\u00e9s el pasado ejercicio, pese a la buena t\u00f3nica general del empleo, con la p\u00e9rdida de 1.600 puestos de trabajo.<\/p>\n","protected":false},"excerpt":{"rendered":"<p>El mercado laboral ha crecido con fuerza durante los \u00faltimos a\u00f1os, pero todav\u00eda no ha recuperado los niveles previos al estallido de la crisis. Sin embargo, m\u00e1s de cuarenta sectores ya se sit\u00faan en positivo. Los servicios de comidas y bebidas sufrieron un peque\u00f1o baj\u00f3n durante la crisis, pero recuperaron los niveles previos al estallido [&hellip;]<\/p>\n","protected":false},"author":4,"featured_media":8670,"comment_status":"open","ping_status":"open","sticky":false,"template":"","format":"standard","meta":{"_monsterinsights_skip_tracking":false,"_monsterinsights_sitenote_active":false,"_monsterinsights_sitenote_note":"","_monsterinsights_sitenote_category":0,"footnotes":""},"categories":[34],"tags":[],"class_list":["post-8674","post","type-post","status-publish","format-standard","has-post-thumbnail","hentry","category-noticies"],"yoast_head":"<!-- This site is optimized with the Yoast SEO plugin v27.5 - https:\/\/yoast.com\/product\/yoast-seo-wordpress\/ -->\n<title>EL MERCADO LABORAL HA CRECIDO CON FUERZA DURANTE LOS \u00daLTIMOS A\u00d1OS - Palomo Consultors<\/title>\n<meta name=\"robots\" content=\"index, follow, max-snippet:-1, max-image-preview:large, max-video-preview:-1\" \/>\n<link rel=\"canonical\" href=\"https:\/\/palomo.net\/ca\/el-mercado-laboral-ha-crecido-con-fuerza-durante-los-ultimos-anos\/\" \/>\n<meta property=\"og:locale\" content=\"ca_ES\" \/>\n<meta property=\"og:type\" content=\"article\" \/>\n<meta property=\"og:title\" content=\"EL MERCADO LABORAL HA CRECIDO CON FUERZA DURANTE LOS \u00daLTIMOS A\u00d1OS - Palomo Consultors\" \/>\n<meta property=\"og:description\" content=\"El mercado laboral ha crecido con fuerza durante los \u00faltimos a\u00f1os, pero todav\u00eda no ha recuperado los niveles previos al estallido de la crisis. Sin embargo, m\u00e1s de cuarenta sectores ya se sit\u00faan en positivo. Los servicios de comidas y bebidas sufrieron un peque\u00f1o baj\u00f3n durante la crisis, pero recuperaron los niveles previos al estallido [&hellip;]\" \/>\n<meta property=\"og:url\" content=\"https:\/\/palomo.net\/ca\/el-mercado-laboral-ha-crecido-con-fuerza-durante-los-ultimos-anos\/\" \/>\n<meta property=\"og:site_name\" content=\"Palomo Consultors\" \/>\n<meta property=\"article:published_time\" content=\"2018-04-18T09:26:54+00:00\" \/>\n<meta property=\"og:image\" content=\"https:\/\/palomo.net\/wp-content\/uploads\/MERCADO-LABORAL-1.jpg\" \/>\n\t<meta property=\"og:image:width\" content=\"310\" \/>\n\t<meta property=\"og:image:height\" content=\"163\" \/>\n\t<meta property=\"og:image:type\" content=\"image\/jpeg\" \/>\n<meta name=\"author\" content=\"Palomo Consultors\" \/>\n<meta name=\"twitter:card\" content=\"summary_large_image\" \/>\n<meta name=\"twitter:label1\" content=\"Escrit per\" \/>\n\t<meta name=\"twitter:data1\" content=\"Palomo Consultors\" \/>\n\t<meta name=\"twitter:label2\" content=\"Temps estimat de lectura\" \/>\n\t<meta name=\"twitter:data2\" content=\"1 minut\" \/>\n<script type=\"application\/ld+json\" class=\"yoast-schema-graph\">{\"@context\":\"https:\\\/\\\/schema.org\",\"@graph\":[{\"@type\":\"Article\",\"@id\":\"https:\\\/\\\/palomo.net\\\/ca\\\/el-mercado-laboral-ha-crecido-con-fuerza-durante-los-ultimos-anos\\\/#article\",\"isPartOf\":{\"@id\":\"https:\\\/\\\/palomo.net\\\/ca\\\/el-mercado-laboral-ha-crecido-con-fuerza-durante-los-ultimos-anos\\\/\"},\"author\":{\"name\":\"Palomo Consultors\",\"@id\":\"https:\\\/\\\/palomo.net\\\/#\\\/schema\\\/person\\\/711f80f8e4fbf3466bd3c1c42e621ece\"},\"headline\":\"EL MERCADO LABORAL HA CRECIDO CON FUERZA DURANTE LOS \u00daLTIMOS A\u00d1OS\",\"datePublished\":\"2018-04-18T09:26:54+00:00\",\"mainEntityOfPage\":{\"@id\":\"https:\\\/\\\/palomo.net\\\/ca\\\/el-mercado-laboral-ha-crecido-con-fuerza-durante-los-ultimos-anos\\\/\"},\"wordCount\":203,\"commentCount\":0,\"image\":{\"@id\":\"https:\\\/\\\/palomo.net\\\/ca\\\/el-mercado-laboral-ha-crecido-con-fuerza-durante-los-ultimos-anos\\\/#primaryimage\"},\"thumbnailUrl\":\"https:\\\/\\\/palomo.net\\\/wp-content\\\/uploads\\\/MERCADO-LABORAL-1.jpg\",\"articleSection\":[\"Not\u00edcies\"],\"inLanguage\":\"ca\",\"potentialAction\":[{\"@type\":\"CommentAction\",\"name\":\"Comment\",\"target\":[\"https:\\\/\\\/palomo.net\\\/ca\\\/el-mercado-laboral-ha-crecido-con-fuerza-durante-los-ultimos-anos\\\/#respond\"]}]},{\"@type\":\"WebPage\",\"@id\":\"https:\\\/\\\/palomo.net\\\/ca\\\/el-mercado-laboral-ha-crecido-con-fuerza-durante-los-ultimos-anos\\\/\",\"url\":\"https:\\\/\\\/palomo.net\\\/ca\\\/el-mercado-laboral-ha-crecido-con-fuerza-durante-los-ultimos-anos\\\/\",\"name\":\"EL MERCADO LABORAL HA CRECIDO CON FUERZA DURANTE LOS \u00daLTIMOS A\u00d1OS - Palomo Consultors\",\"isPartOf\":{\"@id\":\"https:\\\/\\\/palomo.net\\\/#website\"},\"primaryImageOfPage\":{\"@id\":\"https:\\\/\\\/palomo.net\\\/ca\\\/el-mercado-laboral-ha-crecido-con-fuerza-durante-los-ultimos-anos\\\/#primaryimage\"},\"image\":{\"@id\":\"https:\\\/\\\/palomo.net\\\/ca\\\/el-mercado-laboral-ha-crecido-con-fuerza-durante-los-ultimos-anos\\\/#primaryimage\"},\"thumbnailUrl\":\"https:\\\/\\\/palomo.net\\\/wp-content\\\/uploads\\\/MERCADO-LABORAL-1.jpg\",\"datePublished\":\"2018-04-18T09:26:54+00:00\",\"author\":{\"@id\":\"https:\\\/\\\/palomo.net\\\/#\\\/schema\\\/person\\\/711f80f8e4fbf3466bd3c1c42e621ece\"},\"breadcrumb\":{\"@id\":\"https:\\\/\\\/palomo.net\\\/ca\\\/el-mercado-laboral-ha-crecido-con-fuerza-durante-los-ultimos-anos\\\/#breadcrumb\"},\"inLanguage\":\"ca\",\"potentialAction\":[{\"@type\":\"ReadAction\",\"target\":[\"https:\\\/\\\/palomo.net\\\/ca\\\/el-mercado-laboral-ha-crecido-con-fuerza-durante-los-ultimos-anos\\\/\"]}]},{\"@type\":\"ImageObject\",\"inLanguage\":\"ca\",\"@id\":\"https:\\\/\\\/palomo.net\\\/ca\\\/el-mercado-laboral-ha-crecido-con-fuerza-durante-los-ultimos-anos\\\/#primaryimage\",\"url\":\"https:\\\/\\\/palomo.net\\\/wp-content\\\/uploads\\\/MERCADO-LABORAL-1.jpg\",\"contentUrl\":\"https:\\\/\\\/palomo.net\\\/wp-content\\\/uploads\\\/MERCADO-LABORAL-1.jpg\",\"width\":310,\"height\":163},{\"@type\":\"BreadcrumbList\",\"@id\":\"https:\\\/\\\/palomo.net\\\/ca\\\/el-mercado-laboral-ha-crecido-con-fuerza-durante-los-ultimos-anos\\\/#breadcrumb\",\"itemListElement\":[{\"@type\":\"ListItem\",\"position\":1,\"name\":\"Portada\",\"item\":\"https:\\\/\\\/palomo.net\\\/ca\\\/\"},{\"@type\":\"ListItem\",\"position\":2,\"name\":\"EL MERCADO LABORAL HA CRECIDO CON FUERZA DURANTE LOS \u00daLTIMOS A\u00d1OS\"}]},{\"@type\":\"WebSite\",\"@id\":\"https:\\\/\\\/palomo.net\\\/#website\",\"url\":\"https:\\\/\\\/palomo.net\\\/\",\"name\":\"Palomo Consultors\",\"description\":\"Assessors Laborales d&#039; Empresas\",\"potentialAction\":[{\"@type\":\"SearchAction\",\"target\":{\"@type\":\"EntryPoint\",\"urlTemplate\":\"https:\\\/\\\/palomo.net\\\/?s={search_term_string}\"},\"query-input\":{\"@type\":\"PropertyValueSpecification\",\"valueRequired\":true,\"valueName\":\"search_term_string\"}}],\"inLanguage\":\"ca\"},{\"@type\":\"Person\",\"@id\":\"https:\\\/\\\/palomo.net\\\/#\\\/schema\\\/person\\\/711f80f8e4fbf3466bd3c1c42e621ece\",\"name\":\"Palomo Consultors\",\"url\":\"https:\\\/\\\/palomo.net\\\/ca\\\/author\\\/pl0mo\\\/\"}]}<\/script>\n<!-- \/ Yoast SEO plugin. -->","yoast_head_json":{"title":"EL MERCADO LABORAL HA CRECIDO CON FUERZA DURANTE LOS \u00daLTIMOS A\u00d1OS - Palomo Consultors","robots":{"index":"index","follow":"follow","max-snippet":"max-snippet:-1","max-image-preview":"max-image-preview:large","max-video-preview":"max-video-preview:-1"},"canonical":"https:\/\/palomo.net\/ca\/el-mercado-laboral-ha-crecido-con-fuerza-durante-los-ultimos-anos\/","og_locale":"ca_ES","og_type":"article","og_title":"EL MERCADO LABORAL HA CRECIDO CON FUERZA DURANTE LOS \u00daLTIMOS A\u00d1OS - Palomo Consultors","og_description":"El mercado laboral ha crecido con fuerza durante los \u00faltimos a\u00f1os, pero todav\u00eda no ha recuperado los niveles previos al estallido de la crisis. Sin embargo, m\u00e1s de cuarenta sectores ya se sit\u00faan en positivo. Los servicios de comidas y bebidas sufrieron un peque\u00f1o baj\u00f3n durante la crisis, pero recuperaron los niveles previos al estallido [&hellip;]","og_url":"https:\/\/palomo.net\/ca\/el-mercado-laboral-ha-crecido-con-fuerza-durante-los-ultimos-anos\/","og_site_name":"Palomo Consultors","article_published_time":"2018-04-18T09:26:54+00:00","og_image":[{"width":310,"height":163,"url":"https:\/\/palomo.net\/wp-content\/uploads\/MERCADO-LABORAL-1.jpg","type":"image\/jpeg"}],"author":"Palomo Consultors","twitter_card":"summary_large_image","twitter_misc":{"Escrit per":"Palomo Consultors","Temps estimat de lectura":"1 minut"},"schema":{"@context":"https:\/\/schema.org","@graph":[{"@type":"Article","@id":"https:\/\/palomo.net\/ca\/el-mercado-laboral-ha-crecido-con-fuerza-durante-los-ultimos-anos\/#article","isPartOf":{"@id":"https:\/\/palomo.net\/ca\/el-mercado-laboral-ha-crecido-con-fuerza-durante-los-ultimos-anos\/"},"author":{"name":"Palomo Consultors","@id":"https:\/\/palomo.net\/#\/schema\/person\/711f80f8e4fbf3466bd3c1c42e621ece"},"headline":"EL MERCADO LABORAL HA CRECIDO CON FUERZA DURANTE LOS \u00daLTIMOS A\u00d1OS","datePublished":"2018-04-18T09:26:54+00:00","mainEntityOfPage":{"@id":"https:\/\/palomo.net\/ca\/el-mercado-laboral-ha-crecido-con-fuerza-durante-los-ultimos-anos\/"},"wordCount":203,"commentCount":0,"image":{"@id":"https:\/\/palomo.net\/ca\/el-mercado-laboral-ha-crecido-con-fuerza-durante-los-ultimos-anos\/#primaryimage"},"thumbnailUrl":"https:\/\/palomo.net\/wp-content\/uploads\/MERCADO-LABORAL-1.jpg","articleSection":["Not\u00edcies"],"inLanguage":"ca","potentialAction":[{"@type":"CommentAction","name":"Comment","target":["https:\/\/palomo.net\/ca\/el-mercado-laboral-ha-crecido-con-fuerza-durante-los-ultimos-anos\/#respond"]}]},{"@type":"WebPage","@id":"https:\/\/palomo.net\/ca\/el-mercado-laboral-ha-crecido-con-fuerza-durante-los-ultimos-anos\/","url":"https:\/\/palomo.net\/ca\/el-mercado-laboral-ha-crecido-con-fuerza-durante-los-ultimos-anos\/","name":"EL MERCADO LABORAL HA CRECIDO CON FUERZA DURANTE LOS \u00daLTIMOS A\u00d1OS - Palomo Consultors","isPartOf":{"@id":"https:\/\/palomo.net\/#website"},"primaryImageOfPage":{"@id":"https:\/\/palomo.net\/ca\/el-mercado-laboral-ha-crecido-con-fuerza-durante-los-ultimos-anos\/#primaryimage"},"image":{"@id":"https:\/\/palomo.net\/ca\/el-mercado-laboral-ha-crecido-con-fuerza-durante-los-ultimos-anos\/#primaryimage"},"thumbnailUrl":"https:\/\/palomo.net\/wp-content\/uploads\/MERCADO-LABORAL-1.jpg","datePublished":"2018-04-18T09:26:54+00:00","author":{"@id":"https:\/\/palomo.net\/#\/schema\/person\/711f80f8e4fbf3466bd3c1c42e621ece"},"breadcrumb":{"@id":"https:\/\/palomo.net\/ca\/el-mercado-laboral-ha-crecido-con-fuerza-durante-los-ultimos-anos\/#breadcrumb"},"inLanguage":"ca","potentialAction":[{"@type":"ReadAction","target":["https:\/\/palomo.net\/ca\/el-mercado-laboral-ha-crecido-con-fuerza-durante-los-ultimos-anos\/"]}]},{"@type":"ImageObject","inLanguage":"ca","@id":"https:\/\/palomo.net\/ca\/el-mercado-laboral-ha-crecido-con-fuerza-durante-los-ultimos-anos\/#primaryimage","url":"https:\/\/palomo.net\/wp-content\/uploads\/MERCADO-LABORAL-1.jpg","contentUrl":"https:\/\/palomo.net\/wp-content\/uploads\/MERCADO-LABORAL-1.jpg","width":310,"height":163},{"@type":"BreadcrumbList","@id":"https:\/\/palomo.net\/ca\/el-mercado-laboral-ha-crecido-con-fuerza-durante-los-ultimos-anos\/#breadcrumb","itemListElement":[{"@type":"ListItem","position":1,"name":"Portada","item":"https:\/\/palomo.net\/ca\/"},{"@type":"ListItem","position":2,"name":"EL MERCADO LABORAL HA CRECIDO CON FUERZA DURANTE LOS \u00daLTIMOS A\u00d1OS"}]},{"@type":"WebSite","@id":"https:\/\/palomo.net\/#website","url":"https:\/\/palomo.net\/","name":"Palomo Consultors","description":"Assessors Laborales d&#039; Empresas","potentialAction":[{"@type":"SearchAction","target":{"@type":"EntryPoint","urlTemplate":"https:\/\/palomo.net\/?s={search_term_string}"},"query-input":{"@type":"PropertyValueSpecification","valueRequired":true,"valueName":"search_term_string"}}],"inLanguage":"ca"},{"@type":"Person","@id":"https:\/\/palomo.net\/#\/schema\/person\/711f80f8e4fbf3466bd3c1c42e621ece","name":"Palomo Consultors","url":"https:\/\/palomo.net\/ca\/author\/pl0mo\/"}]}},"_links":{"self":[{"href":"https:\/\/palomo.net\/ca\/wp-json\/wp\/v2\/posts\/8674\/"}],"collection":[{"href":"https:\/\/palomo.net\/ca\/wp-json\/wp\/v2\/posts\/"}],"about":[{"href":"https:\/\/palomo.net\/ca\/wp-json\/wp\/v2\/types\/post\/"}],"author":[{"embeddable":true,"href":"https:\/\/palomo.net\/ca\/wp-json\/wp\/v2\/users\/4\/"}],"replies":[{"embeddable":true,"href":"https:\/\/palomo.net\/ca\/wp-json\/wp\/v2\/comments\/?post=8674"}],"version-history":[{"count":0,"href":"https:\/\/palomo.net\/ca\/wp-json\/wp\/v2\/posts\/8674\/revisions\/"}],"wp:featuredmedia":[{"embeddable":true,"href":"https:\/\/palomo.net\/ca\/wp-json\/wp\/v2\/media\/8670\/"}],"wp:attachment":[{"href":"https:\/\/palomo.net\/ca\/wp-json\/wp\/v2\/media\/?parent=8674"}],"wp:term":[{"taxonomy":"category","embeddable":true,"href":"https:\/\/palomo.net\/ca\/wp-json\/wp\/v2\/categories\/?post=8674"},{"taxonomy":"post_tag","embeddable":true,"href":"https:\/\/palomo.net\/ca\/wp-json\/wp\/v2\/tags\/?post=8674"}],"curies":[{"name":"wp","href":"https:\/\/api.w.org\/{rel}","templated":true}]}}