{"id":8719,"date":"2018-05-02T18:35:30","date_gmt":"2018-05-02T16:35:30","guid":{"rendered":"http:\/\/palomo.net\/forum-docupacio-captacio-i-retencio-de-talent-a-les-terres-de-lebre\/"},"modified":"2018-05-16T13:24:43","modified_gmt":"2018-05-16T11:24:43","slug":"forum-docupacio-captacio-i-retencio-de-talent-a-les-terres-de-lebre","status":"publish","type":"post","link":"https:\/\/palomo.net\/ca\/forum-docupacio-captacio-i-retencio-de-talent-a-les-terres-de-lebre\/","title":{"rendered":"VI F\u00d2RUM D&#8217;OCUPACI\u00d3 URV. CAPTACI\u00d3 I RETENCI\u00d3 DE TALENT A LES TERRES DE L&#8217;EBRE"},"content":{"rendered":"<p>Un any m\u00e9s, Palomo Consultors SL va estar present al <strong>VI\u00a0F\u00d2RUM D&#8217;OCUPACI\u00d3<\/strong>\u00a0<strong>URV<\/strong>, organitzat per la Cambra Oficial de Comer\u00e7, Ind\u00fastria i Navegaci\u00f3 de Tortosa, el Campus Terres de l&#8217;Ebre de la Universitat Rovira i Virgili, IES de l&#8217;Ebre i IDECE.<\/p>\n<p>L\u2019objectiu d\u2019aquest F\u00f2rum d\u2019Ocupaci\u00f3 \u00e9s <strong>crear un punt de trobada entre els demandants d\u2019ocupaci\u00f3 i aquelles empreses que busquen nous professionals i talents<\/strong> per a incorporar a la seua plantilla, acostant aix\u00ed ambdues parts que conformen el mercat laboral.<\/p>\n<p>Amb aquest F\u00f2rum d\u2019Ocupaci\u00f3 <strong>es pret\u00e9n dinamitzar l\u2019ocupaci\u00f3 a les Terres de l&#8217;Ebre i fer possible que l\u2019etapa de transici\u00f3 entre la situaci\u00f3 de desocupaci\u00f3 i la reincorporaci\u00f3 al sector professional<\/strong> es realitzi de la manera m\u00e9s eficient i efectiva possible.<\/p>\n<p>Des del <strong>DEPARTAMENT DE RRHH i SELECCI\u00d3 DE PERSONAL de Palomo Consultors, SL<\/strong>, pensem que \u00e9s una oportunitat per a captar el talent, aix\u00ed com per ajudar a\u00a0cobrir les necessitats de personal dels nostres clients, les empreses.<\/p>\n<p>Es tracta d&#8217;una actuaci\u00f3 cofinan\u00e7ada pel Fons Social Europeu i per la Iniciativa d&#8217;Ocupaci\u00f3 Juvenil a trav\u00e9s del Programa Operatiu d&#8217;Ocupaci\u00f3 Juvenil 2014-2020 &#8221;<\/p>\n<p>&nbsp;<\/p>\n<h3>INFORMACI\u00d3 GENERAL<\/h3>\n<p>El F\u00f2rum est\u00e0 adre\u00e7at a tots els estudiants de la Universitat Rovira i Virgili i a les persones que actualment estan a la reserca d\u2019ocupaci\u00f3, especialment en llocs qualificats.\u00a0<strong>L&#8217;acc\u00e9s \u00e9s lliure<\/strong>.<\/p>\n<p>Al F\u00f2rum estan representats diversos sectors econ\u00f2mics. Independentment del sector econ\u00f2mic a qu\u00e8 pertanyin, s\u00f3n grans empreses que disposen d&#8217;una \u00e0mplia plantilla, amb perfils professionals de diverses disciplines acad\u00e8miques.<\/p>\n<p>Per tant,\u00a0<strong>qualsevol dels estands pot ser interessant de visitar, independentment del teu ensenyament o formaci\u00f3<\/strong>.<\/p>\n<p>\u00c9s unaoportunitat d&#8217;intercanviar impressions amb els t\u00e8cnics responsables dels recursos humans de les empreses participants:<\/p>\n<ul>\n<li class=\"first\">Es podencon\u00e8ixer empreses i entitats importants que busquen\u00a0<strong>professionals qualificats.<\/strong><\/li>\n<li>Tensacc\u00e9s a les\u00a0<strong>ofertes de treball<\/strong>\u00a0que ofereixen.<\/li>\n<li>Pots lliurar el teu\u00a0<strong>curr\u00edculum\u00a0<\/strong>directament als t\u00e8cnics de recursos humans de les empreses.<\/li>\n<li>Rebs orientaci\u00f3 sobre els perfils professionals m\u00e9s sol\u00b7licitats a cada empresa i les\u00a0<strong>carreres professionals<\/strong>\u00a0que pots desenvolupar.<\/li>\n<li>Obtens\u00a0<strong>assessorament\u00a0<\/strong>sobre els mecanismes d&#8217;acc\u00e9s i les proves de selecci\u00f3.<\/li>\n<li class=\"last\">Si busques un lloc de pr\u00e0ctiques per a l&#8217;estiu o durant el curs, el F\u00f2rum \u00e9s la millor forma de con\u00e8ixer els programes de\u00a0<strong>pr\u00e0ctiques\u00a0<\/strong>de cada empresa i les places disponibles.<\/li>\n<\/ul>\n<h3>Empreses participants<\/h3>\n<p>Aquesta edici\u00f3 esta adre\u00e7ada a la major part d&#8217;ensenyaments de la URV, amb pres\u00e8ncia de tots els sectors empresarials.<\/p>\n<p><img decoding=\"async\" data-src=\"http:\/\/www.urv.cat\/media\/upload\/imatges\/campus-terres-ebre\/llistat_empreses_particpants_forum2017.png\" alt=\"\" width=\"876\" height=\"674\" src=\"data:image\/svg+xml;base64,PHN2ZyB3aWR0aD0iMSIgaGVpZ2h0PSIxIiB4bWxucz0iaHR0cDovL3d3dy53My5vcmcvMjAwMC9zdmciPjwvc3ZnPg==\" class=\"lazyload\" style=\"--smush-placeholder-width: 876px; --smush-placeholder-aspect-ratio: 876\/674;\" \/><\/p>\n<p>&nbsp;<\/p>\n<p>&nbsp;<\/p>\n","protected":false},"excerpt":{"rendered":"<p>Un any m\u00e9s, Palomo Consultors SL va estar present al VI\u00a0F\u00d2RUM D&#8217;OCUPACI\u00d3\u00a0URV, organitzat per la Cambra Oficial de Comer\u00e7, Ind\u00fastria i Navegaci\u00f3 de Tortosa, el Campus Terres de l&#8217;Ebre de la Universitat Rovira i Virgili, IES de l&#8217;Ebre i IDECE. L\u2019objectiu d\u2019aquest F\u00f2rum d\u2019Ocupaci\u00f3 \u00e9s crear un punt de trobada entre els demandants d\u2019ocupaci\u00f3 i [&hellip;]<\/p>\n","protected":false},"author":4,"featured_media":8767,"comment_status":"open","ping_status":"open","sticky":false,"template":"","format":"standard","meta":{"_monsterinsights_skip_tracking":false,"_monsterinsights_sitenote_active":false,"_monsterinsights_sitenote_note":"","_monsterinsights_sitenote_category":0,"footnotes":""},"categories":[56],"tags":[],"class_list":["post-8719","post","type-post","status-publish","format-standard","has-post-thumbnail","hentry","category-cursos-ca"],"yoast_head":"<!-- This site is optimized with the Yoast SEO plugin v27.5 - https:\/\/yoast.com\/product\/yoast-seo-wordpress\/ -->\n<title>VI F\u00d2RUM D&#039;OCUPACI\u00d3 URV. CAPTACI\u00d3 I RETENCI\u00d3 DE TALENT A LES TERRES DE L&#039;EBRE - Palomo Consultors<\/title>\n<meta name=\"robots\" content=\"index, follow, max-snippet:-1, max-image-preview:large, max-video-preview:-1\" \/>\n<link rel=\"canonical\" href=\"https:\/\/palomo.net\/ca\/forum-docupacio-captacio-i-retencio-de-talent-a-les-terres-de-lebre\/\" \/>\n<meta property=\"og:locale\" content=\"ca_ES\" \/>\n<meta property=\"og:type\" content=\"article\" \/>\n<meta property=\"og:title\" content=\"VI F\u00d2RUM D&#039;OCUPACI\u00d3 URV. CAPTACI\u00d3 I RETENCI\u00d3 DE TALENT A LES TERRES DE L&#039;EBRE - Palomo Consultors\" \/>\n<meta property=\"og:description\" content=\"Un any m\u00e9s, Palomo Consultors SL va estar present al VI\u00a0F\u00d2RUM D&#8217;OCUPACI\u00d3\u00a0URV, organitzat per la Cambra Oficial de Comer\u00e7, Ind\u00fastria i Navegaci\u00f3 de Tortosa, el Campus Terres de l&#8217;Ebre de la Universitat Rovira i Virgili, IES de l&#8217;Ebre i IDECE. L\u2019objectiu d\u2019aquest F\u00f2rum d\u2019Ocupaci\u00f3 \u00e9s crear un punt de trobada entre els demandants d\u2019ocupaci\u00f3 i [&hellip;]\" \/>\n<meta property=\"og:url\" content=\"https:\/\/palomo.net\/ca\/forum-docupacio-captacio-i-retencio-de-talent-a-les-terres-de-lebre\/\" \/>\n<meta property=\"og:site_name\" content=\"Palomo Consultors\" \/>\n<meta property=\"article:published_time\" content=\"2018-05-02T16:35:30+00:00\" \/>\n<meta property=\"article:modified_time\" content=\"2018-05-16T11:24:43+00:00\" \/>\n<meta property=\"og:image\" content=\"https:\/\/palomo.net\/wp-content\/uploads\/FORUM-2018-copia.jpg\" \/>\n\t<meta property=\"og:image:width\" content=\"3024\" \/>\n\t<meta property=\"og:image:height\" content=\"4032\" \/>\n\t<meta property=\"og:image:type\" content=\"image\/jpeg\" \/>\n<meta name=\"author\" content=\"Palomo Consultors\" \/>\n<meta name=\"twitter:card\" content=\"summary_large_image\" \/>\n<meta name=\"twitter:label1\" content=\"Escrit per\" \/>\n\t<meta name=\"twitter:data1\" content=\"Palomo Consultors\" \/>\n\t<meta name=\"twitter:label2\" content=\"Temps estimat de lectura\" \/>\n\t<meta name=\"twitter:data2\" content=\"2 minuts\" \/>\n<script type=\"application\/ld+json\" class=\"yoast-schema-graph\">{\"@context\":\"https:\\\/\\\/schema.org\",\"@graph\":[{\"@type\":\"Article\",\"@id\":\"https:\\\/\\\/palomo.net\\\/ca\\\/forum-docupacio-captacio-i-retencio-de-talent-a-les-terres-de-lebre\\\/#article\",\"isPartOf\":{\"@id\":\"https:\\\/\\\/palomo.net\\\/ca\\\/forum-docupacio-captacio-i-retencio-de-talent-a-les-terres-de-lebre\\\/\"},\"author\":{\"name\":\"Palomo Consultors\",\"@id\":\"https:\\\/\\\/palomo.net\\\/#\\\/schema\\\/person\\\/711f80f8e4fbf3466bd3c1c42e621ece\"},\"headline\":\"VI F\u00d2RUM D&#8217;OCUPACI\u00d3 URV. CAPTACI\u00d3 I RETENCI\u00d3 DE TALENT A LES TERRES DE L&#8217;EBRE\",\"datePublished\":\"2018-05-02T16:35:30+00:00\",\"dateModified\":\"2018-05-16T11:24:43+00:00\",\"mainEntityOfPage\":{\"@id\":\"https:\\\/\\\/palomo.net\\\/ca\\\/forum-docupacio-captacio-i-retencio-de-talent-a-les-terres-de-lebre\\\/\"},\"wordCount\":448,\"commentCount\":0,\"image\":{\"@id\":\"https:\\\/\\\/palomo.net\\\/ca\\\/forum-docupacio-captacio-i-retencio-de-talent-a-les-terres-de-lebre\\\/#primaryimage\"},\"thumbnailUrl\":\"https:\\\/\\\/palomo.net\\\/wp-content\\\/uploads\\\/FORUM-2018-copia.jpg\",\"articleSection\":[\"Cursos\"],\"inLanguage\":\"ca\",\"potentialAction\":[{\"@type\":\"CommentAction\",\"name\":\"Comment\",\"target\":[\"https:\\\/\\\/palomo.net\\\/ca\\\/forum-docupacio-captacio-i-retencio-de-talent-a-les-terres-de-lebre\\\/#respond\"]}]},{\"@type\":\"WebPage\",\"@id\":\"https:\\\/\\\/palomo.net\\\/ca\\\/forum-docupacio-captacio-i-retencio-de-talent-a-les-terres-de-lebre\\\/\",\"url\":\"https:\\\/\\\/palomo.net\\\/ca\\\/forum-docupacio-captacio-i-retencio-de-talent-a-les-terres-de-lebre\\\/\",\"name\":\"VI F\u00d2RUM D'OCUPACI\u00d3 URV. CAPTACI\u00d3 I RETENCI\u00d3 DE TALENT A LES TERRES DE L'EBRE - Palomo Consultors\",\"isPartOf\":{\"@id\":\"https:\\\/\\\/palomo.net\\\/#website\"},\"primaryImageOfPage\":{\"@id\":\"https:\\\/\\\/palomo.net\\\/ca\\\/forum-docupacio-captacio-i-retencio-de-talent-a-les-terres-de-lebre\\\/#primaryimage\"},\"image\":{\"@id\":\"https:\\\/\\\/palomo.net\\\/ca\\\/forum-docupacio-captacio-i-retencio-de-talent-a-les-terres-de-lebre\\\/#primaryimage\"},\"thumbnailUrl\":\"https:\\\/\\\/palomo.net\\\/wp-content\\\/uploads\\\/FORUM-2018-copia.jpg\",\"datePublished\":\"2018-05-02T16:35:30+00:00\",\"dateModified\":\"2018-05-16T11:24:43+00:00\",\"author\":{\"@id\":\"https:\\\/\\\/palomo.net\\\/#\\\/schema\\\/person\\\/711f80f8e4fbf3466bd3c1c42e621ece\"},\"breadcrumb\":{\"@id\":\"https:\\\/\\\/palomo.net\\\/ca\\\/forum-docupacio-captacio-i-retencio-de-talent-a-les-terres-de-lebre\\\/#breadcrumb\"},\"inLanguage\":\"ca\",\"potentialAction\":[{\"@type\":\"ReadAction\",\"target\":[\"https:\\\/\\\/palomo.net\\\/ca\\\/forum-docupacio-captacio-i-retencio-de-talent-a-les-terres-de-lebre\\\/\"]}]},{\"@type\":\"ImageObject\",\"inLanguage\":\"ca\",\"@id\":\"https:\\\/\\\/palomo.net\\\/ca\\\/forum-docupacio-captacio-i-retencio-de-talent-a-les-terres-de-lebre\\\/#primaryimage\",\"url\":\"https:\\\/\\\/palomo.net\\\/wp-content\\\/uploads\\\/FORUM-2018-copia.jpg\",\"contentUrl\":\"https:\\\/\\\/palomo.net\\\/wp-content\\\/uploads\\\/FORUM-2018-copia.jpg\",\"width\":3024,\"height\":4032},{\"@type\":\"BreadcrumbList\",\"@id\":\"https:\\\/\\\/palomo.net\\\/ca\\\/forum-docupacio-captacio-i-retencio-de-talent-a-les-terres-de-lebre\\\/#breadcrumb\",\"itemListElement\":[{\"@type\":\"ListItem\",\"position\":1,\"name\":\"Portada\",\"item\":\"https:\\\/\\\/palomo.net\\\/ca\\\/\"},{\"@type\":\"ListItem\",\"position\":2,\"name\":\"VI F\u00d2RUM D&#8217;OCUPACI\u00d3 URV. CAPTACI\u00d3 I RETENCI\u00d3 DE TALENT A LES TERRES DE L&#8217;EBRE\"}]},{\"@type\":\"WebSite\",\"@id\":\"https:\\\/\\\/palomo.net\\\/#website\",\"url\":\"https:\\\/\\\/palomo.net\\\/\",\"name\":\"Palomo Consultors\",\"description\":\"Assessors Laborales d&#039; Empresas\",\"potentialAction\":[{\"@type\":\"SearchAction\",\"target\":{\"@type\":\"EntryPoint\",\"urlTemplate\":\"https:\\\/\\\/palomo.net\\\/?s={search_term_string}\"},\"query-input\":{\"@type\":\"PropertyValueSpecification\",\"valueRequired\":true,\"valueName\":\"search_term_string\"}}],\"inLanguage\":\"ca\"},{\"@type\":\"Person\",\"@id\":\"https:\\\/\\\/palomo.net\\\/#\\\/schema\\\/person\\\/711f80f8e4fbf3466bd3c1c42e621ece\",\"name\":\"Palomo Consultors\",\"url\":\"https:\\\/\\\/palomo.net\\\/ca\\\/author\\\/pl0mo\\\/\"}]}<\/script>\n<!-- \/ Yoast SEO plugin. -->","yoast_head_json":{"title":"VI F\u00d2RUM D'OCUPACI\u00d3 URV. CAPTACI\u00d3 I RETENCI\u00d3 DE TALENT A LES TERRES DE L'EBRE - Palomo Consultors","robots":{"index":"index","follow":"follow","max-snippet":"max-snippet:-1","max-image-preview":"max-image-preview:large","max-video-preview":"max-video-preview:-1"},"canonical":"https:\/\/palomo.net\/ca\/forum-docupacio-captacio-i-retencio-de-talent-a-les-terres-de-lebre\/","og_locale":"ca_ES","og_type":"article","og_title":"VI F\u00d2RUM D'OCUPACI\u00d3 URV. CAPTACI\u00d3 I RETENCI\u00d3 DE TALENT A LES TERRES DE L'EBRE - Palomo Consultors","og_description":"Un any m\u00e9s, Palomo Consultors SL va estar present al VI\u00a0F\u00d2RUM D&#8217;OCUPACI\u00d3\u00a0URV, organitzat per la Cambra Oficial de Comer\u00e7, Ind\u00fastria i Navegaci\u00f3 de Tortosa, el Campus Terres de l&#8217;Ebre de la Universitat Rovira i Virgili, IES de l&#8217;Ebre i IDECE. L\u2019objectiu d\u2019aquest F\u00f2rum d\u2019Ocupaci\u00f3 \u00e9s crear un punt de trobada entre els demandants d\u2019ocupaci\u00f3 i [&hellip;]","og_url":"https:\/\/palomo.net\/ca\/forum-docupacio-captacio-i-retencio-de-talent-a-les-terres-de-lebre\/","og_site_name":"Palomo Consultors","article_published_time":"2018-05-02T16:35:30+00:00","article_modified_time":"2018-05-16T11:24:43+00:00","og_image":[{"width":3024,"height":4032,"url":"https:\/\/palomo.net\/wp-content\/uploads\/FORUM-2018-copia.jpg","type":"image\/jpeg"}],"author":"Palomo Consultors","twitter_card":"summary_large_image","twitter_misc":{"Escrit per":"Palomo Consultors","Temps estimat de lectura":"2 minuts"},"schema":{"@context":"https:\/\/schema.org","@graph":[{"@type":"Article","@id":"https:\/\/palomo.net\/ca\/forum-docupacio-captacio-i-retencio-de-talent-a-les-terres-de-lebre\/#article","isPartOf":{"@id":"https:\/\/palomo.net\/ca\/forum-docupacio-captacio-i-retencio-de-talent-a-les-terres-de-lebre\/"},"author":{"name":"Palomo Consultors","@id":"https:\/\/palomo.net\/#\/schema\/person\/711f80f8e4fbf3466bd3c1c42e621ece"},"headline":"VI F\u00d2RUM D&#8217;OCUPACI\u00d3 URV. CAPTACI\u00d3 I RETENCI\u00d3 DE TALENT A LES TERRES DE L&#8217;EBRE","datePublished":"2018-05-02T16:35:30+00:00","dateModified":"2018-05-16T11:24:43+00:00","mainEntityOfPage":{"@id":"https:\/\/palomo.net\/ca\/forum-docupacio-captacio-i-retencio-de-talent-a-les-terres-de-lebre\/"},"wordCount":448,"commentCount":0,"image":{"@id":"https:\/\/palomo.net\/ca\/forum-docupacio-captacio-i-retencio-de-talent-a-les-terres-de-lebre\/#primaryimage"},"thumbnailUrl":"https:\/\/palomo.net\/wp-content\/uploads\/FORUM-2018-copia.jpg","articleSection":["Cursos"],"inLanguage":"ca","potentialAction":[{"@type":"CommentAction","name":"Comment","target":["https:\/\/palomo.net\/ca\/forum-docupacio-captacio-i-retencio-de-talent-a-les-terres-de-lebre\/#respond"]}]},{"@type":"WebPage","@id":"https:\/\/palomo.net\/ca\/forum-docupacio-captacio-i-retencio-de-talent-a-les-terres-de-lebre\/","url":"https:\/\/palomo.net\/ca\/forum-docupacio-captacio-i-retencio-de-talent-a-les-terres-de-lebre\/","name":"VI F\u00d2RUM D'OCUPACI\u00d3 URV. CAPTACI\u00d3 I RETENCI\u00d3 DE TALENT A LES TERRES DE L'EBRE - Palomo Consultors","isPartOf":{"@id":"https:\/\/palomo.net\/#website"},"primaryImageOfPage":{"@id":"https:\/\/palomo.net\/ca\/forum-docupacio-captacio-i-retencio-de-talent-a-les-terres-de-lebre\/#primaryimage"},"image":{"@id":"https:\/\/palomo.net\/ca\/forum-docupacio-captacio-i-retencio-de-talent-a-les-terres-de-lebre\/#primaryimage"},"thumbnailUrl":"https:\/\/palomo.net\/wp-content\/uploads\/FORUM-2018-copia.jpg","datePublished":"2018-05-02T16:35:30+00:00","dateModified":"2018-05-16T11:24:43+00:00","author":{"@id":"https:\/\/palomo.net\/#\/schema\/person\/711f80f8e4fbf3466bd3c1c42e621ece"},"breadcrumb":{"@id":"https:\/\/palomo.net\/ca\/forum-docupacio-captacio-i-retencio-de-talent-a-les-terres-de-lebre\/#breadcrumb"},"inLanguage":"ca","potentialAction":[{"@type":"ReadAction","target":["https:\/\/palomo.net\/ca\/forum-docupacio-captacio-i-retencio-de-talent-a-les-terres-de-lebre\/"]}]},{"@type":"ImageObject","inLanguage":"ca","@id":"https:\/\/palomo.net\/ca\/forum-docupacio-captacio-i-retencio-de-talent-a-les-terres-de-lebre\/#primaryimage","url":"https:\/\/palomo.net\/wp-content\/uploads\/FORUM-2018-copia.jpg","contentUrl":"https:\/\/palomo.net\/wp-content\/uploads\/FORUM-2018-copia.jpg","width":3024,"height":4032},{"@type":"BreadcrumbList","@id":"https:\/\/palomo.net\/ca\/forum-docupacio-captacio-i-retencio-de-talent-a-les-terres-de-lebre\/#breadcrumb","itemListElement":[{"@type":"ListItem","position":1,"name":"Portada","item":"https:\/\/palomo.net\/ca\/"},{"@type":"ListItem","position":2,"name":"VI F\u00d2RUM D&#8217;OCUPACI\u00d3 URV. CAPTACI\u00d3 I RETENCI\u00d3 DE TALENT A LES TERRES DE L&#8217;EBRE"}]},{"@type":"WebSite","@id":"https:\/\/palomo.net\/#website","url":"https:\/\/palomo.net\/","name":"Palomo Consultors","description":"Assessors Laborales d&#039; Empresas","potentialAction":[{"@type":"SearchAction","target":{"@type":"EntryPoint","urlTemplate":"https:\/\/palomo.net\/?s={search_term_string}"},"query-input":{"@type":"PropertyValueSpecification","valueRequired":true,"valueName":"search_term_string"}}],"inLanguage":"ca"},{"@type":"Person","@id":"https:\/\/palomo.net\/#\/schema\/person\/711f80f8e4fbf3466bd3c1c42e621ece","name":"Palomo Consultors","url":"https:\/\/palomo.net\/ca\/author\/pl0mo\/"}]}},"_links":{"self":[{"href":"https:\/\/palomo.net\/ca\/wp-json\/wp\/v2\/posts\/8719\/"}],"collection":[{"href":"https:\/\/palomo.net\/ca\/wp-json\/wp\/v2\/posts\/"}],"about":[{"href":"https:\/\/palomo.net\/ca\/wp-json\/wp\/v2\/types\/post\/"}],"author":[{"embeddable":true,"href":"https:\/\/palomo.net\/ca\/wp-json\/wp\/v2\/users\/4\/"}],"replies":[{"embeddable":true,"href":"https:\/\/palomo.net\/ca\/wp-json\/wp\/v2\/comments\/?post=8719"}],"version-history":[{"count":5,"href":"https:\/\/palomo.net\/ca\/wp-json\/wp\/v2\/posts\/8719\/revisions\/"}],"predecessor-version":[{"id":8769,"href":"https:\/\/palomo.net\/ca\/wp-json\/wp\/v2\/posts\/8719\/revisions\/8769\/"}],"wp:featuredmedia":[{"embeddable":true,"href":"https:\/\/palomo.net\/ca\/wp-json\/wp\/v2\/media\/8767\/"}],"wp:attachment":[{"href":"https:\/\/palomo.net\/ca\/wp-json\/wp\/v2\/media\/?parent=8719"}],"wp:term":[{"taxonomy":"category","embeddable":true,"href":"https:\/\/palomo.net\/ca\/wp-json\/wp\/v2\/categories\/?post=8719"},{"taxonomy":"post_tag","embeddable":true,"href":"https:\/\/palomo.net\/ca\/wp-json\/wp\/v2\/tags\/?post=8719"}],"curies":[{"name":"wp","href":"https:\/\/api.w.org\/{rel}","templated":true}]}}