{"id":9393,"date":"2018-09-19T14:28:14","date_gmt":"2018-09-19T12:28:14","guid":{"rendered":"http:\/\/palomo.net\/desde-el-dia-1-de-octubre-los-trabajadores-autonomos-deben-realizar-sus-tramites-por-via-electronica-incluida-la-recepcion-y-firma-de-notificaciones\/"},"modified":"2018-09-19T14:28:14","modified_gmt":"2018-09-19T12:28:14","slug":"desde-el-dia-1-de-octubre-los-trabajadores-autonomos-deben-realizar-sus-tramites-por-via-electronica-incluida-la-recepcion-y-firma-de-notificaciones","status":"publish","type":"post","link":"https:\/\/palomo.net\/ca\/desde-el-dia-1-de-octubre-los-trabajadores-autonomos-deben-realizar-sus-tramites-por-via-electronica-incluida-la-recepcion-y-firma-de-notificaciones\/","title":{"rendered":"DESDE EL D\u00cdA 1 DE OCTUBRE LOS TRABAJADORES AUT\u00d3NOMOS DEBEN REALIZAR SUS TR\u00c1MITES POR V\u00cdA ELECTR\u00d3NICA, INCLUIDA LA RECEPCI\u00d3N Y FIRMA DE NOTIFICACIONES"},"content":{"rendered":"<p>La\u00a0<u>Orden Ministerial ESS\/214\/2018, de 1 de marzo<\/u>\u00a0que modifica la\u00a0<u>Orden ESS\/484\/2013<\/u>\u00a0reguladora del <strong>Sistema de Remisi\u00f3n Electr\u00f3nica de Datos<\/strong> <strong>(Sistema RED)<\/strong> en el \u00e1mbito de la <strong>Seguridad Social<\/strong>, establece la obligatoriedad de los trabajadores por cuenta propia o aut\u00f3nomos para incorporarse a dicho Sistema. No obstante, para cumplir con esta obligaci\u00f3n el trabajador puede optar por\u00a0<strong>acogerse a este Sistema y gestionar sus tr\u00e1mites a trav\u00e9s de un autorizado Red\u00a0 o\u00a0 directamente hacer uso de los servicios electr\u00f3nicos disponibles en la Sede Electr\u00f3nica de la Seguridad Social (SEDESS).<\/strong>\u00a0La obligatoriedad se extiende a la recepci\u00f3n de las notificaciones, por lo que para su consulta y firma se deber\u00e1 acceder al servicio correspondiente en la SEDESS.<\/p>\n<p>&nbsp;<\/p>\n<p>El trabajador aut\u00f3nomo dispondr\u00e1 de un per\u00edodo transitorio de seis meses desde la entrada en vigor de la norma para que la obligaci\u00f3n del uso de medios electr\u00f3nicos sea efectiva.<\/p>\n<p>&nbsp;<\/p>\n<p><strong><u>\u00bfA qui\u00e9n afecta la Orden ESS\/214\/2018 de 1 de marzo de 2018?<\/u><\/strong><\/p>\n<p>&nbsp;<\/p>\n<p>Los colectivos afectados por lo dispuesto en la Orden Ministerial son:<\/p>\n<p>&nbsp;<\/p>\n<ul>\n<li>Los<strong> trabajadores aut\u00f3nomos<\/strong> por cuenta propia o aut\u00f3noma.<\/li>\n<li>Los trabajadores del Sistema Especial de<strong> Trabajadores Agrarios<\/strong> (SETA).<\/li>\n<li>Los trabajadores del <strong>grupo I<\/strong> del <strong>R\u00e9gimen Especial de Trabajadores del Mar<\/strong>.<\/li>\n<\/ul>\n<p><strong><u>\u00a0<\/u><\/strong><\/p>\n<p><strong><u>Si soy aut\u00f3nomo \u00bfqu\u00e9 obligaciones tengo seg\u00fan la OM ESS\/214\/2018 de 1 de marzo de 2018?<\/u><\/strong><\/p>\n<p>&nbsp;<\/p>\n<p>La Orden Ministerial establece la <strong>obligaci\u00f3n de gestionar por v\u00eda electr\u00f3nica todos los tr\u00e1mites relacionados con la afiliaci\u00f3n, la cotizaci\u00f3n y la recaudaci\u00f3n de cuotas<\/strong>. <strong>Incluye la recepci\u00f3n<\/strong>, por\u00a0 comparecencia en la SEDESS, <strong>de las notificaciones y comunicaciones de la Tesorer\u00eda General de la Seguridad Social.<\/strong><\/p>\n<p><strong><u>\u00a0<\/u><\/strong><\/p>\n<p><strong><u>\u00bfDesde qu\u00e9 momento es efectiva la obligaci\u00f3n?<\/u><\/strong><\/p>\n<p>&nbsp;<\/p>\n<p>La Orden Ministerial fija un per\u00edodo transitorio de adaptaci\u00f3n de seis meses desde su entrada en vigor. Por tanto, la obligaci\u00f3n ser\u00e1 efectiva a partir del d\u00eda\u00a0<strong>1 de octubre de 2018<\/strong>\u00a0para todos los trabajadores aut\u00f3nomos que en esa fecha se encuentren en alta en los reg\u00edmenes afectados.<\/p>\n<p>&nbsp;<\/p>\n<p>No se efectuar\u00e1 notificaci\u00f3n previa sobre la obligaci\u00f3n por correo postal.<\/p>\n<p><strong><u>\u00a0<\/u><\/strong><\/p>\n<p><strong><u>\u00bfD\u00f3nde puedo gestionar mis tr\u00e1mites con la Tesorer\u00eda General de la Seguridad Social?<\/u><\/strong><\/p>\n<p>&nbsp;<\/p>\n<p>La Tesorer\u00eda General de la Seguridad Social (TGSS) dispone de dos canales electr\u00f3nicos a trav\u00e9s de los cuales el trabajador aut\u00f3nomo podr\u00e1 realizar sus gestiones:<\/p>\n<p>&nbsp;<\/p>\n<ul>\n<li>El\u00a0<u>Sistema RED (Remisi\u00f3n Electr\u00f3nica de Datos).<\/u>A trav\u00e9s de este sistema, el autorizado RED actuar\u00e1 en representaci\u00f3n del trabajador aut\u00f3nomo. En la Sede Electr\u00f3nica de la Seguridad Social (SEDESS) se encuentran ubicados los servicios que permiten la gesti\u00f3n de la\u00a0<u>asignaci\u00f3n o desasignaci\u00f3n del N\u00famero de Afiliaci\u00f3n (NAF) del trabajador aut\u00f3nomo a un autorizado RED<\/u>.<\/li>\n<\/ul>\n<p>&nbsp;<\/p>\n<ul>\n<li>La\u00a0<u>Sede Electr\u00f3nica de la Seguridad Social (SEDESS).<\/u>El trabajador aut\u00f3nomo puede realizar directamente sus tr\u00e1mites con la TGSS a trav\u00e9s de diversos servicios electr\u00f3nicos disponibles en la SEDESS. Algunos servicios permiten tambi\u00e9n la presentaci\u00f3n de solicitudes por Registro Electr\u00f3nico (RE).<\/li>\n<\/ul>\n<p>&nbsp;<\/p>\n<p><strong><u>\u00bfQu\u00e9 requisitos t\u00e9cnicos requiere mi equipo para acceder a los servicios en la SEDESS?<\/u><\/strong><\/p>\n<p>&nbsp;<\/p>\n<p>Los servicios de la SEDESS son compatibles con los Sistemas Operativos, Navegadores de internet y M\u00e1quinas virtuales que se indican en el apartado de\u00a0<u>Requisitos t\u00e9cnicos<\/u><\/p>\n<p><strong>\u00a0<\/strong><\/p>\n<p><strong><u>\u00bfQu\u00e9 necesito para poder acceder a los servicios en la SEDESS?<\/u><\/strong><\/p>\n<p><strong>\u00a0<\/strong><\/p>\n<p>Para acceder a los servicios de la SEDESS, el aut\u00f3nomo debe disponer de un sistema de autenticaci\u00f3n que garantice su identidad.<\/p>\n<p>&nbsp;<\/p>\n<p>Existen diferentes sistemas de autenticaci\u00f3n admitidos en la SEDESS que permiten el acceso a los\u00a0 servicios.<\/p>\n<p>&nbsp;<\/p>\n<ol>\n<li>El\u00a0<u>Certificado electr\u00f3nico admitido<\/u>por la Seguridad Social.\n<p>Todos los servicios dirigidos a los trabajadores aut\u00f3nomos son accesibles con este medio de autenticaci\u00f3n, incluido el <u>servicio de consulta y firma de Notificaciones Telem\u00e1ticas<\/u>. Permite adem\u00e1s la presentaci\u00f3n de solicitudes a trav\u00e9s del Registro Electr\u00f3nico.<\/li>\n<\/ol>\n<p>&nbsp;<\/p>\n<ol start=\"2\">\n<li>El\u00a0<u>DNI electr\u00f3nico<\/u>\n<p>Todos los servicios dirigidos a los trabajadores aut\u00f3nomos son accesibles con este medio de autenticaci\u00f3n, incluido el <u>servicio de consulta y firma de Notificaciones Telem\u00e1ticas<\/u>. Permite tambi\u00e9n la presentaci\u00f3n de solicitudes a trav\u00e9s del Registro Electr\u00f3nico.<\/li>\n<\/ol>\n<p>&nbsp;<\/p>\n<ol start=\"3\">\n<li>El\u00a0<u>Sistema Cl@ve<\/u><\/li>\n<\/ol>\n<p>Los servicios dirigidos a los trabajadores aut\u00f3nomos son accesibles con este Sistema de autenticaci\u00f3n que dispone de dos modalidades de uso:\u00a0<strong>Cl@ve PIN<\/strong>\u00a0y\u00a0<strong>Cl@ve Permanente<\/strong>.<\/p>\n<p>Este sistema permite el acceso al\u00a0<u>servicio de consulta y firma de Notificaciones Telem\u00e1ticas<\/u>\u00a0mediante Cl@ve Permanente (Usuario + Contrase\u00f1a) reforzado con claves de un solo uso enviadas por SMS por la Seguridad Social al tel\u00e9fono m\u00f3vil del ciudadano. Este sistema permite adem\u00e1s, el acceso a la firma en la nube.<\/p>\n<p>&nbsp;<\/p>\n<p><strong><u>\u00bfPuedo obtener un Certificado electr\u00f3nico en las Oficinas de la Seguridad Social?<\/u><\/strong><\/p>\n<p><strong>\u00a0<\/strong><\/p>\n<p>La Seguridad Social ofrece al ciudadano la posibilidad de gestionar, previa solicitud del mismo en la p\u00e1gina de la entidad: <u>https:\/\/www.sede.fnmt.gob.es\/<\/u>, la obtenci\u00f3n del\u00a0<u>certificado personal de la FNMT<\/u>,\u00a0 poniendo a su disposici\u00f3n una amplia\u00a0<u>red de oficinas<\/u>\u00a0donde poder realizar la acreditaci\u00f3n de su identidad,\u00a0<strong>paso obligatorio en el proceso de su obtenci\u00f3n.<\/strong><\/p>\n<p>&nbsp;<\/p>\n<p>Puede descargar\u00a0una\u00a0<u>gu\u00eda del proceso de obtenci\u00f3n del Certificado electr\u00f3nico<\/u>\u00a0de acceso a los servicios de la Seguridad Social en internet.<\/p>\n<p>&nbsp;<\/p>\n<p><strong><u>\u00bfQu\u00e9 es el Sistema Cl@ve y c\u00f3mo puedo registrarme?<\/u><\/strong><\/p>\n<p><strong>\u00a0<\/strong><\/p>\n<p><strong>Cl@ve<\/strong>\u00a0es un sistema de identificaci\u00f3n, autenticaci\u00f3n y firma electr\u00f3nica com\u00fan para todas las Administraciones P\u00fablicas basado en la utilizaci\u00f3n de claves concertadas previo registro del ciudadano.<\/p>\n<p>&nbsp;<\/p>\n<p>La gran ventaja de este sistema es su operatividad, ya que permite acceder desde cualquier dispositivo\u00a0 con conexi\u00f3n a internet: ordenadores, m\u00f3viles, tablets, etc. frente al Certificado Digital o el DNI electr\u00f3nico que requieren, su instalaci\u00f3n previa en los equipos y\/o un hardware espec\u00edfico que permita leer los certificados instalados en tarjetas electr\u00f3nicas.<\/p>\n<p>&nbsp;<\/p>\n<p>Este sistema de autenticaci\u00f3n actualmente no permite el acceso al servicio de Consulta y firma de Notificaciones Telem\u00e1ticas.<\/p>\n<p>&nbsp;<\/p>\n<p>Los pasos para poder usar Cl@ve en la SEDESS son:<\/p>\n<p>&nbsp;<\/p>\n<ol>\n<li><strong>Registrarse en el sistema Cl@ve\n<p><\/strong><\/li>\n<\/ol>\n<p><strong>Por v\u00eda electr\u00f3nica\u00a0<\/strong>con Certificado Digital o DNI electr\u00f3nico, a trav\u00e9s de la p\u00e1gina de\u00a0<a href=\"http:\/\/clave.gob.es\/clave_Home\/clave.html\">Cl@ve.<\/a><\/p>\n<p>&nbsp;<\/p>\n<p><strong>Presencialmente<\/strong>\u00a0en las\u00a0<u>oficinas de la Seguridad Social<\/u>\u00a0con servicio de Registro en Sistema Cl@ve.<\/p>\n<p>&nbsp;<\/p>\n<p>En ambos casos se obtiene un registro avanzado en el Sistema Cl@ve.<\/p>\n<p>&nbsp;<\/p>\n<p>Si la solicitud de Registro a trav\u00e9s de internet se realiza sin certificado digital o sin DNI electr\u00f3nico, el registro en el Sistema Cl@ve ser\u00e1 b\u00e1sico.<\/p>\n<p>&nbsp;<\/p>\n<p>&nbsp;<\/p>\n<ol start=\"2\">\n<li><strong>Activar el c\u00f3digo generado durante el proceso de registro<\/strong>:<\/li>\n<\/ol>\n<p><strong>\u00a0<\/strong><\/p>\n<p>Para completar el proceso de alta en el Sistema Cl@ve y obtener Cl@ve Permanente, ser\u00e1 necesario activar el c\u00f3digo suministrado en el acto del registro. La activaci\u00f3n puede llevarse a cabo en la SEDESS:\u00a0<u>Cl@ve: gesti\u00f3n de contrase\u00f1as<\/u>\/\u00a0<u>Activaci\u00f3n de Usuario<\/u>.<\/p>\n<p>&nbsp;<\/p>\n<p>Las\u00a0<strong>dos modalidades con las que se puede operar en el Sistema Cl@ve son:<br \/>\n<\/strong><br \/>\n<strong>Cl@ve PIN.<\/strong>\u00a0Se trata de una clave ocasional facilitada por SMS, de validez limitada en el tiempo, orientada a ciudadanos que acceden espor\u00e1dicamente a los servicios.<\/p>\n<p>&nbsp;<\/p>\n<p><strong>Cl@ve Permanente<\/strong>. Se trata de una contrase\u00f1a elegida por el propio usuario, de validez duradera en el tiempo, no ilimitada, destinada a aquellos ciudadanos que acceden habitualmente. En ocasiones, dependiendo del servicio al que se accede, est\u00e1 reforzado con una clave ocasional facilitada por SMS.<\/p>\n<p>&nbsp;<\/p>\n<p><strong><u>\u00bfQu\u00e9 servicios ofrece la TGSS a los trabajadores aut\u00f3nomos en la SEDESS?<\/u><\/strong><\/p>\n<p>&nbsp;<\/p>\n<p><strong>Los trabajadores aut\u00f3nomos cuentan con un amplio cat\u00e1logo de servicios en la SEDESS para la gesti\u00f3n de los tr\u00e1mites relacionados con la afiliaci\u00f3n y la cotizaci\u00f3n a la Seguridad Social:<\/strong><\/p>\n<p>&nbsp;<\/p>\n<ul>\n<li>Cursar el Alta en el R\u00e9gimen Especial de Trabajadores por Cuenta Propia o Aut\u00f3nomos.<\/li>\n<li>Cursar la Baja en el R\u00e9gimen Especial de Trabajadores por Cuenta Propia o Aut\u00f3nomos.<\/li>\n<li>Formular el cambio de base de cotizaci\u00f3n en el R\u00e9gimen Especial de Trabajadores por Cuenta Propia o Aut\u00f3nomos.<\/li>\n<li>Modificar la actividad en el R\u00e9gimen Especial de Trabajadores por Cuenta Propia o Aut\u00f3nomos.<\/li>\n<li>Solicitar la modificaci\u00f3n, para el a\u00f1o siguiente, de los datos d cobertura de las contingencias para la incapacidad temporal, accidentes de trabajo y enfermedad profesional, cese de actividad y Mutua, en el R\u00e9gimen Especial de Trabajadores por Cuenta Propia o Aut\u00f3nomos.<\/li>\n<li>Cursar la variaci\u00f3n de datos en el R\u00e9gimen Especial de Trabajadores por Cuenta Propia o Aut\u00f3nomos.<\/li>\n<\/ul>\n<p>&nbsp;<\/p>\n<p><strong>Adem\u00e1s, desde la SEDESS el trabajador aut\u00f3nomo puede solicitar determinados informes y certificados<\/strong>:<\/p>\n<ul>\n<li>Duplicado de la resoluci\u00f3n del alta o de la baja en el R\u00e9gimen Especial de Trabajadores por cuenta propia o Aut\u00f3nomos.<\/li>\n<li>Informe o consulta sobre las bases de cotizaci\u00f3n y las cuotas ingresadas en el R\u00e9gimen.<\/li>\n<li>Certificado de estar al corriente en las obligaciones con la Seguridad Social.<\/li>\n<li>Informe de estar al corriente en las obligaciones con la Seguridad Social.<\/li>\n<\/ul>\n<p>&nbsp;<\/p>\n<p><strong>La SEDESS dispone de otros servicios que pueden resultar de inter\u00e9s para el colectivo de trabajadores aut\u00f3nomos:<\/strong><\/p>\n<p><strong>\u00a0<\/strong><\/p>\n<ul>\n<li>Duplicado de documento de afiliaci\u00f3n<\/li>\n<li>Informe de vida laboral.<\/li>\n<li>Informe de bases de cotizaci\u00f3n.<\/li>\n<li>Domiciliaci\u00f3n en cuenta.\u00a0(Domiciliaci\u00f3n del pago de cuotas a la seguridad social)<\/li>\n<li>Cambio de domicilio.<\/li>\n<li>Comunicaci\u00f3n de tel\u00e9fono y correo electr\u00f3nico.<\/li>\n<li>Devoluci\u00f3n de ingresos de reg\u00edmenes y sistemas especiales.<\/li>\n<li>Aplazamiento en el pago de deudas a la Seguridad Social.<\/li>\n<li>Consulta de deudas y obtenci\u00f3n de documentos de ingreso.<\/li>\n<li>Pago con tarjeta de deudas con la Seguridad Social.<\/li>\n<\/ul>\n<p>&nbsp;<\/p>\n<p><strong><u>\u00bfQu\u00e9 son las Notificaciones Telem\u00e1ticas?<\/u><\/strong><\/p>\n<p><strong>\u00a0<\/strong><\/p>\n<p>A trav\u00e9s del\u00a0<u>Servicio de Consulta y Firma de Notificaciones Telem\u00e1ticas<\/u>\u00a0el trabajador aut\u00f3nomo podr\u00e1 acceder a consultar y firmar las notificaciones de los actos administrativos de la Tesorer\u00eda General de la Seguridad Social (TGSS). Tambi\u00e9n podr\u00e1 acceder y gestionar las notificaciones su\u00a0<strong>autorizado al sistema RED o, en su caso, su apoderado.<\/strong><\/p>\n<p>&nbsp;<\/p>\n<p>Entre los actos notificados a trav\u00e9s del Servicio de Notificaciones Telem\u00e1ticas, se encuentran:<\/p>\n<p>&nbsp;<\/p>\n<ul>\n<li><strong>Los del procedimiento recaudatorio<\/strong>: reclamaciones de deuda y providencias de apremio; actos del procedimiento de apremio por cuotas, conceptos de recaudaci\u00f3n conjunta y otros recursos, con los recargos e intereses correspondientes; actos del procedimiento administrativo de aplazamiento del pago de deudas con la Seguridad Social, y actos del procedimiento de devoluci\u00f3n de ingresos indebidos a la Seguridad Social.<\/li>\n<li><strong>Los actos de los procedimientos sobre moratorias y diferimientos.<\/strong><\/li>\n<li><strong>Las resoluciones de la Tesorer\u00eda General sobre actas de liquidaci\u00f3n, imposici\u00f3n de sanciones e impugnaciones.<\/strong><\/li>\n<\/ul>\n<p>&nbsp;<\/p>\n<p>Paulatinamente se incorporar\u00e1n al Servicio de Consulta y Firma de Notificaciones Telem\u00e1ticas otras notificaciones de procedimientos relacionados con la TGSS.<\/p>\n<p>&nbsp;<\/p>\n<p>Se ha de tener en cuenta adem\u00e1s que:<\/p>\n<p>&nbsp;<\/p>\n<ul>\n<li>La notificaci\u00f3n se pondr\u00e1 a disposici\u00f3n del interesado durante un plazo m\u00e1ximo de 10 d\u00edas. Transcurrido dicho plazo sin haber accedido a la notificaci\u00f3n, \u00e9sta se dar\u00e1 por efectuada.<\/li>\n<li>La TGSS remitir\u00e1 un correo electr\u00f3nico avisando de la puesta en la SEDESS de una notificaci\u00f3n telem\u00e1tica a la direcci\u00f3n que el trabajador aut\u00f3nomo haya facilitado. Puede comunicarla a trav\u00e9s del Servicio de\u00a0<u>Comunicaci\u00f3n de tel\u00e9fono y correo electr\u00f3nico<\/u>de la SEDESS.<\/li>\n<li>En caso de que el trabajador aut\u00f3nomo disponga de un autorizado RED, a \u00e9ste tambi\u00e9n se le remitir\u00e1 un aviso. El autorizado RED, al igual que el trabajador aut\u00f3nomo, podr\u00e1 acceder y firmar la notificaci\u00f3n electr\u00f3nica.<\/li>\n<li>Tambi\u00e9n es posible que el trabajador aut\u00f3nomo nombre a un apoderado a efectos de la recepci\u00f3n de las Notificaciones Telem\u00e1ticas. Para realizar este tr\u00e1mite el trabajador aut\u00f3nomo podr\u00e1 acceder al Servicio de\u00a0<u>Registro Electr\u00f3nico de Apoderamientos<\/u>de la SEDESS.<\/li>\n<\/ul>\n<p>&nbsp;<\/p>\n<p><strong><u>\u00bfQu\u00e9 Sistema de acceso se admite para la consulta y la firma de las Notificaciones Telem\u00e1ticas?<\/u><\/strong><\/p>\n<p><strong>\u00a0<\/strong><\/p>\n<p>Para poder acceder a los Servicios de\u00a0<u>Notificaciones Telem\u00e1ticas<\/u>\u00a0de la SEDESS, el trabajador aut\u00f3nomo deber\u00e1 disponer de un sistema de autenticaci\u00f3n v\u00e1lido:\u00a0<u>Certificado electr\u00f3nico admitido<\/u>\u00a0por la Seguridad Social,\u00a0<u>DNI electr\u00f3nico<\/u>\u00a0o Cl@ve Permanente (Usuario + Contrase\u00f1a).<\/p>\n<p><strong><u>\u00a0<\/u><\/strong><\/p>\n<p><strong><u>Trabajadores del Mar (cuenta propia)<\/u><\/strong><\/p>\n<p><strong>\u00a0<\/strong><\/p>\n<p><strong>Si soy aut\u00f3nomo del Mar \u00bfc\u00f3mo me afecta el contenido de la Orden ESS\/214\/2018?<\/strong><\/p>\n<p>&nbsp;<\/p>\n<p>Los trabajadores por cuenta propia encuadrados en el grupo primero de cotizaci\u00f3n, como el resto de trabajadores aut\u00f3nomos, est\u00e1n obligados a gestionar todos sus tr\u00e1mites, inclu\u00edda la recepci\u00f3n de las notificaciones, por v\u00eda electr\u00f3nica, a partir del 1 de octubre de 2018. Los trabajadores por cuenta propia encuadrados en el grupo segundo o tercero de cotizaci\u00f3n, no est\u00e1n obligados al uso de medios electr\u00f3nicos, pero podr\u00e1n acceder voluntariamente a los mismos servicios.<\/p>\n<p><strong>\u00a0<\/strong><\/p>\n<p><strong>\u00bfD\u00f3nde puedo gestionar mis tr\u00e1mites?<\/strong><\/p>\n<p>&nbsp;<\/p>\n<p>A partir del 1 de octubre de 2018, estar\u00e1n operativos los servicios en el Sistema RED. Para el uso del\u00a0<u>Sistema RED<\/u>\u00a0(Remisi\u00f3n Electr\u00f3nica de Datos), se requiere estar debidamente autorizado. Para facilitar sus gestiones, un autorizado RED podr\u00e1 actuar en representaci\u00f3n del trabajador aut\u00f3nomo del Mar a trav\u00e9s de este sistema. En la Sede Electr\u00f3nica de la Seguridad Social (SEDESS) se encuentran ubicados los servicios que permiten la gesti\u00f3n de la\u00a0<u>asignaci\u00f3n o desasignaci\u00f3n del N\u00famero de Afiliaci\u00f3n (NAF) del trabajador aut\u00f3nomo a un autorizado RED<\/u>.<\/p>\n<p>&nbsp;<\/p>\n<p>Actualmente a trav\u00e9s de los servicios disponibles en Sede Electr\u00f3nica.<\/p>\n<p>&nbsp;<\/p>\n<p>En la\u00a0<u>Sede Electr\u00f3nica de la Seguridad Social (SEDESS)<\/u>, el trabajador aut\u00f3nomo del Mar puede realizar directamente sus tr\u00e1mites a trav\u00e9s de los servicios electr\u00f3nicos disponibles, mediante la presentaci\u00f3n de solicitudes por Registro Electr\u00f3nico (RE). Para acceder al Registro Electr\u00f3nico puede emplear Certificado electr\u00f3nico y\u00a0DNI electr\u00f3nico.<\/p>\n<p>&nbsp;<\/p>\n<p>En breve, se pondr\u00e1n a disposici\u00f3n de los trabajadores por cuenta propia del R\u00e9gimen Especial de Trabajadores del Mar, servicios online similares a los existentes en la actualidad para el resto de trabajadores aut\u00f3nomos.<\/p>\n<p><strong>\u00bfC\u00f3mo puedo acceder a mis notificaciones?<\/strong><\/p>\n<p>&nbsp;<\/p>\n<p>Para la recepci\u00f3n y firma de notificaciones y comunicaciones procedentes de la Administraci\u00f3n de la Seguridad Social, se encuentran los Servicios de\u00a0<u>Notificaciones Telem\u00e1ticas<\/u>\u00a0de la SEDESS. Se debe disponer de un sistema de autenticaci\u00f3n v\u00e1lido:\u00a0<u>Certificado electr\u00f3nico admitido<\/u>\u00a0por la Seguridad Social,\u00a0<u>DNI Electr\u00f3nico<\/u>\u00a0o Cl@ve Permanente (Usuario + Contrase\u00f1a) reforzado con claves de un solo uso enviadas por SMS por la Seguridad Social al tel\u00e9fono m\u00f3vil del ciudadano. Este sistema permite adem\u00e1s, el acceso a la firma en la nube.<\/p>\n<p>&nbsp;<\/p>\n<p>A trav\u00e9s del Servicio de\u00a0<u>Consulta y Firma de Notificaciones Telem\u00e1ticas<\/u>, el trabajador por cuenta propia del Mar,\u00a0 as\u00ed como su autorizado al sistema RED o, en su caso, su apoderado, podr\u00e1n acceder y firmar las notificaciones.<\/p>\n<p>&nbsp;<\/p>\n<p><strong><u>Soporte y atenci\u00f3n<\/u><\/strong><\/p>\n<p>Sede Electr\u00f3nica<\/p>\n<p>Web de la Seguridad Social<\/p>\n<p>Tel\u00e9fono:\u00a0<strong>901 50 20 50<\/strong><\/p>\n<p>Twitter:\u00a0<a href=\"https:\/\/twitter.com\/info_TGSS\">@Info_TGSS<\/a><\/p>\n<p>Oficinas de la Seguridad Social<\/p>\n<p>Buscador de Oficinas Cercanas<\/p>\n","protected":false},"excerpt":{"rendered":"<p>La\u00a0Orden Ministerial ESS\/214\/2018, de 1 de marzo\u00a0que modifica la\u00a0Orden ESS\/484\/2013\u00a0reguladora del Sistema de Remisi\u00f3n Electr\u00f3nica de Datos (Sistema RED) en el \u00e1mbito de la Seguridad Social, establece la obligatoriedad de los trabajadores por cuenta propia o aut\u00f3nomos para incorporarse a dicho Sistema. No obstante, para cumplir con esta obligaci\u00f3n el trabajador puede optar por\u00a0acogerse a [&hellip;]<\/p>\n","protected":false},"author":4,"featured_media":9390,"comment_status":"open","ping_status":"open","sticky":false,"template":"","format":"standard","meta":{"_monsterinsights_skip_tracking":false,"_monsterinsights_sitenote_active":false,"_monsterinsights_sitenote_note":"","_monsterinsights_sitenote_category":0,"footnotes":""},"categories":[55],"tags":[],"class_list":["post-9393","post","type-post","status-publish","format-standard","has-post-thumbnail","hentry","category-blog-ca"],"yoast_head":"<!-- This site is optimized with the Yoast SEO plugin v27.5 - https:\/\/yoast.com\/product\/yoast-seo-wordpress\/ -->\n<title>DESDE EL D\u00cdA 1 DE OCTUBRE LOS TRABAJADORES AUT\u00d3NOMOS DEBEN REALIZAR SUS TR\u00c1MITES POR V\u00cdA ELECTR\u00d3NICA, INCLUIDA LA RECEPCI\u00d3N Y FIRMA DE NOTIFICACIONES - Palomo Consultors<\/title>\n<meta name=\"robots\" content=\"index, follow, max-snippet:-1, max-image-preview:large, max-video-preview:-1\" \/>\n<link rel=\"canonical\" href=\"https:\/\/palomo.net\/ca\/desde-el-dia-1-de-octubre-los-trabajadores-autonomos-deben-realizar-sus-tramites-por-via-electronica-incluida-la-recepcion-y-firma-de-notificaciones\/\" \/>\n<meta property=\"og:locale\" content=\"ca_ES\" \/>\n<meta property=\"og:type\" content=\"article\" \/>\n<meta property=\"og:title\" content=\"DESDE EL D\u00cdA 1 DE OCTUBRE LOS TRABAJADORES AUT\u00d3NOMOS DEBEN REALIZAR SUS TR\u00c1MITES POR V\u00cdA ELECTR\u00d3NICA, INCLUIDA LA RECEPCI\u00d3N Y FIRMA DE NOTIFICACIONES - Palomo Consultors\" \/>\n<meta property=\"og:description\" content=\"La\u00a0Orden Ministerial ESS\/214\/2018, de 1 de marzo\u00a0que modifica la\u00a0Orden ESS\/484\/2013\u00a0reguladora del Sistema de Remisi\u00f3n Electr\u00f3nica de Datos (Sistema RED) en el \u00e1mbito de la Seguridad Social, establece la obligatoriedad de los trabajadores por cuenta propia o aut\u00f3nomos para incorporarse a dicho Sistema. No obstante, para cumplir con esta obligaci\u00f3n el trabajador puede optar por\u00a0acogerse a [&hellip;]\" \/>\n<meta property=\"og:url\" content=\"https:\/\/palomo.net\/ca\/desde-el-dia-1-de-octubre-los-trabajadores-autonomos-deben-realizar-sus-tramites-por-via-electronica-incluida-la-recepcion-y-firma-de-notificaciones\/\" \/>\n<meta property=\"og:site_name\" content=\"Palomo Consultors\" \/>\n<meta property=\"article:published_time\" content=\"2018-09-19T12:28:14+00:00\" \/>\n<meta property=\"og:image\" content=\"https:\/\/palomo.net\/wp-content\/uploads\/aut\u00f3nomos-v\u00eda-electr\u00f3nica.jpg\" \/>\n\t<meta property=\"og:image:width\" content=\"660\" \/>\n\t<meta property=\"og:image:height\" content=\"330\" \/>\n\t<meta property=\"og:image:type\" content=\"image\/jpeg\" \/>\n<meta name=\"author\" content=\"Palomo Consultors\" \/>\n<meta name=\"twitter:card\" content=\"summary_large_image\" \/>\n<meta name=\"twitter:label1\" content=\"Escrit per\" \/>\n\t<meta name=\"twitter:data1\" content=\"Palomo Consultors\" \/>\n\t<meta name=\"twitter:label2\" content=\"Temps estimat de lectura\" \/>\n\t<meta name=\"twitter:data2\" content=\"13 minuts\" \/>\n<script type=\"application\/ld+json\" class=\"yoast-schema-graph\">{\"@context\":\"https:\\\/\\\/schema.org\",\"@graph\":[{\"@type\":\"Article\",\"@id\":\"https:\\\/\\\/palomo.net\\\/ca\\\/desde-el-dia-1-de-octubre-los-trabajadores-autonomos-deben-realizar-sus-tramites-por-via-electronica-incluida-la-recepcion-y-firma-de-notificaciones\\\/#article\",\"isPartOf\":{\"@id\":\"https:\\\/\\\/palomo.net\\\/ca\\\/desde-el-dia-1-de-octubre-los-trabajadores-autonomos-deben-realizar-sus-tramites-por-via-electronica-incluida-la-recepcion-y-firma-de-notificaciones\\\/\"},\"author\":{\"name\":\"Palomo Consultors\",\"@id\":\"https:\\\/\\\/palomo.net\\\/#\\\/schema\\\/person\\\/711f80f8e4fbf3466bd3c1c42e621ece\"},\"headline\":\"DESDE EL D\u00cdA 1 DE OCTUBRE LOS TRABAJADORES AUT\u00d3NOMOS DEBEN REALIZAR SUS TR\u00c1MITES POR V\u00cdA ELECTR\u00d3NICA, INCLUIDA LA RECEPCI\u00d3N Y FIRMA DE NOTIFICACIONES\",\"datePublished\":\"2018-09-19T12:28:14+00:00\",\"mainEntityOfPage\":{\"@id\":\"https:\\\/\\\/palomo.net\\\/ca\\\/desde-el-dia-1-de-octubre-los-trabajadores-autonomos-deben-realizar-sus-tramites-por-via-electronica-incluida-la-recepcion-y-firma-de-notificaciones\\\/\"},\"wordCount\":2625,\"commentCount\":0,\"image\":{\"@id\":\"https:\\\/\\\/palomo.net\\\/ca\\\/desde-el-dia-1-de-octubre-los-trabajadores-autonomos-deben-realizar-sus-tramites-por-via-electronica-incluida-la-recepcion-y-firma-de-notificaciones\\\/#primaryimage\"},\"thumbnailUrl\":\"https:\\\/\\\/palomo.net\\\/wp-content\\\/uploads\\\/aut\u00f3nomos-v\u00eda-electr\u00f3nica.jpg\",\"articleSection\":[\"Blog\"],\"inLanguage\":\"ca\",\"potentialAction\":[{\"@type\":\"CommentAction\",\"name\":\"Comment\",\"target\":[\"https:\\\/\\\/palomo.net\\\/ca\\\/desde-el-dia-1-de-octubre-los-trabajadores-autonomos-deben-realizar-sus-tramites-por-via-electronica-incluida-la-recepcion-y-firma-de-notificaciones\\\/#respond\"]}]},{\"@type\":\"WebPage\",\"@id\":\"https:\\\/\\\/palomo.net\\\/ca\\\/desde-el-dia-1-de-octubre-los-trabajadores-autonomos-deben-realizar-sus-tramites-por-via-electronica-incluida-la-recepcion-y-firma-de-notificaciones\\\/\",\"url\":\"https:\\\/\\\/palomo.net\\\/ca\\\/desde-el-dia-1-de-octubre-los-trabajadores-autonomos-deben-realizar-sus-tramites-por-via-electronica-incluida-la-recepcion-y-firma-de-notificaciones\\\/\",\"name\":\"DESDE EL D\u00cdA 1 DE OCTUBRE LOS TRABAJADORES AUT\u00d3NOMOS DEBEN REALIZAR SUS TR\u00c1MITES POR V\u00cdA ELECTR\u00d3NICA, INCLUIDA LA RECEPCI\u00d3N Y FIRMA DE NOTIFICACIONES - Palomo Consultors\",\"isPartOf\":{\"@id\":\"https:\\\/\\\/palomo.net\\\/#website\"},\"primaryImageOfPage\":{\"@id\":\"https:\\\/\\\/palomo.net\\\/ca\\\/desde-el-dia-1-de-octubre-los-trabajadores-autonomos-deben-realizar-sus-tramites-por-via-electronica-incluida-la-recepcion-y-firma-de-notificaciones\\\/#primaryimage\"},\"image\":{\"@id\":\"https:\\\/\\\/palomo.net\\\/ca\\\/desde-el-dia-1-de-octubre-los-trabajadores-autonomos-deben-realizar-sus-tramites-por-via-electronica-incluida-la-recepcion-y-firma-de-notificaciones\\\/#primaryimage\"},\"thumbnailUrl\":\"https:\\\/\\\/palomo.net\\\/wp-content\\\/uploads\\\/aut\u00f3nomos-v\u00eda-electr\u00f3nica.jpg\",\"datePublished\":\"2018-09-19T12:28:14+00:00\",\"author\":{\"@id\":\"https:\\\/\\\/palomo.net\\\/#\\\/schema\\\/person\\\/711f80f8e4fbf3466bd3c1c42e621ece\"},\"breadcrumb\":{\"@id\":\"https:\\\/\\\/palomo.net\\\/ca\\\/desde-el-dia-1-de-octubre-los-trabajadores-autonomos-deben-realizar-sus-tramites-por-via-electronica-incluida-la-recepcion-y-firma-de-notificaciones\\\/#breadcrumb\"},\"inLanguage\":\"ca\",\"potentialAction\":[{\"@type\":\"ReadAction\",\"target\":[\"https:\\\/\\\/palomo.net\\\/ca\\\/desde-el-dia-1-de-octubre-los-trabajadores-autonomos-deben-realizar-sus-tramites-por-via-electronica-incluida-la-recepcion-y-firma-de-notificaciones\\\/\"]}]},{\"@type\":\"ImageObject\",\"inLanguage\":\"ca\",\"@id\":\"https:\\\/\\\/palomo.net\\\/ca\\\/desde-el-dia-1-de-octubre-los-trabajadores-autonomos-deben-realizar-sus-tramites-por-via-electronica-incluida-la-recepcion-y-firma-de-notificaciones\\\/#primaryimage\",\"url\":\"https:\\\/\\\/palomo.net\\\/wp-content\\\/uploads\\\/aut\u00f3nomos-v\u00eda-electr\u00f3nica.jpg\",\"contentUrl\":\"https:\\\/\\\/palomo.net\\\/wp-content\\\/uploads\\\/aut\u00f3nomos-v\u00eda-electr\u00f3nica.jpg\",\"width\":660,\"height\":330},{\"@type\":\"BreadcrumbList\",\"@id\":\"https:\\\/\\\/palomo.net\\\/ca\\\/desde-el-dia-1-de-octubre-los-trabajadores-autonomos-deben-realizar-sus-tramites-por-via-electronica-incluida-la-recepcion-y-firma-de-notificaciones\\\/#breadcrumb\",\"itemListElement\":[{\"@type\":\"ListItem\",\"position\":1,\"name\":\"Portada\",\"item\":\"https:\\\/\\\/palomo.net\\\/ca\\\/\"},{\"@type\":\"ListItem\",\"position\":2,\"name\":\"DESDE EL D\u00cdA 1 DE OCTUBRE LOS TRABAJADORES AUT\u00d3NOMOS DEBEN REALIZAR SUS TR\u00c1MITES POR V\u00cdA ELECTR\u00d3NICA, INCLUIDA LA RECEPCI\u00d3N Y FIRMA DE NOTIFICACIONES\"}]},{\"@type\":\"WebSite\",\"@id\":\"https:\\\/\\\/palomo.net\\\/#website\",\"url\":\"https:\\\/\\\/palomo.net\\\/\",\"name\":\"Palomo Consultors\",\"description\":\"Assessors Laborales d&#039; Empresas\",\"potentialAction\":[{\"@type\":\"SearchAction\",\"target\":{\"@type\":\"EntryPoint\",\"urlTemplate\":\"https:\\\/\\\/palomo.net\\\/?s={search_term_string}\"},\"query-input\":{\"@type\":\"PropertyValueSpecification\",\"valueRequired\":true,\"valueName\":\"search_term_string\"}}],\"inLanguage\":\"ca\"},{\"@type\":\"Person\",\"@id\":\"https:\\\/\\\/palomo.net\\\/#\\\/schema\\\/person\\\/711f80f8e4fbf3466bd3c1c42e621ece\",\"name\":\"Palomo Consultors\",\"url\":\"https:\\\/\\\/palomo.net\\\/ca\\\/author\\\/pl0mo\\\/\"}]}<\/script>\n<!-- \/ Yoast SEO plugin. -->","yoast_head_json":{"title":"DESDE EL D\u00cdA 1 DE OCTUBRE LOS TRABAJADORES AUT\u00d3NOMOS DEBEN REALIZAR SUS TR\u00c1MITES POR V\u00cdA ELECTR\u00d3NICA, INCLUIDA LA RECEPCI\u00d3N Y FIRMA DE NOTIFICACIONES - Palomo Consultors","robots":{"index":"index","follow":"follow","max-snippet":"max-snippet:-1","max-image-preview":"max-image-preview:large","max-video-preview":"max-video-preview:-1"},"canonical":"https:\/\/palomo.net\/ca\/desde-el-dia-1-de-octubre-los-trabajadores-autonomos-deben-realizar-sus-tramites-por-via-electronica-incluida-la-recepcion-y-firma-de-notificaciones\/","og_locale":"ca_ES","og_type":"article","og_title":"DESDE EL D\u00cdA 1 DE OCTUBRE LOS TRABAJADORES AUT\u00d3NOMOS DEBEN REALIZAR SUS TR\u00c1MITES POR V\u00cdA ELECTR\u00d3NICA, INCLUIDA LA RECEPCI\u00d3N Y FIRMA DE NOTIFICACIONES - Palomo Consultors","og_description":"La\u00a0Orden Ministerial ESS\/214\/2018, de 1 de marzo\u00a0que modifica la\u00a0Orden ESS\/484\/2013\u00a0reguladora del Sistema de Remisi\u00f3n Electr\u00f3nica de Datos (Sistema RED) en el \u00e1mbito de la Seguridad Social, establece la obligatoriedad de los trabajadores por cuenta propia o aut\u00f3nomos para incorporarse a dicho Sistema. No obstante, para cumplir con esta obligaci\u00f3n el trabajador puede optar por\u00a0acogerse a [&hellip;]","og_url":"https:\/\/palomo.net\/ca\/desde-el-dia-1-de-octubre-los-trabajadores-autonomos-deben-realizar-sus-tramites-por-via-electronica-incluida-la-recepcion-y-firma-de-notificaciones\/","og_site_name":"Palomo Consultors","article_published_time":"2018-09-19T12:28:14+00:00","og_image":[{"width":660,"height":330,"url":"https:\/\/palomo.net\/wp-content\/uploads\/aut\u00f3nomos-v\u00eda-electr\u00f3nica.jpg","type":"image\/jpeg"}],"author":"Palomo Consultors","twitter_card":"summary_large_image","twitter_misc":{"Escrit per":"Palomo Consultors","Temps estimat de lectura":"13 minuts"},"schema":{"@context":"https:\/\/schema.org","@graph":[{"@type":"Article","@id":"https:\/\/palomo.net\/ca\/desde-el-dia-1-de-octubre-los-trabajadores-autonomos-deben-realizar-sus-tramites-por-via-electronica-incluida-la-recepcion-y-firma-de-notificaciones\/#article","isPartOf":{"@id":"https:\/\/palomo.net\/ca\/desde-el-dia-1-de-octubre-los-trabajadores-autonomos-deben-realizar-sus-tramites-por-via-electronica-incluida-la-recepcion-y-firma-de-notificaciones\/"},"author":{"name":"Palomo Consultors","@id":"https:\/\/palomo.net\/#\/schema\/person\/711f80f8e4fbf3466bd3c1c42e621ece"},"headline":"DESDE EL D\u00cdA 1 DE OCTUBRE LOS TRABAJADORES AUT\u00d3NOMOS DEBEN REALIZAR SUS TR\u00c1MITES POR V\u00cdA ELECTR\u00d3NICA, INCLUIDA LA RECEPCI\u00d3N Y FIRMA DE NOTIFICACIONES","datePublished":"2018-09-19T12:28:14+00:00","mainEntityOfPage":{"@id":"https:\/\/palomo.net\/ca\/desde-el-dia-1-de-octubre-los-trabajadores-autonomos-deben-realizar-sus-tramites-por-via-electronica-incluida-la-recepcion-y-firma-de-notificaciones\/"},"wordCount":2625,"commentCount":0,"image":{"@id":"https:\/\/palomo.net\/ca\/desde-el-dia-1-de-octubre-los-trabajadores-autonomos-deben-realizar-sus-tramites-por-via-electronica-incluida-la-recepcion-y-firma-de-notificaciones\/#primaryimage"},"thumbnailUrl":"https:\/\/palomo.net\/wp-content\/uploads\/aut\u00f3nomos-v\u00eda-electr\u00f3nica.jpg","articleSection":["Blog"],"inLanguage":"ca","potentialAction":[{"@type":"CommentAction","name":"Comment","target":["https:\/\/palomo.net\/ca\/desde-el-dia-1-de-octubre-los-trabajadores-autonomos-deben-realizar-sus-tramites-por-via-electronica-incluida-la-recepcion-y-firma-de-notificaciones\/#respond"]}]},{"@type":"WebPage","@id":"https:\/\/palomo.net\/ca\/desde-el-dia-1-de-octubre-los-trabajadores-autonomos-deben-realizar-sus-tramites-por-via-electronica-incluida-la-recepcion-y-firma-de-notificaciones\/","url":"https:\/\/palomo.net\/ca\/desde-el-dia-1-de-octubre-los-trabajadores-autonomos-deben-realizar-sus-tramites-por-via-electronica-incluida-la-recepcion-y-firma-de-notificaciones\/","name":"DESDE EL D\u00cdA 1 DE OCTUBRE LOS TRABAJADORES AUT\u00d3NOMOS DEBEN REALIZAR SUS TR\u00c1MITES POR V\u00cdA ELECTR\u00d3NICA, INCLUIDA LA RECEPCI\u00d3N Y FIRMA DE NOTIFICACIONES - Palomo Consultors","isPartOf":{"@id":"https:\/\/palomo.net\/#website"},"primaryImageOfPage":{"@id":"https:\/\/palomo.net\/ca\/desde-el-dia-1-de-octubre-los-trabajadores-autonomos-deben-realizar-sus-tramites-por-via-electronica-incluida-la-recepcion-y-firma-de-notificaciones\/#primaryimage"},"image":{"@id":"https:\/\/palomo.net\/ca\/desde-el-dia-1-de-octubre-los-trabajadores-autonomos-deben-realizar-sus-tramites-por-via-electronica-incluida-la-recepcion-y-firma-de-notificaciones\/#primaryimage"},"thumbnailUrl":"https:\/\/palomo.net\/wp-content\/uploads\/aut\u00f3nomos-v\u00eda-electr\u00f3nica.jpg","datePublished":"2018-09-19T12:28:14+00:00","author":{"@id":"https:\/\/palomo.net\/#\/schema\/person\/711f80f8e4fbf3466bd3c1c42e621ece"},"breadcrumb":{"@id":"https:\/\/palomo.net\/ca\/desde-el-dia-1-de-octubre-los-trabajadores-autonomos-deben-realizar-sus-tramites-por-via-electronica-incluida-la-recepcion-y-firma-de-notificaciones\/#breadcrumb"},"inLanguage":"ca","potentialAction":[{"@type":"ReadAction","target":["https:\/\/palomo.net\/ca\/desde-el-dia-1-de-octubre-los-trabajadores-autonomos-deben-realizar-sus-tramites-por-via-electronica-incluida-la-recepcion-y-firma-de-notificaciones\/"]}]},{"@type":"ImageObject","inLanguage":"ca","@id":"https:\/\/palomo.net\/ca\/desde-el-dia-1-de-octubre-los-trabajadores-autonomos-deben-realizar-sus-tramites-por-via-electronica-incluida-la-recepcion-y-firma-de-notificaciones\/#primaryimage","url":"https:\/\/palomo.net\/wp-content\/uploads\/aut\u00f3nomos-v\u00eda-electr\u00f3nica.jpg","contentUrl":"https:\/\/palomo.net\/wp-content\/uploads\/aut\u00f3nomos-v\u00eda-electr\u00f3nica.jpg","width":660,"height":330},{"@type":"BreadcrumbList","@id":"https:\/\/palomo.net\/ca\/desde-el-dia-1-de-octubre-los-trabajadores-autonomos-deben-realizar-sus-tramites-por-via-electronica-incluida-la-recepcion-y-firma-de-notificaciones\/#breadcrumb","itemListElement":[{"@type":"ListItem","position":1,"name":"Portada","item":"https:\/\/palomo.net\/ca\/"},{"@type":"ListItem","position":2,"name":"DESDE EL D\u00cdA 1 DE OCTUBRE LOS TRABAJADORES AUT\u00d3NOMOS DEBEN REALIZAR SUS TR\u00c1MITES POR V\u00cdA ELECTR\u00d3NICA, INCLUIDA LA RECEPCI\u00d3N Y FIRMA DE NOTIFICACIONES"}]},{"@type":"WebSite","@id":"https:\/\/palomo.net\/#website","url":"https:\/\/palomo.net\/","name":"Palomo Consultors","description":"Assessors Laborales d&#039; Empresas","potentialAction":[{"@type":"SearchAction","target":{"@type":"EntryPoint","urlTemplate":"https:\/\/palomo.net\/?s={search_term_string}"},"query-input":{"@type":"PropertyValueSpecification","valueRequired":true,"valueName":"search_term_string"}}],"inLanguage":"ca"},{"@type":"Person","@id":"https:\/\/palomo.net\/#\/schema\/person\/711f80f8e4fbf3466bd3c1c42e621ece","name":"Palomo Consultors","url":"https:\/\/palomo.net\/ca\/author\/pl0mo\/"}]}},"_links":{"self":[{"href":"https:\/\/palomo.net\/ca\/wp-json\/wp\/v2\/posts\/9393\/"}],"collection":[{"href":"https:\/\/palomo.net\/ca\/wp-json\/wp\/v2\/posts\/"}],"about":[{"href":"https:\/\/palomo.net\/ca\/wp-json\/wp\/v2\/types\/post\/"}],"author":[{"embeddable":true,"href":"https:\/\/palomo.net\/ca\/wp-json\/wp\/v2\/users\/4\/"}],"replies":[{"embeddable":true,"href":"https:\/\/palomo.net\/ca\/wp-json\/wp\/v2\/comments\/?post=9393"}],"version-history":[{"count":0,"href":"https:\/\/palomo.net\/ca\/wp-json\/wp\/v2\/posts\/9393\/revisions\/"}],"wp:featuredmedia":[{"embeddable":true,"href":"https:\/\/palomo.net\/ca\/wp-json\/wp\/v2\/media\/9390\/"}],"wp:attachment":[{"href":"https:\/\/palomo.net\/ca\/wp-json\/wp\/v2\/media\/?parent=9393"}],"wp:term":[{"taxonomy":"category","embeddable":true,"href":"https:\/\/palomo.net\/ca\/wp-json\/wp\/v2\/categories\/?post=9393"},{"taxonomy":"post_tag","embeddable":true,"href":"https:\/\/palomo.net\/ca\/wp-json\/wp\/v2\/tags\/?post=9393"}],"curies":[{"name":"wp","href":"https:\/\/api.w.org\/{rel}","templated":true}]}}