{"id":9507,"date":"2018-10-04T14:40:37","date_gmt":"2018-10-04T12:40:37","guid":{"rendered":"http:\/\/palomo.net\/aplicacion-de-la-segunda-fase-del-plan-director-por-un-trabajo-digno\/"},"modified":"2018-10-04T14:41:44","modified_gmt":"2018-10-04T12:41:44","slug":"aplicacion-de-la-segunda-fase-del-plan-director-por-un-trabajo-digno","status":"publish","type":"post","link":"https:\/\/palomo.net\/ca\/aplicacion-de-la-segunda-fase-del-plan-director-por-un-trabajo-digno\/","title":{"rendered":"APLICACI\u00d3N DE LA SEGUNDA FASE DEL PLAN DIRECTOR POR UN TRABAJO DIGNO"},"content":{"rendered":"<p><strong>La ministra de Trabajo ha anunciado la aplicaci\u00f3n de la segunda fase del Plan Director por un Trabajo Digno <\/strong>con la visita de la inspecci\u00f3n a las empresas que no han regularizado la situaci\u00f3n de sus trabajadores temporales y parciales, tras el env\u00edo de 81.639 cartas que alertaban con falsos <strong>contratos<\/strong> a <strong>tiempo parcial<\/strong> y <strong>temporales.<\/strong> El Ministerio ha logrado ampliar la jornada a 6.292 trabajadores con contratos a tiempo parcial pero realizando jornadas completas de manera abusiva por sus empleadores, el 12,5% de los detectados. Se va a llevar a cabo una oferta p\u00fablica de empleo en octubre para reclutar 353 nuevos inspectores y subinspectores, con el objetivo de sumar 833 nuevos efectivos en 2020.<\/p>\n","protected":false},"excerpt":{"rendered":"<p>La ministra de Trabajo ha anunciado la aplicaci\u00f3n de la segunda fase del Plan Director por un Trabajo Digno con la visita de la inspecci\u00f3n a las empresas que no han regularizado la situaci\u00f3n de sus trabajadores temporales y parciales, tras el env\u00edo de 81.639 cartas que alertaban con falsos contratos a tiempo parcial y [&hellip;]<\/p>\n","protected":false},"author":4,"featured_media":9504,"comment_status":"open","ping_status":"open","sticky":false,"template":"","format":"standard","meta":{"_monsterinsights_skip_tracking":false,"_monsterinsights_sitenote_active":false,"_monsterinsights_sitenote_note":"","_monsterinsights_sitenote_category":0,"footnotes":""},"categories":[34],"tags":[],"class_list":["post-9507","post","type-post","status-publish","format-standard","has-post-thumbnail","hentry","category-noticies"],"yoast_head":"<!-- This site is optimized with the Yoast SEO plugin v27.5 - https:\/\/yoast.com\/product\/yoast-seo-wordpress\/ -->\n<title>APLICACI\u00d3N DE LA SEGUNDA FASE DEL PLAN DIRECTOR POR UN TRABAJO DIGNO - Palomo Consultors<\/title>\n<meta name=\"robots\" content=\"index, follow, max-snippet:-1, max-image-preview:large, max-video-preview:-1\" \/>\n<link rel=\"canonical\" href=\"https:\/\/palomo.net\/ca\/aplicacion-de-la-segunda-fase-del-plan-director-por-un-trabajo-digno\/\" \/>\n<meta property=\"og:locale\" content=\"ca_ES\" \/>\n<meta property=\"og:type\" content=\"article\" \/>\n<meta property=\"og:title\" content=\"APLICACI\u00d3N DE LA SEGUNDA FASE DEL PLAN DIRECTOR POR UN TRABAJO DIGNO - Palomo Consultors\" \/>\n<meta property=\"og:description\" content=\"La ministra de Trabajo ha anunciado la aplicaci\u00f3n de la segunda fase del Plan Director por un Trabajo Digno con la visita de la inspecci\u00f3n a las empresas que no han regularizado la situaci\u00f3n de sus trabajadores temporales y parciales, tras el env\u00edo de 81.639 cartas que alertaban con falsos contratos a tiempo parcial y [&hellip;]\" \/>\n<meta property=\"og:url\" content=\"https:\/\/palomo.net\/ca\/aplicacion-de-la-segunda-fase-del-plan-director-por-un-trabajo-digno\/\" \/>\n<meta property=\"og:site_name\" content=\"Palomo Consultors\" \/>\n<meta property=\"article:published_time\" content=\"2018-10-04T12:40:37+00:00\" \/>\n<meta property=\"article:modified_time\" content=\"2018-10-04T12:41:44+00:00\" \/>\n<meta property=\"og:image\" content=\"https:\/\/palomo.net\/wp-content\/uploads\/INSPECCI\u00d3N-DE-TRABAJO-II-1.jpg\" \/>\n\t<meta property=\"og:image:width\" content=\"284\" \/>\n\t<meta property=\"og:image:height\" content=\"177\" \/>\n\t<meta property=\"og:image:type\" content=\"image\/jpeg\" \/>\n<meta name=\"author\" content=\"Palomo Consultors\" \/>\n<meta name=\"twitter:card\" content=\"summary_large_image\" \/>\n<meta name=\"twitter:label1\" content=\"Escrit per\" \/>\n\t<meta name=\"twitter:data1\" content=\"Palomo Consultors\" \/>\n\t<meta name=\"twitter:label2\" content=\"Temps estimat de lectura\" \/>\n\t<meta name=\"twitter:data2\" content=\"1 minut\" \/>\n<script type=\"application\/ld+json\" class=\"yoast-schema-graph\">{\"@context\":\"https:\\\/\\\/schema.org\",\"@graph\":[{\"@type\":\"Article\",\"@id\":\"https:\\\/\\\/palomo.net\\\/ca\\\/aplicacion-de-la-segunda-fase-del-plan-director-por-un-trabajo-digno\\\/#article\",\"isPartOf\":{\"@id\":\"https:\\\/\\\/palomo.net\\\/ca\\\/aplicacion-de-la-segunda-fase-del-plan-director-por-un-trabajo-digno\\\/\"},\"author\":{\"name\":\"Palomo Consultors\",\"@id\":\"https:\\\/\\\/palomo.net\\\/#\\\/schema\\\/person\\\/711f80f8e4fbf3466bd3c1c42e621ece\"},\"headline\":\"APLICACI\u00d3N DE LA SEGUNDA FASE DEL PLAN DIRECTOR POR UN TRABAJO DIGNO\",\"datePublished\":\"2018-10-04T12:40:37+00:00\",\"dateModified\":\"2018-10-04T12:41:44+00:00\",\"mainEntityOfPage\":{\"@id\":\"https:\\\/\\\/palomo.net\\\/ca\\\/aplicacion-de-la-segunda-fase-del-plan-director-por-un-trabajo-digno\\\/\"},\"wordCount\":128,\"commentCount\":0,\"image\":{\"@id\":\"https:\\\/\\\/palomo.net\\\/ca\\\/aplicacion-de-la-segunda-fase-del-plan-director-por-un-trabajo-digno\\\/#primaryimage\"},\"thumbnailUrl\":\"https:\\\/\\\/palomo.net\\\/wp-content\\\/uploads\\\/INSPECCI\u00d3N-DE-TRABAJO-II-1.jpg\",\"articleSection\":[\"Not\u00edcies\"],\"inLanguage\":\"ca\",\"potentialAction\":[{\"@type\":\"CommentAction\",\"name\":\"Comment\",\"target\":[\"https:\\\/\\\/palomo.net\\\/ca\\\/aplicacion-de-la-segunda-fase-del-plan-director-por-un-trabajo-digno\\\/#respond\"]}]},{\"@type\":\"WebPage\",\"@id\":\"https:\\\/\\\/palomo.net\\\/ca\\\/aplicacion-de-la-segunda-fase-del-plan-director-por-un-trabajo-digno\\\/\",\"url\":\"https:\\\/\\\/palomo.net\\\/ca\\\/aplicacion-de-la-segunda-fase-del-plan-director-por-un-trabajo-digno\\\/\",\"name\":\"APLICACI\u00d3N DE LA SEGUNDA FASE DEL PLAN DIRECTOR POR UN TRABAJO DIGNO - Palomo Consultors\",\"isPartOf\":{\"@id\":\"https:\\\/\\\/palomo.net\\\/#website\"},\"primaryImageOfPage\":{\"@id\":\"https:\\\/\\\/palomo.net\\\/ca\\\/aplicacion-de-la-segunda-fase-del-plan-director-por-un-trabajo-digno\\\/#primaryimage\"},\"image\":{\"@id\":\"https:\\\/\\\/palomo.net\\\/ca\\\/aplicacion-de-la-segunda-fase-del-plan-director-por-un-trabajo-digno\\\/#primaryimage\"},\"thumbnailUrl\":\"https:\\\/\\\/palomo.net\\\/wp-content\\\/uploads\\\/INSPECCI\u00d3N-DE-TRABAJO-II-1.jpg\",\"datePublished\":\"2018-10-04T12:40:37+00:00\",\"dateModified\":\"2018-10-04T12:41:44+00:00\",\"author\":{\"@id\":\"https:\\\/\\\/palomo.net\\\/#\\\/schema\\\/person\\\/711f80f8e4fbf3466bd3c1c42e621ece\"},\"breadcrumb\":{\"@id\":\"https:\\\/\\\/palomo.net\\\/ca\\\/aplicacion-de-la-segunda-fase-del-plan-director-por-un-trabajo-digno\\\/#breadcrumb\"},\"inLanguage\":\"ca\",\"potentialAction\":[{\"@type\":\"ReadAction\",\"target\":[\"https:\\\/\\\/palomo.net\\\/ca\\\/aplicacion-de-la-segunda-fase-del-plan-director-por-un-trabajo-digno\\\/\"]}]},{\"@type\":\"ImageObject\",\"inLanguage\":\"ca\",\"@id\":\"https:\\\/\\\/palomo.net\\\/ca\\\/aplicacion-de-la-segunda-fase-del-plan-director-por-un-trabajo-digno\\\/#primaryimage\",\"url\":\"https:\\\/\\\/palomo.net\\\/wp-content\\\/uploads\\\/INSPECCI\u00d3N-DE-TRABAJO-II-1.jpg\",\"contentUrl\":\"https:\\\/\\\/palomo.net\\\/wp-content\\\/uploads\\\/INSPECCI\u00d3N-DE-TRABAJO-II-1.jpg\",\"width\":284,\"height\":177},{\"@type\":\"BreadcrumbList\",\"@id\":\"https:\\\/\\\/palomo.net\\\/ca\\\/aplicacion-de-la-segunda-fase-del-plan-director-por-un-trabajo-digno\\\/#breadcrumb\",\"itemListElement\":[{\"@type\":\"ListItem\",\"position\":1,\"name\":\"Portada\",\"item\":\"https:\\\/\\\/palomo.net\\\/ca\\\/\"},{\"@type\":\"ListItem\",\"position\":2,\"name\":\"APLICACI\u00d3N DE LA SEGUNDA FASE DEL PLAN DIRECTOR POR UN TRABAJO DIGNO\"}]},{\"@type\":\"WebSite\",\"@id\":\"https:\\\/\\\/palomo.net\\\/#website\",\"url\":\"https:\\\/\\\/palomo.net\\\/\",\"name\":\"Palomo Consultors\",\"description\":\"Assessors Laborales d&#039; Empresas\",\"potentialAction\":[{\"@type\":\"SearchAction\",\"target\":{\"@type\":\"EntryPoint\",\"urlTemplate\":\"https:\\\/\\\/palomo.net\\\/?s={search_term_string}\"},\"query-input\":{\"@type\":\"PropertyValueSpecification\",\"valueRequired\":true,\"valueName\":\"search_term_string\"}}],\"inLanguage\":\"ca\"},{\"@type\":\"Person\",\"@id\":\"https:\\\/\\\/palomo.net\\\/#\\\/schema\\\/person\\\/711f80f8e4fbf3466bd3c1c42e621ece\",\"name\":\"Palomo Consultors\",\"url\":\"https:\\\/\\\/palomo.net\\\/ca\\\/author\\\/pl0mo\\\/\"}]}<\/script>\n<!-- \/ Yoast SEO plugin. -->","yoast_head_json":{"title":"APLICACI\u00d3N DE LA SEGUNDA FASE DEL PLAN DIRECTOR POR UN TRABAJO DIGNO - Palomo Consultors","robots":{"index":"index","follow":"follow","max-snippet":"max-snippet:-1","max-image-preview":"max-image-preview:large","max-video-preview":"max-video-preview:-1"},"canonical":"https:\/\/palomo.net\/ca\/aplicacion-de-la-segunda-fase-del-plan-director-por-un-trabajo-digno\/","og_locale":"ca_ES","og_type":"article","og_title":"APLICACI\u00d3N DE LA SEGUNDA FASE DEL PLAN DIRECTOR POR UN TRABAJO DIGNO - Palomo Consultors","og_description":"La ministra de Trabajo ha anunciado la aplicaci\u00f3n de la segunda fase del Plan Director por un Trabajo Digno con la visita de la inspecci\u00f3n a las empresas que no han regularizado la situaci\u00f3n de sus trabajadores temporales y parciales, tras el env\u00edo de 81.639 cartas que alertaban con falsos contratos a tiempo parcial y [&hellip;]","og_url":"https:\/\/palomo.net\/ca\/aplicacion-de-la-segunda-fase-del-plan-director-por-un-trabajo-digno\/","og_site_name":"Palomo Consultors","article_published_time":"2018-10-04T12:40:37+00:00","article_modified_time":"2018-10-04T12:41:44+00:00","og_image":[{"width":284,"height":177,"url":"https:\/\/palomo.net\/wp-content\/uploads\/INSPECCI\u00d3N-DE-TRABAJO-II-1.jpg","type":"image\/jpeg"}],"author":"Palomo Consultors","twitter_card":"summary_large_image","twitter_misc":{"Escrit per":"Palomo Consultors","Temps estimat de lectura":"1 minut"},"schema":{"@context":"https:\/\/schema.org","@graph":[{"@type":"Article","@id":"https:\/\/palomo.net\/ca\/aplicacion-de-la-segunda-fase-del-plan-director-por-un-trabajo-digno\/#article","isPartOf":{"@id":"https:\/\/palomo.net\/ca\/aplicacion-de-la-segunda-fase-del-plan-director-por-un-trabajo-digno\/"},"author":{"name":"Palomo Consultors","@id":"https:\/\/palomo.net\/#\/schema\/person\/711f80f8e4fbf3466bd3c1c42e621ece"},"headline":"APLICACI\u00d3N DE LA SEGUNDA FASE DEL PLAN DIRECTOR POR UN TRABAJO DIGNO","datePublished":"2018-10-04T12:40:37+00:00","dateModified":"2018-10-04T12:41:44+00:00","mainEntityOfPage":{"@id":"https:\/\/palomo.net\/ca\/aplicacion-de-la-segunda-fase-del-plan-director-por-un-trabajo-digno\/"},"wordCount":128,"commentCount":0,"image":{"@id":"https:\/\/palomo.net\/ca\/aplicacion-de-la-segunda-fase-del-plan-director-por-un-trabajo-digno\/#primaryimage"},"thumbnailUrl":"https:\/\/palomo.net\/wp-content\/uploads\/INSPECCI\u00d3N-DE-TRABAJO-II-1.jpg","articleSection":["Not\u00edcies"],"inLanguage":"ca","potentialAction":[{"@type":"CommentAction","name":"Comment","target":["https:\/\/palomo.net\/ca\/aplicacion-de-la-segunda-fase-del-plan-director-por-un-trabajo-digno\/#respond"]}]},{"@type":"WebPage","@id":"https:\/\/palomo.net\/ca\/aplicacion-de-la-segunda-fase-del-plan-director-por-un-trabajo-digno\/","url":"https:\/\/palomo.net\/ca\/aplicacion-de-la-segunda-fase-del-plan-director-por-un-trabajo-digno\/","name":"APLICACI\u00d3N DE LA SEGUNDA FASE DEL PLAN DIRECTOR POR UN TRABAJO DIGNO - Palomo Consultors","isPartOf":{"@id":"https:\/\/palomo.net\/#website"},"primaryImageOfPage":{"@id":"https:\/\/palomo.net\/ca\/aplicacion-de-la-segunda-fase-del-plan-director-por-un-trabajo-digno\/#primaryimage"},"image":{"@id":"https:\/\/palomo.net\/ca\/aplicacion-de-la-segunda-fase-del-plan-director-por-un-trabajo-digno\/#primaryimage"},"thumbnailUrl":"https:\/\/palomo.net\/wp-content\/uploads\/INSPECCI\u00d3N-DE-TRABAJO-II-1.jpg","datePublished":"2018-10-04T12:40:37+00:00","dateModified":"2018-10-04T12:41:44+00:00","author":{"@id":"https:\/\/palomo.net\/#\/schema\/person\/711f80f8e4fbf3466bd3c1c42e621ece"},"breadcrumb":{"@id":"https:\/\/palomo.net\/ca\/aplicacion-de-la-segunda-fase-del-plan-director-por-un-trabajo-digno\/#breadcrumb"},"inLanguage":"ca","potentialAction":[{"@type":"ReadAction","target":["https:\/\/palomo.net\/ca\/aplicacion-de-la-segunda-fase-del-plan-director-por-un-trabajo-digno\/"]}]},{"@type":"ImageObject","inLanguage":"ca","@id":"https:\/\/palomo.net\/ca\/aplicacion-de-la-segunda-fase-del-plan-director-por-un-trabajo-digno\/#primaryimage","url":"https:\/\/palomo.net\/wp-content\/uploads\/INSPECCI\u00d3N-DE-TRABAJO-II-1.jpg","contentUrl":"https:\/\/palomo.net\/wp-content\/uploads\/INSPECCI\u00d3N-DE-TRABAJO-II-1.jpg","width":284,"height":177},{"@type":"BreadcrumbList","@id":"https:\/\/palomo.net\/ca\/aplicacion-de-la-segunda-fase-del-plan-director-por-un-trabajo-digno\/#breadcrumb","itemListElement":[{"@type":"ListItem","position":1,"name":"Portada","item":"https:\/\/palomo.net\/ca\/"},{"@type":"ListItem","position":2,"name":"APLICACI\u00d3N DE LA SEGUNDA FASE DEL PLAN DIRECTOR POR UN TRABAJO DIGNO"}]},{"@type":"WebSite","@id":"https:\/\/palomo.net\/#website","url":"https:\/\/palomo.net\/","name":"Palomo Consultors","description":"Assessors Laborales d&#039; Empresas","potentialAction":[{"@type":"SearchAction","target":{"@type":"EntryPoint","urlTemplate":"https:\/\/palomo.net\/?s={search_term_string}"},"query-input":{"@type":"PropertyValueSpecification","valueRequired":true,"valueName":"search_term_string"}}],"inLanguage":"ca"},{"@type":"Person","@id":"https:\/\/palomo.net\/#\/schema\/person\/711f80f8e4fbf3466bd3c1c42e621ece","name":"Palomo Consultors","url":"https:\/\/palomo.net\/ca\/author\/pl0mo\/"}]}},"_links":{"self":[{"href":"https:\/\/palomo.net\/ca\/wp-json\/wp\/v2\/posts\/9507\/"}],"collection":[{"href":"https:\/\/palomo.net\/ca\/wp-json\/wp\/v2\/posts\/"}],"about":[{"href":"https:\/\/palomo.net\/ca\/wp-json\/wp\/v2\/types\/post\/"}],"author":[{"embeddable":true,"href":"https:\/\/palomo.net\/ca\/wp-json\/wp\/v2\/users\/4\/"}],"replies":[{"embeddable":true,"href":"https:\/\/palomo.net\/ca\/wp-json\/wp\/v2\/comments\/?post=9507"}],"version-history":[{"count":1,"href":"https:\/\/palomo.net\/ca\/wp-json\/wp\/v2\/posts\/9507\/revisions\/"}],"predecessor-version":[{"id":9509,"href":"https:\/\/palomo.net\/ca\/wp-json\/wp\/v2\/posts\/9507\/revisions\/9509\/"}],"wp:featuredmedia":[{"embeddable":true,"href":"https:\/\/palomo.net\/ca\/wp-json\/wp\/v2\/media\/9504\/"}],"wp:attachment":[{"href":"https:\/\/palomo.net\/ca\/wp-json\/wp\/v2\/media\/?parent=9507"}],"wp:term":[{"taxonomy":"category","embeddable":true,"href":"https:\/\/palomo.net\/ca\/wp-json\/wp\/v2\/categories\/?post=9507"},{"taxonomy":"post_tag","embeddable":true,"href":"https:\/\/palomo.net\/ca\/wp-json\/wp\/v2\/tags\/?post=9507"}],"curies":[{"name":"wp","href":"https:\/\/api.w.org\/{rel}","templated":true}]}}