{"id":9520,"date":"2018-10-09T11:50:04","date_gmt":"2018-10-09T09:50:04","guid":{"rendered":"http:\/\/palomo.net\/las-prestaciones-publicas-por-maternidad-percibidas-de-la-seguridad-social-estan-exentas-del-irpf\/"},"modified":"2018-10-09T12:03:16","modified_gmt":"2018-10-09T10:03:16","slug":"las-prestaciones-publicas-por-maternidad-percibidas-de-la-seguridad-social-estan-exentas-del-irpf","status":"publish","type":"post","link":"https:\/\/palomo.net\/ca\/las-prestaciones-publicas-por-maternidad-percibidas-de-la-seguridad-social-estan-exentas-del-irpf\/","title":{"rendered":"LAS PRESTACIONES P\u00daBLICAS POR MATERNIDAD PERCIBIDAS DE LA SEGURIDAD SOCIAL EST\u00c1N EXENTAS DEL IRPF"},"content":{"rendered":"<p><strong>El TS ha establecido como doctrina legal que <\/strong><strong>\u201clas prestaciones p\u00fablicas por maternidad percibidas de la Seguridad Social est\u00e1n exentas del IRPF<\/strong>.\u201d<\/p>\n<p>El Supremo confirma una sentencia del <strong>Tribunal Superior de Justicia<\/strong> de Madrid, de junio de 2017, que estim\u00f3 el recurso de una mujer y orden\u00f3 a Hacienda que le devolviera la cantidad ingresada en el IRPF de 2013 por la prestaci\u00f3n por maternidad con cargo a la Seguridad Social percibida en dicho ejercicio<strong>. Los t\u00e9cnicos de Hacienda estiman que el Fisco tendr\u00e1 que reducir las cuotas \u00edntegras en 1.677 millones<\/strong>, lo cual no significa que tenga que devolver ese importe, sino \u00fanicamente la parte de las retenciones que queden por devolver.<\/p>\n<div class=\"header_ArticleRelated\">\n<div class=\"header_ArticleRelatedContent\">\n<ul>\n<li><strong>Las ayudas de las CCAA o municipios ya est\u00e1n exentas de este impuesto<\/strong><\/li>\n<li><strong>Las madres contribuyentes de los \u00faltimos 4 ejercicios tambi\u00e9n pueden reclamar<\/strong><\/li>\n<li><strong>Alrededor de un mill\u00f3n de personas tendr\u00e1n derecho a la devoluci\u00f3n<\/strong><\/li>\n<\/ul>\n<\/div>\n<\/div>\n<div class=\"articleHero\">\n<div class=\"articleHero_wrapper\">\n<div class=\"video-player\" data-voc-video-player=\"1\" data-voc-video-player-source=\"brightcove\" data-voc-video-player-accountname=\"eleconomista\" data-voc-video-player-videoid=\"5844991081001\" data-voc-video-player-processed=\"true\"><\/div>\n<\/div>\n<\/div>\n<div class=\"row\">\n<div class=\"Article__paragraphGroup col-lg-10 col-md-12 col-12\">\n<p>Las <strong>prestaciones p\u00fablicas por maternidad<\/strong> percibidas de la <strong>Seguridad Social<\/strong> est\u00e1n exentas del <strong>Impuesto sobre la Renta de las Personas F\u00edsicas<\/strong> (IRPF), seg\u00fan ha establecido el <strong>Tribunal Supremo<\/strong>. El alto tribunal contradice el punto de vista que manten\u00edan tribunales inferiores y la propia hacienda<a href=\"https:\/\/www.eleconomista.es\/economia\/noticias\/8210198\/03\/17\/El-TEAC-unifica-criterio-y-establece-que-la-prestacion-por-maternidad-si-tributa-en-el-IRPF.html\">,<\/a>\u00a0el <strong>Tribunal Econ\u00f3mico Administrativo Central<\/strong> (TEAC), que hab\u00eda mantenido que s\u00ed tributan. Alrededor de un mill\u00f3n de personas tienen derecho a reclamar la devoluci\u00f3n a la Agencia Tributaria. El gasto de la Seguridad Social para esta prestaci\u00f3n supera los 1.500 millones de euros anuales.<\/p>\n<p><strong>M\u00e1s de un mill\u00f3n de contribuyentes podr\u00e1n reclamar a Hacienda los 1.300 millones de euros que han abonado de sus prestaciones de maternidad en el impuesto sobre la Renta de las Personas F\u00edsicas (IRPF) entre los ejercicios de 2014 y 2017<\/strong>, tras la publicaci\u00f3n de la sentencia del Tribunal Supremo (TS), que declara estas rentas exentas.<\/p>\n<p>En su sentencia, de 3 de octubre de 2018, el Alto Tribunal determina que las prestaciones p\u00fablicas por maternidad percibidas de la Seguridad Social est\u00e1n exentas del Impuesto sobre la Renta de las Personas F\u00edsicas (IRPF), seg\u00fan ha establecido el Tribunal Supremo.<\/p>\n<p>Esa\u00fa Alarc\u00f3n, socio de Gibernau Asesores. El abogado apunta a que la devoluci\u00f3n por contribuyente puede ascender a 2.000 euros de media, teniendo en cuenta a las cotizaciones y n\u00f3minas de los \u00faltimos cuatro meses.<\/p>\n<p>La central sindical UGT estima que en torno al 16% del importe de las prestaciones de la Seguridad Social abonadas por maternidad es reintegrado a Hacienda a trav\u00e9s del IRPF.<\/p>\n<p>As\u00ed lo establece el Tribunal Supremo en su sentencia del 3 de octubre de 2018, que desestima un recurso de la Abogac\u00eda del Estado, que defend\u00eda que estas prestaciones no estaban exentas del IRPF. \u00bfQui\u00e9nes pueden reclamar?\u00a0Todas las contribuyentes que hayan disfrutado de bajas de maternidad en los \u00faltimos cuatro a\u00f1os. Las mismas podr\u00e1n solicitar la devoluci\u00f3n del IRPF de las declaraciones de 2014, 2015, 2016 y 2017.<\/p>\n<p>El Supremo confirma\u00a0<a href=\"https:\/\/www.eleconomista.es\/firmas\/noticias\/8587319\/09\/17\/El-Supremo-y-la-prestacion-por-maternidad.html\">una sentencia<\/a>\u00a0del Tribunal Superior de Justicia de Madrid, de junio de 2017, que estim\u00f3 el recurso de una mujer y orden\u00f3 a Hacienda que le devolviera la cantidad ingresada en el IRPF de 2013 por la prestaci\u00f3n por maternidad con cargo a la Seguridad Social percibida en dicho ejercicio.<\/p>\n<article class=\"inside_ArticleRelated article\">\n<div class=\"articleContent d-flex align-items-center\">\n<div class=\"articleImage col-lg-5 col-md-5 col-sm-12\">\n<figure><img decoding=\"async\" id=\"2477304\" class=\"lazy lazy-loading lazy-loaded aligncenter lazyload\" data-src=\"https:\/\/s03.s3c.es\/imag\/_v0\/770x420\/5\/9\/6\/700x420_madre-bebe-telefono-getty.jpg\" data-sizes=\"50vw\" data-srcset=\"\/\/s03.s3c.es\/imag\/_v0\/770x420\/5\/9\/6\/490x_madre-bebe-telefono-getty.jpg 500w, \/\/s03.s3c.es\/imag\/_v0\/770x420\/5\/9\/6\/700x420_madre-bebe-telefono-getty.jpg 1000w, \/\/s03.s3c.es\/imag\/_v0\/770x420\/5\/9\/6\/madre-bebe-telefono-getty.jpg 1500w\" alt=\"La OCU anima a reclamar el IRPF de la prestaci\u00f3n por maternidad\" src=\"data:image\/svg+xml;base64,PHN2ZyB3aWR0aD0iMSIgaGVpZ2h0PSIxIiB4bWxucz0iaHR0cDovL3d3dy53My5vcmcvMjAwMC9zdmciPjwvc3ZnPg==\" \/><\/figure>\n<\/div>\n<div class=\"textWrap col-lg-7 col-md-7 col-sm-12\">\n<div class=\"articleHeading\"><\/div>\n<div class=\"articleHeadline\">\n<h2 class=\"h4\">La OCU anima a reclamar el IRPF de la prestaci\u00f3n por maternidad<\/h2>\n<\/div>\n<\/div>\n<\/div>\n<\/article>\n<p>El abogado del Estado recurri\u00f3 al Supremo esta \u00faltima sentencia por considerar que era contradictoria con fallos de los tribunales superiores de Castilla y Le\u00f3n y Andaluc\u00eda, sobre la misma materia, y argumentando, entre otros motivos, que la prestaci\u00f3n de maternidad satisfecha por la Seguridad Social tiene la funci\u00f3n de sustituir la retribuci\u00f3n normal (no exenta en el IRPF) que obtendr\u00eda la contribuyente por su trabajo habitual y que ha dejado de percibir al disfrutar del correspondiente permiso.<\/p>\n<p>A\u00f1ad\u00eda que no cabe extender a las prestaciones por maternidad de la Seguridad Social la exenci\u00f3n que el art\u00edculo 7 de la Ley del IRPF s\u00ed establece para dichas prestaciones por maternidad cuando proceden de las comunidades aut\u00f3nomas o entidades locales.<\/p>\n<p>El ponente, el magistrado D\u00edaz Delgado, considera que la prestaci\u00f3n por maternidad a cargo del Instituto Nacional de la Seguridad Social puede incardinarse en el supuesto previsto en el p\u00e1rrafo tercero letra h del art\u00edculo 7 de la Ley del IRPF, cuando dispone que &#8220;igualmente estar\u00e1n exentas las dem\u00e1s prestaciones p\u00fablicas por nacimiento, parto o adopci\u00f3n m\u00faltiple, adopci\u00f3n, hijos a cargo y orfandad&#8221;.<\/p>\n<p>En primer lugar, porque as\u00ed se desprende de la Exposici\u00f3n de Motivos de la Ley 62\/2003, de 30 de diciembre, de medidas Fiscales, Administrativas y de Orden Social, que introdujo la mencionada exenci\u00f3n en la Ley 40\/1998 del Impuesto sobre la Renta de las Personas F\u00edsicas y pas\u00f3 al Real Decreto Legislativo 3\/2004, de 5 de marzo, por el que se aprueba el texto refundido de la Ley del Impuesto sobre la Renta de las Personas F\u00edsicas.<\/p>\n<p>En dicha Exposici\u00f3n de Motivos se dice que: &#8220;En el Impuesto sobre la Renta de las Personas F\u00edsicas, en primer lugar, se establece la exenci\u00f3n de las prestaciones p\u00fablicas percibidas por nacimiento, parto m\u00faltiple, adopci\u00f3n, maternidad e hijo a cargo, entre las que se incluyen las prestaciones econ\u00f3micas por nacimiento de hijo y por parto m\u00faltiple previstas en el Real Decreto Ley 112000, de 14 de enero&#8221;.<\/p>\n<article class=\"inside_ArticleRelated article\">\n<div class=\"articleContent d-flex align-items-center\">\n<div class=\"articleImage col-lg-5 col-md-5 col-sm-12\">\n<figure><img decoding=\"async\" id=\"2818576\" class=\"lazy lazy-loading lazy-loaded aligncenter lazyload\" data-src=\"https:\/\/s03.s3c.es\/imag\/_v0\/740x420\/7\/a\/b\/700x420_bebe-familia-manos.jpg\" data-sizes=\"50vw\" data-srcset=\"\/\/s03.s3c.es\/imag\/_v0\/740x420\/7\/a\/b\/490x_bebe-familia-manos.jpg 500w, \/\/s03.s3c.es\/imag\/_v0\/740x420\/7\/a\/b\/700x420_bebe-familia-manos.jpg 1000w, \/\/s03.s3c.es\/imag\/_v0\/740x420\/7\/a\/b\/bebe-familia-manos.jpg 1500w\" alt=\"Un permiso parental no computa como per\u00edodo de trabajo efectivo para calcular las vacaciones anuales\" src=\"data:image\/svg+xml;base64,PHN2ZyB3aWR0aD0iMSIgaGVpZ2h0PSIxIiB4bWxucz0iaHR0cDovL3d3dy53My5vcmcvMjAwMC9zdmciPjwvc3ZnPg==\" \/><\/figure>\n<\/div>\n<div class=\"textWrap col-lg-7 col-md-7 col-sm-12\">\n<div class=\"articleHeading\"><\/div>\n<div class=\"articleHeadline\">\n<h2 class=\"h4\">El TJUE sentencia que el permiso de paternidad no computa en vacaciones<\/h2>\n<\/div>\n<\/div>\n<\/div>\n<\/article>\n<p>Del texto contenido en la referida Exposici\u00f3n de Motivos, argumenta el Supremo, &#8220;se desprende que la exenci\u00f3n que se establece comprende la prestaci\u00f3n de maternidad y no s\u00f3lo las de nacimiento, parto m\u00faltiple, adopci\u00f3n e hijo a cargo, pues se refiere expresamente a la prestaci\u00f3n por maternidad y no parece pretender que su alcance se limite a las concedidas por las comunidades aut\u00f3nomas o entidades locales, sino que trata de establecer la exenci\u00f3n de todas las prestaciones por maternidad, sin distinci\u00f3n del \u00f3rgano p\u00fablico del que se perciban, lo que conduce a estimar que el p\u00e1rrafo cuarto del art\u00edculo 7 letra h de la ley del IRPF trata de extender el alcance del tercer p\u00e1rrafo a las percibidas de las comunidades aut\u00f3nomas o entidades locales&#8221;.<\/p>\n<h2>Interpretaci\u00f3n gramatical<\/h2>\n<p>A ello a\u00f1ade el Supremo una interpretaci\u00f3n gramatical. &#8220;Cuando el p\u00e1rrafo cuarto comienza con la palabra &#8220;tambi\u00e9n&#8221; estar\u00e1n exentas las prestaciones p\u00fablicas por maternidad percibidas de las Comunidades Aut\u00f3nomas o entidades locales&#8221;, despu\u00e9s de declarar exentas en el p\u00e1rrafo tercero &#8220;las dem\u00e1s prestaciones p\u00fablicas por nacimiento, parto o adopci\u00f3n m\u00faltiple, adopci\u00f3n, hijos a cargo y orfandad&#8221;, parece dar a entender que adem\u00e1s de las que corren a cargo de la Seguridad Social, entre las que cabe incardinar las prestaciones por maternidad, est\u00e1n exentas las que por el mismo concepto se reconozcan por las Comunidades Aut\u00f3nomas y Entidades Locales, pues en otro caso la part\u00edcula &#8220;tambi\u00e9n&#8221; ser\u00eda in\u00fatil, y podr\u00eda dar lugar a entender que el legislador ha querido exclusivamente declarar exentas \u00e9stas \u00faltimas y excluir las estatales&#8221;.<\/p>\n<p>Por \u00faltimo, se apoya en una interpretaci\u00f3n sistem\u00e1tica, basada en que la prestaci\u00f3n por maternidad es el subsidio que gestiona la Seguridad Social que trata de compensar la p\u00e9rdida de ingresos del trabajador a consecuencia del permiso de descanso por el nacimiento de un hijo, adopci\u00f3n, tutela o acogimiento, y durante ese periodo el contrato de trabajo queda en suspenso interrumpi\u00e9ndose la actividad laboral.<\/p>\n<p>Por ello, a tenor del art\u00edculo 177 de la Ley General de la Seguridad Social, el Supremo recuerda que se consideran situaciones protegidas la maternidad, la adopci\u00f3n, la guarda con fines de adopci\u00f3n y el acogimiento familiar, de conformidad con el C\u00f3digo Civil o las leyes civiles de las comunidades aut\u00f3nomas que lo regulen.<\/p>\n<p>&#8220;En consecuencia \u0096concluye la sentencia- la prestaci\u00f3n por maternidad puede incardinarse en el supuesto previsto en el p\u00e1rrafo tercero de la letra h del art\u00edculo 7 de la LIRPF, y por ello el recurso de casaci\u00f3n ha de ser desestimado y establecer como doctrina legal que &#8216;las prestaciones p\u00fablicas por maternidad percibidas de la Seguridad Social est\u00e1n exentas del Impuesto sobre la Renta de las Personas F\u00edsicas&#8217;.&#8221;<\/p>\n<div class=\"read_More\">\n<h4 class=\"sectionTit_small h4\">Para m\u00e1s informaci\u00f3n, contacta con nuestro <strong>Departamento FISCAL-CONTABLE<\/strong>: <strong>977449033<\/strong> o bien <strong>secretaria@palomo.net\u00a0<\/strong><\/h4>\n<p><em>(Fuente: Xavier Gil Pecharom\u00e1n, www.eleconomista.es)<\/em><\/p>\n<\/div>\n<\/div>\n<\/div>\n","protected":false},"excerpt":{"rendered":"<p>El TS ha establecido como doctrina legal que \u201clas prestaciones p\u00fablicas por maternidad percibidas de la Seguridad Social est\u00e1n exentas del IRPF.\u201d El Supremo confirma una sentencia del Tribunal Superior de Justicia de Madrid, de junio de 2017, que estim\u00f3 el recurso de una mujer y orden\u00f3 a Hacienda que le devolviera la cantidad ingresada [&hellip;]<\/p>\n","protected":false},"author":4,"featured_media":9517,"comment_status":"open","ping_status":"open","sticky":false,"template":"","format":"standard","meta":{"_monsterinsights_skip_tracking":false,"_monsterinsights_sitenote_active":false,"_monsterinsights_sitenote_note":"","_monsterinsights_sitenote_category":0,"footnotes":""},"categories":[34],"tags":[],"class_list":["post-9520","post","type-post","status-publish","format-standard","has-post-thumbnail","hentry","category-noticies"],"yoast_head":"<!-- This site is optimized with the Yoast SEO plugin v27.5 - https:\/\/yoast.com\/product\/yoast-seo-wordpress\/ -->\n<title>LAS PRESTACIONES P\u00daBLICAS POR MATERNIDAD PERCIBIDAS DE LA SEGURIDAD SOCIAL EST\u00c1N EXENTAS DEL IRPF - Palomo Consultors<\/title>\n<meta name=\"robots\" content=\"index, follow, max-snippet:-1, max-image-preview:large, max-video-preview:-1\" \/>\n<link rel=\"canonical\" href=\"https:\/\/palomo.net\/ca\/las-prestaciones-publicas-por-maternidad-percibidas-de-la-seguridad-social-estan-exentas-del-irpf\/\" \/>\n<meta property=\"og:locale\" content=\"ca_ES\" \/>\n<meta property=\"og:type\" content=\"article\" \/>\n<meta property=\"og:title\" content=\"LAS PRESTACIONES P\u00daBLICAS POR MATERNIDAD PERCIBIDAS DE LA SEGURIDAD SOCIAL EST\u00c1N EXENTAS DEL IRPF - Palomo Consultors\" \/>\n<meta property=\"og:description\" content=\"El TS ha establecido como doctrina legal que \u201clas prestaciones p\u00fablicas por maternidad percibidas de la Seguridad Social est\u00e1n exentas del IRPF.\u201d El Supremo confirma una sentencia del Tribunal Superior de Justicia de Madrid, de junio de 2017, que estim\u00f3 el recurso de una mujer y orden\u00f3 a Hacienda que le devolviera la cantidad ingresada [&hellip;]\" \/>\n<meta property=\"og:url\" content=\"https:\/\/palomo.net\/ca\/las-prestaciones-publicas-por-maternidad-percibidas-de-la-seguridad-social-estan-exentas-del-irpf\/\" \/>\n<meta property=\"og:site_name\" content=\"Palomo Consultors\" \/>\n<meta property=\"article:published_time\" content=\"2018-10-09T09:50:04+00:00\" \/>\n<meta property=\"article:modified_time\" content=\"2018-10-09T10:03:16+00:00\" \/>\n<meta property=\"og:image\" content=\"https:\/\/palomo.net\/wp-content\/uploads\/IRPF-MATERNIDAD.jpg\" \/>\n\t<meta property=\"og:image:width\" content=\"300\" \/>\n\t<meta property=\"og:image:height\" content=\"168\" \/>\n\t<meta property=\"og:image:type\" content=\"image\/jpeg\" \/>\n<meta name=\"author\" content=\"Palomo Consultors\" \/>\n<meta name=\"twitter:card\" content=\"summary_large_image\" \/>\n<meta name=\"twitter:label1\" content=\"Escrit per\" \/>\n\t<meta name=\"twitter:data1\" content=\"Palomo Consultors\" \/>\n\t<meta name=\"twitter:label2\" content=\"Temps estimat de lectura\" \/>\n\t<meta name=\"twitter:data2\" content=\"7 minuts\" \/>\n<script type=\"application\/ld+json\" class=\"yoast-schema-graph\">{\"@context\":\"https:\\\/\\\/schema.org\",\"@graph\":[{\"@type\":\"Article\",\"@id\":\"https:\\\/\\\/palomo.net\\\/ca\\\/las-prestaciones-publicas-por-maternidad-percibidas-de-la-seguridad-social-estan-exentas-del-irpf\\\/#article\",\"isPartOf\":{\"@id\":\"https:\\\/\\\/palomo.net\\\/ca\\\/las-prestaciones-publicas-por-maternidad-percibidas-de-la-seguridad-social-estan-exentas-del-irpf\\\/\"},\"author\":{\"name\":\"Palomo Consultors\",\"@id\":\"https:\\\/\\\/palomo.net\\\/#\\\/schema\\\/person\\\/711f80f8e4fbf3466bd3c1c42e621ece\"},\"headline\":\"LAS PRESTACIONES P\u00daBLICAS POR MATERNIDAD PERCIBIDAS DE LA SEGURIDAD SOCIAL EST\u00c1N EXENTAS DEL IRPF\",\"datePublished\":\"2018-10-09T09:50:04+00:00\",\"dateModified\":\"2018-10-09T10:03:16+00:00\",\"mainEntityOfPage\":{\"@id\":\"https:\\\/\\\/palomo.net\\\/ca\\\/las-prestaciones-publicas-por-maternidad-percibidas-de-la-seguridad-social-estan-exentas-del-irpf\\\/\"},\"wordCount\":1446,\"commentCount\":0,\"image\":{\"@id\":\"https:\\\/\\\/palomo.net\\\/ca\\\/las-prestaciones-publicas-por-maternidad-percibidas-de-la-seguridad-social-estan-exentas-del-irpf\\\/#primaryimage\"},\"thumbnailUrl\":\"https:\\\/\\\/palomo.net\\\/wp-content\\\/uploads\\\/IRPF-MATERNIDAD.jpg\",\"articleSection\":[\"Not\u00edcies\"],\"inLanguage\":\"ca\",\"potentialAction\":[{\"@type\":\"CommentAction\",\"name\":\"Comment\",\"target\":[\"https:\\\/\\\/palomo.net\\\/ca\\\/las-prestaciones-publicas-por-maternidad-percibidas-de-la-seguridad-social-estan-exentas-del-irpf\\\/#respond\"]}]},{\"@type\":\"WebPage\",\"@id\":\"https:\\\/\\\/palomo.net\\\/ca\\\/las-prestaciones-publicas-por-maternidad-percibidas-de-la-seguridad-social-estan-exentas-del-irpf\\\/\",\"url\":\"https:\\\/\\\/palomo.net\\\/ca\\\/las-prestaciones-publicas-por-maternidad-percibidas-de-la-seguridad-social-estan-exentas-del-irpf\\\/\",\"name\":\"LAS PRESTACIONES P\u00daBLICAS POR MATERNIDAD PERCIBIDAS DE LA SEGURIDAD SOCIAL EST\u00c1N EXENTAS DEL IRPF - Palomo Consultors\",\"isPartOf\":{\"@id\":\"https:\\\/\\\/palomo.net\\\/#website\"},\"primaryImageOfPage\":{\"@id\":\"https:\\\/\\\/palomo.net\\\/ca\\\/las-prestaciones-publicas-por-maternidad-percibidas-de-la-seguridad-social-estan-exentas-del-irpf\\\/#primaryimage\"},\"image\":{\"@id\":\"https:\\\/\\\/palomo.net\\\/ca\\\/las-prestaciones-publicas-por-maternidad-percibidas-de-la-seguridad-social-estan-exentas-del-irpf\\\/#primaryimage\"},\"thumbnailUrl\":\"https:\\\/\\\/palomo.net\\\/wp-content\\\/uploads\\\/IRPF-MATERNIDAD.jpg\",\"datePublished\":\"2018-10-09T09:50:04+00:00\",\"dateModified\":\"2018-10-09T10:03:16+00:00\",\"author\":{\"@id\":\"https:\\\/\\\/palomo.net\\\/#\\\/schema\\\/person\\\/711f80f8e4fbf3466bd3c1c42e621ece\"},\"breadcrumb\":{\"@id\":\"https:\\\/\\\/palomo.net\\\/ca\\\/las-prestaciones-publicas-por-maternidad-percibidas-de-la-seguridad-social-estan-exentas-del-irpf\\\/#breadcrumb\"},\"inLanguage\":\"ca\",\"potentialAction\":[{\"@type\":\"ReadAction\",\"target\":[\"https:\\\/\\\/palomo.net\\\/ca\\\/las-prestaciones-publicas-por-maternidad-percibidas-de-la-seguridad-social-estan-exentas-del-irpf\\\/\"]}]},{\"@type\":\"ImageObject\",\"inLanguage\":\"ca\",\"@id\":\"https:\\\/\\\/palomo.net\\\/ca\\\/las-prestaciones-publicas-por-maternidad-percibidas-de-la-seguridad-social-estan-exentas-del-irpf\\\/#primaryimage\",\"url\":\"https:\\\/\\\/palomo.net\\\/wp-content\\\/uploads\\\/IRPF-MATERNIDAD.jpg\",\"contentUrl\":\"https:\\\/\\\/palomo.net\\\/wp-content\\\/uploads\\\/IRPF-MATERNIDAD.jpg\",\"width\":300,\"height\":168},{\"@type\":\"BreadcrumbList\",\"@id\":\"https:\\\/\\\/palomo.net\\\/ca\\\/las-prestaciones-publicas-por-maternidad-percibidas-de-la-seguridad-social-estan-exentas-del-irpf\\\/#breadcrumb\",\"itemListElement\":[{\"@type\":\"ListItem\",\"position\":1,\"name\":\"Portada\",\"item\":\"https:\\\/\\\/palomo.net\\\/ca\\\/\"},{\"@type\":\"ListItem\",\"position\":2,\"name\":\"LAS PRESTACIONES P\u00daBLICAS POR MATERNIDAD PERCIBIDAS DE LA SEGURIDAD SOCIAL EST\u00c1N EXENTAS DEL IRPF\"}]},{\"@type\":\"WebSite\",\"@id\":\"https:\\\/\\\/palomo.net\\\/#website\",\"url\":\"https:\\\/\\\/palomo.net\\\/\",\"name\":\"Palomo Consultors\",\"description\":\"Assessors Laborales d&#039; Empresas\",\"potentialAction\":[{\"@type\":\"SearchAction\",\"target\":{\"@type\":\"EntryPoint\",\"urlTemplate\":\"https:\\\/\\\/palomo.net\\\/?s={search_term_string}\"},\"query-input\":{\"@type\":\"PropertyValueSpecification\",\"valueRequired\":true,\"valueName\":\"search_term_string\"}}],\"inLanguage\":\"ca\"},{\"@type\":\"Person\",\"@id\":\"https:\\\/\\\/palomo.net\\\/#\\\/schema\\\/person\\\/711f80f8e4fbf3466bd3c1c42e621ece\",\"name\":\"Palomo Consultors\",\"url\":\"https:\\\/\\\/palomo.net\\\/ca\\\/author\\\/pl0mo\\\/\"}]}<\/script>\n<!-- \/ Yoast SEO plugin. -->","yoast_head_json":{"title":"LAS PRESTACIONES P\u00daBLICAS POR MATERNIDAD PERCIBIDAS DE LA SEGURIDAD SOCIAL EST\u00c1N EXENTAS DEL IRPF - Palomo Consultors","robots":{"index":"index","follow":"follow","max-snippet":"max-snippet:-1","max-image-preview":"max-image-preview:large","max-video-preview":"max-video-preview:-1"},"canonical":"https:\/\/palomo.net\/ca\/las-prestaciones-publicas-por-maternidad-percibidas-de-la-seguridad-social-estan-exentas-del-irpf\/","og_locale":"ca_ES","og_type":"article","og_title":"LAS PRESTACIONES P\u00daBLICAS POR MATERNIDAD PERCIBIDAS DE LA SEGURIDAD SOCIAL EST\u00c1N EXENTAS DEL IRPF - Palomo Consultors","og_description":"El TS ha establecido como doctrina legal que \u201clas prestaciones p\u00fablicas por maternidad percibidas de la Seguridad Social est\u00e1n exentas del IRPF.\u201d El Supremo confirma una sentencia del Tribunal Superior de Justicia de Madrid, de junio de 2017, que estim\u00f3 el recurso de una mujer y orden\u00f3 a Hacienda que le devolviera la cantidad ingresada [&hellip;]","og_url":"https:\/\/palomo.net\/ca\/las-prestaciones-publicas-por-maternidad-percibidas-de-la-seguridad-social-estan-exentas-del-irpf\/","og_site_name":"Palomo Consultors","article_published_time":"2018-10-09T09:50:04+00:00","article_modified_time":"2018-10-09T10:03:16+00:00","og_image":[{"width":300,"height":168,"url":"https:\/\/palomo.net\/wp-content\/uploads\/IRPF-MATERNIDAD.jpg","type":"image\/jpeg"}],"author":"Palomo Consultors","twitter_card":"summary_large_image","twitter_misc":{"Escrit per":"Palomo Consultors","Temps estimat de lectura":"7 minuts"},"schema":{"@context":"https:\/\/schema.org","@graph":[{"@type":"Article","@id":"https:\/\/palomo.net\/ca\/las-prestaciones-publicas-por-maternidad-percibidas-de-la-seguridad-social-estan-exentas-del-irpf\/#article","isPartOf":{"@id":"https:\/\/palomo.net\/ca\/las-prestaciones-publicas-por-maternidad-percibidas-de-la-seguridad-social-estan-exentas-del-irpf\/"},"author":{"name":"Palomo Consultors","@id":"https:\/\/palomo.net\/#\/schema\/person\/711f80f8e4fbf3466bd3c1c42e621ece"},"headline":"LAS PRESTACIONES P\u00daBLICAS POR MATERNIDAD PERCIBIDAS DE LA SEGURIDAD SOCIAL EST\u00c1N EXENTAS DEL IRPF","datePublished":"2018-10-09T09:50:04+00:00","dateModified":"2018-10-09T10:03:16+00:00","mainEntityOfPage":{"@id":"https:\/\/palomo.net\/ca\/las-prestaciones-publicas-por-maternidad-percibidas-de-la-seguridad-social-estan-exentas-del-irpf\/"},"wordCount":1446,"commentCount":0,"image":{"@id":"https:\/\/palomo.net\/ca\/las-prestaciones-publicas-por-maternidad-percibidas-de-la-seguridad-social-estan-exentas-del-irpf\/#primaryimage"},"thumbnailUrl":"https:\/\/palomo.net\/wp-content\/uploads\/IRPF-MATERNIDAD.jpg","articleSection":["Not\u00edcies"],"inLanguage":"ca","potentialAction":[{"@type":"CommentAction","name":"Comment","target":["https:\/\/palomo.net\/ca\/las-prestaciones-publicas-por-maternidad-percibidas-de-la-seguridad-social-estan-exentas-del-irpf\/#respond"]}]},{"@type":"WebPage","@id":"https:\/\/palomo.net\/ca\/las-prestaciones-publicas-por-maternidad-percibidas-de-la-seguridad-social-estan-exentas-del-irpf\/","url":"https:\/\/palomo.net\/ca\/las-prestaciones-publicas-por-maternidad-percibidas-de-la-seguridad-social-estan-exentas-del-irpf\/","name":"LAS PRESTACIONES P\u00daBLICAS POR MATERNIDAD PERCIBIDAS DE LA SEGURIDAD SOCIAL EST\u00c1N EXENTAS DEL IRPF - Palomo Consultors","isPartOf":{"@id":"https:\/\/palomo.net\/#website"},"primaryImageOfPage":{"@id":"https:\/\/palomo.net\/ca\/las-prestaciones-publicas-por-maternidad-percibidas-de-la-seguridad-social-estan-exentas-del-irpf\/#primaryimage"},"image":{"@id":"https:\/\/palomo.net\/ca\/las-prestaciones-publicas-por-maternidad-percibidas-de-la-seguridad-social-estan-exentas-del-irpf\/#primaryimage"},"thumbnailUrl":"https:\/\/palomo.net\/wp-content\/uploads\/IRPF-MATERNIDAD.jpg","datePublished":"2018-10-09T09:50:04+00:00","dateModified":"2018-10-09T10:03:16+00:00","author":{"@id":"https:\/\/palomo.net\/#\/schema\/person\/711f80f8e4fbf3466bd3c1c42e621ece"},"breadcrumb":{"@id":"https:\/\/palomo.net\/ca\/las-prestaciones-publicas-por-maternidad-percibidas-de-la-seguridad-social-estan-exentas-del-irpf\/#breadcrumb"},"inLanguage":"ca","potentialAction":[{"@type":"ReadAction","target":["https:\/\/palomo.net\/ca\/las-prestaciones-publicas-por-maternidad-percibidas-de-la-seguridad-social-estan-exentas-del-irpf\/"]}]},{"@type":"ImageObject","inLanguage":"ca","@id":"https:\/\/palomo.net\/ca\/las-prestaciones-publicas-por-maternidad-percibidas-de-la-seguridad-social-estan-exentas-del-irpf\/#primaryimage","url":"https:\/\/palomo.net\/wp-content\/uploads\/IRPF-MATERNIDAD.jpg","contentUrl":"https:\/\/palomo.net\/wp-content\/uploads\/IRPF-MATERNIDAD.jpg","width":300,"height":168},{"@type":"BreadcrumbList","@id":"https:\/\/palomo.net\/ca\/las-prestaciones-publicas-por-maternidad-percibidas-de-la-seguridad-social-estan-exentas-del-irpf\/#breadcrumb","itemListElement":[{"@type":"ListItem","position":1,"name":"Portada","item":"https:\/\/palomo.net\/ca\/"},{"@type":"ListItem","position":2,"name":"LAS PRESTACIONES P\u00daBLICAS POR MATERNIDAD PERCIBIDAS DE LA SEGURIDAD SOCIAL EST\u00c1N EXENTAS DEL IRPF"}]},{"@type":"WebSite","@id":"https:\/\/palomo.net\/#website","url":"https:\/\/palomo.net\/","name":"Palomo Consultors","description":"Assessors Laborales d&#039; Empresas","potentialAction":[{"@type":"SearchAction","target":{"@type":"EntryPoint","urlTemplate":"https:\/\/palomo.net\/?s={search_term_string}"},"query-input":{"@type":"PropertyValueSpecification","valueRequired":true,"valueName":"search_term_string"}}],"inLanguage":"ca"},{"@type":"Person","@id":"https:\/\/palomo.net\/#\/schema\/person\/711f80f8e4fbf3466bd3c1c42e621ece","name":"Palomo Consultors","url":"https:\/\/palomo.net\/ca\/author\/pl0mo\/"}]}},"_links":{"self":[{"href":"https:\/\/palomo.net\/ca\/wp-json\/wp\/v2\/posts\/9520\/"}],"collection":[{"href":"https:\/\/palomo.net\/ca\/wp-json\/wp\/v2\/posts\/"}],"about":[{"href":"https:\/\/palomo.net\/ca\/wp-json\/wp\/v2\/types\/post\/"}],"author":[{"embeddable":true,"href":"https:\/\/palomo.net\/ca\/wp-json\/wp\/v2\/users\/4\/"}],"replies":[{"embeddable":true,"href":"https:\/\/palomo.net\/ca\/wp-json\/wp\/v2\/comments\/?post=9520"}],"version-history":[{"count":2,"href":"https:\/\/palomo.net\/ca\/wp-json\/wp\/v2\/posts\/9520\/revisions\/"}],"predecessor-version":[{"id":9526,"href":"https:\/\/palomo.net\/ca\/wp-json\/wp\/v2\/posts\/9520\/revisions\/9526\/"}],"wp:featuredmedia":[{"embeddable":true,"href":"https:\/\/palomo.net\/ca\/wp-json\/wp\/v2\/media\/9517\/"}],"wp:attachment":[{"href":"https:\/\/palomo.net\/ca\/wp-json\/wp\/v2\/media\/?parent=9520"}],"wp:term":[{"taxonomy":"category","embeddable":true,"href":"https:\/\/palomo.net\/ca\/wp-json\/wp\/v2\/categories\/?post=9520"},{"taxonomy":"post_tag","embeddable":true,"href":"https:\/\/palomo.net\/ca\/wp-json\/wp\/v2\/tags\/?post=9520"}],"curies":[{"name":"wp","href":"https:\/\/api.w.org\/{rel}","templated":true}]}}