{"id":9766,"date":"2018-11-22T13:52:03","date_gmt":"2018-11-22T12:52:03","guid":{"rendered":"http:\/\/palomo.net\/todas-las-obligaciones-fiscales-de-las-empresas-de-aqui-a-final-de-ano\/"},"modified":"2018-11-22T13:52:03","modified_gmt":"2018-11-22T12:52:03","slug":"todas-las-obligaciones-fiscales-de-las-empresas-de-aqui-a-final-de-ano","status":"publish","type":"post","link":"https:\/\/palomo.net\/ca\/todas-las-obligaciones-fiscales-de-las-empresas-de-aqui-a-final-de-ano\/","title":{"rendered":"TODAS LAS OBLIGACIONES FISCALES DE LAS EMPRESAS DE AQU\u00cd A FINAL DE A\u00d1O"},"content":{"rendered":"<div class=\"page-container\">\n<div class=\"content-container\">\n<article class=\"article article-normal\">\n<div class=\"article-wrapper\">\n<div class=\"article-wrapper-inner\">\n<div class=\"article-metadata\"><\/div>\n<div class=\"article-content\">\n<div class=\"blob\">\n<p>Diciembre es el mes de la Navidad y, como no, el mes en que acaba el a\u00f1o natural y tambi\u00e9n el a\u00f1o fiscal. Entre cena y cena toca hacer balance de este a\u00f1o y <strong>pensar en todas nuestras obligaciones con la Agencia Tributaria<\/strong>, que no son pocas, adem\u00e1s de aquellas que tendremos que atender con el nuevo a\u00f1o.<\/p>\n<p>Por eso, vamos a hacer un peque\u00f1o resumen de <strong>todos los modelos y obligaciones tributarias que tenemos que presentar como pymes y aut\u00f3nomos de aqu\u00ed al 31 de diciembre<\/strong>.<\/p>\n<h2><strong>IMPUESTO DE SOCIEDADES<\/strong><\/h2>\n<p>Durante el mes de diciembre, deberemos presentar el <strong>modelo 202<\/strong>, de pagos a cuenta del impuesto de sociedades, con el tercer pago anticipado del impuesto. En caso de domiciliar el pago, el plazo de presentaci\u00f3n telem\u00e1tica de las <strong>autoliquidaciones de este modelo va desde el d\u00eda 1 hasta el 15 de diciembre<\/strong>.<\/p>\n<h2><strong>IRPF<\/strong><\/h2>\n<p>Diciembre marca el fin del ejercicio fiscal, de modo que <strong>es la \u00faltima oportunidad para realizar las acciones necesarias<\/strong> para poder incluir las deducciones previstas en la declaraci\u00f3n de la renta con el fin de reducir la factura fiscal. En este sentido, siempre podemos aportar una cantidad mayor a nuestro plan de pensiones, vender acciones o participaciones de nuestro fondo de inversi\u00f3n para compensar p\u00e9rdidas o realizar donaciones en favor de una entidad sin \u00e1nimo de lucro, entre otras muchas cosas.<\/p>\n<div class=\"desvio-container\">\n<div class=\"desvio\">\n<div class=\"desvio-figure js-desvio-figure\"><a href=\"https:\/\/www.pymesyautonomos.com\/fiscalidad-y-contabilidad\/cinco-consejos-para-reducir-tu-factura-fiscal-de-cara-al-ano-que-viene\"><img decoding=\"async\" data-src=\"https:\/\/i.blogs.es\/6734d9\/oliver-thomas-klein-144899\/375_142.jpg\" src=\"data:image\/svg+xml;base64,PHN2ZyB3aWR0aD0iMSIgaGVpZ2h0PSIxIiB4bWxucz0iaHR0cDovL3d3dy53My5vcmcvMjAwMC9zdmciPjwvc3ZnPg==\" class=\"lazyload\" \/><\/a><\/div>\n<div><\/div>\n<div class=\"desvio-summary\"><strong><a class=\"desvio-title js-desvio-title\" href=\"https:\/\/www.pymesyautonomos.com\/fiscalidad-y-contabilidad\/cinco-consejos-para-reducir-tu-factura-fiscal-de-cara-al-ano-que-viene\">Cinco consejos para reducir tu factura fiscal de cara al a\u00f1o que viene<\/a><\/strong><\/div>\n<\/div>\n<\/div>\n<p>Adem\u00e1s, el 31 de diciembre es el \u00faltimo d\u00eda para cambiar nuestra forma de tributaci\u00f3n a trav\u00e9s del <strong>modelo 036,<\/strong> el Censo de empresarios, profesionales y retenedores o <strong>el 037<\/strong>, el modelo simplificado. Recordemos que el Gobierno ha dado un a\u00f1o m\u00e1s de gracia a los aut\u00f3nomos que tributan por m\u00f3dulos, pero <strong>se prev\u00e9 que sea el \u00faltimo que podamos acogernos a este sistema<\/strong>.<\/p>\n<h2>IVA<\/h2>\n<p>Aunque en diciembre no hay que presentar ning\u00fan modelo relacionado con el IVA, <strong>siempre es recomendable revisar nuestras cuentas para ver qu\u00e9 compras previstas podemos adelantar para deducirnos ese IVA soportado antes del \u00faltimo trimestre y de la declaraci\u00f3n anual<\/strong>. Antes del d\u00eda 30 de enero tendremos que presentar dos modelos: el <strong>modelo 303<\/strong>, de <strong>autoliquidaci\u00f3n trimestral del IVA<\/strong>, y el <strong>modelo 390<\/strong>, la <strong>declaraci\u00f3n y el resumen anual del IVA.<\/strong><\/p>\n<p>(<em>Fuente: www.m.pymesyautonomos.com<\/em>)<\/p>\n<\/div>\n<\/div>\n<\/div>\n<\/div>\n<\/article>\n<\/div>\n<\/div>\n","protected":false},"excerpt":{"rendered":"<p>Diciembre es el mes de la Navidad y, como no, el mes en que acaba el a\u00f1o natural y tambi\u00e9n el a\u00f1o fiscal. Entre cena y cena toca hacer balance de este a\u00f1o y pensar en todas nuestras obligaciones con la Agencia Tributaria, que no son pocas, adem\u00e1s de aquellas que tendremos que atender con [&hellip;]<\/p>\n","protected":false},"author":4,"featured_media":9761,"comment_status":"open","ping_status":"open","sticky":false,"template":"","format":"standard","meta":{"_monsterinsights_skip_tracking":false,"_monsterinsights_sitenote_active":false,"_monsterinsights_sitenote_note":"","_monsterinsights_sitenote_category":0,"footnotes":""},"categories":[34],"tags":[],"class_list":["post-9766","post","type-post","status-publish","format-standard","has-post-thumbnail","hentry","category-noticies"],"yoast_head":"<!-- This site is optimized with the Yoast SEO plugin v27.5 - https:\/\/yoast.com\/product\/yoast-seo-wordpress\/ -->\n<title>TODAS LAS OBLIGACIONES FISCALES DE LAS EMPRESAS DE AQU\u00cd A FINAL DE A\u00d1O - Palomo Consultors<\/title>\n<meta name=\"robots\" content=\"index, follow, max-snippet:-1, max-image-preview:large, max-video-preview:-1\" \/>\n<link rel=\"canonical\" href=\"https:\/\/palomo.net\/ca\/todas-las-obligaciones-fiscales-de-las-empresas-de-aqui-a-final-de-ano\/\" \/>\n<meta property=\"og:locale\" content=\"ca_ES\" \/>\n<meta property=\"og:type\" content=\"article\" \/>\n<meta property=\"og:title\" content=\"TODAS LAS OBLIGACIONES FISCALES DE LAS EMPRESAS DE AQU\u00cd A FINAL DE A\u00d1O - Palomo Consultors\" \/>\n<meta property=\"og:description\" content=\"Diciembre es el mes de la Navidad y, como no, el mes en que acaba el a\u00f1o natural y tambi\u00e9n el a\u00f1o fiscal. Entre cena y cena toca hacer balance de este a\u00f1o y pensar en todas nuestras obligaciones con la Agencia Tributaria, que no son pocas, adem\u00e1s de aquellas que tendremos que atender con [&hellip;]\" \/>\n<meta property=\"og:url\" content=\"https:\/\/palomo.net\/ca\/todas-las-obligaciones-fiscales-de-las-empresas-de-aqui-a-final-de-ano\/\" \/>\n<meta property=\"og:site_name\" content=\"Palomo Consultors\" \/>\n<meta property=\"article:published_time\" content=\"2018-11-22T12:52:03+00:00\" \/>\n<meta property=\"og:image\" content=\"https:\/\/palomo.net\/wp-content\/uploads\/obligaciones-fiscales-II.jpg\" \/>\n\t<meta property=\"og:image:width\" content=\"800\" \/>\n\t<meta property=\"og:image:height\" content=\"533\" \/>\n\t<meta property=\"og:image:type\" content=\"image\/jpeg\" \/>\n<meta name=\"author\" content=\"Palomo Consultors\" \/>\n<meta name=\"twitter:card\" content=\"summary_large_image\" \/>\n<meta name=\"twitter:label1\" content=\"Escrit per\" \/>\n\t<meta name=\"twitter:data1\" content=\"Palomo Consultors\" \/>\n\t<meta name=\"twitter:label2\" content=\"Temps estimat de lectura\" \/>\n\t<meta name=\"twitter:data2\" content=\"2 minuts\" \/>\n<script type=\"application\/ld+json\" class=\"yoast-schema-graph\">{\"@context\":\"https:\\\/\\\/schema.org\",\"@graph\":[{\"@type\":\"Article\",\"@id\":\"https:\\\/\\\/palomo.net\\\/ca\\\/todas-las-obligaciones-fiscales-de-las-empresas-de-aqui-a-final-de-ano\\\/#article\",\"isPartOf\":{\"@id\":\"https:\\\/\\\/palomo.net\\\/ca\\\/todas-las-obligaciones-fiscales-de-las-empresas-de-aqui-a-final-de-ano\\\/\"},\"author\":{\"name\":\"Palomo Consultors\",\"@id\":\"https:\\\/\\\/palomo.net\\\/#\\\/schema\\\/person\\\/711f80f8e4fbf3466bd3c1c42e621ece\"},\"headline\":\"TODAS LAS OBLIGACIONES FISCALES DE LAS EMPRESAS DE AQU\u00cd A FINAL DE A\u00d1O\",\"datePublished\":\"2018-11-22T12:52:03+00:00\",\"mainEntityOfPage\":{\"@id\":\"https:\\\/\\\/palomo.net\\\/ca\\\/todas-las-obligaciones-fiscales-de-las-empresas-de-aqui-a-final-de-ano\\\/\"},\"wordCount\":410,\"commentCount\":0,\"image\":{\"@id\":\"https:\\\/\\\/palomo.net\\\/ca\\\/todas-las-obligaciones-fiscales-de-las-empresas-de-aqui-a-final-de-ano\\\/#primaryimage\"},\"thumbnailUrl\":\"https:\\\/\\\/palomo.net\\\/wp-content\\\/uploads\\\/obligaciones-fiscales-II.jpg\",\"articleSection\":[\"Not\u00edcies\"],\"inLanguage\":\"ca\",\"potentialAction\":[{\"@type\":\"CommentAction\",\"name\":\"Comment\",\"target\":[\"https:\\\/\\\/palomo.net\\\/ca\\\/todas-las-obligaciones-fiscales-de-las-empresas-de-aqui-a-final-de-ano\\\/#respond\"]}]},{\"@type\":\"WebPage\",\"@id\":\"https:\\\/\\\/palomo.net\\\/ca\\\/todas-las-obligaciones-fiscales-de-las-empresas-de-aqui-a-final-de-ano\\\/\",\"url\":\"https:\\\/\\\/palomo.net\\\/ca\\\/todas-las-obligaciones-fiscales-de-las-empresas-de-aqui-a-final-de-ano\\\/\",\"name\":\"TODAS LAS OBLIGACIONES FISCALES DE LAS EMPRESAS DE AQU\u00cd A FINAL DE A\u00d1O - Palomo Consultors\",\"isPartOf\":{\"@id\":\"https:\\\/\\\/palomo.net\\\/#website\"},\"primaryImageOfPage\":{\"@id\":\"https:\\\/\\\/palomo.net\\\/ca\\\/todas-las-obligaciones-fiscales-de-las-empresas-de-aqui-a-final-de-ano\\\/#primaryimage\"},\"image\":{\"@id\":\"https:\\\/\\\/palomo.net\\\/ca\\\/todas-las-obligaciones-fiscales-de-las-empresas-de-aqui-a-final-de-ano\\\/#primaryimage\"},\"thumbnailUrl\":\"https:\\\/\\\/palomo.net\\\/wp-content\\\/uploads\\\/obligaciones-fiscales-II.jpg\",\"datePublished\":\"2018-11-22T12:52:03+00:00\",\"author\":{\"@id\":\"https:\\\/\\\/palomo.net\\\/#\\\/schema\\\/person\\\/711f80f8e4fbf3466bd3c1c42e621ece\"},\"breadcrumb\":{\"@id\":\"https:\\\/\\\/palomo.net\\\/ca\\\/todas-las-obligaciones-fiscales-de-las-empresas-de-aqui-a-final-de-ano\\\/#breadcrumb\"},\"inLanguage\":\"ca\",\"potentialAction\":[{\"@type\":\"ReadAction\",\"target\":[\"https:\\\/\\\/palomo.net\\\/ca\\\/todas-las-obligaciones-fiscales-de-las-empresas-de-aqui-a-final-de-ano\\\/\"]}]},{\"@type\":\"ImageObject\",\"inLanguage\":\"ca\",\"@id\":\"https:\\\/\\\/palomo.net\\\/ca\\\/todas-las-obligaciones-fiscales-de-las-empresas-de-aqui-a-final-de-ano\\\/#primaryimage\",\"url\":\"https:\\\/\\\/palomo.net\\\/wp-content\\\/uploads\\\/obligaciones-fiscales-II.jpg\",\"contentUrl\":\"https:\\\/\\\/palomo.net\\\/wp-content\\\/uploads\\\/obligaciones-fiscales-II.jpg\",\"width\":800,\"height\":533},{\"@type\":\"BreadcrumbList\",\"@id\":\"https:\\\/\\\/palomo.net\\\/ca\\\/todas-las-obligaciones-fiscales-de-las-empresas-de-aqui-a-final-de-ano\\\/#breadcrumb\",\"itemListElement\":[{\"@type\":\"ListItem\",\"position\":1,\"name\":\"Portada\",\"item\":\"https:\\\/\\\/palomo.net\\\/ca\\\/\"},{\"@type\":\"ListItem\",\"position\":2,\"name\":\"TODAS LAS OBLIGACIONES FISCALES DE LAS EMPRESAS DE AQU\u00cd A FINAL DE A\u00d1O\"}]},{\"@type\":\"WebSite\",\"@id\":\"https:\\\/\\\/palomo.net\\\/#website\",\"url\":\"https:\\\/\\\/palomo.net\\\/\",\"name\":\"Palomo Consultors\",\"description\":\"Assessors Laborales d&#039; Empresas\",\"potentialAction\":[{\"@type\":\"SearchAction\",\"target\":{\"@type\":\"EntryPoint\",\"urlTemplate\":\"https:\\\/\\\/palomo.net\\\/?s={search_term_string}\"},\"query-input\":{\"@type\":\"PropertyValueSpecification\",\"valueRequired\":true,\"valueName\":\"search_term_string\"}}],\"inLanguage\":\"ca\"},{\"@type\":\"Person\",\"@id\":\"https:\\\/\\\/palomo.net\\\/#\\\/schema\\\/person\\\/711f80f8e4fbf3466bd3c1c42e621ece\",\"name\":\"Palomo Consultors\",\"url\":\"https:\\\/\\\/palomo.net\\\/ca\\\/author\\\/pl0mo\\\/\"}]}<\/script>\n<!-- \/ Yoast SEO plugin. -->","yoast_head_json":{"title":"TODAS LAS OBLIGACIONES FISCALES DE LAS EMPRESAS DE AQU\u00cd A FINAL DE A\u00d1O - Palomo Consultors","robots":{"index":"index","follow":"follow","max-snippet":"max-snippet:-1","max-image-preview":"max-image-preview:large","max-video-preview":"max-video-preview:-1"},"canonical":"https:\/\/palomo.net\/ca\/todas-las-obligaciones-fiscales-de-las-empresas-de-aqui-a-final-de-ano\/","og_locale":"ca_ES","og_type":"article","og_title":"TODAS LAS OBLIGACIONES FISCALES DE LAS EMPRESAS DE AQU\u00cd A FINAL DE A\u00d1O - Palomo Consultors","og_description":"Diciembre es el mes de la Navidad y, como no, el mes en que acaba el a\u00f1o natural y tambi\u00e9n el a\u00f1o fiscal. Entre cena y cena toca hacer balance de este a\u00f1o y pensar en todas nuestras obligaciones con la Agencia Tributaria, que no son pocas, adem\u00e1s de aquellas que tendremos que atender con [&hellip;]","og_url":"https:\/\/palomo.net\/ca\/todas-las-obligaciones-fiscales-de-las-empresas-de-aqui-a-final-de-ano\/","og_site_name":"Palomo Consultors","article_published_time":"2018-11-22T12:52:03+00:00","og_image":[{"width":800,"height":533,"url":"https:\/\/palomo.net\/wp-content\/uploads\/obligaciones-fiscales-II.jpg","type":"image\/jpeg"}],"author":"Palomo Consultors","twitter_card":"summary_large_image","twitter_misc":{"Escrit per":"Palomo Consultors","Temps estimat de lectura":"2 minuts"},"schema":{"@context":"https:\/\/schema.org","@graph":[{"@type":"Article","@id":"https:\/\/palomo.net\/ca\/todas-las-obligaciones-fiscales-de-las-empresas-de-aqui-a-final-de-ano\/#article","isPartOf":{"@id":"https:\/\/palomo.net\/ca\/todas-las-obligaciones-fiscales-de-las-empresas-de-aqui-a-final-de-ano\/"},"author":{"name":"Palomo Consultors","@id":"https:\/\/palomo.net\/#\/schema\/person\/711f80f8e4fbf3466bd3c1c42e621ece"},"headline":"TODAS LAS OBLIGACIONES FISCALES DE LAS EMPRESAS DE AQU\u00cd A FINAL DE A\u00d1O","datePublished":"2018-11-22T12:52:03+00:00","mainEntityOfPage":{"@id":"https:\/\/palomo.net\/ca\/todas-las-obligaciones-fiscales-de-las-empresas-de-aqui-a-final-de-ano\/"},"wordCount":410,"commentCount":0,"image":{"@id":"https:\/\/palomo.net\/ca\/todas-las-obligaciones-fiscales-de-las-empresas-de-aqui-a-final-de-ano\/#primaryimage"},"thumbnailUrl":"https:\/\/palomo.net\/wp-content\/uploads\/obligaciones-fiscales-II.jpg","articleSection":["Not\u00edcies"],"inLanguage":"ca","potentialAction":[{"@type":"CommentAction","name":"Comment","target":["https:\/\/palomo.net\/ca\/todas-las-obligaciones-fiscales-de-las-empresas-de-aqui-a-final-de-ano\/#respond"]}]},{"@type":"WebPage","@id":"https:\/\/palomo.net\/ca\/todas-las-obligaciones-fiscales-de-las-empresas-de-aqui-a-final-de-ano\/","url":"https:\/\/palomo.net\/ca\/todas-las-obligaciones-fiscales-de-las-empresas-de-aqui-a-final-de-ano\/","name":"TODAS LAS OBLIGACIONES FISCALES DE LAS EMPRESAS DE AQU\u00cd A FINAL DE A\u00d1O - Palomo Consultors","isPartOf":{"@id":"https:\/\/palomo.net\/#website"},"primaryImageOfPage":{"@id":"https:\/\/palomo.net\/ca\/todas-las-obligaciones-fiscales-de-las-empresas-de-aqui-a-final-de-ano\/#primaryimage"},"image":{"@id":"https:\/\/palomo.net\/ca\/todas-las-obligaciones-fiscales-de-las-empresas-de-aqui-a-final-de-ano\/#primaryimage"},"thumbnailUrl":"https:\/\/palomo.net\/wp-content\/uploads\/obligaciones-fiscales-II.jpg","datePublished":"2018-11-22T12:52:03+00:00","author":{"@id":"https:\/\/palomo.net\/#\/schema\/person\/711f80f8e4fbf3466bd3c1c42e621ece"},"breadcrumb":{"@id":"https:\/\/palomo.net\/ca\/todas-las-obligaciones-fiscales-de-las-empresas-de-aqui-a-final-de-ano\/#breadcrumb"},"inLanguage":"ca","potentialAction":[{"@type":"ReadAction","target":["https:\/\/palomo.net\/ca\/todas-las-obligaciones-fiscales-de-las-empresas-de-aqui-a-final-de-ano\/"]}]},{"@type":"ImageObject","inLanguage":"ca","@id":"https:\/\/palomo.net\/ca\/todas-las-obligaciones-fiscales-de-las-empresas-de-aqui-a-final-de-ano\/#primaryimage","url":"https:\/\/palomo.net\/wp-content\/uploads\/obligaciones-fiscales-II.jpg","contentUrl":"https:\/\/palomo.net\/wp-content\/uploads\/obligaciones-fiscales-II.jpg","width":800,"height":533},{"@type":"BreadcrumbList","@id":"https:\/\/palomo.net\/ca\/todas-las-obligaciones-fiscales-de-las-empresas-de-aqui-a-final-de-ano\/#breadcrumb","itemListElement":[{"@type":"ListItem","position":1,"name":"Portada","item":"https:\/\/palomo.net\/ca\/"},{"@type":"ListItem","position":2,"name":"TODAS LAS OBLIGACIONES FISCALES DE LAS EMPRESAS DE AQU\u00cd A FINAL DE A\u00d1O"}]},{"@type":"WebSite","@id":"https:\/\/palomo.net\/#website","url":"https:\/\/palomo.net\/","name":"Palomo Consultors","description":"Assessors Laborales d&#039; Empresas","potentialAction":[{"@type":"SearchAction","target":{"@type":"EntryPoint","urlTemplate":"https:\/\/palomo.net\/?s={search_term_string}"},"query-input":{"@type":"PropertyValueSpecification","valueRequired":true,"valueName":"search_term_string"}}],"inLanguage":"ca"},{"@type":"Person","@id":"https:\/\/palomo.net\/#\/schema\/person\/711f80f8e4fbf3466bd3c1c42e621ece","name":"Palomo Consultors","url":"https:\/\/palomo.net\/ca\/author\/pl0mo\/"}]}},"_links":{"self":[{"href":"https:\/\/palomo.net\/ca\/wp-json\/wp\/v2\/posts\/9766\/"}],"collection":[{"href":"https:\/\/palomo.net\/ca\/wp-json\/wp\/v2\/posts\/"}],"about":[{"href":"https:\/\/palomo.net\/ca\/wp-json\/wp\/v2\/types\/post\/"}],"author":[{"embeddable":true,"href":"https:\/\/palomo.net\/ca\/wp-json\/wp\/v2\/users\/4\/"}],"replies":[{"embeddable":true,"href":"https:\/\/palomo.net\/ca\/wp-json\/wp\/v2\/comments\/?post=9766"}],"version-history":[{"count":0,"href":"https:\/\/palomo.net\/ca\/wp-json\/wp\/v2\/posts\/9766\/revisions\/"}],"wp:featuredmedia":[{"embeddable":true,"href":"https:\/\/palomo.net\/ca\/wp-json\/wp\/v2\/media\/9761\/"}],"wp:attachment":[{"href":"https:\/\/palomo.net\/ca\/wp-json\/wp\/v2\/media\/?parent=9766"}],"wp:term":[{"taxonomy":"category","embeddable":true,"href":"https:\/\/palomo.net\/ca\/wp-json\/wp\/v2\/categories\/?post=9766"},{"taxonomy":"post_tag","embeddable":true,"href":"https:\/\/palomo.net\/ca\/wp-json\/wp\/v2\/tags\/?post=9766"}],"curies":[{"name":"wp","href":"https:\/\/api.w.org\/{rel}","templated":true}]}}