{"id":9774,"date":"2018-11-23T10:57:58","date_gmt":"2018-11-23T09:57:58","guid":{"rendered":"http:\/\/palomo.net\/premis-cambra-2018\/"},"modified":"2018-11-23T10:57:58","modified_gmt":"2018-11-23T09:57:58","slug":"premis-cambra-2018","status":"publish","type":"post","link":"https:\/\/palomo.net\/ca\/premis-cambra-2018\/","title":{"rendered":"PREMIS CAMBRA 2018"},"content":{"rendered":"<p>Ahir, <strong>dijous 22 de novembre de 2108<\/strong>,<strong> Palomo Consultors, SL va estar present a la V edici\u00f3 dels Premis Cambra<\/strong>, a l&#8217;Auditori d&#8217;Amposta.<\/p>\n<p>Enhorabona a tots els guardonats i a la Cambra de Comer\u00e7 de Tortosa per la magn\u00edfica organitzaci\u00f3. <strong>Un reconeixement al &#8220;talent&#8221; del nostre territori<\/strong>. Un premi a la innovaci\u00f3, a la tecnologia, la responsabilitat social, a l&#8217;emprenedoria, etc.<\/p>\n<p>En definitiva, a l&#8217;enorme potencial que tenim a les nostres terres.<\/p>\n<p>Nosaltres, per la nostra part, seguirem acompanyant els nostres clients, aut\u00f2noms, particulars, PYMES i grans empreses, amb la m\u00e0xima professionalitat, en la gesti\u00f3 i l&#8217;assessorament, per a l&#8217;\u00e8xit dels seus negocis; contribuint, amb la nostra aportaci\u00f3, al creixement professional de les Terres de l&#8217;Ebre.<\/p>\n<p>Sempre endavant!<\/p>\n","protected":false},"excerpt":{"rendered":"<p>Ahir, dijous 22 de novembre de 2108, Palomo Consultors, SL va estar present a la V edici\u00f3 dels Premis Cambra, a l&#8217;Auditori d&#8217;Amposta. Enhorabona a tots els guardonats i a la Cambra de Comer\u00e7 de Tortosa per la magn\u00edfica organitzaci\u00f3. Un reconeixement al &#8220;talent&#8221; del nostre territori. Un premi a la innovaci\u00f3, a la tecnologia, [&hellip;]<\/p>\n","protected":false},"author":4,"featured_media":9770,"comment_status":"open","ping_status":"open","sticky":false,"template":"","format":"standard","meta":{"_monsterinsights_skip_tracking":false,"_monsterinsights_sitenote_active":false,"_monsterinsights_sitenote_note":"","_monsterinsights_sitenote_category":0,"footnotes":""},"categories":[34],"tags":[],"class_list":["post-9774","post","type-post","status-publish","format-standard","has-post-thumbnail","hentry","category-noticies"],"yoast_head":"<!-- This site is optimized with the Yoast SEO plugin v27.5 - https:\/\/yoast.com\/product\/yoast-seo-wordpress\/ -->\n<title>PREMIS CAMBRA 2018 - Palomo Consultors<\/title>\n<meta name=\"robots\" content=\"index, follow, max-snippet:-1, max-image-preview:large, max-video-preview:-1\" \/>\n<link rel=\"canonical\" href=\"https:\/\/palomo.net\/ca\/premis-cambra-2018\/\" \/>\n<meta property=\"og:locale\" content=\"ca_ES\" \/>\n<meta property=\"og:type\" content=\"article\" \/>\n<meta property=\"og:title\" content=\"PREMIS CAMBRA 2018 - Palomo Consultors\" \/>\n<meta property=\"og:description\" content=\"Ahir, dijous 22 de novembre de 2108, Palomo Consultors, SL va estar present a la V edici\u00f3 dels Premis Cambra, a l&#8217;Auditori d&#8217;Amposta. Enhorabona a tots els guardonats i a la Cambra de Comer\u00e7 de Tortosa per la magn\u00edfica organitzaci\u00f3. Un reconeixement al &#8220;talent&#8221; del nostre territori. Un premi a la innovaci\u00f3, a la tecnologia, [&hellip;]\" \/>\n<meta property=\"og:url\" content=\"https:\/\/palomo.net\/ca\/premis-cambra-2018\/\" \/>\n<meta property=\"og:site_name\" content=\"Palomo Consultors\" \/>\n<meta property=\"article:published_time\" content=\"2018-11-23T09:57:58+00:00\" \/>\n<meta property=\"og:image\" content=\"https:\/\/palomo.net\/wp-content\/uploads\/PREMIS-CAMBRA-2018.jpg\" \/>\n\t<meta property=\"og:image:width\" content=\"4032\" \/>\n\t<meta property=\"og:image:height\" content=\"3024\" \/>\n\t<meta property=\"og:image:type\" content=\"image\/jpeg\" \/>\n<meta name=\"author\" content=\"Palomo Consultors\" \/>\n<meta name=\"twitter:card\" content=\"summary_large_image\" \/>\n<meta name=\"twitter:label1\" content=\"Escrit per\" \/>\n\t<meta name=\"twitter:data1\" content=\"Palomo Consultors\" \/>\n\t<meta name=\"twitter:label2\" content=\"Temps estimat de lectura\" \/>\n\t<meta name=\"twitter:data2\" content=\"1 minut\" \/>\n<script type=\"application\/ld+json\" class=\"yoast-schema-graph\">{\"@context\":\"https:\\\/\\\/schema.org\",\"@graph\":[{\"@type\":\"Article\",\"@id\":\"https:\\\/\\\/palomo.net\\\/ca\\\/premis-cambra-2018\\\/#article\",\"isPartOf\":{\"@id\":\"https:\\\/\\\/palomo.net\\\/ca\\\/premis-cambra-2018\\\/\"},\"author\":{\"name\":\"Palomo Consultors\",\"@id\":\"https:\\\/\\\/palomo.net\\\/#\\\/schema\\\/person\\\/711f80f8e4fbf3466bd3c1c42e621ece\"},\"headline\":\"PREMIS CAMBRA 2018\",\"datePublished\":\"2018-11-23T09:57:58+00:00\",\"mainEntityOfPage\":{\"@id\":\"https:\\\/\\\/palomo.net\\\/ca\\\/premis-cambra-2018\\\/\"},\"wordCount\":122,\"commentCount\":0,\"image\":{\"@id\":\"https:\\\/\\\/palomo.net\\\/ca\\\/premis-cambra-2018\\\/#primaryimage\"},\"thumbnailUrl\":\"https:\\\/\\\/palomo.net\\\/wp-content\\\/uploads\\\/PREMIS-CAMBRA-2018.jpg\",\"articleSection\":[\"Not\u00edcies\"],\"inLanguage\":\"ca\",\"potentialAction\":[{\"@type\":\"CommentAction\",\"name\":\"Comment\",\"target\":[\"https:\\\/\\\/palomo.net\\\/ca\\\/premis-cambra-2018\\\/#respond\"]}]},{\"@type\":\"WebPage\",\"@id\":\"https:\\\/\\\/palomo.net\\\/ca\\\/premis-cambra-2018\\\/\",\"url\":\"https:\\\/\\\/palomo.net\\\/ca\\\/premis-cambra-2018\\\/\",\"name\":\"PREMIS CAMBRA 2018 - Palomo Consultors\",\"isPartOf\":{\"@id\":\"https:\\\/\\\/palomo.net\\\/#website\"},\"primaryImageOfPage\":{\"@id\":\"https:\\\/\\\/palomo.net\\\/ca\\\/premis-cambra-2018\\\/#primaryimage\"},\"image\":{\"@id\":\"https:\\\/\\\/palomo.net\\\/ca\\\/premis-cambra-2018\\\/#primaryimage\"},\"thumbnailUrl\":\"https:\\\/\\\/palomo.net\\\/wp-content\\\/uploads\\\/PREMIS-CAMBRA-2018.jpg\",\"datePublished\":\"2018-11-23T09:57:58+00:00\",\"author\":{\"@id\":\"https:\\\/\\\/palomo.net\\\/#\\\/schema\\\/person\\\/711f80f8e4fbf3466bd3c1c42e621ece\"},\"breadcrumb\":{\"@id\":\"https:\\\/\\\/palomo.net\\\/ca\\\/premis-cambra-2018\\\/#breadcrumb\"},\"inLanguage\":\"ca\",\"potentialAction\":[{\"@type\":\"ReadAction\",\"target\":[\"https:\\\/\\\/palomo.net\\\/ca\\\/premis-cambra-2018\\\/\"]}]},{\"@type\":\"ImageObject\",\"inLanguage\":\"ca\",\"@id\":\"https:\\\/\\\/palomo.net\\\/ca\\\/premis-cambra-2018\\\/#primaryimage\",\"url\":\"https:\\\/\\\/palomo.net\\\/wp-content\\\/uploads\\\/PREMIS-CAMBRA-2018.jpg\",\"contentUrl\":\"https:\\\/\\\/palomo.net\\\/wp-content\\\/uploads\\\/PREMIS-CAMBRA-2018.jpg\",\"width\":4032,\"height\":3024},{\"@type\":\"BreadcrumbList\",\"@id\":\"https:\\\/\\\/palomo.net\\\/ca\\\/premis-cambra-2018\\\/#breadcrumb\",\"itemListElement\":[{\"@type\":\"ListItem\",\"position\":1,\"name\":\"Portada\",\"item\":\"https:\\\/\\\/palomo.net\\\/ca\\\/\"},{\"@type\":\"ListItem\",\"position\":2,\"name\":\"PREMIS CAMBRA 2018\"}]},{\"@type\":\"WebSite\",\"@id\":\"https:\\\/\\\/palomo.net\\\/#website\",\"url\":\"https:\\\/\\\/palomo.net\\\/\",\"name\":\"Palomo Consultors\",\"description\":\"Assessors Laborales d&#039; Empresas\",\"potentialAction\":[{\"@type\":\"SearchAction\",\"target\":{\"@type\":\"EntryPoint\",\"urlTemplate\":\"https:\\\/\\\/palomo.net\\\/?s={search_term_string}\"},\"query-input\":{\"@type\":\"PropertyValueSpecification\",\"valueRequired\":true,\"valueName\":\"search_term_string\"}}],\"inLanguage\":\"ca\"},{\"@type\":\"Person\",\"@id\":\"https:\\\/\\\/palomo.net\\\/#\\\/schema\\\/person\\\/711f80f8e4fbf3466bd3c1c42e621ece\",\"name\":\"Palomo Consultors\",\"url\":\"https:\\\/\\\/palomo.net\\\/ca\\\/author\\\/pl0mo\\\/\"}]}<\/script>\n<!-- \/ Yoast SEO plugin. -->","yoast_head_json":{"title":"PREMIS CAMBRA 2018 - Palomo Consultors","robots":{"index":"index","follow":"follow","max-snippet":"max-snippet:-1","max-image-preview":"max-image-preview:large","max-video-preview":"max-video-preview:-1"},"canonical":"https:\/\/palomo.net\/ca\/premis-cambra-2018\/","og_locale":"ca_ES","og_type":"article","og_title":"PREMIS CAMBRA 2018 - Palomo Consultors","og_description":"Ahir, dijous 22 de novembre de 2108, Palomo Consultors, SL va estar present a la V edici\u00f3 dels Premis Cambra, a l&#8217;Auditori d&#8217;Amposta. Enhorabona a tots els guardonats i a la Cambra de Comer\u00e7 de Tortosa per la magn\u00edfica organitzaci\u00f3. Un reconeixement al &#8220;talent&#8221; del nostre territori. Un premi a la innovaci\u00f3, a la tecnologia, [&hellip;]","og_url":"https:\/\/palomo.net\/ca\/premis-cambra-2018\/","og_site_name":"Palomo Consultors","article_published_time":"2018-11-23T09:57:58+00:00","og_image":[{"width":4032,"height":3024,"url":"https:\/\/palomo.net\/wp-content\/uploads\/PREMIS-CAMBRA-2018.jpg","type":"image\/jpeg"}],"author":"Palomo Consultors","twitter_card":"summary_large_image","twitter_misc":{"Escrit per":"Palomo Consultors","Temps estimat de lectura":"1 minut"},"schema":{"@context":"https:\/\/schema.org","@graph":[{"@type":"Article","@id":"https:\/\/palomo.net\/ca\/premis-cambra-2018\/#article","isPartOf":{"@id":"https:\/\/palomo.net\/ca\/premis-cambra-2018\/"},"author":{"name":"Palomo Consultors","@id":"https:\/\/palomo.net\/#\/schema\/person\/711f80f8e4fbf3466bd3c1c42e621ece"},"headline":"PREMIS CAMBRA 2018","datePublished":"2018-11-23T09:57:58+00:00","mainEntityOfPage":{"@id":"https:\/\/palomo.net\/ca\/premis-cambra-2018\/"},"wordCount":122,"commentCount":0,"image":{"@id":"https:\/\/palomo.net\/ca\/premis-cambra-2018\/#primaryimage"},"thumbnailUrl":"https:\/\/palomo.net\/wp-content\/uploads\/PREMIS-CAMBRA-2018.jpg","articleSection":["Not\u00edcies"],"inLanguage":"ca","potentialAction":[{"@type":"CommentAction","name":"Comment","target":["https:\/\/palomo.net\/ca\/premis-cambra-2018\/#respond"]}]},{"@type":"WebPage","@id":"https:\/\/palomo.net\/ca\/premis-cambra-2018\/","url":"https:\/\/palomo.net\/ca\/premis-cambra-2018\/","name":"PREMIS CAMBRA 2018 - Palomo Consultors","isPartOf":{"@id":"https:\/\/palomo.net\/#website"},"primaryImageOfPage":{"@id":"https:\/\/palomo.net\/ca\/premis-cambra-2018\/#primaryimage"},"image":{"@id":"https:\/\/palomo.net\/ca\/premis-cambra-2018\/#primaryimage"},"thumbnailUrl":"https:\/\/palomo.net\/wp-content\/uploads\/PREMIS-CAMBRA-2018.jpg","datePublished":"2018-11-23T09:57:58+00:00","author":{"@id":"https:\/\/palomo.net\/#\/schema\/person\/711f80f8e4fbf3466bd3c1c42e621ece"},"breadcrumb":{"@id":"https:\/\/palomo.net\/ca\/premis-cambra-2018\/#breadcrumb"},"inLanguage":"ca","potentialAction":[{"@type":"ReadAction","target":["https:\/\/palomo.net\/ca\/premis-cambra-2018\/"]}]},{"@type":"ImageObject","inLanguage":"ca","@id":"https:\/\/palomo.net\/ca\/premis-cambra-2018\/#primaryimage","url":"https:\/\/palomo.net\/wp-content\/uploads\/PREMIS-CAMBRA-2018.jpg","contentUrl":"https:\/\/palomo.net\/wp-content\/uploads\/PREMIS-CAMBRA-2018.jpg","width":4032,"height":3024},{"@type":"BreadcrumbList","@id":"https:\/\/palomo.net\/ca\/premis-cambra-2018\/#breadcrumb","itemListElement":[{"@type":"ListItem","position":1,"name":"Portada","item":"https:\/\/palomo.net\/ca\/"},{"@type":"ListItem","position":2,"name":"PREMIS CAMBRA 2018"}]},{"@type":"WebSite","@id":"https:\/\/palomo.net\/#website","url":"https:\/\/palomo.net\/","name":"Palomo Consultors","description":"Assessors Laborales d&#039; Empresas","potentialAction":[{"@type":"SearchAction","target":{"@type":"EntryPoint","urlTemplate":"https:\/\/palomo.net\/?s={search_term_string}"},"query-input":{"@type":"PropertyValueSpecification","valueRequired":true,"valueName":"search_term_string"}}],"inLanguage":"ca"},{"@type":"Person","@id":"https:\/\/palomo.net\/#\/schema\/person\/711f80f8e4fbf3466bd3c1c42e621ece","name":"Palomo Consultors","url":"https:\/\/palomo.net\/ca\/author\/pl0mo\/"}]}},"_links":{"self":[{"href":"https:\/\/palomo.net\/ca\/wp-json\/wp\/v2\/posts\/9774\/"}],"collection":[{"href":"https:\/\/palomo.net\/ca\/wp-json\/wp\/v2\/posts\/"}],"about":[{"href":"https:\/\/palomo.net\/ca\/wp-json\/wp\/v2\/types\/post\/"}],"author":[{"embeddable":true,"href":"https:\/\/palomo.net\/ca\/wp-json\/wp\/v2\/users\/4\/"}],"replies":[{"embeddable":true,"href":"https:\/\/palomo.net\/ca\/wp-json\/wp\/v2\/comments\/?post=9774"}],"version-history":[{"count":0,"href":"https:\/\/palomo.net\/ca\/wp-json\/wp\/v2\/posts\/9774\/revisions\/"}],"wp:featuredmedia":[{"embeddable":true,"href":"https:\/\/palomo.net\/ca\/wp-json\/wp\/v2\/media\/9770\/"}],"wp:attachment":[{"href":"https:\/\/palomo.net\/ca\/wp-json\/wp\/v2\/media\/?parent=9774"}],"wp:term":[{"taxonomy":"category","embeddable":true,"href":"https:\/\/palomo.net\/ca\/wp-json\/wp\/v2\/categories\/?post=9774"},{"taxonomy":"post_tag","embeddable":true,"href":"https:\/\/palomo.net\/ca\/wp-json\/wp\/v2\/tags\/?post=9774"}],"curies":[{"name":"wp","href":"https:\/\/api.w.org\/{rel}","templated":true}]}}